{"id":3268,"date":"2008-01-10T06:04:08","date_gmt":"2008-01-10T05:04:08","guid":{"rendered":"https:\/\/www.justiceinfo.net\/3268-090108-rwandafrance-arrestation-en-france-dun-ancien-officier-rwandais-recherche-par-kigali58.html"},"modified":"2008-01-10T06:04:08","modified_gmt":"2008-01-10T05:04:08","slug":"090108-rwandafrance-arrestation-en-france-dun-ancien-officier-rwandais-recherche-par-kigali58","status":"publish","type":"post","link":"https:\/\/www.justiceinfo.net\/fr\/3268-090108-rwandafrance-arrestation-en-france-dun-ancien-officier-rwandais-recherche-par-kigali58.html","title":{"rendered":"09.01.08 - RWANDA\/FRANCE  - ARRESTATION EN FRANCE D\u2019UN ANCIEN OFFICIER RWANDAIS RECHERCHE PAR KIGALI"},"content":{"rendered":"<p  >\nArusha, 9 janvier 2008 (FH) -  Un ancien officier des Forces arm\u00e9es rwandaises, le lieutenant-colonel Marcel Bivugabagabo, 53 ans a \u00e9t\u00e9 arr\u00eat\u00e9 mardi \u00e0 Toulouse (sud de la France) \u00e0 la demande des autorit\u00e9s rwandaises.  <\/p>\n<p>Bivugabagabo, qui avait \u00e9t\u00e9 commandant du secteur op\u00e9rationnel de Ruhengeri (nord du Rwanda) pendant la guerre d'avril \u00e0 juillet 1994 \u00e9tait recherch\u00e9 pour sa participation au g\u00e9nocide de 1994.\n<\/p>\n<p><!--more--><\/p>\n<p  >\nLe mandat d\u2019arr\u00eat a \u00e9t\u00e9 transmis aux autorit\u00e9s judiciaires fran\u00e7aises par Interpol. <\/p>\n<p>Biguvagabo, en France depuis plusieurs ann\u00e9es, travaillait \u00e0 Toulouse pour une soci\u00e9t\u00e9 de s\u00e9curit\u00e9, a pr\u00e9cis\u00e9 l\u2019agence de presse Reuters qui a donn\u00e9 la premi\u00e8re cette information. A Paris, cette arrestation \u00e0 \u00e9t\u00e9 confirm\u00e9e \u00e0 l\u2019Agence France Presse par le responsable d\u2019une association de rescap\u00e9s. <\/p>\n<p>L\u2019agence Reuters, citant le procureur de la R\u00e9publique adjoint de Toulouse, M. Richard Bometon, affirme que son dossier est entre les mains de la chambre d\u2019instruction de la Cour d\u2019appel de Toulouse qui statuera sur son \u00e9ventuelle extradition. <\/p>\n<p>Outre deux responsables pr\u00e9sum\u00e9s du g\u00e9nocide, Wenceslas Munyeshyaka et Laurent Bucyibaruta, dont le Tribunal p\u00e9nal international s\u2019est d\u00e9ssaisi au profit de la France, la justice fran\u00e7aise d\u00e9tient un autre rwandais accus\u00e9 de g\u00e9nocide dont le TPIR a demand\u00e9 l\u2019extradition, Dominique Ntawukuriryayo, un ancien sous pr\u00e9fet. Un autre Rwandais naturalis\u00e9 francais, Isaac Kamali, est \u00e9galement emprisonn\u00e9 en r\u00e9gion parisienne.Il avait \u00e9t\u00e9 arr\u00eat\u00e9 en France sur la base d'un mandat d'arr\u00eat rwandais apr\u00e8s avoir \u00e9t\u00e9 refoul\u00e9 des Etats-Unis. <\/p>\n<p>PB\/ER\/GF<\/p>\n","protected":false},"excerpt":{"rendered":"<p>Arusha, 9 janvier 2008 (FH) - Un ancien officier des Forces arm\u00e9es rwandaises, le lieutenant-colonel Marcel Bivugabagabo, 53 ans a \u00e9t\u00e9 arr\u00eat\u00e9 mardi \u00e0 Toulouse (sud de la France) \u00e0 la demande des autorit\u00e9s rwandaises. Bivugabagabo, qui avait \u00e9t\u00e9 commandant du secteur op\u00e9rationnel de Ruhengeri (nord du Rwanda) pendant la guerre d'avril \u00e0 juillet 1994 [&hellip;]<\/p>\n","protected":false},"author":64,"featured_media":0,"comment_status":"open","ping_status":"closed","sticky":false,"template":"","format":"standard","meta":{"_acf_changed":false,"footnotes":""},"categories":[554],"tags":[],"ji_location":[],"class_list":["post-3268","post","type-post","status-publish","format-standard","hentry","category-hirondellenews"],"acf":[],"yoast_head":"<!-- This site is optimized with the Yoast SEO Premium plugin v25.3.1 (Yoast SEO v25.3.1) - https:\/\/yoast.com\/wordpress\/plugins\/seo\/ -->\n<title>09.01.08 - RWANDA\/FRANCE - ARRESTATION EN FRANCE D\u2019UN ANCIEN OFFICIER RWANDAIS RECHERCHE PAR KIGALI - JusticeInfo.net<\/title>\n<meta name=\"robots\" content=\"index, follow, max-snippet:-1, max-image-preview:large, max-video-preview:-1\" \/>\n<link rel=\"canonical\" href=\"https:\/\/www.justiceinfo.net\/fr\/3268-090108-rwandafrance-arrestation-en-france-dun-ancien-officier-rwandais-recherche-par-kigali58.html\" \/>\n<meta property=\"og:locale\" content=\"fr_FR\" \/>\n<meta property=\"og:type\" content=\"article\" \/>\n<meta property=\"og:title\" content=\"09.01.08 - RWANDA\/FRANCE - ARRESTATION EN FRANCE D\u2019UN ANCIEN OFFICIER RWANDAIS RECHERCHE PAR KIGALI\" \/>\n<meta property=\"og:description\" content=\"Arusha, 9 janvier 2008 (FH) - Un ancien officier des Forces arm\u00e9es rwandaises, le lieutenant-colonel Marcel Bivugabagabo, 53 ans a \u00e9t\u00e9 arr\u00eat\u00e9 mardi \u00e0 Toulouse (sud de la France) \u00e0 la demande des autorit\u00e9s rwandaises. Bivugabagabo, qui avait \u00e9t\u00e9 commandant du secteur op\u00e9rationnel de Ruhengeri (nord du Rwanda) pendant la guerre d&#039;avril \u00e0 juillet 1994 [&hellip;]\" \/>\n<meta property=\"og:url\" content=\"https:\/\/www.justiceinfo.net\/fr\/3268-090108-rwandafrance-arrestation-en-france-dun-ancien-officier-rwandais-recherche-par-kigali58.html\" \/>\n<meta property=\"og:site_name\" content=\"JusticeInfo.net\" \/>\n<meta property=\"article:publisher\" content=\"https:\/\/www.facebook.com\/JusticeInfo\/\" \/>\n<meta property=\"article:published_time\" content=\"2008-01-10T05:04:08+00:00\" \/>\n<meta property=\"og:image\" content=\"https:\/\/www.justiceinfo.net\/wp-content\/uploads\/JusticeInfoNet_logo_1200x630px.jpg\" \/>\n\t<meta property=\"og:image:width\" content=\"1200\" \/>\n\t<meta property=\"og:image:height\" content=\"630\" \/>\n\t<meta property=\"og:image:type\" content=\"image\/jpeg\" \/>\n<meta name=\"author\" content=\"solivri\" \/>\n<meta name=\"twitter:card\" content=\"summary_large_image\" \/>\n<meta name=\"twitter:creator\" content=\"@justiceinfonet\" \/>\n<meta name=\"twitter:site\" content=\"@justiceinfonet\" \/>\n<meta name=\"twitter:label1\" content=\"\u00c9crit par\" \/>\n\t<meta name=\"twitter:data1\" content=\"solivri\" \/>\n\t<meta name=\"twitter:label2\" content=\"Dur\u00e9e de lecture estim\u00e9e\" \/>\n\t<meta name=\"twitter:data2\" content=\"1 minute\" \/>\n<script type=\"application\/ld+json\" class=\"yoast-schema-graph\">{\"@context\":\"https:\/\/schema.org\",\"@graph\":[{\"@type\":\"NewsArticle\",\"@id\":\"https:\/\/www.justiceinfo.net\/fr\/3268-090108-rwandafrance-arrestation-en-france-dun-ancien-officier-rwandais-recherche-par-kigali58.html#article\",\"isPartOf\":{\"@id\":\"https:\/\/www.justiceinfo.net\/fr\/3268-090108-rwandafrance-arrestation-en-france-dun-ancien-officier-rwandais-recherche-par-kigali58.html\"},\"author\":{\"name\":\"solivri\",\"@id\":\"https:\/\/www.justiceinfo.net\/fr#\/schema\/person\/6e53cba1629e2e66f3fc1821d3091865\"},\"headline\":\"09.01.08 - RWANDA\/FRANCE - ARRESTATION EN FRANCE D\u2019UN ANCIEN OFFICIER RWANDAIS RECHERCHE PAR KIGALI\",\"datePublished\":\"2008-01-10T05:04:08+00:00\",\"mainEntityOfPage\":{\"@id\":\"https:\/\/www.justiceinfo.net\/fr\/3268-090108-rwandafrance-arrestation-en-france-dun-ancien-officier-rwandais-recherche-par-kigali58.html\"},\"wordCount\":284,\"commentCount\":0,\"publisher\":{\"@id\":\"https:\/\/www.justiceinfo.net\/fr#organization\"},\"articleSection\":[\"Hirondelle News\"],\"inLanguage\":\"fr-FR\",\"potentialAction\":[{\"@type\":\"CommentAction\",\"name\":\"Comment\",\"target\":[\"https:\/\/www.justiceinfo.net\/fr\/3268-090108-rwandafrance-arrestation-en-france-dun-ancien-officier-rwandais-recherche-par-kigali58.html#respond\"]}]},{\"@type\":\"WebPage\",\"@id\":\"https:\/\/www.justiceinfo.net\/fr\/3268-090108-rwandafrance-arrestation-en-france-dun-ancien-officier-rwandais-recherche-par-kigali58.html\",\"url\":\"https:\/\/www.justiceinfo.net\/fr\/3268-090108-rwandafrance-arrestation-en-france-dun-ancien-officier-rwandais-recherche-par-kigali58.html\",\"name\":\"09.01.08 - RWANDA\/FRANCE - ARRESTATION EN FRANCE D\u2019UN ANCIEN OFFICIER RWANDAIS RECHERCHE PAR KIGALI - JusticeInfo.net\",\"isPartOf\":{\"@id\":\"https:\/\/www.justiceinfo.net\/fr#website\"},\"datePublished\":\"2008-01-10T05:04:08+00:00\",\"breadcrumb\":{\"@id\":\"https:\/\/www.justiceinfo.net\/fr\/3268-090108-rwandafrance-arrestation-en-france-dun-ancien-officier-rwandais-recherche-par-kigali58.html#breadcrumb\"},\"inLanguage\":\"fr-FR\",\"potentialAction\":[{\"@type\":\"ReadAction\",\"target\":[\"https:\/\/www.justiceinfo.net\/fr\/3268-090108-rwandafrance-arrestation-en-france-dun-ancien-officier-rwandais-recherche-par-kigali58.html\"]}]},{\"@type\":\"BreadcrumbList\",\"@id\":\"https:\/\/www.justiceinfo.net\/fr\/3268-090108-rwandafrance-arrestation-en-france-dun-ancien-officier-rwandais-recherche-par-kigali58.html#breadcrumb\",\"itemListElement\":[{\"@type\":\"ListItem\",\"position\":1,\"name\":\"Home\",\"item\":\"https:\/\/www.justiceinfo.net\/fr\"},{\"@type\":\"ListItem\",\"position\":2,\"name\":\"09.01.08 - RWANDA\/FRANCE - ARRESTATION EN FRANCE D\u2019UN ANCIEN OFFICIER RWANDAIS RECHERCHE PAR KIGALI\"}]},{\"@type\":\"WebSite\",\"@id\":\"https:\/\/www.justiceinfo.net\/fr#website\",\"url\":\"https:\/\/www.justiceinfo.net\/fr\",\"name\":\"JusticeInfo.net\",\"description\":\"La justice doit \u00eatre vue pour \u00eatre rendue\",\"publisher\":{\"@id\":\"https:\/\/www.justiceinfo.net\/fr#organization\"},\"potentialAction\":[{\"@type\":\"SearchAction\",\"target\":{\"@type\":\"EntryPoint\",\"urlTemplate\":\"https:\/\/www.justiceinfo.net\/fr?s={search_term_string}\"},\"query-input\":{\"@type\":\"PropertyValueSpecification\",\"valueRequired\":true,\"valueName\":\"search_term_string\"}}],\"inLanguage\":\"fr-FR\"},{\"@type\":\"Organization\",\"@id\":\"https:\/\/www.justiceinfo.net\/fr#organization\",\"name\":\"Justice Info\",\"url\":\"https:\/\/www.justiceinfo.net\/fr\",\"logo\":{\"@type\":\"ImageObject\",\"inLanguage\":\"fr-FR\",\"@id\":\"https:\/\/www.justiceinfo.net\/fr#\/schema\/logo\/image\/\",\"url\":\"https:\/\/www.justiceinfo.net\/wp-content\/uploads\/justiceinfo_logo-trans_1200x1200px.png\",\"contentUrl\":\"https:\/\/www.justiceinfo.net\/wp-content\/uploads\/justiceinfo_logo-trans_1200x1200px.png\",\"width\":1199,\"height\":1200,\"caption\":\"Justice Info\"},\"image\":{\"@id\":\"https:\/\/www.justiceinfo.net\/fr#\/schema\/logo\/image\/\"},\"sameAs\":[\"https:\/\/www.facebook.com\/JusticeInfo\/\",\"https:\/\/x.com\/justiceinfonet\",\"https:\/\/www.linkedin.com\/company\/justice-info\",\"https:\/\/www.youtube.com\/channel\/UCyCEsARodyuWtkWyhn-e7pA\"]},{\"@type\":\"Person\",\"name\":\"solivri\",\"url\":\"\/fr\/?s=solivri\"}]}<\/script>\n<!-- \/ Yoast SEO Premium plugin. -->","yoast_head_json":{"title":"09.01.08 - RWANDA\/FRANCE - ARRESTATION EN FRANCE D\u2019UN ANCIEN OFFICIER RWANDAIS RECHERCHE PAR KIGALI - JusticeInfo.net","robots":{"index":"index","follow":"follow","max-snippet":"max-snippet:-1","max-image-preview":"max-image-preview:large","max-video-preview":"max-video-preview:-1"},"canonical":"https:\/\/www.justiceinfo.net\/fr\/3268-090108-rwandafrance-arrestation-en-france-dun-ancien-officier-rwandais-recherche-par-kigali58.html","og_locale":"fr_FR","og_type":"article","og_title":"09.01.08 - RWANDA\/FRANCE - ARRESTATION EN FRANCE D\u2019UN ANCIEN OFFICIER RWANDAIS RECHERCHE PAR KIGALI","og_description":"Arusha, 9 janvier 2008 (FH) - Un ancien officier des Forces arm\u00e9es rwandaises, le lieutenant-colonel Marcel Bivugabagabo, 53 ans a \u00e9t\u00e9 arr\u00eat\u00e9 mardi \u00e0 Toulouse (sud de la France) \u00e0 la demande des autorit\u00e9s rwandaises. Bivugabagabo, qui avait \u00e9t\u00e9 commandant du secteur op\u00e9rationnel de Ruhengeri (nord du Rwanda) pendant la guerre d'avril \u00e0 juillet 1994 [&hellip;]","og_url":"https:\/\/www.justiceinfo.net\/fr\/3268-090108-rwandafrance-arrestation-en-france-dun-ancien-officier-rwandais-recherche-par-kigali58.html","og_site_name":"JusticeInfo.net","article_publisher":"https:\/\/www.facebook.com\/JusticeInfo\/","article_published_time":"2008-01-10T05:04:08+00:00","og_image":[{"width":1200,"height":630,"url":"https:\/\/www.justiceinfo.net\/wp-content\/uploads\/JusticeInfoNet_logo_1200x630px.jpg","type":"image\/jpeg"}],"author":"solivri","twitter_card":"summary_large_image","twitter_creator":"@justiceinfonet","twitter_site":"@justiceinfonet","twitter_misc":{"\u00c9crit par":"solivri","Dur\u00e9e de lecture estim\u00e9e":"1 minute"},"schema":{"@context":"https:\/\/schema.org","@graph":[{"@type":"NewsArticle","@id":"https:\/\/www.justiceinfo.net\/fr\/3268-090108-rwandafrance-arrestation-en-france-dun-ancien-officier-rwandais-recherche-par-kigali58.html#article","isPartOf":{"@id":"https:\/\/www.justiceinfo.net\/fr\/3268-090108-rwandafrance-arrestation-en-france-dun-ancien-officier-rwandais-recherche-par-kigali58.html"},"author":{"name":"solivri","@id":"https:\/\/www.justiceinfo.net\/fr#\/schema\/person\/6e53cba1629e2e66f3fc1821d3091865"},"headline":"09.01.08 - RWANDA\/FRANCE - ARRESTATION EN FRANCE D\u2019UN ANCIEN OFFICIER RWANDAIS RECHERCHE PAR KIGALI","datePublished":"2008-01-10T05:04:08+00:00","mainEntityOfPage":{"@id":"https:\/\/www.justiceinfo.net\/fr\/3268-090108-rwandafrance-arrestation-en-france-dun-ancien-officier-rwandais-recherche-par-kigali58.html"},"wordCount":284,"commentCount":0,"publisher":{"@id":"https:\/\/www.justiceinfo.net\/fr#organization"},"articleSection":["Hirondelle News"],"inLanguage":"fr-FR","potentialAction":[{"@type":"CommentAction","name":"Comment","target":["https:\/\/www.justiceinfo.net\/fr\/3268-090108-rwandafrance-arrestation-en-france-dun-ancien-officier-rwandais-recherche-par-kigali58.html#respond"]}]},{"@type":"WebPage","@id":"https:\/\/www.justiceinfo.net\/fr\/3268-090108-rwandafrance-arrestation-en-france-dun-ancien-officier-rwandais-recherche-par-kigali58.html","url":"https:\/\/www.justiceinfo.net\/fr\/3268-090108-rwandafrance-arrestation-en-france-dun-ancien-officier-rwandais-recherche-par-kigali58.html","name":"09.01.08 - RWANDA\/FRANCE - ARRESTATION EN FRANCE D\u2019UN ANCIEN OFFICIER RWANDAIS RECHERCHE PAR KIGALI - JusticeInfo.net","isPartOf":{"@id":"https:\/\/www.justiceinfo.net\/fr#website"},"datePublished":"2008-01-10T05:04:08+00:00","breadcrumb":{"@id":"https:\/\/www.justiceinfo.net\/fr\/3268-090108-rwandafrance-arrestation-en-france-dun-ancien-officier-rwandais-recherche-par-kigali58.html#breadcrumb"},"inLanguage":"fr-FR","potentialAction":[{"@type":"ReadAction","target":["https:\/\/www.justiceinfo.net\/fr\/3268-090108-rwandafrance-arrestation-en-france-dun-ancien-officier-rwandais-recherche-par-kigali58.html"]}]},{"@type":"BreadcrumbList","@id":"https:\/\/www.justiceinfo.net\/fr\/3268-090108-rwandafrance-arrestation-en-france-dun-ancien-officier-rwandais-recherche-par-kigali58.html#breadcrumb","itemListElement":[{"@type":"ListItem","position":1,"name":"Home","item":"https:\/\/www.justiceinfo.net\/fr"},{"@type":"ListItem","position":2,"name":"09.01.08 - RWANDA\/FRANCE - ARRESTATION EN FRANCE D\u2019UN ANCIEN OFFICIER RWANDAIS RECHERCHE PAR KIGALI"}]},{"@type":"WebSite","@id":"https:\/\/www.justiceinfo.net\/fr#website","url":"https:\/\/www.justiceinfo.net\/fr","name":"JusticeInfo.net","description":"La justice doit \u00eatre vue pour \u00eatre rendue","publisher":{"@id":"https:\/\/www.justiceinfo.net\/fr#organization"},"potentialAction":[{"@type":"SearchAction","target":{"@type":"EntryPoint","urlTemplate":"https:\/\/www.justiceinfo.net\/fr?s={search_term_string}"},"query-input":{"@type":"PropertyValueSpecification","valueRequired":true,"valueName":"search_term_string"}}],"inLanguage":"fr-FR"},{"@type":"Organization","@id":"https:\/\/www.justiceinfo.net\/fr#organization","name":"Justice Info","url":"https:\/\/www.justiceinfo.net\/fr","logo":{"@type":"ImageObject","inLanguage":"fr-FR","@id":"https:\/\/www.justiceinfo.net\/fr#\/schema\/logo\/image\/","url":"https:\/\/www.justiceinfo.net\/wp-content\/uploads\/justiceinfo_logo-trans_1200x1200px.png","contentUrl":"https:\/\/www.justiceinfo.net\/wp-content\/uploads\/justiceinfo_logo-trans_1200x1200px.png","width":1199,"height":1200,"caption":"Justice Info"},"image":{"@id":"https:\/\/www.justiceinfo.net\/fr#\/schema\/logo\/image\/"},"sameAs":["https:\/\/www.facebook.com\/JusticeInfo\/","https:\/\/x.com\/justiceinfonet","https:\/\/www.linkedin.com\/company\/justice-info","https:\/\/www.youtube.com\/channel\/UCyCEsARodyuWtkWyhn-e7pA"]},{"@type":"Person","name":"solivri","url":"\/fr\/?s=solivri"}]}},"_links":{"self":[{"href":"https:\/\/www.justiceinfo.net\/fr\/wp-json\/wp\/v2\/posts\/3268","targetHints":{"allow":["GET"]}}],"collection":[{"href":"https:\/\/www.justiceinfo.net\/fr\/wp-json\/wp\/v2\/posts"}],"about":[{"href":"https:\/\/www.justiceinfo.net\/fr\/wp-json\/wp\/v2\/types\/post"}],"author":[{"embeddable":true,"href":"https:\/\/www.justiceinfo.net\/fr\/wp-json\/wp\/v2\/users\/64"}],"replies":[{"embeddable":true,"href":"https:\/\/www.justiceinfo.net\/fr\/wp-json\/wp\/v2\/comments?post=3268"}],"version-history":[{"count":0,"href":"https:\/\/www.justiceinfo.net\/fr\/wp-json\/wp\/v2\/posts\/3268\/revisions"}],"wp:attachment":[{"href":"https:\/\/www.justiceinfo.net\/fr\/wp-json\/wp\/v2\/media?parent=3268"}],"wp:term":[{"taxonomy":"category","embeddable":true,"href":"https:\/\/www.justiceinfo.net\/fr\/wp-json\/wp\/v2\/categories?post=3268"},{"taxonomy":"post_tag","embeddable":true,"href":"https:\/\/www.justiceinfo.net\/fr\/wp-json\/wp\/v2\/tags?post=3268"},{"taxonomy":"ji_location","embeddable":true,"href":"https:\/\/www.justiceinfo.net\/fr\/wp-json\/wp\/v2\/ji_location?post=3268"}],"curies":[{"name":"wp","href":"https:\/\/api.w.org\/{rel}","templated":true}]}}