{"id":32680,"date":"2017-03-29T00:00:00","date_gmt":"2017-03-28T22:00:00","guid":{"rendered":"https:\/\/www.justiceinfo.net\/32680-centrafrique-la-justice-doit-rester-une-priorite-associations.html"},"modified":"2017-03-29T00:00:00","modified_gmt":"2017-03-28T22:00:00","slug":"centrafrique-la-justice-doit-rester-une-priorite-associations","status":"publish","type":"post","link":"https:\/\/www.justiceinfo.net\/fr\/32680-centrafrique-la-justice-doit-rester-une-priorite-associations.html","title":{"rendered":"Centrafrique: \"la lutte contre l'impunit\u00e9 doit rester une priorit\u00e9\""},"content":{"rendered":"<div class=\"content-excerpt\">\n<p>La justice doit rester une priorit\u00e9 du gouvernement pour sortir la Centrafrique de la crise, ont estim\u00e9 jeudi des d\u00e9fenseurs des droits humains, qui ont lanc\u00e9 un appel au pr\u00e9sident centrafricain \u00e0 l'occasion du premier anniversaire de son arriv\u00e9e au pouvoir.<\/p>\n<\/div>\n<p>\"La justice et la lutte contre l'impunit\u00e9 pour les crimes relevant du droit international doivent continuer d'\u00eatre au coeur de l'action gouvernementale men\u00e9e par le pr\u00e9sident Faustin Archange Touad\u00e9ra\", ont d\u00e9clar\u00e9 une trentaine d'organisations de d\u00e9fense des droits humains, dont Amnesty International.<\/p>\n<p>La cr\u00e9ation d'un tribunal mixte de la Cour P\u00e9nale Sp\u00e9ciale (CPS) - charg\u00e9e de juger les auteurs des exactions perp\u00e9tr\u00e9es dans le pays depuis des ann\u00e9es - et la nomination de son Procureur sp\u00e9cial en f\u00e9vrier sont des \"avanc\u00e9es significatives\", selon les associations.<\/p>\n<p>Mais les efforts \u00e0 fournir restent immenses pour \"rendre justice aux milliers de victimes\", estiment ces m\u00eames organisations pour qui \"il est urgent de reconstruire le syst\u00e8me judiciaire centrafricain\" qui manque de moyens mat\u00e9riels, humains et financiers.<\/p>\n<p>Pour le moment, \"pratiquement aucun des responsables de violations g\u00e9n\u00e9ralis\u00e9es n'a \u00e9t\u00e9 tenu pour responsable de ses actes\", rappelle de son c\u00f4t\u00e9 Human Rights Watch (HRW) dans une <a href=\"http:\/\/abonnes.lemonde.fr\/afrique\/article\/2017\/03\/30\/centrafrique-apres-un-an-de-presidence-touadera-l-urgence-de-rendre-justice_5103150_3212.html\" target=\"_blank\" rel=\"noopener\">tribune<\/a> publi\u00e9e jeudi dans le quotidien fran\u00e7ais Le Monde.<\/p>\n<p>Les associations de d\u00e9fense des droits de l'Homme rappellent enfin que la Cour p\u00e9nale internationale (CPI) \"a \u00e9t\u00e9 saisie en 2014 par l'\u00c9tat centrafricain et est compl\u00e9mentaire de la CPS et du syst\u00e8me judiciaire national.\"<\/p>\n<p>La Centrafrique, un des pays les plus pauvres au monde, peine \u00e0 se relever du conflit provoqu\u00e9 en 2013 par le renversement de l'ex-pr\u00e9sident Fran\u00e7ois Boziz\u00e9 par la r\u00e9bellion S\u00e9l\u00e9ka.<\/p>\n<p>La contre-offensive des miliciens antibalaka, majoritairement chr\u00e9tiens, a provoqu\u00e9 des milliers de morts et des centaines de milliers de d\u00e9plac\u00e9s.<\/p>\n<p>L'intervention de la France et des Nations unies a ensuite permis la fin des massacres de masse, l'\u00e9lection d'un nouveau pr\u00e9sident et le retour d'un calme relatif dans la capitale Bangui. Mais des groupes arm\u00e9s maintiennent une ins\u00e9curit\u00e9 permanente dans plusieurs r\u00e9gions du pays.<\/p>\n<p>D\u00e9but f\u00e9vrier, l'experte ind\u00e9pendante des Nations unies sur la situation des droits de l'Homme en Centrafrique, Marie-Th\u00e9r\u00e8se Keita-Bocoum, avait d\u00e9plor\u00e9 que \"les groupes arm\u00e9s r\u00e8gnent en ma\u00eetre sur plus de 60% du territoire, b\u00e9n\u00e9ficiant d'une totale impunit\u00e9. Ils se substituent \u00e0 l'appareil judiciaire et terrifient la population\".<\/p>\n","protected":false},"excerpt":{"rendered":"<p>La justice doit rester une priorit\u00e9 du gouvernement pour sortir la Centrafrique de la crise, ont estim\u00e9 jeudi des d\u00e9fenseurs des droits humains, qui ont lanc\u00e9 un appel au pr\u00e9sident centrafricain \u00e0 l'occasion du premier anniversaire de son arriv\u00e9e au pouvoir. \"La justice et la lutte contre l'impunit\u00e9 pour les crimes relevant du droit international [&hellip;]<\/p>\n","protected":false},"author":60,"featured_media":68198,"comment_status":"open","ping_status":"closed","sticky":false,"template":"","format":"standard","meta":{"_acf_changed":false,"footnotes":""},"categories":[575],"tags":[],"ji_location":[2164],"class_list":["post-32680","post","type-post","status-publish","format-standard","has-post-thumbnail","hentry","category-opinions","ji_location-republique-centrafricaine"],"acf":[],"yoast_head":"<!-- This site is optimized with the Yoast SEO Premium plugin v25.3.1 (Yoast SEO v25.3.1) - https:\/\/yoast.com\/wordpress\/plugins\/seo\/ -->\n<title>Centrafrique: &quot;la lutte contre l&#039;impunit\u00e9 doit rester une priorit\u00e9&quot; - JusticeInfo.net<\/title>\n<meta name=\"robots\" content=\"index, follow, max-snippet:-1, max-image-preview:large, max-video-preview:-1\" \/>\n<link rel=\"canonical\" href=\"https:\/\/www.justiceinfo.net\/fr\/32680-centrafrique-la-justice-doit-rester-une-priorite-associations.html\" \/>\n<meta property=\"og:locale\" content=\"fr_FR\" \/>\n<meta property=\"og:type\" content=\"article\" \/>\n<meta property=\"og:title\" content=\"Centrafrique: &quot;la lutte contre l&#039;impunit\u00e9 doit rester une priorit\u00e9&quot;\" \/>\n<meta property=\"og:description\" content=\"La justice doit rester une priorit\u00e9 du gouvernement pour sortir la Centrafrique de la crise, ont estim\u00e9 jeudi des d\u00e9fenseurs des droits humains, qui ont lanc\u00e9 un appel au pr\u00e9sident centrafricain \u00e0 l&#039;occasion du premier anniversaire de son arriv\u00e9e au pouvoir. &quot;La justice et la lutte contre l&#039;impunit\u00e9 pour les crimes relevant du droit international [&hellip;]\" \/>\n<meta property=\"og:url\" content=\"https:\/\/www.justiceinfo.net\/fr\/32680-centrafrique-la-justice-doit-rester-une-priorite-associations.html\" \/>\n<meta property=\"og:site_name\" content=\"JusticeInfo.net\" \/>\n<meta property=\"article:publisher\" content=\"https:\/\/www.facebook.com\/JusticeInfo\/\" \/>\n<meta property=\"article:published_time\" content=\"2017-03-28T22:00:00+00:00\" \/>\n<meta property=\"og:image\" content=\"https:\/\/www.justiceinfo.net\/wp-content\/uploads\/28beed3738f02dc68abad195c7555200-scaled.jpg\" \/>\n\t<meta property=\"og:image:width\" content=\"2560\" \/>\n\t<meta property=\"og:image:height\" content=\"1747\" \/>\n\t<meta property=\"og:image:type\" content=\"image\/jpeg\" \/>\n<meta name=\"author\" content=\"AFP\" \/>\n<meta name=\"twitter:card\" content=\"summary_large_image\" \/>\n<meta name=\"twitter:creator\" content=\"@justiceinfonet\" \/>\n<meta name=\"twitter:site\" content=\"@justiceinfonet\" \/>\n<meta name=\"twitter:label1\" content=\"\u00c9crit par\" \/>\n\t<meta name=\"twitter:data1\" content=\"AFP\" \/>\n\t<meta name=\"twitter:label2\" content=\"Dur\u00e9e de lecture estim\u00e9e\" \/>\n\t<meta name=\"twitter:data2\" content=\"2 minutes\" \/>\n<script type=\"application\/ld+json\" class=\"yoast-schema-graph\">{\"@context\":\"https:\/\/schema.org\",\"@graph\":[{\"@type\":\"NewsArticle\",\"@id\":\"https:\/\/www.justiceinfo.net\/fr\/32680-centrafrique-la-justice-doit-rester-une-priorite-associations.html#article\",\"isPartOf\":{\"@id\":\"https:\/\/www.justiceinfo.net\/fr\/32680-centrafrique-la-justice-doit-rester-une-priorite-associations.html\"},\"author\":{\"name\":\"afp\",\"@id\":\"https:\/\/www.justiceinfo.net\/fr#\/schema\/person\/713d340ef5f218fc36ce9b4244364a7f\"},\"headline\":\"Centrafrique: \\\"la lutte contre l'impunit\u00e9 doit rester une priorit\u00e9\\\"\",\"datePublished\":\"2017-03-28T22:00:00+00:00\",\"mainEntityOfPage\":{\"@id\":\"https:\/\/www.justiceinfo.net\/fr\/32680-centrafrique-la-justice-doit-rester-une-priorite-associations.html\"},\"wordCount\":451,\"commentCount\":0,\"publisher\":{\"@id\":\"https:\/\/www.justiceinfo.net\/fr#organization\"},\"image\":{\"@id\":\"https:\/\/www.justiceinfo.net\/fr\/32680-centrafrique-la-justice-doit-rester-une-priorite-associations.html#primaryimage\"},\"thumbnailUrl\":\"https:\/\/www.justiceinfo.net\/wp-content\/uploads\/28beed3738f02dc68abad195c7555200-scaled.jpg\",\"articleSection\":[\"Opinions\"],\"inLanguage\":\"fr-FR\",\"potentialAction\":[{\"@type\":\"CommentAction\",\"name\":\"Comment\",\"target\":[\"https:\/\/www.justiceinfo.net\/fr\/32680-centrafrique-la-justice-doit-rester-une-priorite-associations.html#respond\"]}]},{\"@type\":\"WebPage\",\"@id\":\"https:\/\/www.justiceinfo.net\/fr\/32680-centrafrique-la-justice-doit-rester-une-priorite-associations.html\",\"url\":\"https:\/\/www.justiceinfo.net\/fr\/32680-centrafrique-la-justice-doit-rester-une-priorite-associations.html\",\"name\":\"Centrafrique: \\\"la lutte contre l'impunit\u00e9 doit rester une priorit\u00e9\\\" - JusticeInfo.net\",\"isPartOf\":{\"@id\":\"https:\/\/www.justiceinfo.net\/fr#website\"},\"primaryImageOfPage\":{\"@id\":\"https:\/\/www.justiceinfo.net\/fr\/32680-centrafrique-la-justice-doit-rester-une-priorite-associations.html#primaryimage\"},\"image\":{\"@id\":\"https:\/\/www.justiceinfo.net\/fr\/32680-centrafrique-la-justice-doit-rester-une-priorite-associations.html#primaryimage\"},\"thumbnailUrl\":\"https:\/\/www.justiceinfo.net\/wp-content\/uploads\/28beed3738f02dc68abad195c7555200-scaled.jpg\",\"datePublished\":\"2017-03-28T22:00:00+00:00\",\"breadcrumb\":{\"@id\":\"https:\/\/www.justiceinfo.net\/fr\/32680-centrafrique-la-justice-doit-rester-une-priorite-associations.html#breadcrumb\"},\"inLanguage\":\"fr-FR\",\"potentialAction\":[{\"@type\":\"ReadAction\",\"target\":[\"https:\/\/www.justiceinfo.net\/fr\/32680-centrafrique-la-justice-doit-rester-une-priorite-associations.html\"]}]},{\"@type\":\"ImageObject\",\"inLanguage\":\"fr-FR\",\"@id\":\"https:\/\/www.justiceinfo.net\/fr\/32680-centrafrique-la-justice-doit-rester-une-priorite-associations.html#primaryimage\",\"url\":\"https:\/\/www.justiceinfo.net\/wp-content\/uploads\/28beed3738f02dc68abad195c7555200-scaled.jpg\",\"contentUrl\":\"https:\/\/www.justiceinfo.net\/wp-content\/uploads\/28beed3738f02dc68abad195c7555200-scaled.jpg\",\"width\":2560,\"height\":1747},{\"@type\":\"BreadcrumbList\",\"@id\":\"https:\/\/www.justiceinfo.net\/fr\/32680-centrafrique-la-justice-doit-rester-une-priorite-associations.html#breadcrumb\",\"itemListElement\":[{\"@type\":\"ListItem\",\"position\":1,\"name\":\"Home\",\"item\":\"https:\/\/www.justiceinfo.net\/fr\"},{\"@type\":\"ListItem\",\"position\":2,\"name\":\"Centrafrique: \\\"la lutte contre l'impunit\u00e9 doit rester une priorit\u00e9\\\"\"}]},{\"@type\":\"WebSite\",\"@id\":\"https:\/\/www.justiceinfo.net\/fr#website\",\"url\":\"https:\/\/www.justiceinfo.net\/fr\",\"name\":\"JusticeInfo.net\",\"description\":\"La justice doit \u00eatre vue pour \u00eatre rendue\",\"publisher\":{\"@id\":\"https:\/\/www.justiceinfo.net\/fr#organization\"},\"potentialAction\":[{\"@type\":\"SearchAction\",\"target\":{\"@type\":\"EntryPoint\",\"urlTemplate\":\"https:\/\/www.justiceinfo.net\/fr?s={search_term_string}\"},\"query-input\":{\"@type\":\"PropertyValueSpecification\",\"valueRequired\":true,\"valueName\":\"search_term_string\"}}],\"inLanguage\":\"fr-FR\"},{\"@type\":\"Organization\",\"@id\":\"https:\/\/www.justiceinfo.net\/fr#organization\",\"name\":\"Justice Info\",\"url\":\"https:\/\/www.justiceinfo.net\/fr\",\"logo\":{\"@type\":\"ImageObject\",\"inLanguage\":\"fr-FR\",\"@id\":\"https:\/\/www.justiceinfo.net\/fr#\/schema\/logo\/image\/\",\"url\":\"https:\/\/www.justiceinfo.net\/wp-content\/uploads\/justiceinfo_logo-trans_1200x1200px.png\",\"contentUrl\":\"https:\/\/www.justiceinfo.net\/wp-content\/uploads\/justiceinfo_logo-trans_1200x1200px.png\",\"width\":1199,\"height\":1200,\"caption\":\"Justice Info\"},\"image\":{\"@id\":\"https:\/\/www.justiceinfo.net\/fr#\/schema\/logo\/image\/\"},\"sameAs\":[\"https:\/\/www.facebook.com\/JusticeInfo\/\",\"https:\/\/x.com\/justiceinfonet\",\"https:\/\/www.linkedin.com\/company\/justice-info\",\"https:\/\/www.youtube.com\/channel\/UCyCEsARodyuWtkWyhn-e7pA\"]},{\"@type\":\"Person\",\"name\":\"AFP\",\"url\":\"\/fr\/?s=AFP\"}]}<\/script>\n<!-- \/ Yoast SEO Premium plugin. -->","yoast_head_json":{"title":"Centrafrique: \"la lutte contre l'impunit\u00e9 doit rester une priorit\u00e9\" - JusticeInfo.net","robots":{"index":"index","follow":"follow","max-snippet":"max-snippet:-1","max-image-preview":"max-image-preview:large","max-video-preview":"max-video-preview:-1"},"canonical":"https:\/\/www.justiceinfo.net\/fr\/32680-centrafrique-la-justice-doit-rester-une-priorite-associations.html","og_locale":"fr_FR","og_type":"article","og_title":"Centrafrique: \"la lutte contre l'impunit\u00e9 doit rester une priorit\u00e9\"","og_description":"La justice doit rester une priorit\u00e9 du gouvernement pour sortir la Centrafrique de la crise, ont estim\u00e9 jeudi des d\u00e9fenseurs des droits humains, qui ont lanc\u00e9 un appel au pr\u00e9sident centrafricain \u00e0 l'occasion du premier anniversaire de son arriv\u00e9e au pouvoir. \"La justice et la lutte contre l'impunit\u00e9 pour les crimes relevant du droit international [&hellip;]","og_url":"https:\/\/www.justiceinfo.net\/fr\/32680-centrafrique-la-justice-doit-rester-une-priorite-associations.html","og_site_name":"JusticeInfo.net","article_publisher":"https:\/\/www.facebook.com\/JusticeInfo\/","article_published_time":"2017-03-28T22:00:00+00:00","og_image":[{"width":2560,"height":1747,"url":"https:\/\/www.justiceinfo.net\/wp-content\/uploads\/28beed3738f02dc68abad195c7555200-scaled.jpg","type":"image\/jpeg"}],"author":"AFP","twitter_card":"summary_large_image","twitter_creator":"@justiceinfonet","twitter_site":"@justiceinfonet","twitter_misc":{"\u00c9crit par":"AFP","Dur\u00e9e de lecture estim\u00e9e":"2 minutes"},"schema":{"@context":"https:\/\/schema.org","@graph":[{"@type":"NewsArticle","@id":"https:\/\/www.justiceinfo.net\/fr\/32680-centrafrique-la-justice-doit-rester-une-priorite-associations.html#article","isPartOf":{"@id":"https:\/\/www.justiceinfo.net\/fr\/32680-centrafrique-la-justice-doit-rester-une-priorite-associations.html"},"author":{"name":"afp","@id":"https:\/\/www.justiceinfo.net\/fr#\/schema\/person\/713d340ef5f218fc36ce9b4244364a7f"},"headline":"Centrafrique: \"la lutte contre l'impunit\u00e9 doit rester une priorit\u00e9\"","datePublished":"2017-03-28T22:00:00+00:00","mainEntityOfPage":{"@id":"https:\/\/www.justiceinfo.net\/fr\/32680-centrafrique-la-justice-doit-rester-une-priorite-associations.html"},"wordCount":451,"commentCount":0,"publisher":{"@id":"https:\/\/www.justiceinfo.net\/fr#organization"},"image":{"@id":"https:\/\/www.justiceinfo.net\/fr\/32680-centrafrique-la-justice-doit-rester-une-priorite-associations.html#primaryimage"},"thumbnailUrl":"https:\/\/www.justiceinfo.net\/wp-content\/uploads\/28beed3738f02dc68abad195c7555200-scaled.jpg","articleSection":["Opinions"],"inLanguage":"fr-FR","potentialAction":[{"@type":"CommentAction","name":"Comment","target":["https:\/\/www.justiceinfo.net\/fr\/32680-centrafrique-la-justice-doit-rester-une-priorite-associations.html#respond"]}]},{"@type":"WebPage","@id":"https:\/\/www.justiceinfo.net\/fr\/32680-centrafrique-la-justice-doit-rester-une-priorite-associations.html","url":"https:\/\/www.justiceinfo.net\/fr\/32680-centrafrique-la-justice-doit-rester-une-priorite-associations.html","name":"Centrafrique: \"la lutte contre l'impunit\u00e9 doit rester une priorit\u00e9\" - JusticeInfo.net","isPartOf":{"@id":"https:\/\/www.justiceinfo.net\/fr#website"},"primaryImageOfPage":{"@id":"https:\/\/www.justiceinfo.net\/fr\/32680-centrafrique-la-justice-doit-rester-une-priorite-associations.html#primaryimage"},"image":{"@id":"https:\/\/www.justiceinfo.net\/fr\/32680-centrafrique-la-justice-doit-rester-une-priorite-associations.html#primaryimage"},"thumbnailUrl":"https:\/\/www.justiceinfo.net\/wp-content\/uploads\/28beed3738f02dc68abad195c7555200-scaled.jpg","datePublished":"2017-03-28T22:00:00+00:00","breadcrumb":{"@id":"https:\/\/www.justiceinfo.net\/fr\/32680-centrafrique-la-justice-doit-rester-une-priorite-associations.html#breadcrumb"},"inLanguage":"fr-FR","potentialAction":[{"@type":"ReadAction","target":["https:\/\/www.justiceinfo.net\/fr\/32680-centrafrique-la-justice-doit-rester-une-priorite-associations.html"]}]},{"@type":"ImageObject","inLanguage":"fr-FR","@id":"https:\/\/www.justiceinfo.net\/fr\/32680-centrafrique-la-justice-doit-rester-une-priorite-associations.html#primaryimage","url":"https:\/\/www.justiceinfo.net\/wp-content\/uploads\/28beed3738f02dc68abad195c7555200-scaled.jpg","contentUrl":"https:\/\/www.justiceinfo.net\/wp-content\/uploads\/28beed3738f02dc68abad195c7555200-scaled.jpg","width":2560,"height":1747},{"@type":"BreadcrumbList","@id":"https:\/\/www.justiceinfo.net\/fr\/32680-centrafrique-la-justice-doit-rester-une-priorite-associations.html#breadcrumb","itemListElement":[{"@type":"ListItem","position":1,"name":"Home","item":"https:\/\/www.justiceinfo.net\/fr"},{"@type":"ListItem","position":2,"name":"Centrafrique: \"la lutte contre l'impunit\u00e9 doit rester une priorit\u00e9\""}]},{"@type":"WebSite","@id":"https:\/\/www.justiceinfo.net\/fr#website","url":"https:\/\/www.justiceinfo.net\/fr","name":"JusticeInfo.net","description":"La justice doit \u00eatre vue pour \u00eatre rendue","publisher":{"@id":"https:\/\/www.justiceinfo.net\/fr#organization"},"potentialAction":[{"@type":"SearchAction","target":{"@type":"EntryPoint","urlTemplate":"https:\/\/www.justiceinfo.net\/fr?s={search_term_string}"},"query-input":{"@type":"PropertyValueSpecification","valueRequired":true,"valueName":"search_term_string"}}],"inLanguage":"fr-FR"},{"@type":"Organization","@id":"https:\/\/www.justiceinfo.net\/fr#organization","name":"Justice Info","url":"https:\/\/www.justiceinfo.net\/fr","logo":{"@type":"ImageObject","inLanguage":"fr-FR","@id":"https:\/\/www.justiceinfo.net\/fr#\/schema\/logo\/image\/","url":"https:\/\/www.justiceinfo.net\/wp-content\/uploads\/justiceinfo_logo-trans_1200x1200px.png","contentUrl":"https:\/\/www.justiceinfo.net\/wp-content\/uploads\/justiceinfo_logo-trans_1200x1200px.png","width":1199,"height":1200,"caption":"Justice Info"},"image":{"@id":"https:\/\/www.justiceinfo.net\/fr#\/schema\/logo\/image\/"},"sameAs":["https:\/\/www.facebook.com\/JusticeInfo\/","https:\/\/x.com\/justiceinfonet","https:\/\/www.linkedin.com\/company\/justice-info","https:\/\/www.youtube.com\/channel\/UCyCEsARodyuWtkWyhn-e7pA"]},{"@type":"Person","name":"AFP","url":"\/fr\/?s=AFP"}]}},"_links":{"self":[{"href":"https:\/\/www.justiceinfo.net\/fr\/wp-json\/wp\/v2\/posts\/32680","targetHints":{"allow":["GET"]}}],"collection":[{"href":"https:\/\/www.justiceinfo.net\/fr\/wp-json\/wp\/v2\/posts"}],"about":[{"href":"https:\/\/www.justiceinfo.net\/fr\/wp-json\/wp\/v2\/types\/post"}],"author":[{"embeddable":true,"href":"https:\/\/www.justiceinfo.net\/fr\/wp-json\/wp\/v2\/users\/60"}],"replies":[{"embeddable":true,"href":"https:\/\/www.justiceinfo.net\/fr\/wp-json\/wp\/v2\/comments?post=32680"}],"version-history":[{"count":0,"href":"https:\/\/www.justiceinfo.net\/fr\/wp-json\/wp\/v2\/posts\/32680\/revisions"}],"wp:featuredmedia":[{"embeddable":true,"href":"https:\/\/www.justiceinfo.net\/fr\/wp-json\/wp\/v2\/media\/68198"}],"wp:attachment":[{"href":"https:\/\/www.justiceinfo.net\/fr\/wp-json\/wp\/v2\/media?parent=32680"}],"wp:term":[{"taxonomy":"category","embeddable":true,"href":"https:\/\/www.justiceinfo.net\/fr\/wp-json\/wp\/v2\/categories?post=32680"},{"taxonomy":"post_tag","embeddable":true,"href":"https:\/\/www.justiceinfo.net\/fr\/wp-json\/wp\/v2\/tags?post=32680"},{"taxonomy":"ji_location","embeddable":true,"href":"https:\/\/www.justiceinfo.net\/fr\/wp-json\/wp\/v2\/ji_location?post=32680"}],"curies":[{"name":"wp","href":"https:\/\/api.w.org\/{rel}","templated":true}]}}