{"id":3276,"date":"2008-01-14T08:14:51","date_gmt":"2008-01-14T07:14:51","guid":{"rendered":"https:\/\/www.justiceinfo.net\/3276-110107-tpirnsengimana-le-proces-de-labbe-nsengimana-reprend-lundi66.html"},"modified":"2008-01-14T08:14:51","modified_gmt":"2008-01-14T07:14:51","slug":"110107-tpirnsengimana-le-proces-de-labbe-nsengimana-reprend-lundi66","status":"publish","type":"post","link":"https:\/\/www.justiceinfo.net\/fr\/3276-110107-tpirnsengimana-le-proces-de-labbe-nsengimana-reprend-lundi66.html","title":{"rendered":"11.01.07 - TPIR\/NSENGIMANA  - LE PROCES DE L\u2019ABBE NSENGIMANA REPREND LUNDI"},"content":{"rendered":"<p  >\nArusha, 11 janvier 2008 (FH) - Le proc\u00e8s de l\u2019abb\u00e9 Hormisdas Nsengimana reprend lundi prochain devant le Tribunal p\u00e9nal international pour le Rwanda (TPIR), selon le calendrier judiciaire.  Il s\u2019agira du premier proc\u00e8s \u00e0 reprendre apr\u00e8s les vacances judiciaires de fin d\u2019ann\u00e9e.\n<\/p>\n<p><!--more--><\/p>\n<p  >\nPendant le g\u00e9nocide de 1994, le pr\u00eatre catholique \u00e9tait recteur du coll\u00e8ge Christ Roi de Nyanza (sud), une des \u00e9coles les plus prestigieuses du pays. \u00abIl enseignait le latin, la religion et dirigeait des offices religieux au coll\u00e8ge Christ Roi et \u00e0 la paroisse voisine de Nyanza. Malheureusement, il n'a pas mis ses connaissances et ses dons au service de l'avancement de l'humanit\u00e9 mais, au contraire, de sa destruction\u00bb, a d\u00e9clar\u00e9 le 22 juin dernier, \u00e0 l'ouverture des d\u00e9bats l'Italienne Silvana Arbia, chef des poursuites au TPIR. Selon l'acte d'accusation, l'abb\u00e9 est accus\u00e9 de g\u00e9nocide, assassinat et extermination.<br \/>\nMme Arbia l'a d\u00e9crit comme un extr\u00e9miste hutu qui, m\u00eame avant le g\u00e9nocide, pr\u00eachait sa haine des Tutsis \u00e0 ses \u00e9l\u00e8ves, \u00e0 des pr\u00eatres et \u00e0 des employ\u00e9s du coll\u00e8ge Christ Roi. Selon Mme Arbia, l'abb\u00e9 a ordonn\u00e9 non seulement des massacres mais tu\u00e9 personnellement un vieux pr\u00eatre, Mathieu Ngirumpatse, et plusieurs femmes, tous tutsis. \u00abLorsque mon fusil tue cinq personnes, je me sens repos\u00e9\u00bb, se serait \u00e9cri\u00e9 l'accus\u00e9 en abattant le vieil abb\u00e9, selon la repr\u00e9sentante du procureur.<br \/>\nL'un des avocats de l'accus\u00e9, le Britannique David Hooper, a clam\u00e9 l'innocence de l'homme d'\u00e9glise et \u00e9mis l'espoir que le proc\u00e8s permettra de r\u00e9tablir son honneur.<br \/>\nHormisdas Nsengimana a \u00e9t\u00e9 arr\u00eat\u00e9 en mars 2002 \u00e0 Yaound\u00e9 (Cameroun) et transf\u00e9r\u00e9 au centre de d\u00e9tention du TPIR le mois suivant. Au cours de la premi\u00e8re session de ce proc\u00e8s qui a dur\u00e9 quelques jours, le procureur a pr\u00e9sent\u00e9 5 t\u00e9moins.\n<\/p>\n<p  >\n\u00c0 ce jour, le TPIR a mis en accusation quatre pr\u00eatres catholiques rwandais. Le premier \u00e0 avoir \u00e9t\u00e9 jug\u00e9 par le TPIR, l'abb\u00e9 Athanase Seromba, a \u00e9t\u00e9 condamn\u00e9, le 15 d\u00e9cembre 2006, \u00e0 quinze ans de prison pour g\u00e9nocide et extermination.<br \/>\nLe r\u00f4le de l'\u00e9glise catholique dans le g\u00e9nocide de 1994 au Rwanda suscite toujours de vives pol\u00e9miques. Lors des pogroms anti-tutsis de 1959 et de 1962 au Rwanda, les Tutsis qui s'\u00e9taient r\u00e9fugi\u00e9s dans des \u00e9glises ont eu la vie sauve. Trois d\u00e9cennies plus tard, ils avaient donc afflu\u00e9 par dizaines de milliers dans des \u00e9glises pour tenter d'\u00e9chapper \u00e0 leurs bourreaux. Mais, cette fois-ci, pour y mourir, d\u00e9chiquet\u00e9s par des grenades, br\u00fbl\u00e9s vifs ou \u00e9cras\u00e9s par des bulldozers. Selon l'organisation non gouvernementale African Rights, plus de Rwandais ont p\u00e9ri dans les structures paroissiales que partout ailleurs dans le pays.\n<\/p>\n<p  >\nER\/PB\/GF<\/p>\n","protected":false},"excerpt":{"rendered":"<p>Arusha, 11 janvier 2008 (FH) - Le proc\u00e8s de l\u2019abb\u00e9 Hormisdas Nsengimana reprend lundi prochain devant le Tribunal p\u00e9nal international pour le Rwanda (TPIR), selon le calendrier judiciaire. Il s\u2019agira du premier proc\u00e8s \u00e0 reprendre apr\u00e8s les vacances judiciaires de fin d\u2019ann\u00e9e.<\/p>\n","protected":false},"author":64,"featured_media":0,"comment_status":"open","ping_status":"closed","sticky":false,"template":"","format":"standard","meta":{"_acf_changed":false,"footnotes":""},"categories":[554],"tags":[],"ji_location":[],"class_list":["post-3276","post","type-post","status-publish","format-standard","hentry","category-hirondellenews"],"acf":[],"yoast_head":"<!-- This site is optimized with the Yoast SEO Premium plugin v25.3.1 (Yoast SEO v25.3.1) - https:\/\/yoast.com\/wordpress\/plugins\/seo\/ -->\n<title>11.01.07 - TPIR\/NSENGIMANA - LE PROCES DE L\u2019ABBE NSENGIMANA REPREND LUNDI - JusticeInfo.net<\/title>\n<meta name=\"robots\" content=\"index, follow, max-snippet:-1, max-image-preview:large, max-video-preview:-1\" \/>\n<link rel=\"canonical\" href=\"https:\/\/www.justiceinfo.net\/fr\/3276-110107-tpirnsengimana-le-proces-de-labbe-nsengimana-reprend-lundi66.html\" \/>\n<meta property=\"og:locale\" content=\"fr_FR\" \/>\n<meta property=\"og:type\" content=\"article\" \/>\n<meta property=\"og:title\" content=\"11.01.07 - TPIR\/NSENGIMANA - LE PROCES DE L\u2019ABBE NSENGIMANA REPREND LUNDI\" \/>\n<meta property=\"og:description\" content=\"Arusha, 11 janvier 2008 (FH) - Le proc\u00e8s de l\u2019abb\u00e9 Hormisdas Nsengimana reprend lundi prochain devant le Tribunal p\u00e9nal international pour le Rwanda (TPIR), selon le calendrier judiciaire. Il s\u2019agira du premier proc\u00e8s \u00e0 reprendre apr\u00e8s les vacances judiciaires de fin d\u2019ann\u00e9e.\" \/>\n<meta property=\"og:url\" content=\"https:\/\/www.justiceinfo.net\/fr\/3276-110107-tpirnsengimana-le-proces-de-labbe-nsengimana-reprend-lundi66.html\" \/>\n<meta property=\"og:site_name\" content=\"JusticeInfo.net\" \/>\n<meta property=\"article:publisher\" content=\"https:\/\/www.facebook.com\/JusticeInfo\/\" \/>\n<meta property=\"article:published_time\" content=\"2008-01-14T07:14:51+00:00\" \/>\n<meta property=\"og:image\" content=\"https:\/\/www.justiceinfo.net\/wp-content\/uploads\/JusticeInfoNet_logo_1200x630px.jpg\" \/>\n\t<meta property=\"og:image:width\" content=\"1200\" \/>\n\t<meta property=\"og:image:height\" content=\"630\" \/>\n\t<meta property=\"og:image:type\" content=\"image\/jpeg\" \/>\n<meta name=\"author\" content=\"solivri\" \/>\n<meta name=\"twitter:card\" content=\"summary_large_image\" \/>\n<meta name=\"twitter:creator\" content=\"@justiceinfonet\" \/>\n<meta name=\"twitter:site\" content=\"@justiceinfonet\" \/>\n<meta name=\"twitter:label1\" content=\"\u00c9crit par\" \/>\n\t<meta name=\"twitter:data1\" content=\"solivri\" \/>\n\t<meta name=\"twitter:label2\" content=\"Dur\u00e9e de lecture estim\u00e9e\" \/>\n\t<meta name=\"twitter:data2\" content=\"2 minutes\" \/>\n<script type=\"application\/ld+json\" class=\"yoast-schema-graph\">{\"@context\":\"https:\/\/schema.org\",\"@graph\":[{\"@type\":\"NewsArticle\",\"@id\":\"https:\/\/www.justiceinfo.net\/fr\/3276-110107-tpirnsengimana-le-proces-de-labbe-nsengimana-reprend-lundi66.html#article\",\"isPartOf\":{\"@id\":\"https:\/\/www.justiceinfo.net\/fr\/3276-110107-tpirnsengimana-le-proces-de-labbe-nsengimana-reprend-lundi66.html\"},\"author\":{\"name\":\"solivri\",\"@id\":\"https:\/\/www.justiceinfo.net\/fr#\/schema\/person\/6e53cba1629e2e66f3fc1821d3091865\"},\"headline\":\"11.01.07 - TPIR\/NSENGIMANA - LE PROCES DE L\u2019ABBE NSENGIMANA REPREND LUNDI\",\"datePublished\":\"2008-01-14T07:14:51+00:00\",\"mainEntityOfPage\":{\"@id\":\"https:\/\/www.justiceinfo.net\/fr\/3276-110107-tpirnsengimana-le-proces-de-labbe-nsengimana-reprend-lundi66.html\"},\"wordCount\":493,\"commentCount\":0,\"publisher\":{\"@id\":\"https:\/\/www.justiceinfo.net\/fr#organization\"},\"articleSection\":[\"Hirondelle News\"],\"inLanguage\":\"fr-FR\",\"potentialAction\":[{\"@type\":\"CommentAction\",\"name\":\"Comment\",\"target\":[\"https:\/\/www.justiceinfo.net\/fr\/3276-110107-tpirnsengimana-le-proces-de-labbe-nsengimana-reprend-lundi66.html#respond\"]}]},{\"@type\":\"WebPage\",\"@id\":\"https:\/\/www.justiceinfo.net\/fr\/3276-110107-tpirnsengimana-le-proces-de-labbe-nsengimana-reprend-lundi66.html\",\"url\":\"https:\/\/www.justiceinfo.net\/fr\/3276-110107-tpirnsengimana-le-proces-de-labbe-nsengimana-reprend-lundi66.html\",\"name\":\"11.01.07 - TPIR\/NSENGIMANA - LE PROCES DE L\u2019ABBE NSENGIMANA REPREND LUNDI - JusticeInfo.net\",\"isPartOf\":{\"@id\":\"https:\/\/www.justiceinfo.net\/fr#website\"},\"datePublished\":\"2008-01-14T07:14:51+00:00\",\"breadcrumb\":{\"@id\":\"https:\/\/www.justiceinfo.net\/fr\/3276-110107-tpirnsengimana-le-proces-de-labbe-nsengimana-reprend-lundi66.html#breadcrumb\"},\"inLanguage\":\"fr-FR\",\"potentialAction\":[{\"@type\":\"ReadAction\",\"target\":[\"https:\/\/www.justiceinfo.net\/fr\/3276-110107-tpirnsengimana-le-proces-de-labbe-nsengimana-reprend-lundi66.html\"]}]},{\"@type\":\"BreadcrumbList\",\"@id\":\"https:\/\/www.justiceinfo.net\/fr\/3276-110107-tpirnsengimana-le-proces-de-labbe-nsengimana-reprend-lundi66.html#breadcrumb\",\"itemListElement\":[{\"@type\":\"ListItem\",\"position\":1,\"name\":\"Home\",\"item\":\"https:\/\/www.justiceinfo.net\/fr\"},{\"@type\":\"ListItem\",\"position\":2,\"name\":\"11.01.07 - TPIR\/NSENGIMANA - LE PROCES DE L\u2019ABBE NSENGIMANA REPREND LUNDI\"}]},{\"@type\":\"WebSite\",\"@id\":\"https:\/\/www.justiceinfo.net\/fr#website\",\"url\":\"https:\/\/www.justiceinfo.net\/fr\",\"name\":\"JusticeInfo.net\",\"description\":\"La justice doit \u00eatre vue pour \u00eatre rendue\",\"publisher\":{\"@id\":\"https:\/\/www.justiceinfo.net\/fr#organization\"},\"potentialAction\":[{\"@type\":\"SearchAction\",\"target\":{\"@type\":\"EntryPoint\",\"urlTemplate\":\"https:\/\/www.justiceinfo.net\/fr?s={search_term_string}\"},\"query-input\":{\"@type\":\"PropertyValueSpecification\",\"valueRequired\":true,\"valueName\":\"search_term_string\"}}],\"inLanguage\":\"fr-FR\"},{\"@type\":\"Organization\",\"@id\":\"https:\/\/www.justiceinfo.net\/fr#organization\",\"name\":\"Justice Info\",\"url\":\"https:\/\/www.justiceinfo.net\/fr\",\"logo\":{\"@type\":\"ImageObject\",\"inLanguage\":\"fr-FR\",\"@id\":\"https:\/\/www.justiceinfo.net\/fr#\/schema\/logo\/image\/\",\"url\":\"https:\/\/www.justiceinfo.net\/wp-content\/uploads\/justiceinfo_logo-trans_1200x1200px.png\",\"contentUrl\":\"https:\/\/www.justiceinfo.net\/wp-content\/uploads\/justiceinfo_logo-trans_1200x1200px.png\",\"width\":1199,\"height\":1200,\"caption\":\"Justice Info\"},\"image\":{\"@id\":\"https:\/\/www.justiceinfo.net\/fr#\/schema\/logo\/image\/\"},\"sameAs\":[\"https:\/\/www.facebook.com\/JusticeInfo\/\",\"https:\/\/x.com\/justiceinfonet\",\"https:\/\/www.linkedin.com\/company\/justice-info\",\"https:\/\/www.youtube.com\/channel\/UCyCEsARodyuWtkWyhn-e7pA\"]},{\"@type\":\"Person\",\"name\":\"solivri\",\"url\":\"\/fr\/?s=solivri\"}]}<\/script>\n<!-- \/ Yoast SEO Premium plugin. -->","yoast_head_json":{"title":"11.01.07 - TPIR\/NSENGIMANA - LE PROCES DE L\u2019ABBE NSENGIMANA REPREND LUNDI - JusticeInfo.net","robots":{"index":"index","follow":"follow","max-snippet":"max-snippet:-1","max-image-preview":"max-image-preview:large","max-video-preview":"max-video-preview:-1"},"canonical":"https:\/\/www.justiceinfo.net\/fr\/3276-110107-tpirnsengimana-le-proces-de-labbe-nsengimana-reprend-lundi66.html","og_locale":"fr_FR","og_type":"article","og_title":"11.01.07 - TPIR\/NSENGIMANA - LE PROCES DE L\u2019ABBE NSENGIMANA REPREND LUNDI","og_description":"Arusha, 11 janvier 2008 (FH) - Le proc\u00e8s de l\u2019abb\u00e9 Hormisdas Nsengimana reprend lundi prochain devant le Tribunal p\u00e9nal international pour le Rwanda (TPIR), selon le calendrier judiciaire. Il s\u2019agira du premier proc\u00e8s \u00e0 reprendre apr\u00e8s les vacances judiciaires de fin d\u2019ann\u00e9e.","og_url":"https:\/\/www.justiceinfo.net\/fr\/3276-110107-tpirnsengimana-le-proces-de-labbe-nsengimana-reprend-lundi66.html","og_site_name":"JusticeInfo.net","article_publisher":"https:\/\/www.facebook.com\/JusticeInfo\/","article_published_time":"2008-01-14T07:14:51+00:00","og_image":[{"width":1200,"height":630,"url":"https:\/\/www.justiceinfo.net\/wp-content\/uploads\/JusticeInfoNet_logo_1200x630px.jpg","type":"image\/jpeg"}],"author":"solivri","twitter_card":"summary_large_image","twitter_creator":"@justiceinfonet","twitter_site":"@justiceinfonet","twitter_misc":{"\u00c9crit par":"solivri","Dur\u00e9e de lecture estim\u00e9e":"2 minutes"},"schema":{"@context":"https:\/\/schema.org","@graph":[{"@type":"NewsArticle","@id":"https:\/\/www.justiceinfo.net\/fr\/3276-110107-tpirnsengimana-le-proces-de-labbe-nsengimana-reprend-lundi66.html#article","isPartOf":{"@id":"https:\/\/www.justiceinfo.net\/fr\/3276-110107-tpirnsengimana-le-proces-de-labbe-nsengimana-reprend-lundi66.html"},"author":{"name":"solivri","@id":"https:\/\/www.justiceinfo.net\/fr#\/schema\/person\/6e53cba1629e2e66f3fc1821d3091865"},"headline":"11.01.07 - TPIR\/NSENGIMANA - LE PROCES DE L\u2019ABBE NSENGIMANA REPREND LUNDI","datePublished":"2008-01-14T07:14:51+00:00","mainEntityOfPage":{"@id":"https:\/\/www.justiceinfo.net\/fr\/3276-110107-tpirnsengimana-le-proces-de-labbe-nsengimana-reprend-lundi66.html"},"wordCount":493,"commentCount":0,"publisher":{"@id":"https:\/\/www.justiceinfo.net\/fr#organization"},"articleSection":["Hirondelle News"],"inLanguage":"fr-FR","potentialAction":[{"@type":"CommentAction","name":"Comment","target":["https:\/\/www.justiceinfo.net\/fr\/3276-110107-tpirnsengimana-le-proces-de-labbe-nsengimana-reprend-lundi66.html#respond"]}]},{"@type":"WebPage","@id":"https:\/\/www.justiceinfo.net\/fr\/3276-110107-tpirnsengimana-le-proces-de-labbe-nsengimana-reprend-lundi66.html","url":"https:\/\/www.justiceinfo.net\/fr\/3276-110107-tpirnsengimana-le-proces-de-labbe-nsengimana-reprend-lundi66.html","name":"11.01.07 - TPIR\/NSENGIMANA - LE PROCES DE L\u2019ABBE NSENGIMANA REPREND LUNDI - JusticeInfo.net","isPartOf":{"@id":"https:\/\/www.justiceinfo.net\/fr#website"},"datePublished":"2008-01-14T07:14:51+00:00","breadcrumb":{"@id":"https:\/\/www.justiceinfo.net\/fr\/3276-110107-tpirnsengimana-le-proces-de-labbe-nsengimana-reprend-lundi66.html#breadcrumb"},"inLanguage":"fr-FR","potentialAction":[{"@type":"ReadAction","target":["https:\/\/www.justiceinfo.net\/fr\/3276-110107-tpirnsengimana-le-proces-de-labbe-nsengimana-reprend-lundi66.html"]}]},{"@type":"BreadcrumbList","@id":"https:\/\/www.justiceinfo.net\/fr\/3276-110107-tpirnsengimana-le-proces-de-labbe-nsengimana-reprend-lundi66.html#breadcrumb","itemListElement":[{"@type":"ListItem","position":1,"name":"Home","item":"https:\/\/www.justiceinfo.net\/fr"},{"@type":"ListItem","position":2,"name":"11.01.07 - TPIR\/NSENGIMANA - LE PROCES DE L\u2019ABBE NSENGIMANA REPREND LUNDI"}]},{"@type":"WebSite","@id":"https:\/\/www.justiceinfo.net\/fr#website","url":"https:\/\/www.justiceinfo.net\/fr","name":"JusticeInfo.net","description":"La justice doit \u00eatre vue pour \u00eatre rendue","publisher":{"@id":"https:\/\/www.justiceinfo.net\/fr#organization"},"potentialAction":[{"@type":"SearchAction","target":{"@type":"EntryPoint","urlTemplate":"https:\/\/www.justiceinfo.net\/fr?s={search_term_string}"},"query-input":{"@type":"PropertyValueSpecification","valueRequired":true,"valueName":"search_term_string"}}],"inLanguage":"fr-FR"},{"@type":"Organization","@id":"https:\/\/www.justiceinfo.net\/fr#organization","name":"Justice Info","url":"https:\/\/www.justiceinfo.net\/fr","logo":{"@type":"ImageObject","inLanguage":"fr-FR","@id":"https:\/\/www.justiceinfo.net\/fr#\/schema\/logo\/image\/","url":"https:\/\/www.justiceinfo.net\/wp-content\/uploads\/justiceinfo_logo-trans_1200x1200px.png","contentUrl":"https:\/\/www.justiceinfo.net\/wp-content\/uploads\/justiceinfo_logo-trans_1200x1200px.png","width":1199,"height":1200,"caption":"Justice Info"},"image":{"@id":"https:\/\/www.justiceinfo.net\/fr#\/schema\/logo\/image\/"},"sameAs":["https:\/\/www.facebook.com\/JusticeInfo\/","https:\/\/x.com\/justiceinfonet","https:\/\/www.linkedin.com\/company\/justice-info","https:\/\/www.youtube.com\/channel\/UCyCEsARodyuWtkWyhn-e7pA"]},{"@type":"Person","name":"solivri","url":"\/fr\/?s=solivri"}]}},"_links":{"self":[{"href":"https:\/\/www.justiceinfo.net\/fr\/wp-json\/wp\/v2\/posts\/3276","targetHints":{"allow":["GET"]}}],"collection":[{"href":"https:\/\/www.justiceinfo.net\/fr\/wp-json\/wp\/v2\/posts"}],"about":[{"href":"https:\/\/www.justiceinfo.net\/fr\/wp-json\/wp\/v2\/types\/post"}],"author":[{"embeddable":true,"href":"https:\/\/www.justiceinfo.net\/fr\/wp-json\/wp\/v2\/users\/64"}],"replies":[{"embeddable":true,"href":"https:\/\/www.justiceinfo.net\/fr\/wp-json\/wp\/v2\/comments?post=3276"}],"version-history":[{"count":0,"href":"https:\/\/www.justiceinfo.net\/fr\/wp-json\/wp\/v2\/posts\/3276\/revisions"}],"wp:attachment":[{"href":"https:\/\/www.justiceinfo.net\/fr\/wp-json\/wp\/v2\/media?parent=3276"}],"wp:term":[{"taxonomy":"category","embeddable":true,"href":"https:\/\/www.justiceinfo.net\/fr\/wp-json\/wp\/v2\/categories?post=3276"},{"taxonomy":"post_tag","embeddable":true,"href":"https:\/\/www.justiceinfo.net\/fr\/wp-json\/wp\/v2\/tags?post=3276"},{"taxonomy":"ji_location","embeddable":true,"href":"https:\/\/www.justiceinfo.net\/fr\/wp-json\/wp\/v2\/ji_location?post=3276"}],"curies":[{"name":"wp","href":"https:\/\/api.w.org\/{rel}","templated":true}]}}