{"id":3286,"date":"2008-01-17T05:57:57","date_gmt":"2008-01-17T04:57:57","guid":{"rendered":"https:\/\/www.justiceinfo.net\/3286-160108-tpirmilitaires-ii-ndindiliyimana-poursuivi-pour-avoir-refuse-de-temoigner-contre-bagos76.html"},"modified":"2008-01-17T05:57:57","modified_gmt":"2008-01-17T04:57:57","slug":"160108-tpirmilitaires-ii-ndindiliyimana-poursuivi-pour-avoir-refuse-de-temoigner-contre-bagos76","status":"publish","type":"post","link":"https:\/\/www.justiceinfo.net\/fr\/3286-160108-tpirmilitaires-ii-ndindiliyimana-poursuivi-pour-avoir-refuse-de-temoigner-contre-bagos76.html","title":{"rendered":"16.01.08 - TPIR\/MILITAIRES II -NDINDILIYIMANA, POURSUIVI POUR AVOIR REFUSE DE TEMOIGNER CONTRE BAGOS"},"content":{"rendered":"<p  >\nArusha, 16 janvier 2008 (FH) - Le conseil principal de l\u2019ex-chef de la gendarmerie nationale rwandaise, le g\u00e9n\u00e9ral Augustin Ndindiliyimana, a d\u00e9clar\u00e9 mercredi devant le Tribunal p\u00e9nal international pour le Rwanda (TPIR) que son client avait \u00e9t\u00e9 mis en accusation parce qu\u2019il avait refus\u00e9 de t\u00e9moigner contre l\u2019accus\u00e9 phare ce tribunal, le colonel Th\u00e9oneste Bagosora.  <\/p>\n<p>Directeur de cabinet au minist\u00e8re de la D\u00e9fense pendant le g\u00e9nocide de 1994, Bagosora qui attend son verdict, est pr\u00e9sent\u00e9 par le procureur du TPIR comme \u00ab le cerveau \u00bb du g\u00e9nocide.\n<\/p>\n<p><!--more--><\/p>\n<p  >\nEn arr\u00eatant Ndindiliyimana, \u00ab le procureur esp\u00e9rait (ainsi) le contraindre \u00e0 t\u00e9moigner contre le colonel Bagosora ; mais n\u2019ayant pas d\u2019all\u00e9gations \u00e0 porter contre Bagosora, Ndindiliyimana a refus\u00e9 \u00bb, a accus\u00e9 Me Christopher Black dans une longue d\u00e9claration marquant l\u2019ouverture de la d\u00e9fense du g\u00e9n\u00e9ral. <\/p>\n<p>L\u2019avocat canadien a affirm\u00e9 qu\u2019au d\u00e9but du proc\u00e8s de Bagosora en avril 2002, le procureur avait offert \u00e0 Ndindiliyimana de le lib\u00e9rer en \u00e9change d\u2019un t\u00e9moignage contre le colonel Bagosora. <\/p>\n<p>Me Black a indiqu\u00e9 que les malheurs de son client ont d\u00e9but\u00e9 en 1995 lorsque, depuis son exil en Belgique, il a d\u00e9clin\u00e9 une offre du nouveau gouvernement rwandais qui l\u2019invitait \u00e0 retourner au Rwanda. <\/p>\n<p>Le d\u00e9fenseur a \u00e9mis sa crainte que les juges ne condamnent Ndindiliyimana de peur d\u2019\u00eatre \u00ab accus\u00e9s par Kigali de nier le g\u00e9nocide de 1994 \u00bb. <\/p>\n<p>Me Black a d\u00e9crit l\u2019ex- chef de la gendarmerie rwandaise comme un \u00abv\u00e9ritable h\u00e9ros de cette guerre \u00bb, un homme qui \u00ab a fait de son mieux pour mettre un terme aux violences\u00bb. <\/p>\n<p>Il a soutenu \u00e0 ce sujet que l\u2019essentiel des forces de la gendarmerie avaient \u00e9t\u00e9 plac\u00e9es sous le commandement de l\u2019arm\u00e9e pour tenter de l\u2019aider \u00e0 contenir l\u2019avanc\u00e9e des rebelles du Front patriotique rwandais (FPR) actuellement au pouvoir. <\/p>\n<p>Apr\u00e8s cette d\u00e9claration liminaire, la d\u00e9fense de Ndindiliyimana a cit\u00e9 son premier t\u00e9moin, en la personne du colonel belge \u00e0 la retraite, Luc Marchal qui \u00e9tait commandant du secteur Kigali, au sein de la force des Nations Unies Rwanda. <\/p>\n<p>Arriv\u00e9 au Rwanda le 4 d\u00e9cembre 1993, Marchal a quitt\u00e9 Kigali le 19 avril 1994, apr\u00e8s la d\u00e9cision du gouvernement belge de retirer son contingent au sein de la force de l\u2019ONU. L\u2019officier belge, dont c\u2019est le deuxi\u00e8me t\u00e9moignage devant le TPIR, devrait entrer jeudi dans le vif de cette nouvelle d\u00e9position. <\/p>\n<p>Poursuivi pour crimes de g\u00e9nocide, crimes contre l\u2019humanit\u00e9 et crimes de guerre, le g\u00e9n\u00e9ral Ndindiliyimana est jug\u00e9 avec trois autres officiers dont l\u2019ex- chef d\u2019\u00e9tat-major de l\u2019arm\u00e9e, le g\u00e9n\u00e9ral Augustin Bizimungu qui a clos sa d\u00e9fense en d\u00e9cembre dernier. <\/p>\n<p>Tous plaident non coupables. <\/p>\n<p>ER\/PB\/GF<\/p>\n","protected":false},"excerpt":{"rendered":"<p>Arusha, 16 janvier 2008 (FH) - Le conseil principal de l\u2019ex-chef de la gendarmerie nationale rwandaise, le g\u00e9n\u00e9ral Augustin Ndindiliyimana, a d\u00e9clar\u00e9 mercredi devant le Tribunal p\u00e9nal international pour le Rwanda (TPIR) que son client avait \u00e9t\u00e9 mis en accusation parce qu\u2019il avait refus\u00e9 de t\u00e9moigner contre l\u2019accus\u00e9 phare ce tribunal, le colonel Th\u00e9oneste Bagosora. [&hellip;]<\/p>\n","protected":false},"author":64,"featured_media":0,"comment_status":"open","ping_status":"closed","sticky":false,"template":"","format":"standard","meta":{"_acf_changed":false,"footnotes":""},"categories":[554],"tags":[],"ji_location":[],"class_list":["post-3286","post","type-post","status-publish","format-standard","hentry","category-hirondellenews"],"acf":[],"yoast_head":"<!-- This site is optimized with the Yoast SEO Premium plugin v25.3.1 (Yoast SEO v25.3.1) - https:\/\/yoast.com\/wordpress\/plugins\/seo\/ -->\n<title>16.01.08 - TPIR\/MILITAIRES II -NDINDILIYIMANA, POURSUIVI POUR AVOIR REFUSE DE TEMOIGNER CONTRE BAGOS - JusticeInfo.net<\/title>\n<meta name=\"robots\" content=\"index, follow, max-snippet:-1, max-image-preview:large, max-video-preview:-1\" \/>\n<link rel=\"canonical\" href=\"https:\/\/www.justiceinfo.net\/fr\/3286-160108-tpirmilitaires-ii-ndindiliyimana-poursuivi-pour-avoir-refuse-de-temoigner-contre-bagos76.html\" \/>\n<meta property=\"og:locale\" content=\"fr_FR\" \/>\n<meta property=\"og:type\" content=\"article\" \/>\n<meta property=\"og:title\" content=\"16.01.08 - TPIR\/MILITAIRES II -NDINDILIYIMANA, POURSUIVI POUR AVOIR REFUSE DE TEMOIGNER CONTRE BAGOS\" \/>\n<meta property=\"og:description\" content=\"Arusha, 16 janvier 2008 (FH) - Le conseil principal de l\u2019ex-chef de la gendarmerie nationale rwandaise, le g\u00e9n\u00e9ral Augustin Ndindiliyimana, a d\u00e9clar\u00e9 mercredi devant le Tribunal p\u00e9nal international pour le Rwanda (TPIR) que son client avait \u00e9t\u00e9 mis en accusation parce qu\u2019il avait refus\u00e9 de t\u00e9moigner contre l\u2019accus\u00e9 phare ce tribunal, le colonel Th\u00e9oneste Bagosora. [&hellip;]\" \/>\n<meta property=\"og:url\" content=\"https:\/\/www.justiceinfo.net\/fr\/3286-160108-tpirmilitaires-ii-ndindiliyimana-poursuivi-pour-avoir-refuse-de-temoigner-contre-bagos76.html\" \/>\n<meta property=\"og:site_name\" content=\"JusticeInfo.net\" \/>\n<meta property=\"article:publisher\" content=\"https:\/\/www.facebook.com\/JusticeInfo\/\" \/>\n<meta property=\"article:published_time\" content=\"2008-01-17T04:57:57+00:00\" \/>\n<meta property=\"og:image\" content=\"https:\/\/www.justiceinfo.net\/wp-content\/uploads\/JusticeInfoNet_logo_1200x630px.jpg\" \/>\n\t<meta property=\"og:image:width\" content=\"1200\" \/>\n\t<meta property=\"og:image:height\" content=\"630\" \/>\n\t<meta property=\"og:image:type\" content=\"image\/jpeg\" \/>\n<meta name=\"author\" content=\"solivri\" \/>\n<meta name=\"twitter:card\" content=\"summary_large_image\" \/>\n<meta name=\"twitter:creator\" content=\"@justiceinfonet\" \/>\n<meta name=\"twitter:site\" content=\"@justiceinfonet\" \/>\n<meta name=\"twitter:label1\" content=\"\u00c9crit par\" \/>\n\t<meta name=\"twitter:data1\" content=\"solivri\" \/>\n\t<meta name=\"twitter:label2\" content=\"Dur\u00e9e de lecture estim\u00e9e\" \/>\n\t<meta name=\"twitter:data2\" content=\"2 minutes\" \/>\n<script type=\"application\/ld+json\" class=\"yoast-schema-graph\">{\"@context\":\"https:\/\/schema.org\",\"@graph\":[{\"@type\":\"NewsArticle\",\"@id\":\"https:\/\/www.justiceinfo.net\/fr\/3286-160108-tpirmilitaires-ii-ndindiliyimana-poursuivi-pour-avoir-refuse-de-temoigner-contre-bagos76.html#article\",\"isPartOf\":{\"@id\":\"https:\/\/www.justiceinfo.net\/fr\/3286-160108-tpirmilitaires-ii-ndindiliyimana-poursuivi-pour-avoir-refuse-de-temoigner-contre-bagos76.html\"},\"author\":{\"name\":\"solivri\",\"@id\":\"https:\/\/www.justiceinfo.net\/fr#\/schema\/person\/6e53cba1629e2e66f3fc1821d3091865\"},\"headline\":\"16.01.08 - TPIR\/MILITAIRES II -NDINDILIYIMANA, POURSUIVI POUR AVOIR REFUSE DE TEMOIGNER CONTRE BAGOS\",\"datePublished\":\"2008-01-17T04:57:57+00:00\",\"mainEntityOfPage\":{\"@id\":\"https:\/\/www.justiceinfo.net\/fr\/3286-160108-tpirmilitaires-ii-ndindiliyimana-poursuivi-pour-avoir-refuse-de-temoigner-contre-bagos76.html\"},\"wordCount\":493,\"commentCount\":0,\"publisher\":{\"@id\":\"https:\/\/www.justiceinfo.net\/fr#organization\"},\"articleSection\":[\"Hirondelle News\"],\"inLanguage\":\"fr-FR\",\"potentialAction\":[{\"@type\":\"CommentAction\",\"name\":\"Comment\",\"target\":[\"https:\/\/www.justiceinfo.net\/fr\/3286-160108-tpirmilitaires-ii-ndindiliyimana-poursuivi-pour-avoir-refuse-de-temoigner-contre-bagos76.html#respond\"]}]},{\"@type\":\"WebPage\",\"@id\":\"https:\/\/www.justiceinfo.net\/fr\/3286-160108-tpirmilitaires-ii-ndindiliyimana-poursuivi-pour-avoir-refuse-de-temoigner-contre-bagos76.html\",\"url\":\"https:\/\/www.justiceinfo.net\/fr\/3286-160108-tpirmilitaires-ii-ndindiliyimana-poursuivi-pour-avoir-refuse-de-temoigner-contre-bagos76.html\",\"name\":\"16.01.08 - TPIR\/MILITAIRES II -NDINDILIYIMANA, POURSUIVI POUR AVOIR REFUSE DE TEMOIGNER CONTRE BAGOS - JusticeInfo.net\",\"isPartOf\":{\"@id\":\"https:\/\/www.justiceinfo.net\/fr#website\"},\"datePublished\":\"2008-01-17T04:57:57+00:00\",\"breadcrumb\":{\"@id\":\"https:\/\/www.justiceinfo.net\/fr\/3286-160108-tpirmilitaires-ii-ndindiliyimana-poursuivi-pour-avoir-refuse-de-temoigner-contre-bagos76.html#breadcrumb\"},\"inLanguage\":\"fr-FR\",\"potentialAction\":[{\"@type\":\"ReadAction\",\"target\":[\"https:\/\/www.justiceinfo.net\/fr\/3286-160108-tpirmilitaires-ii-ndindiliyimana-poursuivi-pour-avoir-refuse-de-temoigner-contre-bagos76.html\"]}]},{\"@type\":\"BreadcrumbList\",\"@id\":\"https:\/\/www.justiceinfo.net\/fr\/3286-160108-tpirmilitaires-ii-ndindiliyimana-poursuivi-pour-avoir-refuse-de-temoigner-contre-bagos76.html#breadcrumb\",\"itemListElement\":[{\"@type\":\"ListItem\",\"position\":1,\"name\":\"Home\",\"item\":\"https:\/\/www.justiceinfo.net\/fr\"},{\"@type\":\"ListItem\",\"position\":2,\"name\":\"16.01.08 - TPIR\/MILITAIRES II -NDINDILIYIMANA, POURSUIVI POUR AVOIR REFUSE DE TEMOIGNER CONTRE BAGOS\"}]},{\"@type\":\"WebSite\",\"@id\":\"https:\/\/www.justiceinfo.net\/fr#website\",\"url\":\"https:\/\/www.justiceinfo.net\/fr\",\"name\":\"JusticeInfo.net\",\"description\":\"La justice doit \u00eatre vue pour \u00eatre rendue\",\"publisher\":{\"@id\":\"https:\/\/www.justiceinfo.net\/fr#organization\"},\"potentialAction\":[{\"@type\":\"SearchAction\",\"target\":{\"@type\":\"EntryPoint\",\"urlTemplate\":\"https:\/\/www.justiceinfo.net\/fr?s={search_term_string}\"},\"query-input\":{\"@type\":\"PropertyValueSpecification\",\"valueRequired\":true,\"valueName\":\"search_term_string\"}}],\"inLanguage\":\"fr-FR\"},{\"@type\":\"Organization\",\"@id\":\"https:\/\/www.justiceinfo.net\/fr#organization\",\"name\":\"Justice Info\",\"url\":\"https:\/\/www.justiceinfo.net\/fr\",\"logo\":{\"@type\":\"ImageObject\",\"inLanguage\":\"fr-FR\",\"@id\":\"https:\/\/www.justiceinfo.net\/fr#\/schema\/logo\/image\/\",\"url\":\"https:\/\/www.justiceinfo.net\/wp-content\/uploads\/justiceinfo_logo-trans_1200x1200px.png\",\"contentUrl\":\"https:\/\/www.justiceinfo.net\/wp-content\/uploads\/justiceinfo_logo-trans_1200x1200px.png\",\"width\":1199,\"height\":1200,\"caption\":\"Justice Info\"},\"image\":{\"@id\":\"https:\/\/www.justiceinfo.net\/fr#\/schema\/logo\/image\/\"},\"sameAs\":[\"https:\/\/www.facebook.com\/JusticeInfo\/\",\"https:\/\/x.com\/justiceinfonet\",\"https:\/\/www.linkedin.com\/company\/justice-info\",\"https:\/\/www.youtube.com\/channel\/UCyCEsARodyuWtkWyhn-e7pA\"]},{\"@type\":\"Person\",\"name\":\"solivri\",\"url\":\"\/fr\/?s=solivri\"}]}<\/script>\n<!-- \/ Yoast SEO Premium plugin. -->","yoast_head_json":{"title":"16.01.08 - TPIR\/MILITAIRES II -NDINDILIYIMANA, POURSUIVI POUR AVOIR REFUSE DE TEMOIGNER CONTRE BAGOS - JusticeInfo.net","robots":{"index":"index","follow":"follow","max-snippet":"max-snippet:-1","max-image-preview":"max-image-preview:large","max-video-preview":"max-video-preview:-1"},"canonical":"https:\/\/www.justiceinfo.net\/fr\/3286-160108-tpirmilitaires-ii-ndindiliyimana-poursuivi-pour-avoir-refuse-de-temoigner-contre-bagos76.html","og_locale":"fr_FR","og_type":"article","og_title":"16.01.08 - TPIR\/MILITAIRES II -NDINDILIYIMANA, POURSUIVI POUR AVOIR REFUSE DE TEMOIGNER CONTRE BAGOS","og_description":"Arusha, 16 janvier 2008 (FH) - Le conseil principal de l\u2019ex-chef de la gendarmerie nationale rwandaise, le g\u00e9n\u00e9ral Augustin Ndindiliyimana, a d\u00e9clar\u00e9 mercredi devant le Tribunal p\u00e9nal international pour le Rwanda (TPIR) que son client avait \u00e9t\u00e9 mis en accusation parce qu\u2019il avait refus\u00e9 de t\u00e9moigner contre l\u2019accus\u00e9 phare ce tribunal, le colonel Th\u00e9oneste Bagosora. [&hellip;]","og_url":"https:\/\/www.justiceinfo.net\/fr\/3286-160108-tpirmilitaires-ii-ndindiliyimana-poursuivi-pour-avoir-refuse-de-temoigner-contre-bagos76.html","og_site_name":"JusticeInfo.net","article_publisher":"https:\/\/www.facebook.com\/JusticeInfo\/","article_published_time":"2008-01-17T04:57:57+00:00","og_image":[{"width":1200,"height":630,"url":"https:\/\/www.justiceinfo.net\/wp-content\/uploads\/JusticeInfoNet_logo_1200x630px.jpg","type":"image\/jpeg"}],"author":"solivri","twitter_card":"summary_large_image","twitter_creator":"@justiceinfonet","twitter_site":"@justiceinfonet","twitter_misc":{"\u00c9crit par":"solivri","Dur\u00e9e de lecture estim\u00e9e":"2 minutes"},"schema":{"@context":"https:\/\/schema.org","@graph":[{"@type":"NewsArticle","@id":"https:\/\/www.justiceinfo.net\/fr\/3286-160108-tpirmilitaires-ii-ndindiliyimana-poursuivi-pour-avoir-refuse-de-temoigner-contre-bagos76.html#article","isPartOf":{"@id":"https:\/\/www.justiceinfo.net\/fr\/3286-160108-tpirmilitaires-ii-ndindiliyimana-poursuivi-pour-avoir-refuse-de-temoigner-contre-bagos76.html"},"author":{"name":"solivri","@id":"https:\/\/www.justiceinfo.net\/fr#\/schema\/person\/6e53cba1629e2e66f3fc1821d3091865"},"headline":"16.01.08 - TPIR\/MILITAIRES II -NDINDILIYIMANA, POURSUIVI POUR AVOIR REFUSE DE TEMOIGNER CONTRE BAGOS","datePublished":"2008-01-17T04:57:57+00:00","mainEntityOfPage":{"@id":"https:\/\/www.justiceinfo.net\/fr\/3286-160108-tpirmilitaires-ii-ndindiliyimana-poursuivi-pour-avoir-refuse-de-temoigner-contre-bagos76.html"},"wordCount":493,"commentCount":0,"publisher":{"@id":"https:\/\/www.justiceinfo.net\/fr#organization"},"articleSection":["Hirondelle News"],"inLanguage":"fr-FR","potentialAction":[{"@type":"CommentAction","name":"Comment","target":["https:\/\/www.justiceinfo.net\/fr\/3286-160108-tpirmilitaires-ii-ndindiliyimana-poursuivi-pour-avoir-refuse-de-temoigner-contre-bagos76.html#respond"]}]},{"@type":"WebPage","@id":"https:\/\/www.justiceinfo.net\/fr\/3286-160108-tpirmilitaires-ii-ndindiliyimana-poursuivi-pour-avoir-refuse-de-temoigner-contre-bagos76.html","url":"https:\/\/www.justiceinfo.net\/fr\/3286-160108-tpirmilitaires-ii-ndindiliyimana-poursuivi-pour-avoir-refuse-de-temoigner-contre-bagos76.html","name":"16.01.08 - TPIR\/MILITAIRES II -NDINDILIYIMANA, POURSUIVI POUR AVOIR REFUSE DE TEMOIGNER CONTRE BAGOS - JusticeInfo.net","isPartOf":{"@id":"https:\/\/www.justiceinfo.net\/fr#website"},"datePublished":"2008-01-17T04:57:57+00:00","breadcrumb":{"@id":"https:\/\/www.justiceinfo.net\/fr\/3286-160108-tpirmilitaires-ii-ndindiliyimana-poursuivi-pour-avoir-refuse-de-temoigner-contre-bagos76.html#breadcrumb"},"inLanguage":"fr-FR","potentialAction":[{"@type":"ReadAction","target":["https:\/\/www.justiceinfo.net\/fr\/3286-160108-tpirmilitaires-ii-ndindiliyimana-poursuivi-pour-avoir-refuse-de-temoigner-contre-bagos76.html"]}]},{"@type":"BreadcrumbList","@id":"https:\/\/www.justiceinfo.net\/fr\/3286-160108-tpirmilitaires-ii-ndindiliyimana-poursuivi-pour-avoir-refuse-de-temoigner-contre-bagos76.html#breadcrumb","itemListElement":[{"@type":"ListItem","position":1,"name":"Home","item":"https:\/\/www.justiceinfo.net\/fr"},{"@type":"ListItem","position":2,"name":"16.01.08 - TPIR\/MILITAIRES II -NDINDILIYIMANA, POURSUIVI POUR AVOIR REFUSE DE TEMOIGNER CONTRE BAGOS"}]},{"@type":"WebSite","@id":"https:\/\/www.justiceinfo.net\/fr#website","url":"https:\/\/www.justiceinfo.net\/fr","name":"JusticeInfo.net","description":"La justice doit \u00eatre vue pour \u00eatre rendue","publisher":{"@id":"https:\/\/www.justiceinfo.net\/fr#organization"},"potentialAction":[{"@type":"SearchAction","target":{"@type":"EntryPoint","urlTemplate":"https:\/\/www.justiceinfo.net\/fr?s={search_term_string}"},"query-input":{"@type":"PropertyValueSpecification","valueRequired":true,"valueName":"search_term_string"}}],"inLanguage":"fr-FR"},{"@type":"Organization","@id":"https:\/\/www.justiceinfo.net\/fr#organization","name":"Justice Info","url":"https:\/\/www.justiceinfo.net\/fr","logo":{"@type":"ImageObject","inLanguage":"fr-FR","@id":"https:\/\/www.justiceinfo.net\/fr#\/schema\/logo\/image\/","url":"https:\/\/www.justiceinfo.net\/wp-content\/uploads\/justiceinfo_logo-trans_1200x1200px.png","contentUrl":"https:\/\/www.justiceinfo.net\/wp-content\/uploads\/justiceinfo_logo-trans_1200x1200px.png","width":1199,"height":1200,"caption":"Justice Info"},"image":{"@id":"https:\/\/www.justiceinfo.net\/fr#\/schema\/logo\/image\/"},"sameAs":["https:\/\/www.facebook.com\/JusticeInfo\/","https:\/\/x.com\/justiceinfonet","https:\/\/www.linkedin.com\/company\/justice-info","https:\/\/www.youtube.com\/channel\/UCyCEsARodyuWtkWyhn-e7pA"]},{"@type":"Person","name":"solivri","url":"\/fr\/?s=solivri"}]}},"_links":{"self":[{"href":"https:\/\/www.justiceinfo.net\/fr\/wp-json\/wp\/v2\/posts\/3286","targetHints":{"allow":["GET"]}}],"collection":[{"href":"https:\/\/www.justiceinfo.net\/fr\/wp-json\/wp\/v2\/posts"}],"about":[{"href":"https:\/\/www.justiceinfo.net\/fr\/wp-json\/wp\/v2\/types\/post"}],"author":[{"embeddable":true,"href":"https:\/\/www.justiceinfo.net\/fr\/wp-json\/wp\/v2\/users\/64"}],"replies":[{"embeddable":true,"href":"https:\/\/www.justiceinfo.net\/fr\/wp-json\/wp\/v2\/comments?post=3286"}],"version-history":[{"count":0,"href":"https:\/\/www.justiceinfo.net\/fr\/wp-json\/wp\/v2\/posts\/3286\/revisions"}],"wp:attachment":[{"href":"https:\/\/www.justiceinfo.net\/fr\/wp-json\/wp\/v2\/media?parent=3286"}],"wp:term":[{"taxonomy":"category","embeddable":true,"href":"https:\/\/www.justiceinfo.net\/fr\/wp-json\/wp\/v2\/categories?post=3286"},{"taxonomy":"post_tag","embeddable":true,"href":"https:\/\/www.justiceinfo.net\/fr\/wp-json\/wp\/v2\/tags?post=3286"},{"taxonomy":"ji_location","embeddable":true,"href":"https:\/\/www.justiceinfo.net\/fr\/wp-json\/wp\/v2\/ji_location?post=3286"}],"curies":[{"name":"wp","href":"https:\/\/api.w.org\/{rel}","templated":true}]}}