{"id":32869,"date":"2017-04-09T16:54:31","date_gmt":"2017-04-09T14:54:31","guid":{"rendered":"https:\/\/www.justiceinfo.net\/32869-rdc-kabila-un-obstacle-a-la-democratie-en-rdc-accuse-l-opposition.html"},"modified":"2017-04-09T16:54:31","modified_gmt":"2017-04-09T14:54:31","slug":"rdc-kabila-un-obstacle-a-la-democratie-en-rdc-accuse-l-opposition","status":"publish","type":"post","link":"https:\/\/www.justiceinfo.net\/fr\/32869-rdc-kabila-un-obstacle-a-la-democratie-en-rdc-accuse-l-opposition.html","title":{"rendered":"RDC: Kabila, un \"obstacle\" \u00e0 la d\u00e9mocratie en RDC, accuse l'opposition"},"content":{"rendered":"<div class=\"txt-textContent\">\n<div class=\"text fontsize_0 jq_Content jq_langdir\">\n<p>L\u2019opposition congolaise a accus\u00e9 dimanche le pr\u00e9sident de la R\u00e9publique d\u00e9mocratique du Congo (RDC) d'\u00eatre le \"principal obstacle au processus d\u00e9mocratique\" dans ce pays qui traverse une grave crise politique.<\/p>\n<p>M. Kabila \"a d\u00e9lib\u00e9r\u00e9ment pris parti de multiplier en ce moment pourtant critique des manoeuvres politiciennes qui enfoncent davantage la RDC dans le chaos\", a affirm\u00e9 \u00e0 Kinshasa F\u00e9lix Tshisekedi, pr\u00e9sident du Rassemblement, dans une d\u00e9claration \u00e0 la presse.<\/p>\n<p>\"M. Joseph Kabila s'\u00e9rige d\u00e9sormais en principal obstacle au processus d\u00e9mocratique, faisant de notre pays une zone instable et une menace pour la paix et la s\u00e9curit\u00e9 internationale\", a-t-il ajout\u00e9, en pr\u00e9sence de ses pairs du Rassemblement, coalition constitu\u00e9e en juillet dernier autour de son p\u00e8re \u00c9tienne Tshisekedi.<\/p>\n<p>Figure historique de l'opposition en RDC et pr\u00e9sident de l'Union pour la d\u00e9mocratie et le progr\u00e8s social (UDPS), \u00c9tienne Tshisekedi est d\u00e9c\u00e9d\u00e9 le 1er f\u00e9vrier \u00e0 Bruxelles \u00e0 84 ans.<\/p>\n<p>La d\u00e9claration de F\u00e9lix Tshisekedi intervient deux jours apr\u00e8s la nomination de Bruno Tshibala, un dissident de l'UDPS et du Rassemblement, au poste du Premier ministre par le pr\u00e9sident Kabila.<\/p>\n<p>Cette d\u00e9cision d\u00e9coule d'un accord de cogestion de la transition, conclu le 31 d\u00e9cembre 2016 entre l'opposition et la majorit\u00e9, pour tenter de sortir la RDC de la crise provoqu\u00e9e par le maintien au pouvoir de M. Kabila apr\u00e8s le 20 d\u00e9cembre, fin de son mandat.\u00a0<\/p>\n<p>La nomination de M. Tshibala est \"une cons\u00e9quence des tripatouillages du pouvoir\" faites \"au m\u00e9pris de la lettre et de l'esprit de l'accord du 31 d\u00e9cembre\", a encore fustig\u00e9 M. Tshisekedi.\u00a0<\/p>\n<p>Des sources gouvernementales et au sein de la majorit\u00e9 interrog\u00e9es par l'AFP ont au contraire martel\u00e9 que cette nomination respectait bien l'accord de la Saint-Sylvestre.<\/p>\n<p>Porte-parole du Rassemblement, M. Tshibala avait contest\u00e9 la l\u00e9gitimit\u00e9 du fils Tshisekedi \u00e0 la t\u00eate de l'opposition apr\u00e8s la mort de son p\u00e8re et a \u00e9t\u00e9 exclu fin f\u00e9vrier du Rassemblement et de l'UDPS, dont il \u00e9tait l'un des principaux dirigeants.<\/p>\n<p>La d\u00e9signation de M. Tshibala illustre \"le cynisme de Joseph Kabila et son irrespect du peuple congolais\", a comment\u00e9 de son c\u00f4t\u00e9 dans un communiqu\u00e9 l'opposant congolais en exil Mo\u00efse Katumbi. \"J'appelle les Congolais et la communaut\u00e9 internationale \u00e0 ne pas reconna\u00eetre le gouvernement du nouveau Premier ministre\", exhorte l'opposant.<\/p>\n<p>Samedi, la repr\u00e9sentation de l'Union europ\u00e9enne en RDC a fait part de son \"inqui\u00e9tude\", estimant que la d\u00e9signation de M. Tshibala avait \u00e9t\u00e9 faite \"contrairement \u00e0 la lettre et \u00e0 l\u2019esprit de l\u2019accord du 31 d\u00e9cembre 2016\".\u00a0<\/p>\n<p>Le Rassemblement a appel\u00e9 \u00e0 manifester lundi en RDC pour exiger l'application de cet accord.<\/p>\n<\/div>\n<\/div>\n","protected":false},"excerpt":{"rendered":"<p>L\u2019opposition congolaise a accus\u00e9 dimanche le pr\u00e9sident de la R\u00e9publique d\u00e9mocratique du Congo (RDC) d'\u00eatre le \"principal obstacle au processus d\u00e9mocratique\" dans ce pays qui traverse une grave crise politique. M. Kabila \"a d\u00e9lib\u00e9r\u00e9ment pris parti de multiplier en ce moment pourtant critique des manoeuvres politiciennes qui enfoncent davantage la RDC dans le chaos\", a [&hellip;]<\/p>\n","protected":false},"author":60,"featured_media":0,"comment_status":"open","ping_status":"closed","sticky":false,"template":"","format":"standard","meta":{"_acf_changed":false,"footnotes":""},"categories":[2576],"tags":[],"ji_location":[2196],"class_list":["post-32869","post","type-post","status-publish","format-standard","hentry","category-fil-d-actualite","ji_location-republique-democratique-du-congo"],"acf":[],"yoast_head":"<!-- This site is optimized with the Yoast SEO Premium plugin v25.3.1 (Yoast SEO v25.3.1) - https:\/\/yoast.com\/wordpress\/plugins\/seo\/ -->\n<title>RDC: Kabila, un &quot;obstacle&quot; \u00e0 la d\u00e9mocratie en RDC, accuse l&#039;opposition - JusticeInfo.net<\/title>\n<meta name=\"robots\" content=\"index, follow, max-snippet:-1, max-image-preview:large, max-video-preview:-1\" \/>\n<link rel=\"canonical\" href=\"https:\/\/www.justiceinfo.net\/fr\/32869-rdc-kabila-un-obstacle-a-la-democratie-en-rdc-accuse-l-opposition.html\" \/>\n<meta property=\"og:locale\" content=\"fr_FR\" \/>\n<meta property=\"og:type\" content=\"article\" \/>\n<meta property=\"og:title\" content=\"RDC: Kabila, un &quot;obstacle&quot; \u00e0 la d\u00e9mocratie en RDC, accuse l&#039;opposition\" \/>\n<meta property=\"og:description\" content=\"L\u2019opposition congolaise a accus\u00e9 dimanche le pr\u00e9sident de la R\u00e9publique d\u00e9mocratique du Congo (RDC) d&#039;\u00eatre le &quot;principal obstacle au processus d\u00e9mocratique&quot; dans ce pays qui traverse une grave crise politique. M. Kabila &quot;a d\u00e9lib\u00e9r\u00e9ment pris parti de multiplier en ce moment pourtant critique des manoeuvres politiciennes qui enfoncent davantage la RDC dans le chaos&quot;, a [&hellip;]\" \/>\n<meta property=\"og:url\" content=\"https:\/\/www.justiceinfo.net\/fr\/32869-rdc-kabila-un-obstacle-a-la-democratie-en-rdc-accuse-l-opposition.html\" \/>\n<meta property=\"og:site_name\" content=\"JusticeInfo.net\" \/>\n<meta property=\"article:publisher\" content=\"https:\/\/www.facebook.com\/JusticeInfo\/\" \/>\n<meta property=\"article:published_time\" content=\"2017-04-09T14:54:31+00:00\" \/>\n<meta property=\"og:image\" content=\"https:\/\/www.justiceinfo.net\/wp-content\/uploads\/JusticeInfoNet_logo_1200x630px.jpg\" \/>\n\t<meta property=\"og:image:width\" content=\"1200\" \/>\n\t<meta property=\"og:image:height\" content=\"630\" \/>\n\t<meta property=\"og:image:type\" content=\"image\/jpeg\" \/>\n<meta name=\"author\" content=\"AFP\" \/>\n<meta name=\"twitter:card\" content=\"summary_large_image\" \/>\n<meta name=\"twitter:creator\" content=\"@justiceinfonet\" \/>\n<meta name=\"twitter:site\" content=\"@justiceinfonet\" \/>\n<meta name=\"twitter:label1\" content=\"\u00c9crit par\" \/>\n\t<meta name=\"twitter:data1\" content=\"AFP\" \/>\n\t<meta name=\"twitter:label2\" content=\"Dur\u00e9e de lecture estim\u00e9e\" \/>\n\t<meta name=\"twitter:data2\" content=\"2 minutes\" \/>\n<script type=\"application\/ld+json\" class=\"yoast-schema-graph\">{\"@context\":\"https:\/\/schema.org\",\"@graph\":[{\"@type\":\"NewsArticle\",\"@id\":\"https:\/\/www.justiceinfo.net\/fr\/32869-rdc-kabila-un-obstacle-a-la-democratie-en-rdc-accuse-l-opposition.html#article\",\"isPartOf\":{\"@id\":\"https:\/\/www.justiceinfo.net\/fr\/32869-rdc-kabila-un-obstacle-a-la-democratie-en-rdc-accuse-l-opposition.html\"},\"author\":{\"name\":\"afp\",\"@id\":\"https:\/\/www.justiceinfo.net\/fr#\/schema\/person\/713d340ef5f218fc36ce9b4244364a7f\"},\"headline\":\"RDC: Kabila, un \\\"obstacle\\\" \u00e0 la d\u00e9mocratie en RDC, accuse l'opposition\",\"datePublished\":\"2017-04-09T14:54:31+00:00\",\"mainEntityOfPage\":{\"@id\":\"https:\/\/www.justiceinfo.net\/fr\/32869-rdc-kabila-un-obstacle-a-la-democratie-en-rdc-accuse-l-opposition.html\"},\"wordCount\":490,\"commentCount\":0,\"publisher\":{\"@id\":\"https:\/\/www.justiceinfo.net\/fr#organization\"},\"articleSection\":[\"Fil d'info AFP\"],\"inLanguage\":\"fr-FR\",\"potentialAction\":[{\"@type\":\"CommentAction\",\"name\":\"Comment\",\"target\":[\"https:\/\/www.justiceinfo.net\/fr\/32869-rdc-kabila-un-obstacle-a-la-democratie-en-rdc-accuse-l-opposition.html#respond\"]}]},{\"@type\":\"WebPage\",\"@id\":\"https:\/\/www.justiceinfo.net\/fr\/32869-rdc-kabila-un-obstacle-a-la-democratie-en-rdc-accuse-l-opposition.html\",\"url\":\"https:\/\/www.justiceinfo.net\/fr\/32869-rdc-kabila-un-obstacle-a-la-democratie-en-rdc-accuse-l-opposition.html\",\"name\":\"RDC: Kabila, un \\\"obstacle\\\" \u00e0 la d\u00e9mocratie en RDC, accuse l'opposition - JusticeInfo.net\",\"isPartOf\":{\"@id\":\"https:\/\/www.justiceinfo.net\/fr#website\"},\"datePublished\":\"2017-04-09T14:54:31+00:00\",\"breadcrumb\":{\"@id\":\"https:\/\/www.justiceinfo.net\/fr\/32869-rdc-kabila-un-obstacle-a-la-democratie-en-rdc-accuse-l-opposition.html#breadcrumb\"},\"inLanguage\":\"fr-FR\",\"potentialAction\":[{\"@type\":\"ReadAction\",\"target\":[\"https:\/\/www.justiceinfo.net\/fr\/32869-rdc-kabila-un-obstacle-a-la-democratie-en-rdc-accuse-l-opposition.html\"]}]},{\"@type\":\"BreadcrumbList\",\"@id\":\"https:\/\/www.justiceinfo.net\/fr\/32869-rdc-kabila-un-obstacle-a-la-democratie-en-rdc-accuse-l-opposition.html#breadcrumb\",\"itemListElement\":[{\"@type\":\"ListItem\",\"position\":1,\"name\":\"Home\",\"item\":\"https:\/\/www.justiceinfo.net\/fr\"},{\"@type\":\"ListItem\",\"position\":2,\"name\":\"RDC: Kabila, un \\\"obstacle\\\" \u00e0 la d\u00e9mocratie en RDC, accuse l'opposition\"}]},{\"@type\":\"WebSite\",\"@id\":\"https:\/\/www.justiceinfo.net\/fr#website\",\"url\":\"https:\/\/www.justiceinfo.net\/fr\",\"name\":\"JusticeInfo.net\",\"description\":\"La justice doit \u00eatre vue pour \u00eatre rendue\",\"publisher\":{\"@id\":\"https:\/\/www.justiceinfo.net\/fr#organization\"},\"potentialAction\":[{\"@type\":\"SearchAction\",\"target\":{\"@type\":\"EntryPoint\",\"urlTemplate\":\"https:\/\/www.justiceinfo.net\/fr?s={search_term_string}\"},\"query-input\":{\"@type\":\"PropertyValueSpecification\",\"valueRequired\":true,\"valueName\":\"search_term_string\"}}],\"inLanguage\":\"fr-FR\"},{\"@type\":\"Organization\",\"@id\":\"https:\/\/www.justiceinfo.net\/fr#organization\",\"name\":\"Justice Info\",\"url\":\"https:\/\/www.justiceinfo.net\/fr\",\"logo\":{\"@type\":\"ImageObject\",\"inLanguage\":\"fr-FR\",\"@id\":\"https:\/\/www.justiceinfo.net\/fr#\/schema\/logo\/image\/\",\"url\":\"https:\/\/www.justiceinfo.net\/wp-content\/uploads\/justiceinfo_logo-trans_1200x1200px.png\",\"contentUrl\":\"https:\/\/www.justiceinfo.net\/wp-content\/uploads\/justiceinfo_logo-trans_1200x1200px.png\",\"width\":1199,\"height\":1200,\"caption\":\"Justice Info\"},\"image\":{\"@id\":\"https:\/\/www.justiceinfo.net\/fr#\/schema\/logo\/image\/\"},\"sameAs\":[\"https:\/\/www.facebook.com\/JusticeInfo\/\",\"https:\/\/x.com\/justiceinfonet\",\"https:\/\/www.linkedin.com\/company\/justice-info\",\"https:\/\/www.youtube.com\/channel\/UCyCEsARodyuWtkWyhn-e7pA\"]},{\"@type\":\"Person\",\"name\":\"AFP\",\"url\":\"\/fr\/?s=AFP\"}]}<\/script>\n<!-- \/ Yoast SEO Premium plugin. -->","yoast_head_json":{"title":"RDC: Kabila, un \"obstacle\" \u00e0 la d\u00e9mocratie en RDC, accuse l'opposition - JusticeInfo.net","robots":{"index":"index","follow":"follow","max-snippet":"max-snippet:-1","max-image-preview":"max-image-preview:large","max-video-preview":"max-video-preview:-1"},"canonical":"https:\/\/www.justiceinfo.net\/fr\/32869-rdc-kabila-un-obstacle-a-la-democratie-en-rdc-accuse-l-opposition.html","og_locale":"fr_FR","og_type":"article","og_title":"RDC: Kabila, un \"obstacle\" \u00e0 la d\u00e9mocratie en RDC, accuse l'opposition","og_description":"L\u2019opposition congolaise a accus\u00e9 dimanche le pr\u00e9sident de la R\u00e9publique d\u00e9mocratique du Congo (RDC) d'\u00eatre le \"principal obstacle au processus d\u00e9mocratique\" dans ce pays qui traverse une grave crise politique. M. Kabila \"a d\u00e9lib\u00e9r\u00e9ment pris parti de multiplier en ce moment pourtant critique des manoeuvres politiciennes qui enfoncent davantage la RDC dans le chaos\", a [&hellip;]","og_url":"https:\/\/www.justiceinfo.net\/fr\/32869-rdc-kabila-un-obstacle-a-la-democratie-en-rdc-accuse-l-opposition.html","og_site_name":"JusticeInfo.net","article_publisher":"https:\/\/www.facebook.com\/JusticeInfo\/","article_published_time":"2017-04-09T14:54:31+00:00","og_image":[{"width":1200,"height":630,"url":"https:\/\/www.justiceinfo.net\/wp-content\/uploads\/JusticeInfoNet_logo_1200x630px.jpg","type":"image\/jpeg"}],"author":"AFP","twitter_card":"summary_large_image","twitter_creator":"@justiceinfonet","twitter_site":"@justiceinfonet","twitter_misc":{"\u00c9crit par":"AFP","Dur\u00e9e de lecture estim\u00e9e":"2 minutes"},"schema":{"@context":"https:\/\/schema.org","@graph":[{"@type":"NewsArticle","@id":"https:\/\/www.justiceinfo.net\/fr\/32869-rdc-kabila-un-obstacle-a-la-democratie-en-rdc-accuse-l-opposition.html#article","isPartOf":{"@id":"https:\/\/www.justiceinfo.net\/fr\/32869-rdc-kabila-un-obstacle-a-la-democratie-en-rdc-accuse-l-opposition.html"},"author":{"name":"afp","@id":"https:\/\/www.justiceinfo.net\/fr#\/schema\/person\/713d340ef5f218fc36ce9b4244364a7f"},"headline":"RDC: Kabila, un \"obstacle\" \u00e0 la d\u00e9mocratie en RDC, accuse l'opposition","datePublished":"2017-04-09T14:54:31+00:00","mainEntityOfPage":{"@id":"https:\/\/www.justiceinfo.net\/fr\/32869-rdc-kabila-un-obstacle-a-la-democratie-en-rdc-accuse-l-opposition.html"},"wordCount":490,"commentCount":0,"publisher":{"@id":"https:\/\/www.justiceinfo.net\/fr#organization"},"articleSection":["Fil d'info AFP"],"inLanguage":"fr-FR","potentialAction":[{"@type":"CommentAction","name":"Comment","target":["https:\/\/www.justiceinfo.net\/fr\/32869-rdc-kabila-un-obstacle-a-la-democratie-en-rdc-accuse-l-opposition.html#respond"]}]},{"@type":"WebPage","@id":"https:\/\/www.justiceinfo.net\/fr\/32869-rdc-kabila-un-obstacle-a-la-democratie-en-rdc-accuse-l-opposition.html","url":"https:\/\/www.justiceinfo.net\/fr\/32869-rdc-kabila-un-obstacle-a-la-democratie-en-rdc-accuse-l-opposition.html","name":"RDC: Kabila, un \"obstacle\" \u00e0 la d\u00e9mocratie en RDC, accuse l'opposition - JusticeInfo.net","isPartOf":{"@id":"https:\/\/www.justiceinfo.net\/fr#website"},"datePublished":"2017-04-09T14:54:31+00:00","breadcrumb":{"@id":"https:\/\/www.justiceinfo.net\/fr\/32869-rdc-kabila-un-obstacle-a-la-democratie-en-rdc-accuse-l-opposition.html#breadcrumb"},"inLanguage":"fr-FR","potentialAction":[{"@type":"ReadAction","target":["https:\/\/www.justiceinfo.net\/fr\/32869-rdc-kabila-un-obstacle-a-la-democratie-en-rdc-accuse-l-opposition.html"]}]},{"@type":"BreadcrumbList","@id":"https:\/\/www.justiceinfo.net\/fr\/32869-rdc-kabila-un-obstacle-a-la-democratie-en-rdc-accuse-l-opposition.html#breadcrumb","itemListElement":[{"@type":"ListItem","position":1,"name":"Home","item":"https:\/\/www.justiceinfo.net\/fr"},{"@type":"ListItem","position":2,"name":"RDC: Kabila, un \"obstacle\" \u00e0 la d\u00e9mocratie en RDC, accuse l'opposition"}]},{"@type":"WebSite","@id":"https:\/\/www.justiceinfo.net\/fr#website","url":"https:\/\/www.justiceinfo.net\/fr","name":"JusticeInfo.net","description":"La justice doit \u00eatre vue pour \u00eatre rendue","publisher":{"@id":"https:\/\/www.justiceinfo.net\/fr#organization"},"potentialAction":[{"@type":"SearchAction","target":{"@type":"EntryPoint","urlTemplate":"https:\/\/www.justiceinfo.net\/fr?s={search_term_string}"},"query-input":{"@type":"PropertyValueSpecification","valueRequired":true,"valueName":"search_term_string"}}],"inLanguage":"fr-FR"},{"@type":"Organization","@id":"https:\/\/www.justiceinfo.net\/fr#organization","name":"Justice Info","url":"https:\/\/www.justiceinfo.net\/fr","logo":{"@type":"ImageObject","inLanguage":"fr-FR","@id":"https:\/\/www.justiceinfo.net\/fr#\/schema\/logo\/image\/","url":"https:\/\/www.justiceinfo.net\/wp-content\/uploads\/justiceinfo_logo-trans_1200x1200px.png","contentUrl":"https:\/\/www.justiceinfo.net\/wp-content\/uploads\/justiceinfo_logo-trans_1200x1200px.png","width":1199,"height":1200,"caption":"Justice Info"},"image":{"@id":"https:\/\/www.justiceinfo.net\/fr#\/schema\/logo\/image\/"},"sameAs":["https:\/\/www.facebook.com\/JusticeInfo\/","https:\/\/x.com\/justiceinfonet","https:\/\/www.linkedin.com\/company\/justice-info","https:\/\/www.youtube.com\/channel\/UCyCEsARodyuWtkWyhn-e7pA"]},{"@type":"Person","name":"AFP","url":"\/fr\/?s=AFP"}]}},"_links":{"self":[{"href":"https:\/\/www.justiceinfo.net\/fr\/wp-json\/wp\/v2\/posts\/32869","targetHints":{"allow":["GET"]}}],"collection":[{"href":"https:\/\/www.justiceinfo.net\/fr\/wp-json\/wp\/v2\/posts"}],"about":[{"href":"https:\/\/www.justiceinfo.net\/fr\/wp-json\/wp\/v2\/types\/post"}],"author":[{"embeddable":true,"href":"https:\/\/www.justiceinfo.net\/fr\/wp-json\/wp\/v2\/users\/60"}],"replies":[{"embeddable":true,"href":"https:\/\/www.justiceinfo.net\/fr\/wp-json\/wp\/v2\/comments?post=32869"}],"version-history":[{"count":0,"href":"https:\/\/www.justiceinfo.net\/fr\/wp-json\/wp\/v2\/posts\/32869\/revisions"}],"wp:attachment":[{"href":"https:\/\/www.justiceinfo.net\/fr\/wp-json\/wp\/v2\/media?parent=32869"}],"wp:term":[{"taxonomy":"category","embeddable":true,"href":"https:\/\/www.justiceinfo.net\/fr\/wp-json\/wp\/v2\/categories?post=32869"},{"taxonomy":"post_tag","embeddable":true,"href":"https:\/\/www.justiceinfo.net\/fr\/wp-json\/wp\/v2\/tags?post=32869"},{"taxonomy":"ji_location","embeddable":true,"href":"https:\/\/www.justiceinfo.net\/fr\/wp-json\/wp\/v2\/ji_location?post=32869"}],"curies":[{"name":"wp","href":"https:\/\/api.w.org\/{rel}","templated":true}]}}