{"id":32905,"date":"2017-04-11T18:37:39","date_gmt":"2017-04-11T16:37:39","guid":{"rendered":"https:\/\/www.justiceinfo.net\/32905-pedophilie-dans-l-eglise-espagnole-le-principal-accuse-acquitte.html"},"modified":"2017-04-11T18:37:39","modified_gmt":"2017-04-11T16:37:39","slug":"pedophilie-dans-l-eglise-espagnole-le-principal-accuse-acquitte","status":"publish","type":"post","link":"https:\/\/www.justiceinfo.net\/fr\/32905-pedophilie-dans-l-eglise-espagnole-le-principal-accuse-acquitte.html","title":{"rendered":"P\u00e9dophilie dans l'Eglise espagnole : le principal accus\u00e9 acquitt\u00e9"},"content":{"rendered":"<div class=\"txt-textContent\">\n<div class=\"text fontsize_0 jq_Content jq_langdir\">\n<p>Le principal accus\u00e9 dans un scandale de p\u00e9dophilie touchant l'Eglise espagnole dans lequel le pape Fran\u00e7ois \u00e9tait intervenu a \u00e9t\u00e9 acquitt\u00e9 mardi, la justice ayant mis en exergue des \"incoh\u00e9rences\" dans les accusations du plaignant et l'absence de preuves concluantes.<\/p>\n<p>Dans un arr\u00eat consult\u00e9 par l'AFP, la Cour d'appel de Grenade (Andalousie, sud) acquitte le pr\u00eatre Rom\u00e1n Mart\u00ednez, \u00e2g\u00e9 de 63 ans, arguant du \"manque de consistance\" de l'accusation.<\/p>\n<p>Les \u00e9l\u00e9ments mat\u00e9riels ont, selon ce tribunal, montr\u00e9 que certaines all\u00e9gations du plaignant \u00e9taient infond\u00e9es et que son t\u00e9moignage \u00e9tait peu cr\u00e9dible, voire par moments \"absolument invraisemblable\", lit-on dans ce jugement qui peut encore faire l'objet d'un recours en cassation.<\/p>\n<p>Le plaignant, \u00e2g\u00e9 de 27 ans et qui fut enfant de coeur, avait rencontr\u00e9 le pr\u00eatre il y a une vingtaine d'ann\u00e9es et le consid\u00e9rait comme un \"r\u00e9f\u00e9rent\" spirituel, selon l'arr\u00eat.<\/p>\n<p>Ils \u00e9taient si proches que par la suite, en 2007-2008, il arrivait au plaignant alors adolescent de rester dormir chez lui, dans la r\u00e9sidence paroissiale.<\/p>\n<p>Plus tard, le jeune homme avait port\u00e9 plainte pour des s\u00e9vices sexuels et \u00e9crit au pape pour lui faire part de sa souffrance.\u00a0<\/p>\n<p>Dans cette lettre dat\u00e9e d'ao\u00fbt 2014, il \u00e9voquait des \"abus sexuels subis entre 2004 et 2007\" inflig\u00e9s par le pr\u00eatre et un groupe autour de lui compos\u00e9 d'autres religieux et de deux la\u00efcs : \"Embrassades constantes, massages, masturbations devant lui et entre membres du groupe\".\u00a0<\/p>\n<p>Le pape Fran\u00e7ois avait r\u00e9pondu \u00e0 son courrier en lui disant comprendre ses souffrances. L'affaire avait conduit \u00e0 la mise en examen d'une dizaine de pr\u00eatres et de deux la\u00efcs en tant qu'auteurs ou complices.<\/p>\n<p>Finalement, les mis en cause avaient b\u00e9n\u00e9fici\u00e9 d'un non lieu car les faits d\u00e9nonc\u00e9s - des agressions sexuelles sans p\u00e9n\u00e9tration - \u00e9taient couverts par la prescription.\u00a0<\/p>\n<p>Seul Rom\u00e1n Mart\u00ednez avait \u00e9t\u00e9 poursuivi.<\/p>\n<p>Pendant l'audience qui s'\u00e9tait d\u00e9roul\u00e9e en mars, les autres mis en cause avaient assur\u00e9 qu'il n'y avait eu aucun abus. Ils assuraient que le jeune homme s'\u00e9tait veng\u00e9 car leur amiti\u00e9 avait vol\u00e9 en \u00e9clats \u00e0 la suite d'une relation sentimentale.<\/p>\n<p>Juan Pedro Oliver, avocat de l'association partie civile dans l'affaire Prodeni, a de son c\u00f4t\u00e9 dit \u00e0 l'AFP qu'il n'avait pas encore d\u00e9cid\u00e9 s'il irait en cassation. Selon lui, une enqu\u00eate est par ailleurs encore en cours au Vatican sur l'ensemble du groupe.<\/p>\n<\/div>\n<\/div>\n","protected":false},"excerpt":{"rendered":"<p>Le principal accus\u00e9 dans un scandale de p\u00e9dophilie touchant l'Eglise espagnole dans lequel le pape Fran\u00e7ois \u00e9tait intervenu a \u00e9t\u00e9 acquitt\u00e9 mardi, la justice ayant mis en exergue des \"incoh\u00e9rences\" dans les accusations du plaignant et l'absence de preuves concluantes. Dans un arr\u00eat consult\u00e9 par l'AFP, la Cour d'appel de Grenade (Andalousie, sud) acquitte le [&hellip;]<\/p>\n","protected":false},"author":60,"featured_media":0,"comment_status":"open","ping_status":"closed","sticky":false,"template":"","format":"standard","meta":{"_acf_changed":false,"footnotes":""},"categories":[2576],"tags":[],"ji_location":[2482],"class_list":["post-32905","post","type-post","status-publish","format-standard","hentry","category-fil-d-actualite","ji_location-espagne"],"acf":[],"yoast_head":"<!-- This site is optimized with the Yoast SEO Premium plugin v25.3.1 (Yoast SEO v25.3.1) - https:\/\/yoast.com\/wordpress\/plugins\/seo\/ -->\n<title>P\u00e9dophilie dans l&#039;Eglise espagnole : le principal accus\u00e9 acquitt\u00e9 - JusticeInfo.net<\/title>\n<meta name=\"robots\" content=\"index, follow, max-snippet:-1, max-image-preview:large, max-video-preview:-1\" \/>\n<link rel=\"canonical\" href=\"https:\/\/www.justiceinfo.net\/fr\/32905-pedophilie-dans-l-eglise-espagnole-le-principal-accuse-acquitte.html\" \/>\n<meta property=\"og:locale\" content=\"fr_FR\" \/>\n<meta property=\"og:type\" content=\"article\" \/>\n<meta property=\"og:title\" content=\"P\u00e9dophilie dans l&#039;Eglise espagnole : le principal accus\u00e9 acquitt\u00e9\" \/>\n<meta property=\"og:description\" content=\"Le principal accus\u00e9 dans un scandale de p\u00e9dophilie touchant l&#039;Eglise espagnole dans lequel le pape Fran\u00e7ois \u00e9tait intervenu a \u00e9t\u00e9 acquitt\u00e9 mardi, la justice ayant mis en exergue des &quot;incoh\u00e9rences&quot; dans les accusations du plaignant et l&#039;absence de preuves concluantes. Dans un arr\u00eat consult\u00e9 par l&#039;AFP, la Cour d&#039;appel de Grenade (Andalousie, sud) acquitte le [&hellip;]\" \/>\n<meta property=\"og:url\" content=\"https:\/\/www.justiceinfo.net\/fr\/32905-pedophilie-dans-l-eglise-espagnole-le-principal-accuse-acquitte.html\" \/>\n<meta property=\"og:site_name\" content=\"JusticeInfo.net\" \/>\n<meta property=\"article:publisher\" content=\"https:\/\/www.facebook.com\/JusticeInfo\/\" \/>\n<meta property=\"article:published_time\" content=\"2017-04-11T16:37:39+00:00\" \/>\n<meta property=\"og:image\" content=\"https:\/\/www.justiceinfo.net\/wp-content\/uploads\/JusticeInfoNet_logo_1200x630px.jpg\" \/>\n\t<meta property=\"og:image:width\" content=\"1200\" \/>\n\t<meta property=\"og:image:height\" content=\"630\" \/>\n\t<meta property=\"og:image:type\" content=\"image\/jpeg\" \/>\n<meta name=\"author\" content=\"AFP\" \/>\n<meta name=\"twitter:card\" content=\"summary_large_image\" \/>\n<meta name=\"twitter:creator\" content=\"@justiceinfonet\" \/>\n<meta name=\"twitter:site\" content=\"@justiceinfonet\" \/>\n<meta name=\"twitter:label1\" content=\"\u00c9crit par\" \/>\n\t<meta name=\"twitter:data1\" content=\"AFP\" \/>\n\t<meta name=\"twitter:label2\" content=\"Dur\u00e9e de lecture estim\u00e9e\" \/>\n\t<meta name=\"twitter:data2\" content=\"2 minutes\" \/>\n<script type=\"application\/ld+json\" class=\"yoast-schema-graph\">{\"@context\":\"https:\/\/schema.org\",\"@graph\":[{\"@type\":\"NewsArticle\",\"@id\":\"https:\/\/www.justiceinfo.net\/fr\/32905-pedophilie-dans-l-eglise-espagnole-le-principal-accuse-acquitte.html#article\",\"isPartOf\":{\"@id\":\"https:\/\/www.justiceinfo.net\/fr\/32905-pedophilie-dans-l-eglise-espagnole-le-principal-accuse-acquitte.html\"},\"author\":{\"name\":\"afp\",\"@id\":\"https:\/\/www.justiceinfo.net\/fr#\/schema\/person\/713d340ef5f218fc36ce9b4244364a7f\"},\"headline\":\"P\u00e9dophilie dans l'Eglise espagnole : le principal accus\u00e9 acquitt\u00e9\",\"datePublished\":\"2017-04-11T16:37:39+00:00\",\"mainEntityOfPage\":{\"@id\":\"https:\/\/www.justiceinfo.net\/fr\/32905-pedophilie-dans-l-eglise-espagnole-le-principal-accuse-acquitte.html\"},\"wordCount\":455,\"commentCount\":0,\"publisher\":{\"@id\":\"https:\/\/www.justiceinfo.net\/fr#organization\"},\"articleSection\":[\"Fil d'info AFP\"],\"inLanguage\":\"fr-FR\",\"potentialAction\":[{\"@type\":\"CommentAction\",\"name\":\"Comment\",\"target\":[\"https:\/\/www.justiceinfo.net\/fr\/32905-pedophilie-dans-l-eglise-espagnole-le-principal-accuse-acquitte.html#respond\"]}]},{\"@type\":\"WebPage\",\"@id\":\"https:\/\/www.justiceinfo.net\/fr\/32905-pedophilie-dans-l-eglise-espagnole-le-principal-accuse-acquitte.html\",\"url\":\"https:\/\/www.justiceinfo.net\/fr\/32905-pedophilie-dans-l-eglise-espagnole-le-principal-accuse-acquitte.html\",\"name\":\"P\u00e9dophilie dans l'Eglise espagnole : le principal accus\u00e9 acquitt\u00e9 - JusticeInfo.net\",\"isPartOf\":{\"@id\":\"https:\/\/www.justiceinfo.net\/fr#website\"},\"datePublished\":\"2017-04-11T16:37:39+00:00\",\"breadcrumb\":{\"@id\":\"https:\/\/www.justiceinfo.net\/fr\/32905-pedophilie-dans-l-eglise-espagnole-le-principal-accuse-acquitte.html#breadcrumb\"},\"inLanguage\":\"fr-FR\",\"potentialAction\":[{\"@type\":\"ReadAction\",\"target\":[\"https:\/\/www.justiceinfo.net\/fr\/32905-pedophilie-dans-l-eglise-espagnole-le-principal-accuse-acquitte.html\"]}]},{\"@type\":\"BreadcrumbList\",\"@id\":\"https:\/\/www.justiceinfo.net\/fr\/32905-pedophilie-dans-l-eglise-espagnole-le-principal-accuse-acquitte.html#breadcrumb\",\"itemListElement\":[{\"@type\":\"ListItem\",\"position\":1,\"name\":\"Home\",\"item\":\"https:\/\/www.justiceinfo.net\/fr\"},{\"@type\":\"ListItem\",\"position\":2,\"name\":\"P\u00e9dophilie dans l'Eglise espagnole : le principal accus\u00e9 acquitt\u00e9\"}]},{\"@type\":\"WebSite\",\"@id\":\"https:\/\/www.justiceinfo.net\/fr#website\",\"url\":\"https:\/\/www.justiceinfo.net\/fr\",\"name\":\"JusticeInfo.net\",\"description\":\"La justice doit \u00eatre vue pour \u00eatre rendue\",\"publisher\":{\"@id\":\"https:\/\/www.justiceinfo.net\/fr#organization\"},\"potentialAction\":[{\"@type\":\"SearchAction\",\"target\":{\"@type\":\"EntryPoint\",\"urlTemplate\":\"https:\/\/www.justiceinfo.net\/fr?s={search_term_string}\"},\"query-input\":{\"@type\":\"PropertyValueSpecification\",\"valueRequired\":true,\"valueName\":\"search_term_string\"}}],\"inLanguage\":\"fr-FR\"},{\"@type\":\"Organization\",\"@id\":\"https:\/\/www.justiceinfo.net\/fr#organization\",\"name\":\"Justice Info\",\"url\":\"https:\/\/www.justiceinfo.net\/fr\",\"logo\":{\"@type\":\"ImageObject\",\"inLanguage\":\"fr-FR\",\"@id\":\"https:\/\/www.justiceinfo.net\/fr#\/schema\/logo\/image\/\",\"url\":\"https:\/\/www.justiceinfo.net\/wp-content\/uploads\/justiceinfo_logo-trans_1200x1200px.png\",\"contentUrl\":\"https:\/\/www.justiceinfo.net\/wp-content\/uploads\/justiceinfo_logo-trans_1200x1200px.png\",\"width\":1199,\"height\":1200,\"caption\":\"Justice Info\"},\"image\":{\"@id\":\"https:\/\/www.justiceinfo.net\/fr#\/schema\/logo\/image\/\"},\"sameAs\":[\"https:\/\/www.facebook.com\/JusticeInfo\/\",\"https:\/\/x.com\/justiceinfonet\",\"https:\/\/www.linkedin.com\/company\/justice-info\",\"https:\/\/www.youtube.com\/channel\/UCyCEsARodyuWtkWyhn-e7pA\"]},{\"@type\":\"Person\",\"name\":\"AFP\",\"url\":\"\/fr\/?s=AFP\"}]}<\/script>\n<!-- \/ Yoast SEO Premium plugin. -->","yoast_head_json":{"title":"P\u00e9dophilie dans l'Eglise espagnole : le principal accus\u00e9 acquitt\u00e9 - JusticeInfo.net","robots":{"index":"index","follow":"follow","max-snippet":"max-snippet:-1","max-image-preview":"max-image-preview:large","max-video-preview":"max-video-preview:-1"},"canonical":"https:\/\/www.justiceinfo.net\/fr\/32905-pedophilie-dans-l-eglise-espagnole-le-principal-accuse-acquitte.html","og_locale":"fr_FR","og_type":"article","og_title":"P\u00e9dophilie dans l'Eglise espagnole : le principal accus\u00e9 acquitt\u00e9","og_description":"Le principal accus\u00e9 dans un scandale de p\u00e9dophilie touchant l'Eglise espagnole dans lequel le pape Fran\u00e7ois \u00e9tait intervenu a \u00e9t\u00e9 acquitt\u00e9 mardi, la justice ayant mis en exergue des \"incoh\u00e9rences\" dans les accusations du plaignant et l'absence de preuves concluantes. Dans un arr\u00eat consult\u00e9 par l'AFP, la Cour d'appel de Grenade (Andalousie, sud) acquitte le [&hellip;]","og_url":"https:\/\/www.justiceinfo.net\/fr\/32905-pedophilie-dans-l-eglise-espagnole-le-principal-accuse-acquitte.html","og_site_name":"JusticeInfo.net","article_publisher":"https:\/\/www.facebook.com\/JusticeInfo\/","article_published_time":"2017-04-11T16:37:39+00:00","og_image":[{"width":1200,"height":630,"url":"https:\/\/www.justiceinfo.net\/wp-content\/uploads\/JusticeInfoNet_logo_1200x630px.jpg","type":"image\/jpeg"}],"author":"AFP","twitter_card":"summary_large_image","twitter_creator":"@justiceinfonet","twitter_site":"@justiceinfonet","twitter_misc":{"\u00c9crit par":"AFP","Dur\u00e9e de lecture estim\u00e9e":"2 minutes"},"schema":{"@context":"https:\/\/schema.org","@graph":[{"@type":"NewsArticle","@id":"https:\/\/www.justiceinfo.net\/fr\/32905-pedophilie-dans-l-eglise-espagnole-le-principal-accuse-acquitte.html#article","isPartOf":{"@id":"https:\/\/www.justiceinfo.net\/fr\/32905-pedophilie-dans-l-eglise-espagnole-le-principal-accuse-acquitte.html"},"author":{"name":"afp","@id":"https:\/\/www.justiceinfo.net\/fr#\/schema\/person\/713d340ef5f218fc36ce9b4244364a7f"},"headline":"P\u00e9dophilie dans l'Eglise espagnole : le principal accus\u00e9 acquitt\u00e9","datePublished":"2017-04-11T16:37:39+00:00","mainEntityOfPage":{"@id":"https:\/\/www.justiceinfo.net\/fr\/32905-pedophilie-dans-l-eglise-espagnole-le-principal-accuse-acquitte.html"},"wordCount":455,"commentCount":0,"publisher":{"@id":"https:\/\/www.justiceinfo.net\/fr#organization"},"articleSection":["Fil d'info AFP"],"inLanguage":"fr-FR","potentialAction":[{"@type":"CommentAction","name":"Comment","target":["https:\/\/www.justiceinfo.net\/fr\/32905-pedophilie-dans-l-eglise-espagnole-le-principal-accuse-acquitte.html#respond"]}]},{"@type":"WebPage","@id":"https:\/\/www.justiceinfo.net\/fr\/32905-pedophilie-dans-l-eglise-espagnole-le-principal-accuse-acquitte.html","url":"https:\/\/www.justiceinfo.net\/fr\/32905-pedophilie-dans-l-eglise-espagnole-le-principal-accuse-acquitte.html","name":"P\u00e9dophilie dans l'Eglise espagnole : le principal accus\u00e9 acquitt\u00e9 - JusticeInfo.net","isPartOf":{"@id":"https:\/\/www.justiceinfo.net\/fr#website"},"datePublished":"2017-04-11T16:37:39+00:00","breadcrumb":{"@id":"https:\/\/www.justiceinfo.net\/fr\/32905-pedophilie-dans-l-eglise-espagnole-le-principal-accuse-acquitte.html#breadcrumb"},"inLanguage":"fr-FR","potentialAction":[{"@type":"ReadAction","target":["https:\/\/www.justiceinfo.net\/fr\/32905-pedophilie-dans-l-eglise-espagnole-le-principal-accuse-acquitte.html"]}]},{"@type":"BreadcrumbList","@id":"https:\/\/www.justiceinfo.net\/fr\/32905-pedophilie-dans-l-eglise-espagnole-le-principal-accuse-acquitte.html#breadcrumb","itemListElement":[{"@type":"ListItem","position":1,"name":"Home","item":"https:\/\/www.justiceinfo.net\/fr"},{"@type":"ListItem","position":2,"name":"P\u00e9dophilie dans l'Eglise espagnole : le principal accus\u00e9 acquitt\u00e9"}]},{"@type":"WebSite","@id":"https:\/\/www.justiceinfo.net\/fr#website","url":"https:\/\/www.justiceinfo.net\/fr","name":"JusticeInfo.net","description":"La justice doit \u00eatre vue pour \u00eatre rendue","publisher":{"@id":"https:\/\/www.justiceinfo.net\/fr#organization"},"potentialAction":[{"@type":"SearchAction","target":{"@type":"EntryPoint","urlTemplate":"https:\/\/www.justiceinfo.net\/fr?s={search_term_string}"},"query-input":{"@type":"PropertyValueSpecification","valueRequired":true,"valueName":"search_term_string"}}],"inLanguage":"fr-FR"},{"@type":"Organization","@id":"https:\/\/www.justiceinfo.net\/fr#organization","name":"Justice Info","url":"https:\/\/www.justiceinfo.net\/fr","logo":{"@type":"ImageObject","inLanguage":"fr-FR","@id":"https:\/\/www.justiceinfo.net\/fr#\/schema\/logo\/image\/","url":"https:\/\/www.justiceinfo.net\/wp-content\/uploads\/justiceinfo_logo-trans_1200x1200px.png","contentUrl":"https:\/\/www.justiceinfo.net\/wp-content\/uploads\/justiceinfo_logo-trans_1200x1200px.png","width":1199,"height":1200,"caption":"Justice Info"},"image":{"@id":"https:\/\/www.justiceinfo.net\/fr#\/schema\/logo\/image\/"},"sameAs":["https:\/\/www.facebook.com\/JusticeInfo\/","https:\/\/x.com\/justiceinfonet","https:\/\/www.linkedin.com\/company\/justice-info","https:\/\/www.youtube.com\/channel\/UCyCEsARodyuWtkWyhn-e7pA"]},{"@type":"Person","name":"AFP","url":"\/fr\/?s=AFP"}]}},"_links":{"self":[{"href":"https:\/\/www.justiceinfo.net\/fr\/wp-json\/wp\/v2\/posts\/32905","targetHints":{"allow":["GET"]}}],"collection":[{"href":"https:\/\/www.justiceinfo.net\/fr\/wp-json\/wp\/v2\/posts"}],"about":[{"href":"https:\/\/www.justiceinfo.net\/fr\/wp-json\/wp\/v2\/types\/post"}],"author":[{"embeddable":true,"href":"https:\/\/www.justiceinfo.net\/fr\/wp-json\/wp\/v2\/users\/60"}],"replies":[{"embeddable":true,"href":"https:\/\/www.justiceinfo.net\/fr\/wp-json\/wp\/v2\/comments?post=32905"}],"version-history":[{"count":0,"href":"https:\/\/www.justiceinfo.net\/fr\/wp-json\/wp\/v2\/posts\/32905\/revisions"}],"wp:attachment":[{"href":"https:\/\/www.justiceinfo.net\/fr\/wp-json\/wp\/v2\/media?parent=32905"}],"wp:term":[{"taxonomy":"category","embeddable":true,"href":"https:\/\/www.justiceinfo.net\/fr\/wp-json\/wp\/v2\/categories?post=32905"},{"taxonomy":"post_tag","embeddable":true,"href":"https:\/\/www.justiceinfo.net\/fr\/wp-json\/wp\/v2\/tags?post=32905"},{"taxonomy":"ji_location","embeddable":true,"href":"https:\/\/www.justiceinfo.net\/fr\/wp-json\/wp\/v2\/ji_location?post=32905"}],"curies":[{"name":"wp","href":"https:\/\/api.w.org\/{rel}","templated":true}]}}