{"id":3294,"date":"2008-01-18T06:00:17","date_gmt":"2008-01-18T05:00:17","guid":{"rendered":"https:\/\/www.justiceinfo.net\/3294-170108-tpirfrance-le-tpir-l-prend-acte-r-de-l-annulation-de-la-remise-de-ntawukuriryayo84.html"},"modified":"2008-01-18T06:00:17","modified_gmt":"2008-01-18T05:00:17","slug":"170108-tpirfrance-le-tpir-l-prend-acte-r-de-l-annulation-de-la-remise-de-ntawukuriryayo84","status":"publish","type":"post","link":"https:\/\/www.justiceinfo.net\/fr\/3294-170108-tpirfrance-le-tpir-l-prend-acte-r-de-l-annulation-de-la-remise-de-ntawukuriryayo84.html","title":{"rendered":"17.01.08 - TPIR\/FRANCE  - LE TPIR \u00ab PREND ACTE \u00bb DE L\u2019 ANNULATION DE LA REMISE DE NTAWUKURIRYAYO"},"content":{"rendered":"<p  >\nArusha, 17 janvier 2008 (FH) -  Le Tribunal p\u00e9nal international pour le Rwanda (TPIR) a d\u00e9clar\u00e9 jeudi prendre acte de l\u2019annulation, par la Cour de cassation \u00e0 Paris, de la d\u00e9cision de remise au TPIR de l'ancien sous- pr\u00e9fet de Gisagara (sud du Rwanda), Dominique Ntawukuriryayo, accus\u00e9 d'avoir particip\u00e9 au g\u00e9nocide de 1994.  <\/p>\n<p>La chambre de l'instruction de la cour d'appel de Paris avait autoris\u00e9 le 14 novembre dernier la remise de Ntawukuriryayo au TPIR qui le r\u00e9clamait.\n<\/p>\n<p><!--more--><\/p>\n<p  >\nLa Cour de cassation a annul\u00e9 mercredi cette remise pour des raisons de proc\u00e9dure et ordonn\u00e9 le renvoi de l'affaire devant une autre formation de la chambre de l'instruction. Cette proc\u00e9dure pourrait prendre plusieurs mois <\/p>\n<p>\u00ab\u00ab Nous n\u2019avons pas encore re\u00e7u notification formelle de la d\u00e9cision. Nous en prenons  cependant acte. Nous comprenons qu\u2019il s\u2019agit d\u2019une proc\u00e9dure interne de la justice fran\u00e7aise \u00bb, a dit le porte-parole du TPIR, Roland Amoussouga interrog\u00e9 par l'agence Hirondelle . <\/p>\n<p>\u00ab Nous sommes \u00e9galement soucieux de rester dans les d\u00e9lais impartis par le Conseil de s\u00e9curit\u00e9 pour la fin du mandat du TPIR \u00bb, a-t-il poursuivi. \u00ab Tout retard dans le transfert au TPIR de personnes arr\u00eat\u00e9es \u00e0 la demande de ce tribunal peut avoir un impact sur notre aptitude \u00e0 mener \u00e0 bien les proc\u00e8s les proc\u00e8s les concernant dans les d\u00e9lais impartis dans le cadre de la mise en application de la strat\u00e9gie d\u2019ach\u00e8vement \u00bb, a ajout\u00e9 Amoussouga. <\/p>\n<p>Le Conseil de s\u00e9curit\u00e9 a demand\u00e9 au TPIR de terminer \u00e0 la fin de cette ann\u00e9e les proc\u00e8s en premi\u00e8re instance. <\/p>\n<p>Ntawukuriryayo, un Rwandais r\u00e9fugi\u00e9 en France depuis 1999, a \u00e9t\u00e9 interpell\u00e9 le 16 octobre dernier \u00e0 Carcassonne (Aude), o\u00f9 il vivait depuis 2000. Le TPIR, qui l'accuse de g\u00e9nocide et de complicit\u00e9 de g\u00e9nocide, avait lanc\u00e9 en septembre 2007 un mandat d'arr\u00eat et de remise contre lui.  Selon l'acte d'accusation du TPIR en \"raison des actes de Dominique Ntawukuriryayo et de ceux de ses subordonn\u00e9s, pas moins de 25.000 r\u00e9fugi\u00e9s tutsis ont \u00e9t\u00e9 tu\u00e9s sur la colline de Kabuye du 21 au 25 avril 1994\". <\/p>\n<p>N\u00e9 en 1942, Ntawukuriryayo est arriv\u00e9 en France en 1999 o\u00f9 il b\u00e9n\u00e9ficiait d'un titre de s\u00e9jour r\u00e9gulier. D\u00e9j\u00e0 en avril 2006, 32 ressortissants rwandais avaient tent\u00e9 de d\u00e9poser plainte \u00e0 Carcassonne contre M. Ntawukuriryayo pour g\u00e9nocide et complicit\u00e9 de g\u00e9nocide. Mais une ordonnance d'incomp\u00e9tence avait \u00e9t\u00e9 rendue le 21 ao\u00fbt au motif que les services de police ne l'avaient pas trouv\u00e9 \u00e0 l'adresse indiqu\u00e9e par les plaignants. Une nouvelle plainte a, depuis, \u00e9t\u00e9 d\u00e9pos\u00e9e. <\/p>\n<p>ER\/PB\/GF<\/p>\n","protected":false},"excerpt":{"rendered":"<p>Arusha, 17 janvier 2008 (FH) - Le Tribunal p\u00e9nal international pour le Rwanda (TPIR) a d\u00e9clar\u00e9 jeudi prendre acte de l\u2019annulation, par la Cour de cassation \u00e0 Paris, de la d\u00e9cision de remise au TPIR de l'ancien sous- pr\u00e9fet de Gisagara (sud du Rwanda), Dominique Ntawukuriryayo, accus\u00e9 d'avoir particip\u00e9 au g\u00e9nocide de 1994. La chambre [&hellip;]<\/p>\n","protected":false},"author":64,"featured_media":0,"comment_status":"open","ping_status":"closed","sticky":false,"template":"","format":"standard","meta":{"_acf_changed":false,"footnotes":""},"categories":[554],"tags":[],"ji_location":[],"class_list":["post-3294","post","type-post","status-publish","format-standard","hentry","category-hirondellenews"],"acf":[],"yoast_head":"<!-- This site is optimized with the Yoast SEO Premium plugin v25.3.1 (Yoast SEO v25.3.1) - https:\/\/yoast.com\/wordpress\/plugins\/seo\/ -->\n<title>17.01.08 - TPIR\/FRANCE - LE TPIR \u00ab PREND ACTE \u00bb DE L\u2019 ANNULATION DE LA REMISE DE NTAWUKURIRYAYO - JusticeInfo.net<\/title>\n<meta name=\"robots\" content=\"index, follow, max-snippet:-1, max-image-preview:large, max-video-preview:-1\" \/>\n<link rel=\"canonical\" href=\"https:\/\/www.justiceinfo.net\/fr\/3294-170108-tpirfrance-le-tpir-l-prend-acte-r-de-l-annulation-de-la-remise-de-ntawukuriryayo84.html\" \/>\n<meta property=\"og:locale\" content=\"fr_FR\" \/>\n<meta property=\"og:type\" content=\"article\" \/>\n<meta property=\"og:title\" content=\"17.01.08 - TPIR\/FRANCE - LE TPIR \u00ab PREND ACTE \u00bb DE L\u2019 ANNULATION DE LA REMISE DE NTAWUKURIRYAYO\" \/>\n<meta property=\"og:description\" content=\"Arusha, 17 janvier 2008 (FH) - Le Tribunal p\u00e9nal international pour le Rwanda (TPIR) a d\u00e9clar\u00e9 jeudi prendre acte de l\u2019annulation, par la Cour de cassation \u00e0 Paris, de la d\u00e9cision de remise au TPIR de l&#039;ancien sous- pr\u00e9fet de Gisagara (sud du Rwanda), Dominique Ntawukuriryayo, accus\u00e9 d&#039;avoir particip\u00e9 au g\u00e9nocide de 1994. La chambre [&hellip;]\" \/>\n<meta property=\"og:url\" content=\"https:\/\/www.justiceinfo.net\/fr\/3294-170108-tpirfrance-le-tpir-l-prend-acte-r-de-l-annulation-de-la-remise-de-ntawukuriryayo84.html\" \/>\n<meta property=\"og:site_name\" content=\"JusticeInfo.net\" \/>\n<meta property=\"article:publisher\" content=\"https:\/\/www.facebook.com\/JusticeInfo\/\" \/>\n<meta property=\"article:published_time\" content=\"2008-01-18T05:00:17+00:00\" \/>\n<meta property=\"og:image\" content=\"https:\/\/www.justiceinfo.net\/wp-content\/uploads\/JusticeInfoNet_logo_1200x630px.jpg\" \/>\n\t<meta property=\"og:image:width\" content=\"1200\" \/>\n\t<meta property=\"og:image:height\" content=\"630\" \/>\n\t<meta property=\"og:image:type\" content=\"image\/jpeg\" \/>\n<meta name=\"author\" content=\"solivri\" \/>\n<meta name=\"twitter:card\" content=\"summary_large_image\" \/>\n<meta name=\"twitter:creator\" content=\"@justiceinfonet\" \/>\n<meta name=\"twitter:site\" content=\"@justiceinfonet\" \/>\n<meta name=\"twitter:label1\" content=\"\u00c9crit par\" \/>\n\t<meta name=\"twitter:data1\" content=\"solivri\" \/>\n\t<meta name=\"twitter:label2\" content=\"Dur\u00e9e de lecture estim\u00e9e\" \/>\n\t<meta name=\"twitter:data2\" content=\"2 minutes\" \/>\n<script type=\"application\/ld+json\" class=\"yoast-schema-graph\">{\"@context\":\"https:\/\/schema.org\",\"@graph\":[{\"@type\":\"NewsArticle\",\"@id\":\"https:\/\/www.justiceinfo.net\/fr\/3294-170108-tpirfrance-le-tpir-l-prend-acte-r-de-l-annulation-de-la-remise-de-ntawukuriryayo84.html#article\",\"isPartOf\":{\"@id\":\"https:\/\/www.justiceinfo.net\/fr\/3294-170108-tpirfrance-le-tpir-l-prend-acte-r-de-l-annulation-de-la-remise-de-ntawukuriryayo84.html\"},\"author\":{\"name\":\"solivri\",\"@id\":\"https:\/\/www.justiceinfo.net\/fr#\/schema\/person\/6e53cba1629e2e66f3fc1821d3091865\"},\"headline\":\"17.01.08 - TPIR\/FRANCE - LE TPIR \u00ab PREND ACTE \u00bb DE L\u2019 ANNULATION DE LA REMISE DE NTAWUKURIRYAYO\",\"datePublished\":\"2008-01-18T05:00:17+00:00\",\"mainEntityOfPage\":{\"@id\":\"https:\/\/www.justiceinfo.net\/fr\/3294-170108-tpirfrance-le-tpir-l-prend-acte-r-de-l-annulation-de-la-remise-de-ntawukuriryayo84.html\"},\"wordCount\":469,\"commentCount\":0,\"publisher\":{\"@id\":\"https:\/\/www.justiceinfo.net\/fr#organization\"},\"articleSection\":[\"Hirondelle News\"],\"inLanguage\":\"fr-FR\",\"potentialAction\":[{\"@type\":\"CommentAction\",\"name\":\"Comment\",\"target\":[\"https:\/\/www.justiceinfo.net\/fr\/3294-170108-tpirfrance-le-tpir-l-prend-acte-r-de-l-annulation-de-la-remise-de-ntawukuriryayo84.html#respond\"]}]},{\"@type\":\"WebPage\",\"@id\":\"https:\/\/www.justiceinfo.net\/fr\/3294-170108-tpirfrance-le-tpir-l-prend-acte-r-de-l-annulation-de-la-remise-de-ntawukuriryayo84.html\",\"url\":\"https:\/\/www.justiceinfo.net\/fr\/3294-170108-tpirfrance-le-tpir-l-prend-acte-r-de-l-annulation-de-la-remise-de-ntawukuriryayo84.html\",\"name\":\"17.01.08 - TPIR\/FRANCE - LE TPIR \u00ab PREND ACTE \u00bb DE L\u2019 ANNULATION DE LA REMISE DE NTAWUKURIRYAYO - JusticeInfo.net\",\"isPartOf\":{\"@id\":\"https:\/\/www.justiceinfo.net\/fr#website\"},\"datePublished\":\"2008-01-18T05:00:17+00:00\",\"breadcrumb\":{\"@id\":\"https:\/\/www.justiceinfo.net\/fr\/3294-170108-tpirfrance-le-tpir-l-prend-acte-r-de-l-annulation-de-la-remise-de-ntawukuriryayo84.html#breadcrumb\"},\"inLanguage\":\"fr-FR\",\"potentialAction\":[{\"@type\":\"ReadAction\",\"target\":[\"https:\/\/www.justiceinfo.net\/fr\/3294-170108-tpirfrance-le-tpir-l-prend-acte-r-de-l-annulation-de-la-remise-de-ntawukuriryayo84.html\"]}]},{\"@type\":\"BreadcrumbList\",\"@id\":\"https:\/\/www.justiceinfo.net\/fr\/3294-170108-tpirfrance-le-tpir-l-prend-acte-r-de-l-annulation-de-la-remise-de-ntawukuriryayo84.html#breadcrumb\",\"itemListElement\":[{\"@type\":\"ListItem\",\"position\":1,\"name\":\"Home\",\"item\":\"https:\/\/www.justiceinfo.net\/fr\"},{\"@type\":\"ListItem\",\"position\":2,\"name\":\"17.01.08 - TPIR\/FRANCE - LE TPIR \u00ab PREND ACTE \u00bb DE L\u2019 ANNULATION DE LA REMISE DE NTAWUKURIRYAYO\"}]},{\"@type\":\"WebSite\",\"@id\":\"https:\/\/www.justiceinfo.net\/fr#website\",\"url\":\"https:\/\/www.justiceinfo.net\/fr\",\"name\":\"JusticeInfo.net\",\"description\":\"La justice doit \u00eatre vue pour \u00eatre rendue\",\"publisher\":{\"@id\":\"https:\/\/www.justiceinfo.net\/fr#organization\"},\"potentialAction\":[{\"@type\":\"SearchAction\",\"target\":{\"@type\":\"EntryPoint\",\"urlTemplate\":\"https:\/\/www.justiceinfo.net\/fr?s={search_term_string}\"},\"query-input\":{\"@type\":\"PropertyValueSpecification\",\"valueRequired\":true,\"valueName\":\"search_term_string\"}}],\"inLanguage\":\"fr-FR\"},{\"@type\":\"Organization\",\"@id\":\"https:\/\/www.justiceinfo.net\/fr#organization\",\"name\":\"Justice Info\",\"url\":\"https:\/\/www.justiceinfo.net\/fr\",\"logo\":{\"@type\":\"ImageObject\",\"inLanguage\":\"fr-FR\",\"@id\":\"https:\/\/www.justiceinfo.net\/fr#\/schema\/logo\/image\/\",\"url\":\"https:\/\/www.justiceinfo.net\/wp-content\/uploads\/justiceinfo_logo-trans_1200x1200px.png\",\"contentUrl\":\"https:\/\/www.justiceinfo.net\/wp-content\/uploads\/justiceinfo_logo-trans_1200x1200px.png\",\"width\":1199,\"height\":1200,\"caption\":\"Justice Info\"},\"image\":{\"@id\":\"https:\/\/www.justiceinfo.net\/fr#\/schema\/logo\/image\/\"},\"sameAs\":[\"https:\/\/www.facebook.com\/JusticeInfo\/\",\"https:\/\/x.com\/justiceinfonet\",\"https:\/\/www.linkedin.com\/company\/justice-info\",\"https:\/\/www.youtube.com\/channel\/UCyCEsARodyuWtkWyhn-e7pA\"]},{\"@type\":\"Person\",\"name\":\"solivri\",\"url\":\"\/fr\/?s=solivri\"}]}<\/script>\n<!-- \/ Yoast SEO Premium plugin. -->","yoast_head_json":{"title":"17.01.08 - TPIR\/FRANCE - LE TPIR \u00ab PREND ACTE \u00bb DE L\u2019 ANNULATION DE LA REMISE DE NTAWUKURIRYAYO - JusticeInfo.net","robots":{"index":"index","follow":"follow","max-snippet":"max-snippet:-1","max-image-preview":"max-image-preview:large","max-video-preview":"max-video-preview:-1"},"canonical":"https:\/\/www.justiceinfo.net\/fr\/3294-170108-tpirfrance-le-tpir-l-prend-acte-r-de-l-annulation-de-la-remise-de-ntawukuriryayo84.html","og_locale":"fr_FR","og_type":"article","og_title":"17.01.08 - TPIR\/FRANCE - LE TPIR \u00ab PREND ACTE \u00bb DE L\u2019 ANNULATION DE LA REMISE DE NTAWUKURIRYAYO","og_description":"Arusha, 17 janvier 2008 (FH) - Le Tribunal p\u00e9nal international pour le Rwanda (TPIR) a d\u00e9clar\u00e9 jeudi prendre acte de l\u2019annulation, par la Cour de cassation \u00e0 Paris, de la d\u00e9cision de remise au TPIR de l'ancien sous- pr\u00e9fet de Gisagara (sud du Rwanda), Dominique Ntawukuriryayo, accus\u00e9 d'avoir particip\u00e9 au g\u00e9nocide de 1994. La chambre [&hellip;]","og_url":"https:\/\/www.justiceinfo.net\/fr\/3294-170108-tpirfrance-le-tpir-l-prend-acte-r-de-l-annulation-de-la-remise-de-ntawukuriryayo84.html","og_site_name":"JusticeInfo.net","article_publisher":"https:\/\/www.facebook.com\/JusticeInfo\/","article_published_time":"2008-01-18T05:00:17+00:00","og_image":[{"width":1200,"height":630,"url":"https:\/\/www.justiceinfo.net\/wp-content\/uploads\/JusticeInfoNet_logo_1200x630px.jpg","type":"image\/jpeg"}],"author":"solivri","twitter_card":"summary_large_image","twitter_creator":"@justiceinfonet","twitter_site":"@justiceinfonet","twitter_misc":{"\u00c9crit par":"solivri","Dur\u00e9e de lecture estim\u00e9e":"2 minutes"},"schema":{"@context":"https:\/\/schema.org","@graph":[{"@type":"NewsArticle","@id":"https:\/\/www.justiceinfo.net\/fr\/3294-170108-tpirfrance-le-tpir-l-prend-acte-r-de-l-annulation-de-la-remise-de-ntawukuriryayo84.html#article","isPartOf":{"@id":"https:\/\/www.justiceinfo.net\/fr\/3294-170108-tpirfrance-le-tpir-l-prend-acte-r-de-l-annulation-de-la-remise-de-ntawukuriryayo84.html"},"author":{"name":"solivri","@id":"https:\/\/www.justiceinfo.net\/fr#\/schema\/person\/6e53cba1629e2e66f3fc1821d3091865"},"headline":"17.01.08 - TPIR\/FRANCE - LE TPIR \u00ab PREND ACTE \u00bb DE L\u2019 ANNULATION DE LA REMISE DE NTAWUKURIRYAYO","datePublished":"2008-01-18T05:00:17+00:00","mainEntityOfPage":{"@id":"https:\/\/www.justiceinfo.net\/fr\/3294-170108-tpirfrance-le-tpir-l-prend-acte-r-de-l-annulation-de-la-remise-de-ntawukuriryayo84.html"},"wordCount":469,"commentCount":0,"publisher":{"@id":"https:\/\/www.justiceinfo.net\/fr#organization"},"articleSection":["Hirondelle News"],"inLanguage":"fr-FR","potentialAction":[{"@type":"CommentAction","name":"Comment","target":["https:\/\/www.justiceinfo.net\/fr\/3294-170108-tpirfrance-le-tpir-l-prend-acte-r-de-l-annulation-de-la-remise-de-ntawukuriryayo84.html#respond"]}]},{"@type":"WebPage","@id":"https:\/\/www.justiceinfo.net\/fr\/3294-170108-tpirfrance-le-tpir-l-prend-acte-r-de-l-annulation-de-la-remise-de-ntawukuriryayo84.html","url":"https:\/\/www.justiceinfo.net\/fr\/3294-170108-tpirfrance-le-tpir-l-prend-acte-r-de-l-annulation-de-la-remise-de-ntawukuriryayo84.html","name":"17.01.08 - TPIR\/FRANCE - LE TPIR \u00ab PREND ACTE \u00bb DE L\u2019 ANNULATION DE LA REMISE DE NTAWUKURIRYAYO - JusticeInfo.net","isPartOf":{"@id":"https:\/\/www.justiceinfo.net\/fr#website"},"datePublished":"2008-01-18T05:00:17+00:00","breadcrumb":{"@id":"https:\/\/www.justiceinfo.net\/fr\/3294-170108-tpirfrance-le-tpir-l-prend-acte-r-de-l-annulation-de-la-remise-de-ntawukuriryayo84.html#breadcrumb"},"inLanguage":"fr-FR","potentialAction":[{"@type":"ReadAction","target":["https:\/\/www.justiceinfo.net\/fr\/3294-170108-tpirfrance-le-tpir-l-prend-acte-r-de-l-annulation-de-la-remise-de-ntawukuriryayo84.html"]}]},{"@type":"BreadcrumbList","@id":"https:\/\/www.justiceinfo.net\/fr\/3294-170108-tpirfrance-le-tpir-l-prend-acte-r-de-l-annulation-de-la-remise-de-ntawukuriryayo84.html#breadcrumb","itemListElement":[{"@type":"ListItem","position":1,"name":"Home","item":"https:\/\/www.justiceinfo.net\/fr"},{"@type":"ListItem","position":2,"name":"17.01.08 - TPIR\/FRANCE - LE TPIR \u00ab PREND ACTE \u00bb DE L\u2019 ANNULATION DE LA REMISE DE NTAWUKURIRYAYO"}]},{"@type":"WebSite","@id":"https:\/\/www.justiceinfo.net\/fr#website","url":"https:\/\/www.justiceinfo.net\/fr","name":"JusticeInfo.net","description":"La justice doit \u00eatre vue pour \u00eatre rendue","publisher":{"@id":"https:\/\/www.justiceinfo.net\/fr#organization"},"potentialAction":[{"@type":"SearchAction","target":{"@type":"EntryPoint","urlTemplate":"https:\/\/www.justiceinfo.net\/fr?s={search_term_string}"},"query-input":{"@type":"PropertyValueSpecification","valueRequired":true,"valueName":"search_term_string"}}],"inLanguage":"fr-FR"},{"@type":"Organization","@id":"https:\/\/www.justiceinfo.net\/fr#organization","name":"Justice Info","url":"https:\/\/www.justiceinfo.net\/fr","logo":{"@type":"ImageObject","inLanguage":"fr-FR","@id":"https:\/\/www.justiceinfo.net\/fr#\/schema\/logo\/image\/","url":"https:\/\/www.justiceinfo.net\/wp-content\/uploads\/justiceinfo_logo-trans_1200x1200px.png","contentUrl":"https:\/\/www.justiceinfo.net\/wp-content\/uploads\/justiceinfo_logo-trans_1200x1200px.png","width":1199,"height":1200,"caption":"Justice Info"},"image":{"@id":"https:\/\/www.justiceinfo.net\/fr#\/schema\/logo\/image\/"},"sameAs":["https:\/\/www.facebook.com\/JusticeInfo\/","https:\/\/x.com\/justiceinfonet","https:\/\/www.linkedin.com\/company\/justice-info","https:\/\/www.youtube.com\/channel\/UCyCEsARodyuWtkWyhn-e7pA"]},{"@type":"Person","name":"solivri","url":"\/fr\/?s=solivri"}]}},"_links":{"self":[{"href":"https:\/\/www.justiceinfo.net\/fr\/wp-json\/wp\/v2\/posts\/3294","targetHints":{"allow":["GET"]}}],"collection":[{"href":"https:\/\/www.justiceinfo.net\/fr\/wp-json\/wp\/v2\/posts"}],"about":[{"href":"https:\/\/www.justiceinfo.net\/fr\/wp-json\/wp\/v2\/types\/post"}],"author":[{"embeddable":true,"href":"https:\/\/www.justiceinfo.net\/fr\/wp-json\/wp\/v2\/users\/64"}],"replies":[{"embeddable":true,"href":"https:\/\/www.justiceinfo.net\/fr\/wp-json\/wp\/v2\/comments?post=3294"}],"version-history":[{"count":0,"href":"https:\/\/www.justiceinfo.net\/fr\/wp-json\/wp\/v2\/posts\/3294\/revisions"}],"wp:attachment":[{"href":"https:\/\/www.justiceinfo.net\/fr\/wp-json\/wp\/v2\/media?parent=3294"}],"wp:term":[{"taxonomy":"category","embeddable":true,"href":"https:\/\/www.justiceinfo.net\/fr\/wp-json\/wp\/v2\/categories?post=3294"},{"taxonomy":"post_tag","embeddable":true,"href":"https:\/\/www.justiceinfo.net\/fr\/wp-json\/wp\/v2\/tags?post=3294"},{"taxonomy":"ji_location","embeddable":true,"href":"https:\/\/www.justiceinfo.net\/fr\/wp-json\/wp\/v2\/ji_location?post=3294"}],"curies":[{"name":"wp","href":"https:\/\/api.w.org\/{rel}","templated":true}]}}