{"id":33007,"date":"2017-04-17T07:46:09","date_gmt":"2017-04-17T05:46:09","guid":{"rendered":"https:\/\/www.justiceinfo.net\/33007-plus-de-1-000-palestiniens-detenus-par-israel-en-greve-de-la-faim.html"},"modified":"2017-04-17T07:46:09","modified_gmt":"2017-04-17T05:46:09","slug":"plus-de-1-000-palestiniens-detenus-par-israel-en-greve-de-la-faim","status":"publish","type":"post","link":"https:\/\/www.justiceinfo.net\/fr\/33007-plus-de-1-000-palestiniens-detenus-par-israel-en-greve-de-la-faim.html","title":{"rendered":"Plus de 1.000 Palestiniens d\u00e9tenus par Isra\u00ebl en gr\u00e8ve de la faim"},"content":{"rendered":"<div class=\"txt-textContent\">\n<div class=\"text fontsize_0 jq_Content jq_langdir\">\n<p>Plus d'un millier de Palestiniens d\u00e9tenus dans les prisons isra\u00e9liennes ont entam\u00e9 lundi une gr\u00e8ve de la faim collective, in\u00e9dite depuis des ann\u00e9es, \u00e0 l'appel de Marwan Barghouthi, leader de la deuxi\u00e8me intifada condamn\u00e9 \u00e0 la perp\u00e9tuit\u00e9, a indiqu\u00e9 un responsable palestinien.<\/p>\n<p>\"Environ 1.300 prisonniers palestiniens ont entam\u00e9 une gr\u00e8ve de la faim et ce chiffre pourrait augmenter dans les heures \u00e0 venir\", a d\u00e9clar\u00e9 \u00e0 l'AFP Issa Qaraqee, charg\u00e9 de la question des prisonniers au sein de l'Autorit\u00e9 palestinienne.\u00a0<\/p>\n<p>\"Selon les informations dont nous disposons pour le moment, 1.500 prisonniers refusent de se nourrir\" pour d\u00e9noncer leurs conditions de d\u00e9tention, a de son c\u00f4t\u00e9 d\u00e9clar\u00e9 \u00e0 l'AFP Amani Sarahneh, porte-parole du Club des prisonniers palestiniens, l'ONG qui fait autorit\u00e9 dans les Territoires occup\u00e9s sur la question des d\u00e9tenus.<\/p>\n<p>Le porte-parole de l'administration p\u00e9nitentiaire isra\u00e9lienne Assaf Librati a affirm\u00e9 \u00e0 l'AFP que \"700 prisonniers ont annonc\u00e9 hier (dimanche) leur intention d'entamer une gr\u00e8ve de la faim\".<\/p>\n<p>Lundi matin, a-t-il ajout\u00e9, l'administration menait des \"v\u00e9rifications pour voir combien de prisonniers refusaient effectivement de se nourrir car certains pourraient se borner \u00e0 une gr\u00e8ve symbolique et recommencer \u00e0 manger ensuite\".<\/p>\n<p>M. Librari n'a pas donn\u00e9 plus de d\u00e9tails, mais selon le Club des prisonniers, \"l'administration p\u00e9nitentiaire a confisqu\u00e9 tous les biens qui se trouvaient dans les cellules des gr\u00e9vistes et a commenc\u00e9 \u00e0 transf\u00e9rer des d\u00e9tenus gr\u00e9vistes vers d'autres prisons\".<\/p>\n<p>Cette gr\u00e8ve de la faim illimit\u00e9e est lanc\u00e9e \u00e0 l'occasion des c\u00e9l\u00e9brations de \"la journ\u00e9e des prisonniers\", observ\u00e9e chaque ann\u00e9e par les Palestiniens depuis plus de 40 ans.<\/p>\n<p>Elle faisait lundi matin la Une de l'ensemble des m\u00e9dias palestiniens alors que plus de 6.500 Palestiniens, dont 62 femmes et 300 mineurs (gar\u00e7ons et filles), sont actuellement emprisonn\u00e9s par Isra\u00ebl.<\/p>\n<p>Environ 500 d'entre eux sont sous le r\u00e9gime extra-judiciaire de la d\u00e9tention administrative qui permet une incarc\u00e9ration sans proc\u00e8s ni inculpation. En outre, 13 d\u00e9put\u00e9s palestiniens, de diff\u00e9rents partis politiques, sont emprisonn\u00e9s.<\/p>\n<p>M. Barghouthi, grand rival du pr\u00e9sident palestinien Mahmoud Abbas au sein du Fatah, a expliqu\u00e9 dans une tribune envoy\u00e9e au quotidien New York Times depuis sa prison de Hadarim, dans le nord d'Isra\u00ebl, que cette gr\u00e8ve visait \u00e0 \"mettre fin aux abus\" de l'administration p\u00e9nitentiaire.<\/p>\n<p>\"Isra\u00ebl a \u00e9tabli un syst\u00e8me judiciaire \u00e0 deux vitesses, un apartheid judiciaire qui garantit une impunit\u00e9 pour les Isra\u00e9liens ayant commis des crimes contre des Palestiniens et criminalise la pr\u00e9sence et la r\u00e9sistance palestinienne\", \u00e9crit-il. \"Les prisonniers palestiniens souffrent de torture, de traitements d\u00e9gradants et inhumains et de n\u00e9gligence m\u00e9dicale, certains ont \u00e9t\u00e9 tu\u00e9s en d\u00e9tention\", a-t-il poursuivi.<\/p>\n<p>Isra\u00ebl occupe les Territoires palestiniens comme la Cisjordanie depuis un demi-si\u00e8cle. Les n\u00e9gociations de paix qui devaient aboutir \u00e0 la cr\u00e9ation d'un Etat palestinien c\u00f4toyant l'Etat d'Isra\u00ebl sont au point mort.<\/p>\n<\/div>\n<\/div>\n","protected":false},"excerpt":{"rendered":"<p>Plus d'un millier de Palestiniens d\u00e9tenus dans les prisons isra\u00e9liennes ont entam\u00e9 lundi une gr\u00e8ve de la faim collective, in\u00e9dite depuis des ann\u00e9es, \u00e0 l'appel de Marwan Barghouthi, leader de la deuxi\u00e8me intifada condamn\u00e9 \u00e0 la perp\u00e9tuit\u00e9, a indiqu\u00e9 un responsable palestinien. \"Environ 1.300 prisonniers palestiniens ont entam\u00e9 une gr\u00e8ve de la faim et ce [&hellip;]<\/p>\n","protected":false},"author":60,"featured_media":0,"comment_status":"open","ping_status":"closed","sticky":false,"template":"","format":"standard","meta":{"_acf_changed":false,"footnotes":""},"categories":[2576],"tags":[],"ji_location":[2402],"class_list":["post-33007","post","type-post","status-publish","format-standard","hentry","category-fil-d-actualite","ji_location-palestine"],"acf":[],"yoast_head":"<!-- This site is optimized with the Yoast SEO Premium plugin v25.3.1 (Yoast SEO v25.3.1) - https:\/\/yoast.com\/wordpress\/plugins\/seo\/ -->\n<title>Plus de 1.000 Palestiniens d\u00e9tenus par Isra\u00ebl en gr\u00e8ve de la faim - JusticeInfo.net<\/title>\n<meta name=\"robots\" content=\"index, follow, max-snippet:-1, max-image-preview:large, max-video-preview:-1\" \/>\n<link rel=\"canonical\" href=\"https:\/\/www.justiceinfo.net\/fr\/33007-plus-de-1-000-palestiniens-detenus-par-israel-en-greve-de-la-faim.html\" \/>\n<meta property=\"og:locale\" content=\"fr_FR\" \/>\n<meta property=\"og:type\" content=\"article\" \/>\n<meta property=\"og:title\" content=\"Plus de 1.000 Palestiniens d\u00e9tenus par Isra\u00ebl en gr\u00e8ve de la faim\" \/>\n<meta property=\"og:description\" content=\"Plus d&#039;un millier de Palestiniens d\u00e9tenus dans les prisons isra\u00e9liennes ont entam\u00e9 lundi une gr\u00e8ve de la faim collective, in\u00e9dite depuis des ann\u00e9es, \u00e0 l&#039;appel de Marwan Barghouthi, leader de la deuxi\u00e8me intifada condamn\u00e9 \u00e0 la perp\u00e9tuit\u00e9, a indiqu\u00e9 un responsable palestinien. &quot;Environ 1.300 prisonniers palestiniens ont entam\u00e9 une gr\u00e8ve de la faim et ce [&hellip;]\" \/>\n<meta property=\"og:url\" content=\"https:\/\/www.justiceinfo.net\/fr\/33007-plus-de-1-000-palestiniens-detenus-par-israel-en-greve-de-la-faim.html\" \/>\n<meta property=\"og:site_name\" content=\"JusticeInfo.net\" \/>\n<meta property=\"article:publisher\" content=\"https:\/\/www.facebook.com\/JusticeInfo\/\" \/>\n<meta property=\"article:published_time\" content=\"2017-04-17T05:46:09+00:00\" \/>\n<meta property=\"og:image\" content=\"https:\/\/www.justiceinfo.net\/wp-content\/uploads\/JusticeInfoNet_logo_1200x630px.jpg\" \/>\n\t<meta property=\"og:image:width\" content=\"1200\" \/>\n\t<meta property=\"og:image:height\" content=\"630\" \/>\n\t<meta property=\"og:image:type\" content=\"image\/jpeg\" \/>\n<meta name=\"author\" content=\"AFP\" \/>\n<meta name=\"twitter:card\" content=\"summary_large_image\" \/>\n<meta name=\"twitter:creator\" content=\"@justiceinfonet\" \/>\n<meta name=\"twitter:site\" content=\"@justiceinfonet\" \/>\n<meta name=\"twitter:label1\" content=\"\u00c9crit par\" \/>\n\t<meta name=\"twitter:data1\" content=\"AFP\" \/>\n\t<meta name=\"twitter:label2\" content=\"Dur\u00e9e de lecture estim\u00e9e\" \/>\n\t<meta name=\"twitter:data2\" content=\"2 minutes\" \/>\n<script type=\"application\/ld+json\" class=\"yoast-schema-graph\">{\"@context\":\"https:\/\/schema.org\",\"@graph\":[{\"@type\":\"NewsArticle\",\"@id\":\"https:\/\/www.justiceinfo.net\/fr\/33007-plus-de-1-000-palestiniens-detenus-par-israel-en-greve-de-la-faim.html#article\",\"isPartOf\":{\"@id\":\"https:\/\/www.justiceinfo.net\/fr\/33007-plus-de-1-000-palestiniens-detenus-par-israel-en-greve-de-la-faim.html\"},\"author\":{\"name\":\"afp\",\"@id\":\"https:\/\/www.justiceinfo.net\/fr#\/schema\/person\/713d340ef5f218fc36ce9b4244364a7f\"},\"headline\":\"Plus de 1.000 Palestiniens d\u00e9tenus par Isra\u00ebl en gr\u00e8ve de la faim\",\"datePublished\":\"2017-04-17T05:46:09+00:00\",\"mainEntityOfPage\":{\"@id\":\"https:\/\/www.justiceinfo.net\/fr\/33007-plus-de-1-000-palestiniens-detenus-par-israel-en-greve-de-la-faim.html\"},\"wordCount\":533,\"commentCount\":0,\"publisher\":{\"@id\":\"https:\/\/www.justiceinfo.net\/fr#organization\"},\"articleSection\":[\"Fil d'info AFP\"],\"inLanguage\":\"fr-FR\",\"potentialAction\":[{\"@type\":\"CommentAction\",\"name\":\"Comment\",\"target\":[\"https:\/\/www.justiceinfo.net\/fr\/33007-plus-de-1-000-palestiniens-detenus-par-israel-en-greve-de-la-faim.html#respond\"]}]},{\"@type\":\"WebPage\",\"@id\":\"https:\/\/www.justiceinfo.net\/fr\/33007-plus-de-1-000-palestiniens-detenus-par-israel-en-greve-de-la-faim.html\",\"url\":\"https:\/\/www.justiceinfo.net\/fr\/33007-plus-de-1-000-palestiniens-detenus-par-israel-en-greve-de-la-faim.html\",\"name\":\"Plus de 1.000 Palestiniens d\u00e9tenus par Isra\u00ebl en gr\u00e8ve de la faim - JusticeInfo.net\",\"isPartOf\":{\"@id\":\"https:\/\/www.justiceinfo.net\/fr#website\"},\"datePublished\":\"2017-04-17T05:46:09+00:00\",\"breadcrumb\":{\"@id\":\"https:\/\/www.justiceinfo.net\/fr\/33007-plus-de-1-000-palestiniens-detenus-par-israel-en-greve-de-la-faim.html#breadcrumb\"},\"inLanguage\":\"fr-FR\",\"potentialAction\":[{\"@type\":\"ReadAction\",\"target\":[\"https:\/\/www.justiceinfo.net\/fr\/33007-plus-de-1-000-palestiniens-detenus-par-israel-en-greve-de-la-faim.html\"]}]},{\"@type\":\"BreadcrumbList\",\"@id\":\"https:\/\/www.justiceinfo.net\/fr\/33007-plus-de-1-000-palestiniens-detenus-par-israel-en-greve-de-la-faim.html#breadcrumb\",\"itemListElement\":[{\"@type\":\"ListItem\",\"position\":1,\"name\":\"Home\",\"item\":\"https:\/\/www.justiceinfo.net\/fr\"},{\"@type\":\"ListItem\",\"position\":2,\"name\":\"Plus de 1.000 Palestiniens d\u00e9tenus par Isra\u00ebl en gr\u00e8ve de la faim\"}]},{\"@type\":\"WebSite\",\"@id\":\"https:\/\/www.justiceinfo.net\/fr#website\",\"url\":\"https:\/\/www.justiceinfo.net\/fr\",\"name\":\"JusticeInfo.net\",\"description\":\"La justice doit \u00eatre vue pour \u00eatre rendue\",\"publisher\":{\"@id\":\"https:\/\/www.justiceinfo.net\/fr#organization\"},\"potentialAction\":[{\"@type\":\"SearchAction\",\"target\":{\"@type\":\"EntryPoint\",\"urlTemplate\":\"https:\/\/www.justiceinfo.net\/fr?s={search_term_string}\"},\"query-input\":{\"@type\":\"PropertyValueSpecification\",\"valueRequired\":true,\"valueName\":\"search_term_string\"}}],\"inLanguage\":\"fr-FR\"},{\"@type\":\"Organization\",\"@id\":\"https:\/\/www.justiceinfo.net\/fr#organization\",\"name\":\"Justice Info\",\"url\":\"https:\/\/www.justiceinfo.net\/fr\",\"logo\":{\"@type\":\"ImageObject\",\"inLanguage\":\"fr-FR\",\"@id\":\"https:\/\/www.justiceinfo.net\/fr#\/schema\/logo\/image\/\",\"url\":\"https:\/\/www.justiceinfo.net\/wp-content\/uploads\/justiceinfo_logo-trans_1200x1200px.png\",\"contentUrl\":\"https:\/\/www.justiceinfo.net\/wp-content\/uploads\/justiceinfo_logo-trans_1200x1200px.png\",\"width\":1199,\"height\":1200,\"caption\":\"Justice Info\"},\"image\":{\"@id\":\"https:\/\/www.justiceinfo.net\/fr#\/schema\/logo\/image\/\"},\"sameAs\":[\"https:\/\/www.facebook.com\/JusticeInfo\/\",\"https:\/\/x.com\/justiceinfonet\",\"https:\/\/www.linkedin.com\/company\/justice-info\",\"https:\/\/www.youtube.com\/channel\/UCyCEsARodyuWtkWyhn-e7pA\"]},{\"@type\":\"Person\",\"name\":\"AFP\",\"url\":\"\/fr\/?s=AFP\"}]}<\/script>\n<!-- \/ Yoast SEO Premium plugin. -->","yoast_head_json":{"title":"Plus de 1.000 Palestiniens d\u00e9tenus par Isra\u00ebl en gr\u00e8ve de la faim - JusticeInfo.net","robots":{"index":"index","follow":"follow","max-snippet":"max-snippet:-1","max-image-preview":"max-image-preview:large","max-video-preview":"max-video-preview:-1"},"canonical":"https:\/\/www.justiceinfo.net\/fr\/33007-plus-de-1-000-palestiniens-detenus-par-israel-en-greve-de-la-faim.html","og_locale":"fr_FR","og_type":"article","og_title":"Plus de 1.000 Palestiniens d\u00e9tenus par Isra\u00ebl en gr\u00e8ve de la faim","og_description":"Plus d'un millier de Palestiniens d\u00e9tenus dans les prisons isra\u00e9liennes ont entam\u00e9 lundi une gr\u00e8ve de la faim collective, in\u00e9dite depuis des ann\u00e9es, \u00e0 l'appel de Marwan Barghouthi, leader de la deuxi\u00e8me intifada condamn\u00e9 \u00e0 la perp\u00e9tuit\u00e9, a indiqu\u00e9 un responsable palestinien. \"Environ 1.300 prisonniers palestiniens ont entam\u00e9 une gr\u00e8ve de la faim et ce [&hellip;]","og_url":"https:\/\/www.justiceinfo.net\/fr\/33007-plus-de-1-000-palestiniens-detenus-par-israel-en-greve-de-la-faim.html","og_site_name":"JusticeInfo.net","article_publisher":"https:\/\/www.facebook.com\/JusticeInfo\/","article_published_time":"2017-04-17T05:46:09+00:00","og_image":[{"width":1200,"height":630,"url":"https:\/\/www.justiceinfo.net\/wp-content\/uploads\/JusticeInfoNet_logo_1200x630px.jpg","type":"image\/jpeg"}],"author":"AFP","twitter_card":"summary_large_image","twitter_creator":"@justiceinfonet","twitter_site":"@justiceinfonet","twitter_misc":{"\u00c9crit par":"AFP","Dur\u00e9e de lecture estim\u00e9e":"2 minutes"},"schema":{"@context":"https:\/\/schema.org","@graph":[{"@type":"NewsArticle","@id":"https:\/\/www.justiceinfo.net\/fr\/33007-plus-de-1-000-palestiniens-detenus-par-israel-en-greve-de-la-faim.html#article","isPartOf":{"@id":"https:\/\/www.justiceinfo.net\/fr\/33007-plus-de-1-000-palestiniens-detenus-par-israel-en-greve-de-la-faim.html"},"author":{"name":"afp","@id":"https:\/\/www.justiceinfo.net\/fr#\/schema\/person\/713d340ef5f218fc36ce9b4244364a7f"},"headline":"Plus de 1.000 Palestiniens d\u00e9tenus par Isra\u00ebl en gr\u00e8ve de la faim","datePublished":"2017-04-17T05:46:09+00:00","mainEntityOfPage":{"@id":"https:\/\/www.justiceinfo.net\/fr\/33007-plus-de-1-000-palestiniens-detenus-par-israel-en-greve-de-la-faim.html"},"wordCount":533,"commentCount":0,"publisher":{"@id":"https:\/\/www.justiceinfo.net\/fr#organization"},"articleSection":["Fil d'info AFP"],"inLanguage":"fr-FR","potentialAction":[{"@type":"CommentAction","name":"Comment","target":["https:\/\/www.justiceinfo.net\/fr\/33007-plus-de-1-000-palestiniens-detenus-par-israel-en-greve-de-la-faim.html#respond"]}]},{"@type":"WebPage","@id":"https:\/\/www.justiceinfo.net\/fr\/33007-plus-de-1-000-palestiniens-detenus-par-israel-en-greve-de-la-faim.html","url":"https:\/\/www.justiceinfo.net\/fr\/33007-plus-de-1-000-palestiniens-detenus-par-israel-en-greve-de-la-faim.html","name":"Plus de 1.000 Palestiniens d\u00e9tenus par Isra\u00ebl en gr\u00e8ve de la faim - JusticeInfo.net","isPartOf":{"@id":"https:\/\/www.justiceinfo.net\/fr#website"},"datePublished":"2017-04-17T05:46:09+00:00","breadcrumb":{"@id":"https:\/\/www.justiceinfo.net\/fr\/33007-plus-de-1-000-palestiniens-detenus-par-israel-en-greve-de-la-faim.html#breadcrumb"},"inLanguage":"fr-FR","potentialAction":[{"@type":"ReadAction","target":["https:\/\/www.justiceinfo.net\/fr\/33007-plus-de-1-000-palestiniens-detenus-par-israel-en-greve-de-la-faim.html"]}]},{"@type":"BreadcrumbList","@id":"https:\/\/www.justiceinfo.net\/fr\/33007-plus-de-1-000-palestiniens-detenus-par-israel-en-greve-de-la-faim.html#breadcrumb","itemListElement":[{"@type":"ListItem","position":1,"name":"Home","item":"https:\/\/www.justiceinfo.net\/fr"},{"@type":"ListItem","position":2,"name":"Plus de 1.000 Palestiniens d\u00e9tenus par Isra\u00ebl en gr\u00e8ve de la faim"}]},{"@type":"WebSite","@id":"https:\/\/www.justiceinfo.net\/fr#website","url":"https:\/\/www.justiceinfo.net\/fr","name":"JusticeInfo.net","description":"La justice doit \u00eatre vue pour \u00eatre rendue","publisher":{"@id":"https:\/\/www.justiceinfo.net\/fr#organization"},"potentialAction":[{"@type":"SearchAction","target":{"@type":"EntryPoint","urlTemplate":"https:\/\/www.justiceinfo.net\/fr?s={search_term_string}"},"query-input":{"@type":"PropertyValueSpecification","valueRequired":true,"valueName":"search_term_string"}}],"inLanguage":"fr-FR"},{"@type":"Organization","@id":"https:\/\/www.justiceinfo.net\/fr#organization","name":"Justice Info","url":"https:\/\/www.justiceinfo.net\/fr","logo":{"@type":"ImageObject","inLanguage":"fr-FR","@id":"https:\/\/www.justiceinfo.net\/fr#\/schema\/logo\/image\/","url":"https:\/\/www.justiceinfo.net\/wp-content\/uploads\/justiceinfo_logo-trans_1200x1200px.png","contentUrl":"https:\/\/www.justiceinfo.net\/wp-content\/uploads\/justiceinfo_logo-trans_1200x1200px.png","width":1199,"height":1200,"caption":"Justice Info"},"image":{"@id":"https:\/\/www.justiceinfo.net\/fr#\/schema\/logo\/image\/"},"sameAs":["https:\/\/www.facebook.com\/JusticeInfo\/","https:\/\/x.com\/justiceinfonet","https:\/\/www.linkedin.com\/company\/justice-info","https:\/\/www.youtube.com\/channel\/UCyCEsARodyuWtkWyhn-e7pA"]},{"@type":"Person","name":"AFP","url":"\/fr\/?s=AFP"}]}},"_links":{"self":[{"href":"https:\/\/www.justiceinfo.net\/fr\/wp-json\/wp\/v2\/posts\/33007","targetHints":{"allow":["GET"]}}],"collection":[{"href":"https:\/\/www.justiceinfo.net\/fr\/wp-json\/wp\/v2\/posts"}],"about":[{"href":"https:\/\/www.justiceinfo.net\/fr\/wp-json\/wp\/v2\/types\/post"}],"author":[{"embeddable":true,"href":"https:\/\/www.justiceinfo.net\/fr\/wp-json\/wp\/v2\/users\/60"}],"replies":[{"embeddable":true,"href":"https:\/\/www.justiceinfo.net\/fr\/wp-json\/wp\/v2\/comments?post=33007"}],"version-history":[{"count":0,"href":"https:\/\/www.justiceinfo.net\/fr\/wp-json\/wp\/v2\/posts\/33007\/revisions"}],"wp:attachment":[{"href":"https:\/\/www.justiceinfo.net\/fr\/wp-json\/wp\/v2\/media?parent=33007"}],"wp:term":[{"taxonomy":"category","embeddable":true,"href":"https:\/\/www.justiceinfo.net\/fr\/wp-json\/wp\/v2\/categories?post=33007"},{"taxonomy":"post_tag","embeddable":true,"href":"https:\/\/www.justiceinfo.net\/fr\/wp-json\/wp\/v2\/tags?post=33007"},{"taxonomy":"ji_location","embeddable":true,"href":"https:\/\/www.justiceinfo.net\/fr\/wp-json\/wp\/v2\/ji_location?post=33007"}],"curies":[{"name":"wp","href":"https:\/\/api.w.org\/{rel}","templated":true}]}}