{"id":33029,"date":"2017-04-19T13:35:20","date_gmt":"2017-04-19T11:35:20","guid":{"rendered":"https:\/\/www.justiceinfo.net\/33029-beat-richner-un-moine-soldat-au-service-de-l-enfance-cambodgienne.html"},"modified":"2017-04-19T13:35:20","modified_gmt":"2017-04-19T11:35:20","slug":"beat-richner-un-moine-soldat-au-service-de-l-enfance-cambodgienne","status":"publish","type":"post","link":"https:\/\/www.justiceinfo.net\/fr\/33029-beat-richner-un-moine-soldat-au-service-de-l-enfance-cambodgienne.html","title":{"rendered":"Beat Richner, un moine-soldat au service de l'enfance cambodgienne"},"content":{"rendered":"<div class=\"content-excerpt\">\n<p>P\u00e9diatre zurichois, Beat Richner a pass\u00e9 pr\u00e8s de 30 ans de sa vie au Cambodge pour y soigner des g\u00e9n\u00e9rations d\u2019enfants dans un pays ruin\u00e9 par 30 ans de guerre dont pr\u00e8s de 4 sous la coupe concentrationnaire des mao\u00efstes de Pol Pot. Gravement malade, Beat Richner a d\u00e9missionn\u00e9 de la direction des cinq h\u00f4pitaux Kantha Bopha qu\u2019il a r\u00e9ussi \u00e0 construire depuis 1992, contre vents et mar\u00e9es.\u00a0<\/p>\n<\/div>\n<p>Un caract\u00e8re bien tremp\u00e9 et une foi \u00e0 m\u00eame de d\u00e9placer des montagnes: c'est l\u2019impression que m\u2019avait faite Beat Richner d\u00e8s notre <a href=\"http:\/\/www.letempsarchives.ch\/page\/LNQ_1993_05_12\/23\/article\/9746392\/Beat%20Richner%20Burnand\">premi\u00e8re<\/a> rencontre \u00e0 Phnom Penh au d\u00e9but des ann\u00e9es 90. Mais sans le soutien d\u00e9termin\u00e9 du roi Sihanouk (mort en octobre 2012), le projet de Beat Richner au Cambodge aurait rapidement tourn\u00e9 court.<\/p>\n<p>Exsangue, manquant de tout, le Cambodge \u00e9tait alors sous protectorat de l'ONU et toujours en guerre contre la gu\u00e9rilla mao\u00efste de Pol Pot, malgr\u00e9 la pr\u00e9sence des casques bleus et les accords de paix conclus \u00e0 Paris en 1991. Les besoins en termes de sant\u00e9 \u00e9taient donc immenses.<\/p>\n<p>Mais en pratiquant une m\u00e9decine selon les normes helv\u00e9tiques dans des h\u00f4pitaux dot\u00e9s d\u2019\u00e9quipements de pays riches, le p\u00e9diatre suisse s\u2019\u00e9tait mis \u00e0 dos un peu pr\u00e8s tout le monde les premi\u00e8res ann\u00e9es de son retour au Cambodge en 1992. Un pays qu\u2019il avait quitt\u00e9 en 1975 juste avant la prise du pouvoir par les Khmers rouges, apr\u00e8s une ann\u00e9e environ \u00e0 officier comme p\u00e9diatre \u00e0 l\u2019h\u00f4pital Kantha Bopha de Phnom Penh.<\/p>\n<p>\u00a0<\/p>\n<h3><strong>Un minist\u00e8re de la Sant\u00e9 corrompu<\/strong><\/h3>\n<p>Apr\u00e8s l\u2019avoir appel\u00e9, avec le roi Sihanouk, \u00e0 r\u00e9habiliter l\u2019h\u00f4pital Kantha Bopha (ouvert en 1962), le gouvernement cambodgien s\u2019est assez vite montr\u00e9 hostile \u00e0 son projet, le Suisse se montrant tr\u00e8s critique \u00e0 l\u2019\u00e9gard de la corruption, en particulier au sein du minist\u00e8re de la sant\u00e9, un probl\u00e8me toujours aigu aujourd\u2019hui. Et ce n\u2019est que depuis quelques ann\u00e9es que le gouvernement reconnait pleinement l\u2019impact d\u00e9cisif de ses 5 h\u00f4pitaux sur la sant\u00e9 des jeunes Cambodgiens et les soutient financi\u00e8rement. \u00a0\u00a0<\/p>\n<p>Quant \u00e0 la coop\u00e9ration suisse (DDC), elle a mis des ann\u00e9es \u00e0 soutenir de mani\u00e8re cons\u00e9quente ses h\u00f4pitaux, alors que nombre d\u2019ONG, suisses ou non, ont longtemps critiqu\u00e9 l\u2019approche originale d\u00e9velopp\u00e9e par <a href=\"http:\/\/www.beat-richner.ch\/\" target=\"_self\" rel=\"noopener\">Beat Richner<span class=\"show-for-sr\">Lien externe<\/span><\/a>. Tant Berne que l\u2019OMS consid\u00e9raient qu\u2019il d\u00e9livrait une m\u00e9decine bien trop ch\u00e8re et sophistiqu\u00e9e pour un pays si pauvre. Circonstance aggravante, les soins \u00e9taient d\u00e9livr\u00e9s gratuitement d\u00e8s les d\u00e9buts de l\u2019aventure en 1992. Soit tout le contraire des pr\u00e9ceptes d\u2019alors des politiques de d\u00e9veloppement en mati\u00e8re de sant\u00e9.<\/p>\n<p><img loading=\"lazy\" decoding=\"async\" src=\"images\/d.jpg\" alt=\"\" width=\"494\" height=\"370\" \/><\/p>\n<p>Alors oui, les critiques qui ont ponctu\u00e9 l'action de Beat Richner au Cambodge \u00e9taient logiques, tant il allait \u00e0 rebours de la doxa d\u00e9veloppementaliste. Oui, comme l'ont soulign\u00e9 des ONG, le financement des 5 h\u00f4pitaux n\u2019est toujours pas p\u00e9renne, m\u00eame si la Suisse s\u2019est engag\u00e9e \u00e0 trouver une solution durable avec la Fondation Kantha Bopha et le gouvernement cambodgien, suite \u00e0 la d\u00e9mission de Beat Richner. Mais durant 25 ans, ses h\u00f4pitaux ont sauv\u00e9 les premi\u00e8res g\u00e9n\u00e9rations d'un Cambodge qui commen\u00e7ait \u00e0 peine \u00e0 se remettre de la guerre.<\/p>\n<p>Comme me le\u00a0<a href=\"http:\/\/www.swissinfo.ch\/fre\/coop%C3%A9ration-r%C3%A9ussie_beat-richner--un-acteur-cl%C3%A9-de-la-renaissance-du-cambodge\/34817852\">d\u00e9clarait<\/a> en 2013 Vann Molyvann, ministre et architecte de Sihanouk entre 1956 et 1970: \u00abPar son action depuis 20 ans, Beat Richner a pratiquement sauv\u00e9 le Cambodge.\u00bb<\/p>\n<p>\u00a0<\/p>\n<p><strong>Le r\u00e9alisateur franco-suisse Georges Gachot a r\u00e9alis\u00e9 un documentaire sur le p\u00e9diatre zurichois intitul\u00e9 <\/strong><a href=\"http:\/\/www.gachot.ch\/gachot_ombrellobeatocello.html\"><strong>L'ombrello di Beatocello<\/strong><\/a><strong> (2012).\u00a0<\/strong><\/p>\n<p>\u00a0<\/p>\n<p><iframe loading=\"lazy\" src=\"\/\/www.youtube.com\/embed\/K6XNFdbn0Rw\" width=\"560\" height=\"314\" allowfullscreen=\"allowfullscreen\"><\/iframe><\/p>\n<p>\u00a0<\/p>\n<p>Cet article a \u00e9t\u00e9 pr\u00e9c\u00e9demment publi\u00e9 par <a href=\"http:\/\/www.swissinfo.ch\/fre\/beattocello_beat-richner--un-moine-soldat-au-service-de-l-enfance-cambodgienne\/43098552\" target=\"_blank\" rel=\"noopener\">Swissinfo<\/a>.<\/p>\n","protected":false},"excerpt":{"rendered":"<p>P\u00e9diatre zurichois, Beat Richner a pass\u00e9 pr\u00e8s de 30 ans de sa vie au Cambodge pour y soigner des g\u00e9n\u00e9rations d\u2019enfants dans un pays ruin\u00e9 par 30 ans de guerre dont pr\u00e8s de 4 sous la coupe concentrationnaire des mao\u00efstes de Pol Pot. Gravement malade, Beat Richner a d\u00e9missionn\u00e9 de la direction des cinq h\u00f4pitaux [&hellip;]<\/p>\n","protected":false},"author":63,"featured_media":63376,"comment_status":"open","ping_status":"closed","sticky":false,"template":"","format":"standard","meta":{"_acf_changed":false,"footnotes":""},"categories":[549],"tags":[],"ji_location":[2496],"class_list":["post-33029","post","type-post","status-publish","format-standard","has-post-thumbnail","hentry","category-reconciliation","ji_location-suisse"],"acf":[],"yoast_head":"<!-- This site is optimized with the Yoast SEO Premium plugin v25.3.1 (Yoast SEO v25.3.1) - https:\/\/yoast.com\/wordpress\/plugins\/seo\/ -->\n<title>Beat Richner, un moine-soldat au service de l&#039;enfance cambodgienne - JusticeInfo.net<\/title>\n<meta name=\"robots\" content=\"index, follow, max-snippet:-1, max-image-preview:large, max-video-preview:-1\" \/>\n<link rel=\"canonical\" href=\"https:\/\/www.justiceinfo.net\/fr\/33029-beat-richner-un-moine-soldat-au-service-de-l-enfance-cambodgienne.html\" \/>\n<meta property=\"og:locale\" content=\"fr_FR\" \/>\n<meta property=\"og:type\" content=\"article\" \/>\n<meta property=\"og:title\" content=\"Beat Richner, un moine-soldat au service de l&#039;enfance cambodgienne\" \/>\n<meta property=\"og:description\" content=\"P\u00e9diatre zurichois, Beat Richner a pass\u00e9 pr\u00e8s de 30 ans de sa vie au Cambodge pour y soigner des g\u00e9n\u00e9rations d\u2019enfants dans un pays ruin\u00e9 par 30 ans de guerre dont pr\u00e8s de 4 sous la coupe concentrationnaire des mao\u00efstes de Pol Pot. Gravement malade, Beat Richner a d\u00e9missionn\u00e9 de la direction des cinq h\u00f4pitaux [&hellip;]\" \/>\n<meta property=\"og:url\" content=\"https:\/\/www.justiceinfo.net\/fr\/33029-beat-richner-un-moine-soldat-au-service-de-l-enfance-cambodgienne.html\" \/>\n<meta property=\"og:site_name\" content=\"JusticeInfo.net\" \/>\n<meta property=\"article:publisher\" content=\"https:\/\/www.facebook.com\/JusticeInfo\/\" \/>\n<meta property=\"article:published_time\" content=\"2017-04-19T11:35:20+00:00\" \/>\n<meta property=\"og:image\" content=\"https:\/\/www.justiceinfo.net\/wp-content\/uploads\/fe9b92b1f5c73960784a7f8ca8f03e94.jpg\" \/>\n\t<meta property=\"og:image:width\" content=\"1891\" \/>\n\t<meta property=\"og:image:height\" content=\"1418\" \/>\n\t<meta property=\"og:image:type\" content=\"image\/jpeg\" \/>\n<meta name=\"author\" content=\"Fr\u00e9d\u00e9ric Burnand\" \/>\n<meta name=\"twitter:card\" content=\"summary_large_image\" \/>\n<meta name=\"twitter:creator\" content=\"@justiceinfonet\" \/>\n<meta name=\"twitter:site\" content=\"@justiceinfonet\" \/>\n<meta name=\"twitter:label1\" content=\"\u00c9crit par\" \/>\n\t<meta name=\"twitter:data1\" content=\"Fr\u00e9d\u00e9ric Burnand\" \/>\n\t<meta name=\"twitter:label2\" content=\"Dur\u00e9e de lecture estim\u00e9e\" \/>\n\t<meta name=\"twitter:data2\" content=\"3 minutes\" \/>\n<script type=\"application\/ld+json\" class=\"yoast-schema-graph\">{\"@context\":\"https:\/\/schema.org\",\"@graph\":[{\"@type\":\"NewsArticle\",\"@id\":\"https:\/\/www.justiceinfo.net\/fr\/33029-beat-richner-un-moine-soldat-au-service-de-l-enfance-cambodgienne.html#article\",\"isPartOf\":{\"@id\":\"https:\/\/www.justiceinfo.net\/fr\/33029-beat-richner-un-moine-soldat-au-service-de-l-enfance-cambodgienne.html\"},\"author\":{\"name\":\"civiliste\",\"@id\":\"https:\/\/www.justiceinfo.net\/fr#\/schema\/person\/015ad428615c9bd082c2b6aa8df6cad0\"},\"headline\":\"Beat Richner, un moine-soldat au service de l'enfance cambodgienne\",\"datePublished\":\"2017-04-19T11:35:20+00:00\",\"mainEntityOfPage\":{\"@id\":\"https:\/\/www.justiceinfo.net\/fr\/33029-beat-richner-un-moine-soldat-au-service-de-l-enfance-cambodgienne.html\"},\"wordCount\":639,\"commentCount\":0,\"publisher\":{\"@id\":\"https:\/\/www.justiceinfo.net\/fr#organization\"},\"image\":{\"@id\":\"https:\/\/www.justiceinfo.net\/fr\/33029-beat-richner-un-moine-soldat-au-service-de-l-enfance-cambodgienne.html#primaryimage\"},\"thumbnailUrl\":\"https:\/\/www.justiceinfo.net\/wp-content\/uploads\/fe9b92b1f5c73960784a7f8ca8f03e94.jpg\",\"articleSection\":[\"R\u00e9conciliation\"],\"inLanguage\":\"fr-FR\",\"potentialAction\":[{\"@type\":\"CommentAction\",\"name\":\"Comment\",\"target\":[\"https:\/\/www.justiceinfo.net\/fr\/33029-beat-richner-un-moine-soldat-au-service-de-l-enfance-cambodgienne.html#respond\"]}]},{\"@type\":\"WebPage\",\"@id\":\"https:\/\/www.justiceinfo.net\/fr\/33029-beat-richner-un-moine-soldat-au-service-de-l-enfance-cambodgienne.html\",\"url\":\"https:\/\/www.justiceinfo.net\/fr\/33029-beat-richner-un-moine-soldat-au-service-de-l-enfance-cambodgienne.html\",\"name\":\"Beat Richner, un moine-soldat au service de l'enfance cambodgienne - JusticeInfo.net\",\"isPartOf\":{\"@id\":\"https:\/\/www.justiceinfo.net\/fr#website\"},\"primaryImageOfPage\":{\"@id\":\"https:\/\/www.justiceinfo.net\/fr\/33029-beat-richner-un-moine-soldat-au-service-de-l-enfance-cambodgienne.html#primaryimage\"},\"image\":{\"@id\":\"https:\/\/www.justiceinfo.net\/fr\/33029-beat-richner-un-moine-soldat-au-service-de-l-enfance-cambodgienne.html#primaryimage\"},\"thumbnailUrl\":\"https:\/\/www.justiceinfo.net\/wp-content\/uploads\/fe9b92b1f5c73960784a7f8ca8f03e94.jpg\",\"datePublished\":\"2017-04-19T11:35:20+00:00\",\"breadcrumb\":{\"@id\":\"https:\/\/www.justiceinfo.net\/fr\/33029-beat-richner-un-moine-soldat-au-service-de-l-enfance-cambodgienne.html#breadcrumb\"},\"inLanguage\":\"fr-FR\",\"potentialAction\":[{\"@type\":\"ReadAction\",\"target\":[\"https:\/\/www.justiceinfo.net\/fr\/33029-beat-richner-un-moine-soldat-au-service-de-l-enfance-cambodgienne.html\"]}]},{\"@type\":\"ImageObject\",\"inLanguage\":\"fr-FR\",\"@id\":\"https:\/\/www.justiceinfo.net\/fr\/33029-beat-richner-un-moine-soldat-au-service-de-l-enfance-cambodgienne.html#primaryimage\",\"url\":\"https:\/\/www.justiceinfo.net\/wp-content\/uploads\/fe9b92b1f5c73960784a7f8ca8f03e94.jpg\",\"contentUrl\":\"https:\/\/www.justiceinfo.net\/wp-content\/uploads\/fe9b92b1f5c73960784a7f8ca8f03e94.jpg\",\"width\":1891,\"height\":1418},{\"@type\":\"BreadcrumbList\",\"@id\":\"https:\/\/www.justiceinfo.net\/fr\/33029-beat-richner-un-moine-soldat-au-service-de-l-enfance-cambodgienne.html#breadcrumb\",\"itemListElement\":[{\"@type\":\"ListItem\",\"position\":1,\"name\":\"Home\",\"item\":\"https:\/\/www.justiceinfo.net\/fr\"},{\"@type\":\"ListItem\",\"position\":2,\"name\":\"Beat Richner, un moine-soldat au service de l'enfance cambodgienne\"}]},{\"@type\":\"WebSite\",\"@id\":\"https:\/\/www.justiceinfo.net\/fr#website\",\"url\":\"https:\/\/www.justiceinfo.net\/fr\",\"name\":\"JusticeInfo.net\",\"description\":\"La justice doit \u00eatre vue pour \u00eatre rendue\",\"publisher\":{\"@id\":\"https:\/\/www.justiceinfo.net\/fr#organization\"},\"potentialAction\":[{\"@type\":\"SearchAction\",\"target\":{\"@type\":\"EntryPoint\",\"urlTemplate\":\"https:\/\/www.justiceinfo.net\/fr?s={search_term_string}\"},\"query-input\":{\"@type\":\"PropertyValueSpecification\",\"valueRequired\":true,\"valueName\":\"search_term_string\"}}],\"inLanguage\":\"fr-FR\"},{\"@type\":\"Organization\",\"@id\":\"https:\/\/www.justiceinfo.net\/fr#organization\",\"name\":\"Justice Info\",\"url\":\"https:\/\/www.justiceinfo.net\/fr\",\"logo\":{\"@type\":\"ImageObject\",\"inLanguage\":\"fr-FR\",\"@id\":\"https:\/\/www.justiceinfo.net\/fr#\/schema\/logo\/image\/\",\"url\":\"https:\/\/www.justiceinfo.net\/wp-content\/uploads\/justiceinfo_logo-trans_1200x1200px.png\",\"contentUrl\":\"https:\/\/www.justiceinfo.net\/wp-content\/uploads\/justiceinfo_logo-trans_1200x1200px.png\",\"width\":1199,\"height\":1200,\"caption\":\"Justice Info\"},\"image\":{\"@id\":\"https:\/\/www.justiceinfo.net\/fr#\/schema\/logo\/image\/\"},\"sameAs\":[\"https:\/\/www.facebook.com\/JusticeInfo\/\",\"https:\/\/x.com\/justiceinfonet\",\"https:\/\/www.linkedin.com\/company\/justice-info\",\"https:\/\/www.youtube.com\/channel\/UCyCEsARodyuWtkWyhn-e7pA\"]},{\"@type\":\"Person\",\"name\":\"Fr\u00e9d\u00e9ric Burnand\",\"url\":\"\/fr\/?s=Fr\u00e9d\u00e9ric Burnand\"}]}<\/script>\n<!-- \/ Yoast SEO Premium plugin. -->","yoast_head_json":{"title":"Beat Richner, un moine-soldat au service de l'enfance cambodgienne - JusticeInfo.net","robots":{"index":"index","follow":"follow","max-snippet":"max-snippet:-1","max-image-preview":"max-image-preview:large","max-video-preview":"max-video-preview:-1"},"canonical":"https:\/\/www.justiceinfo.net\/fr\/33029-beat-richner-un-moine-soldat-au-service-de-l-enfance-cambodgienne.html","og_locale":"fr_FR","og_type":"article","og_title":"Beat Richner, un moine-soldat au service de l'enfance cambodgienne","og_description":"P\u00e9diatre zurichois, Beat Richner a pass\u00e9 pr\u00e8s de 30 ans de sa vie au Cambodge pour y soigner des g\u00e9n\u00e9rations d\u2019enfants dans un pays ruin\u00e9 par 30 ans de guerre dont pr\u00e8s de 4 sous la coupe concentrationnaire des mao\u00efstes de Pol Pot. Gravement malade, Beat Richner a d\u00e9missionn\u00e9 de la direction des cinq h\u00f4pitaux [&hellip;]","og_url":"https:\/\/www.justiceinfo.net\/fr\/33029-beat-richner-un-moine-soldat-au-service-de-l-enfance-cambodgienne.html","og_site_name":"JusticeInfo.net","article_publisher":"https:\/\/www.facebook.com\/JusticeInfo\/","article_published_time":"2017-04-19T11:35:20+00:00","og_image":[{"width":1891,"height":1418,"url":"https:\/\/www.justiceinfo.net\/wp-content\/uploads\/fe9b92b1f5c73960784a7f8ca8f03e94.jpg","type":"image\/jpeg"}],"author":"Fr\u00e9d\u00e9ric Burnand","twitter_card":"summary_large_image","twitter_creator":"@justiceinfonet","twitter_site":"@justiceinfonet","twitter_misc":{"\u00c9crit par":"Fr\u00e9d\u00e9ric Burnand","Dur\u00e9e de lecture estim\u00e9e":"3 minutes"},"schema":{"@context":"https:\/\/schema.org","@graph":[{"@type":"NewsArticle","@id":"https:\/\/www.justiceinfo.net\/fr\/33029-beat-richner-un-moine-soldat-au-service-de-l-enfance-cambodgienne.html#article","isPartOf":{"@id":"https:\/\/www.justiceinfo.net\/fr\/33029-beat-richner-un-moine-soldat-au-service-de-l-enfance-cambodgienne.html"},"author":{"name":"civiliste","@id":"https:\/\/www.justiceinfo.net\/fr#\/schema\/person\/015ad428615c9bd082c2b6aa8df6cad0"},"headline":"Beat Richner, un moine-soldat au service de l'enfance cambodgienne","datePublished":"2017-04-19T11:35:20+00:00","mainEntityOfPage":{"@id":"https:\/\/www.justiceinfo.net\/fr\/33029-beat-richner-un-moine-soldat-au-service-de-l-enfance-cambodgienne.html"},"wordCount":639,"commentCount":0,"publisher":{"@id":"https:\/\/www.justiceinfo.net\/fr#organization"},"image":{"@id":"https:\/\/www.justiceinfo.net\/fr\/33029-beat-richner-un-moine-soldat-au-service-de-l-enfance-cambodgienne.html#primaryimage"},"thumbnailUrl":"https:\/\/www.justiceinfo.net\/wp-content\/uploads\/fe9b92b1f5c73960784a7f8ca8f03e94.jpg","articleSection":["R\u00e9conciliation"],"inLanguage":"fr-FR","potentialAction":[{"@type":"CommentAction","name":"Comment","target":["https:\/\/www.justiceinfo.net\/fr\/33029-beat-richner-un-moine-soldat-au-service-de-l-enfance-cambodgienne.html#respond"]}]},{"@type":"WebPage","@id":"https:\/\/www.justiceinfo.net\/fr\/33029-beat-richner-un-moine-soldat-au-service-de-l-enfance-cambodgienne.html","url":"https:\/\/www.justiceinfo.net\/fr\/33029-beat-richner-un-moine-soldat-au-service-de-l-enfance-cambodgienne.html","name":"Beat Richner, un moine-soldat au service de l'enfance cambodgienne - JusticeInfo.net","isPartOf":{"@id":"https:\/\/www.justiceinfo.net\/fr#website"},"primaryImageOfPage":{"@id":"https:\/\/www.justiceinfo.net\/fr\/33029-beat-richner-un-moine-soldat-au-service-de-l-enfance-cambodgienne.html#primaryimage"},"image":{"@id":"https:\/\/www.justiceinfo.net\/fr\/33029-beat-richner-un-moine-soldat-au-service-de-l-enfance-cambodgienne.html#primaryimage"},"thumbnailUrl":"https:\/\/www.justiceinfo.net\/wp-content\/uploads\/fe9b92b1f5c73960784a7f8ca8f03e94.jpg","datePublished":"2017-04-19T11:35:20+00:00","breadcrumb":{"@id":"https:\/\/www.justiceinfo.net\/fr\/33029-beat-richner-un-moine-soldat-au-service-de-l-enfance-cambodgienne.html#breadcrumb"},"inLanguage":"fr-FR","potentialAction":[{"@type":"ReadAction","target":["https:\/\/www.justiceinfo.net\/fr\/33029-beat-richner-un-moine-soldat-au-service-de-l-enfance-cambodgienne.html"]}]},{"@type":"ImageObject","inLanguage":"fr-FR","@id":"https:\/\/www.justiceinfo.net\/fr\/33029-beat-richner-un-moine-soldat-au-service-de-l-enfance-cambodgienne.html#primaryimage","url":"https:\/\/www.justiceinfo.net\/wp-content\/uploads\/fe9b92b1f5c73960784a7f8ca8f03e94.jpg","contentUrl":"https:\/\/www.justiceinfo.net\/wp-content\/uploads\/fe9b92b1f5c73960784a7f8ca8f03e94.jpg","width":1891,"height":1418},{"@type":"BreadcrumbList","@id":"https:\/\/www.justiceinfo.net\/fr\/33029-beat-richner-un-moine-soldat-au-service-de-l-enfance-cambodgienne.html#breadcrumb","itemListElement":[{"@type":"ListItem","position":1,"name":"Home","item":"https:\/\/www.justiceinfo.net\/fr"},{"@type":"ListItem","position":2,"name":"Beat Richner, un moine-soldat au service de l'enfance cambodgienne"}]},{"@type":"WebSite","@id":"https:\/\/www.justiceinfo.net\/fr#website","url":"https:\/\/www.justiceinfo.net\/fr","name":"JusticeInfo.net","description":"La justice doit \u00eatre vue pour \u00eatre rendue","publisher":{"@id":"https:\/\/www.justiceinfo.net\/fr#organization"},"potentialAction":[{"@type":"SearchAction","target":{"@type":"EntryPoint","urlTemplate":"https:\/\/www.justiceinfo.net\/fr?s={search_term_string}"},"query-input":{"@type":"PropertyValueSpecification","valueRequired":true,"valueName":"search_term_string"}}],"inLanguage":"fr-FR"},{"@type":"Organization","@id":"https:\/\/www.justiceinfo.net\/fr#organization","name":"Justice Info","url":"https:\/\/www.justiceinfo.net\/fr","logo":{"@type":"ImageObject","inLanguage":"fr-FR","@id":"https:\/\/www.justiceinfo.net\/fr#\/schema\/logo\/image\/","url":"https:\/\/www.justiceinfo.net\/wp-content\/uploads\/justiceinfo_logo-trans_1200x1200px.png","contentUrl":"https:\/\/www.justiceinfo.net\/wp-content\/uploads\/justiceinfo_logo-trans_1200x1200px.png","width":1199,"height":1200,"caption":"Justice Info"},"image":{"@id":"https:\/\/www.justiceinfo.net\/fr#\/schema\/logo\/image\/"},"sameAs":["https:\/\/www.facebook.com\/JusticeInfo\/","https:\/\/x.com\/justiceinfonet","https:\/\/www.linkedin.com\/company\/justice-info","https:\/\/www.youtube.com\/channel\/UCyCEsARodyuWtkWyhn-e7pA"]},{"@type":"Person","name":"Fr\u00e9d\u00e9ric Burnand","url":"\/fr\/?s=Fr\u00e9d\u00e9ric Burnand"}]}},"_links":{"self":[{"href":"https:\/\/www.justiceinfo.net\/fr\/wp-json\/wp\/v2\/posts\/33029","targetHints":{"allow":["GET"]}}],"collection":[{"href":"https:\/\/www.justiceinfo.net\/fr\/wp-json\/wp\/v2\/posts"}],"about":[{"href":"https:\/\/www.justiceinfo.net\/fr\/wp-json\/wp\/v2\/types\/post"}],"author":[{"embeddable":true,"href":"https:\/\/www.justiceinfo.net\/fr\/wp-json\/wp\/v2\/users\/63"}],"replies":[{"embeddable":true,"href":"https:\/\/www.justiceinfo.net\/fr\/wp-json\/wp\/v2\/comments?post=33029"}],"version-history":[{"count":0,"href":"https:\/\/www.justiceinfo.net\/fr\/wp-json\/wp\/v2\/posts\/33029\/revisions"}],"wp:featuredmedia":[{"embeddable":true,"href":"https:\/\/www.justiceinfo.net\/fr\/wp-json\/wp\/v2\/media\/63376"}],"wp:attachment":[{"href":"https:\/\/www.justiceinfo.net\/fr\/wp-json\/wp\/v2\/media?parent=33029"}],"wp:term":[{"taxonomy":"category","embeddable":true,"href":"https:\/\/www.justiceinfo.net\/fr\/wp-json\/wp\/v2\/categories?post=33029"},{"taxonomy":"post_tag","embeddable":true,"href":"https:\/\/www.justiceinfo.net\/fr\/wp-json\/wp\/v2\/tags?post=33029"},{"taxonomy":"ji_location","embeddable":true,"href":"https:\/\/www.justiceinfo.net\/fr\/wp-json\/wp\/v2\/ji_location?post=33029"}],"curies":[{"name":"wp","href":"https:\/\/api.w.org\/{rel}","templated":true}]}}