{"id":33066,"date":"2017-04-22T17:10:02","date_gmt":"2017-04-22T15:10:02","guid":{"rendered":"https:\/\/www.justiceinfo.net\/33066-centrafrique-negociations-sans-precedent-en-vue-du-desarmement-des-milices.html"},"modified":"2017-04-22T17:10:02","modified_gmt":"2017-04-22T15:10:02","slug":"centrafrique-negociations-sans-precedent-en-vue-du-desarmement-des-milices","status":"publish","type":"post","link":"https:\/\/www.justiceinfo.net\/fr\/33066-centrafrique-negociations-sans-precedent-en-vue-du-desarmement-des-milices.html","title":{"rendered":"Centrafrique: n\u00e9gociations sans pr\u00e9c\u00e9dent en vue du d\u00e9sarmement des milices"},"content":{"rendered":"<div class=\"content-excerpt\">\n<p>Des n\u00e9gociations sans pr\u00e9c\u00e9dent sous l'\u00e9gide de l'ONU entre le gouvernement centrafricain et l'ensemble des groupes arm\u00e9s du pays ont eu lieu en fin de semaine \u00e0 Bangui en vue d'acc\u00e9l\u00e9rer le d\u00e9sarmement de ces milices, responsables de nombreuses exactions.<\/p>\n<\/div>\n<p>Pour la premi\u00e8re fois dans le programme de D\u00e9sarmement d\u00e9mobilisation r\u00e9insertion (DDR), le gouvernement s'est assis \u00e0 la m\u00eame table que l'ensemble des groupes arm\u00e9s dans ce pays, l'un des plus pauvres du monde et qui conna\u00eet, selon l'ONU, une \"recrudescence de la violence\" depuis septembre 2016.<\/p>\n<p>Le \"DDR\" est invoqu\u00e9 sans rel\u00e2che par le pr\u00e9sident centrafricain Faustin-Archange Touad\u00e9ra depuis son arriv\u00e9e au pouvoir en mars 2016 \u00e0 la t\u00eate d'un pays qui peine \u00e0 se relever du conflit provoqu\u00e9 en 2013 par le renversement de l'ex-pr\u00e9sident Fran\u00e7ois Boziz\u00e9 par la r\u00e9bellion S\u00e9l\u00e9ka, \u00e0 dominante musulmane.<\/p>\n<p>La contre-offensive des miliciens anti-Balaka, majoritairement chr\u00e9tiens, a provoqu\u00e9 des milliers de morts et des centaines de milliers de d\u00e9plac\u00e9s.<\/p>\n<p>L'intervention de la France et de l'ONU a permis d'endiguer des massacres de masse. Un nouveau pr\u00e9sident a \u00e9t\u00e9 \u00e9lu en mars 2016. La capitale Bangui a retrouv\u00e9 un calme relatif, mais des groupes arm\u00e9s maintiennent une ins\u00e9curit\u00e9 permanente dans plusieurs r\u00e9gions.<\/p>\n<p>\"Les avanc\u00e9es g\u00e9n\u00e9rales sont assez importantes (...) le plan national de DDR a \u00e9t\u00e9 r\u00e9dig\u00e9 avec les d\u00e9tails des \u00e9tapes de la mise en oeuvre du projet\", a comment\u00e9 samedi Jean-Marc Tafani, chef du programme DDR de la Mission des Nations unies pour la Centrafrique (Minusca), \u00e0 propos de cette rencontre qui a eu lieu jeudi et vendredi avec des repr\u00e9sentants de 14 groupes arm\u00e9s.<\/p>\n<p>\"La prochaine r\u00e9union du Comit\u00e9 consultatif de suivi du DDR aura lieu du 25 au 27 mai\", a-t-il pr\u00e9cis\u00e9, joint par l'AFP depuis Libreville.<\/p>\n<p>Le \"DDR\" est d\u00e9sormais financ\u00e9 et chiffr\u00e9: 45 millions de dollars, d\u00e9bloqu\u00e9s par la Banque mondiale, l'ONU et le gouvernement centrafricain, doivent permettre le d\u00e9sarmement des combattants et la r\u00e9insertion de 5.000 d'entre eux dans la vie civile et - pour une minorit\u00e9 - dans les forces arm\u00e9es.<\/p>\n<p>R\u00e9pondant \u00e0 des craintes d'organisations internationales sur une possible impunit\u00e9 pour les ex-combattants, M. Tafani a indiqu\u00e9 que \"les personnes soup\u00e7onn\u00e9es de crimes divers seront soumises \u00e0 la justice\" et \"\u00e9cart\u00e9es du programme de DDR\". \"Pendant la r\u00e9union, certains groupes se sont exprim\u00e9s contre ce processus\", a-t-il cependant not\u00e9.<\/p>\n<p>Outre le DDR, la Centrafrique mise sur une Cour p\u00e9nale sp\u00e9ciale (CPS) pour tenter de conforter le retour \u00e0 la paix. Cette CPS se pr\u00e9sente comme une juridiction mixte avec des magistrats centrafricains et \u00e9trangers. Elle doit prochainement commencer ses travaux pour juger tous les crimes contre l'humanit\u00e9 depuis 2003.<\/p>\n<h3>- Des n\u00e9gociations difficiles -<\/h3>\n<p>Le pr\u00e9sident Touad\u00e9ra se f\u00e9licite r\u00e9guli\u00e8rement d'avoir d\u00e9j\u00e0 ralli\u00e9 onze des quatorze groupes arm\u00e9s recens\u00e9s en Centrafrique au processus du \"DDR\".<\/p>\n<p>Venu pour la premi\u00e8re fois \u00e0 une r\u00e9union DDR, le Front populaire pour la renaissance de Centrafrique (FPRC), faction de l'ex-r\u00e9bellion de la S\u00e9l\u00e9ka dirig\u00e9e par Noureddine Adam, a pos\u00e9 plusieurs conditions, a indiqu\u00e9 M. Tafani.<\/p>\n<p>Le FPRC veut notamment \"un accord politique qui pr\u00e9voit leur participation dans le gouvernement\", \"plus de programmes de d\u00e9veloppement dans leurs r\u00e9gions du nord\", ou la mise en place de \"forces mixtes musulmanes et chr\u00e9tiennes\", selon M. Tafani.<\/p>\n<p>L'autorit\u00e9 de l'Etat peine \u00e0 s'\u00e9tendre au-del\u00e0 de Bangui et la Minusca (12.500 hommes), qui s\u00e9curise en priorit\u00e9 les grandes villes, n'a rien pu faire pour \u00e9viter la mort il y a un mois de plusieurs dizaines de personnes - selon des t\u00e9moins -, victimes de bandes arm\u00e9es dans la r\u00e9gion de Bambari (centre), deuxi\u00e8me ville du pays.<\/p>\n<p>Pays \u00e0 l'histoire mouvement\u00e9 depuis son ind\u00e9pendance en 1960, la Centrafrique a connu dans le pass\u00e9 plusieurs processus de d\u00e9sarmement.<\/p>\n<p>\"Il est compliqu\u00e9 (pour les groupes arm\u00e9s, ndlr) d'abandonner certaines ressources tr\u00e8s importantes pour passer dans un m\u00e9tier normal\", explique M. Tafani, allusion \u00e0 l'enjeu du contr\u00f4le des richesses (or, diamant, commerce du b\u00e9tail...).<\/p>\n<p>\"Le DDR ne va pas r\u00e9soudre tous les probl\u00e8mes de la Centrafrique (...), il faut \u00eatre modeste et r\u00e9aliste\", rel\u00e8ve aupr\u00e8s de l'AFP le repr\u00e9sentant de la Banque mondiale en Centrafrique, Jean-Christophe Carret, qui estime que \"c'est le d\u00e9veloppement qui va emp\u00eacher les crises\". La Centrafrique est class\u00e9e 188e et derni\u00e8re \u00e0 l'Indice du d\u00e9veloppement humain (IDH).<\/p>\n<p>\"Il est important que l'on continue de maintenir la R\u00e9publique centrafricaine dans l'agenda de la communaut\u00e9 internationale, surtout sur les questions humanitaires\", avait soulign\u00e9 fin mars M. Touad\u00e9ra.<\/p>\n","protected":false},"excerpt":{"rendered":"<p>Des n\u00e9gociations sans pr\u00e9c\u00e9dent sous l'\u00e9gide de l'ONU entre le gouvernement centrafricain et l'ensemble des groupes arm\u00e9s du pays ont eu lieu en fin de semaine \u00e0 Bangui en vue d'acc\u00e9l\u00e9rer le d\u00e9sarmement de ces milices, responsables de nombreuses exactions. Pour la premi\u00e8re fois dans le programme de D\u00e9sarmement d\u00e9mobilisation r\u00e9insertion (DDR), le gouvernement s'est [&hellip;]<\/p>\n","protected":false},"author":60,"featured_media":68196,"comment_status":"open","ping_status":"closed","sticky":false,"template":"","format":"standard","meta":{"_acf_changed":false,"footnotes":""},"categories":[556],"tags":[],"ji_location":[2164],"class_list":["post-33066","post","type-post","status-publish","format-standard","has-post-thumbnail","hentry","category-divers","ji_location-republique-centrafricaine"],"acf":[],"yoast_head":"<!-- This site is optimized with the Yoast SEO Premium plugin v25.3.1 (Yoast SEO v25.3.1) - https:\/\/yoast.com\/wordpress\/plugins\/seo\/ -->\n<title>Centrafrique: n\u00e9gociations sans pr\u00e9c\u00e9dent en vue du d\u00e9sarmement des milices - JusticeInfo.net<\/title>\n<meta name=\"robots\" content=\"index, follow, max-snippet:-1, max-image-preview:large, max-video-preview:-1\" \/>\n<link rel=\"canonical\" href=\"https:\/\/www.justiceinfo.net\/fr\/33066-centrafrique-negociations-sans-precedent-en-vue-du-desarmement-des-milices.html\" \/>\n<meta property=\"og:locale\" content=\"fr_FR\" \/>\n<meta property=\"og:type\" content=\"article\" \/>\n<meta property=\"og:title\" content=\"Centrafrique: n\u00e9gociations sans pr\u00e9c\u00e9dent en vue du d\u00e9sarmement des milices\" \/>\n<meta property=\"og:description\" content=\"Des n\u00e9gociations sans pr\u00e9c\u00e9dent sous l&#039;\u00e9gide de l&#039;ONU entre le gouvernement centrafricain et l&#039;ensemble des groupes arm\u00e9s du pays ont eu lieu en fin de semaine \u00e0 Bangui en vue d&#039;acc\u00e9l\u00e9rer le d\u00e9sarmement de ces milices, responsables de nombreuses exactions. Pour la premi\u00e8re fois dans le programme de D\u00e9sarmement d\u00e9mobilisation r\u00e9insertion (DDR), le gouvernement s&#039;est [&hellip;]\" \/>\n<meta property=\"og:url\" content=\"https:\/\/www.justiceinfo.net\/fr\/33066-centrafrique-negociations-sans-precedent-en-vue-du-desarmement-des-milices.html\" \/>\n<meta property=\"og:site_name\" content=\"JusticeInfo.net\" \/>\n<meta property=\"article:publisher\" content=\"https:\/\/www.facebook.com\/JusticeInfo\/\" \/>\n<meta property=\"article:published_time\" content=\"2017-04-22T15:10:02+00:00\" \/>\n<meta property=\"og:image\" content=\"https:\/\/www.justiceinfo.net\/wp-content\/uploads\/d33e6fe51d1ace4fcca45ffa111ea08c-scaled.jpg\" \/>\n\t<meta property=\"og:image:width\" content=\"2560\" \/>\n\t<meta property=\"og:image:height\" content=\"1707\" \/>\n\t<meta property=\"og:image:type\" content=\"image\/jpeg\" \/>\n<meta name=\"author\" content=\"AFP\" \/>\n<meta name=\"twitter:card\" content=\"summary_large_image\" \/>\n<meta name=\"twitter:creator\" content=\"@justiceinfonet\" \/>\n<meta name=\"twitter:site\" content=\"@justiceinfonet\" \/>\n<meta name=\"twitter:label1\" content=\"\u00c9crit par\" \/>\n\t<meta name=\"twitter:data1\" content=\"AFP\" \/>\n\t<meta name=\"twitter:label2\" content=\"Dur\u00e9e de lecture estim\u00e9e\" \/>\n\t<meta name=\"twitter:data2\" content=\"4 minutes\" \/>\n<script type=\"application\/ld+json\" class=\"yoast-schema-graph\">{\"@context\":\"https:\/\/schema.org\",\"@graph\":[{\"@type\":\"NewsArticle\",\"@id\":\"https:\/\/www.justiceinfo.net\/fr\/33066-centrafrique-negociations-sans-precedent-en-vue-du-desarmement-des-milices.html#article\",\"isPartOf\":{\"@id\":\"https:\/\/www.justiceinfo.net\/fr\/33066-centrafrique-negociations-sans-precedent-en-vue-du-desarmement-des-milices.html\"},\"author\":{\"name\":\"afp\",\"@id\":\"https:\/\/www.justiceinfo.net\/fr#\/schema\/person\/713d340ef5f218fc36ce9b4244364a7f\"},\"headline\":\"Centrafrique: n\u00e9gociations sans pr\u00e9c\u00e9dent en vue du d\u00e9sarmement des milices\",\"datePublished\":\"2017-04-22T15:10:02+00:00\",\"mainEntityOfPage\":{\"@id\":\"https:\/\/www.justiceinfo.net\/fr\/33066-centrafrique-negociations-sans-precedent-en-vue-du-desarmement-des-milices.html\"},\"wordCount\":848,\"commentCount\":0,\"publisher\":{\"@id\":\"https:\/\/www.justiceinfo.net\/fr#organization\"},\"image\":{\"@id\":\"https:\/\/www.justiceinfo.net\/fr\/33066-centrafrique-negociations-sans-precedent-en-vue-du-desarmement-des-milices.html#primaryimage\"},\"thumbnailUrl\":\"https:\/\/www.justiceinfo.net\/wp-content\/uploads\/d33e6fe51d1ace4fcca45ffa111ea08c-scaled.jpg\",\"articleSection\":[\"Divers\"],\"inLanguage\":\"fr-FR\",\"potentialAction\":[{\"@type\":\"CommentAction\",\"name\":\"Comment\",\"target\":[\"https:\/\/www.justiceinfo.net\/fr\/33066-centrafrique-negociations-sans-precedent-en-vue-du-desarmement-des-milices.html#respond\"]}]},{\"@type\":\"WebPage\",\"@id\":\"https:\/\/www.justiceinfo.net\/fr\/33066-centrafrique-negociations-sans-precedent-en-vue-du-desarmement-des-milices.html\",\"url\":\"https:\/\/www.justiceinfo.net\/fr\/33066-centrafrique-negociations-sans-precedent-en-vue-du-desarmement-des-milices.html\",\"name\":\"Centrafrique: n\u00e9gociations sans pr\u00e9c\u00e9dent en vue du d\u00e9sarmement des milices - JusticeInfo.net\",\"isPartOf\":{\"@id\":\"https:\/\/www.justiceinfo.net\/fr#website\"},\"primaryImageOfPage\":{\"@id\":\"https:\/\/www.justiceinfo.net\/fr\/33066-centrafrique-negociations-sans-precedent-en-vue-du-desarmement-des-milices.html#primaryimage\"},\"image\":{\"@id\":\"https:\/\/www.justiceinfo.net\/fr\/33066-centrafrique-negociations-sans-precedent-en-vue-du-desarmement-des-milices.html#primaryimage\"},\"thumbnailUrl\":\"https:\/\/www.justiceinfo.net\/wp-content\/uploads\/d33e6fe51d1ace4fcca45ffa111ea08c-scaled.jpg\",\"datePublished\":\"2017-04-22T15:10:02+00:00\",\"breadcrumb\":{\"@id\":\"https:\/\/www.justiceinfo.net\/fr\/33066-centrafrique-negociations-sans-precedent-en-vue-du-desarmement-des-milices.html#breadcrumb\"},\"inLanguage\":\"fr-FR\",\"potentialAction\":[{\"@type\":\"ReadAction\",\"target\":[\"https:\/\/www.justiceinfo.net\/fr\/33066-centrafrique-negociations-sans-precedent-en-vue-du-desarmement-des-milices.html\"]}]},{\"@type\":\"ImageObject\",\"inLanguage\":\"fr-FR\",\"@id\":\"https:\/\/www.justiceinfo.net\/fr\/33066-centrafrique-negociations-sans-precedent-en-vue-du-desarmement-des-milices.html#primaryimage\",\"url\":\"https:\/\/www.justiceinfo.net\/wp-content\/uploads\/d33e6fe51d1ace4fcca45ffa111ea08c-scaled.jpg\",\"contentUrl\":\"https:\/\/www.justiceinfo.net\/wp-content\/uploads\/d33e6fe51d1ace4fcca45ffa111ea08c-scaled.jpg\",\"width\":2560,\"height\":1707},{\"@type\":\"BreadcrumbList\",\"@id\":\"https:\/\/www.justiceinfo.net\/fr\/33066-centrafrique-negociations-sans-precedent-en-vue-du-desarmement-des-milices.html#breadcrumb\",\"itemListElement\":[{\"@type\":\"ListItem\",\"position\":1,\"name\":\"Home\",\"item\":\"https:\/\/www.justiceinfo.net\/fr\"},{\"@type\":\"ListItem\",\"position\":2,\"name\":\"Centrafrique: n\u00e9gociations sans pr\u00e9c\u00e9dent en vue du d\u00e9sarmement des milices\"}]},{\"@type\":\"WebSite\",\"@id\":\"https:\/\/www.justiceinfo.net\/fr#website\",\"url\":\"https:\/\/www.justiceinfo.net\/fr\",\"name\":\"JusticeInfo.net\",\"description\":\"La justice doit \u00eatre vue pour \u00eatre rendue\",\"publisher\":{\"@id\":\"https:\/\/www.justiceinfo.net\/fr#organization\"},\"potentialAction\":[{\"@type\":\"SearchAction\",\"target\":{\"@type\":\"EntryPoint\",\"urlTemplate\":\"https:\/\/www.justiceinfo.net\/fr?s={search_term_string}\"},\"query-input\":{\"@type\":\"PropertyValueSpecification\",\"valueRequired\":true,\"valueName\":\"search_term_string\"}}],\"inLanguage\":\"fr-FR\"},{\"@type\":\"Organization\",\"@id\":\"https:\/\/www.justiceinfo.net\/fr#organization\",\"name\":\"Justice Info\",\"url\":\"https:\/\/www.justiceinfo.net\/fr\",\"logo\":{\"@type\":\"ImageObject\",\"inLanguage\":\"fr-FR\",\"@id\":\"https:\/\/www.justiceinfo.net\/fr#\/schema\/logo\/image\/\",\"url\":\"https:\/\/www.justiceinfo.net\/wp-content\/uploads\/justiceinfo_logo-trans_1200x1200px.png\",\"contentUrl\":\"https:\/\/www.justiceinfo.net\/wp-content\/uploads\/justiceinfo_logo-trans_1200x1200px.png\",\"width\":1199,\"height\":1200,\"caption\":\"Justice Info\"},\"image\":{\"@id\":\"https:\/\/www.justiceinfo.net\/fr#\/schema\/logo\/image\/\"},\"sameAs\":[\"https:\/\/www.facebook.com\/JusticeInfo\/\",\"https:\/\/x.com\/justiceinfonet\",\"https:\/\/www.linkedin.com\/company\/justice-info\",\"https:\/\/www.youtube.com\/channel\/UCyCEsARodyuWtkWyhn-e7pA\"]},{\"@type\":\"Person\",\"name\":\"AFP\",\"url\":\"\/fr\/?s=AFP\"}]}<\/script>\n<!-- \/ Yoast SEO Premium plugin. -->","yoast_head_json":{"title":"Centrafrique: n\u00e9gociations sans pr\u00e9c\u00e9dent en vue du d\u00e9sarmement des milices - JusticeInfo.net","robots":{"index":"index","follow":"follow","max-snippet":"max-snippet:-1","max-image-preview":"max-image-preview:large","max-video-preview":"max-video-preview:-1"},"canonical":"https:\/\/www.justiceinfo.net\/fr\/33066-centrafrique-negociations-sans-precedent-en-vue-du-desarmement-des-milices.html","og_locale":"fr_FR","og_type":"article","og_title":"Centrafrique: n\u00e9gociations sans pr\u00e9c\u00e9dent en vue du d\u00e9sarmement des milices","og_description":"Des n\u00e9gociations sans pr\u00e9c\u00e9dent sous l'\u00e9gide de l'ONU entre le gouvernement centrafricain et l'ensemble des groupes arm\u00e9s du pays ont eu lieu en fin de semaine \u00e0 Bangui en vue d'acc\u00e9l\u00e9rer le d\u00e9sarmement de ces milices, responsables de nombreuses exactions. Pour la premi\u00e8re fois dans le programme de D\u00e9sarmement d\u00e9mobilisation r\u00e9insertion (DDR), le gouvernement s'est [&hellip;]","og_url":"https:\/\/www.justiceinfo.net\/fr\/33066-centrafrique-negociations-sans-precedent-en-vue-du-desarmement-des-milices.html","og_site_name":"JusticeInfo.net","article_publisher":"https:\/\/www.facebook.com\/JusticeInfo\/","article_published_time":"2017-04-22T15:10:02+00:00","og_image":[{"width":2560,"height":1707,"url":"https:\/\/www.justiceinfo.net\/wp-content\/uploads\/d33e6fe51d1ace4fcca45ffa111ea08c-scaled.jpg","type":"image\/jpeg"}],"author":"AFP","twitter_card":"summary_large_image","twitter_creator":"@justiceinfonet","twitter_site":"@justiceinfonet","twitter_misc":{"\u00c9crit par":"AFP","Dur\u00e9e de lecture estim\u00e9e":"4 minutes"},"schema":{"@context":"https:\/\/schema.org","@graph":[{"@type":"NewsArticle","@id":"https:\/\/www.justiceinfo.net\/fr\/33066-centrafrique-negociations-sans-precedent-en-vue-du-desarmement-des-milices.html#article","isPartOf":{"@id":"https:\/\/www.justiceinfo.net\/fr\/33066-centrafrique-negociations-sans-precedent-en-vue-du-desarmement-des-milices.html"},"author":{"name":"afp","@id":"https:\/\/www.justiceinfo.net\/fr#\/schema\/person\/713d340ef5f218fc36ce9b4244364a7f"},"headline":"Centrafrique: n\u00e9gociations sans pr\u00e9c\u00e9dent en vue du d\u00e9sarmement des milices","datePublished":"2017-04-22T15:10:02+00:00","mainEntityOfPage":{"@id":"https:\/\/www.justiceinfo.net\/fr\/33066-centrafrique-negociations-sans-precedent-en-vue-du-desarmement-des-milices.html"},"wordCount":848,"commentCount":0,"publisher":{"@id":"https:\/\/www.justiceinfo.net\/fr#organization"},"image":{"@id":"https:\/\/www.justiceinfo.net\/fr\/33066-centrafrique-negociations-sans-precedent-en-vue-du-desarmement-des-milices.html#primaryimage"},"thumbnailUrl":"https:\/\/www.justiceinfo.net\/wp-content\/uploads\/d33e6fe51d1ace4fcca45ffa111ea08c-scaled.jpg","articleSection":["Divers"],"inLanguage":"fr-FR","potentialAction":[{"@type":"CommentAction","name":"Comment","target":["https:\/\/www.justiceinfo.net\/fr\/33066-centrafrique-negociations-sans-precedent-en-vue-du-desarmement-des-milices.html#respond"]}]},{"@type":"WebPage","@id":"https:\/\/www.justiceinfo.net\/fr\/33066-centrafrique-negociations-sans-precedent-en-vue-du-desarmement-des-milices.html","url":"https:\/\/www.justiceinfo.net\/fr\/33066-centrafrique-negociations-sans-precedent-en-vue-du-desarmement-des-milices.html","name":"Centrafrique: n\u00e9gociations sans pr\u00e9c\u00e9dent en vue du d\u00e9sarmement des milices - JusticeInfo.net","isPartOf":{"@id":"https:\/\/www.justiceinfo.net\/fr#website"},"primaryImageOfPage":{"@id":"https:\/\/www.justiceinfo.net\/fr\/33066-centrafrique-negociations-sans-precedent-en-vue-du-desarmement-des-milices.html#primaryimage"},"image":{"@id":"https:\/\/www.justiceinfo.net\/fr\/33066-centrafrique-negociations-sans-precedent-en-vue-du-desarmement-des-milices.html#primaryimage"},"thumbnailUrl":"https:\/\/www.justiceinfo.net\/wp-content\/uploads\/d33e6fe51d1ace4fcca45ffa111ea08c-scaled.jpg","datePublished":"2017-04-22T15:10:02+00:00","breadcrumb":{"@id":"https:\/\/www.justiceinfo.net\/fr\/33066-centrafrique-negociations-sans-precedent-en-vue-du-desarmement-des-milices.html#breadcrumb"},"inLanguage":"fr-FR","potentialAction":[{"@type":"ReadAction","target":["https:\/\/www.justiceinfo.net\/fr\/33066-centrafrique-negociations-sans-precedent-en-vue-du-desarmement-des-milices.html"]}]},{"@type":"ImageObject","inLanguage":"fr-FR","@id":"https:\/\/www.justiceinfo.net\/fr\/33066-centrafrique-negociations-sans-precedent-en-vue-du-desarmement-des-milices.html#primaryimage","url":"https:\/\/www.justiceinfo.net\/wp-content\/uploads\/d33e6fe51d1ace4fcca45ffa111ea08c-scaled.jpg","contentUrl":"https:\/\/www.justiceinfo.net\/wp-content\/uploads\/d33e6fe51d1ace4fcca45ffa111ea08c-scaled.jpg","width":2560,"height":1707},{"@type":"BreadcrumbList","@id":"https:\/\/www.justiceinfo.net\/fr\/33066-centrafrique-negociations-sans-precedent-en-vue-du-desarmement-des-milices.html#breadcrumb","itemListElement":[{"@type":"ListItem","position":1,"name":"Home","item":"https:\/\/www.justiceinfo.net\/fr"},{"@type":"ListItem","position":2,"name":"Centrafrique: n\u00e9gociations sans pr\u00e9c\u00e9dent en vue du d\u00e9sarmement des milices"}]},{"@type":"WebSite","@id":"https:\/\/www.justiceinfo.net\/fr#website","url":"https:\/\/www.justiceinfo.net\/fr","name":"JusticeInfo.net","description":"La justice doit \u00eatre vue pour \u00eatre rendue","publisher":{"@id":"https:\/\/www.justiceinfo.net\/fr#organization"},"potentialAction":[{"@type":"SearchAction","target":{"@type":"EntryPoint","urlTemplate":"https:\/\/www.justiceinfo.net\/fr?s={search_term_string}"},"query-input":{"@type":"PropertyValueSpecification","valueRequired":true,"valueName":"search_term_string"}}],"inLanguage":"fr-FR"},{"@type":"Organization","@id":"https:\/\/www.justiceinfo.net\/fr#organization","name":"Justice Info","url":"https:\/\/www.justiceinfo.net\/fr","logo":{"@type":"ImageObject","inLanguage":"fr-FR","@id":"https:\/\/www.justiceinfo.net\/fr#\/schema\/logo\/image\/","url":"https:\/\/www.justiceinfo.net\/wp-content\/uploads\/justiceinfo_logo-trans_1200x1200px.png","contentUrl":"https:\/\/www.justiceinfo.net\/wp-content\/uploads\/justiceinfo_logo-trans_1200x1200px.png","width":1199,"height":1200,"caption":"Justice Info"},"image":{"@id":"https:\/\/www.justiceinfo.net\/fr#\/schema\/logo\/image\/"},"sameAs":["https:\/\/www.facebook.com\/JusticeInfo\/","https:\/\/x.com\/justiceinfonet","https:\/\/www.linkedin.com\/company\/justice-info","https:\/\/www.youtube.com\/channel\/UCyCEsARodyuWtkWyhn-e7pA"]},{"@type":"Person","name":"AFP","url":"\/fr\/?s=AFP"}]}},"_links":{"self":[{"href":"https:\/\/www.justiceinfo.net\/fr\/wp-json\/wp\/v2\/posts\/33066","targetHints":{"allow":["GET"]}}],"collection":[{"href":"https:\/\/www.justiceinfo.net\/fr\/wp-json\/wp\/v2\/posts"}],"about":[{"href":"https:\/\/www.justiceinfo.net\/fr\/wp-json\/wp\/v2\/types\/post"}],"author":[{"embeddable":true,"href":"https:\/\/www.justiceinfo.net\/fr\/wp-json\/wp\/v2\/users\/60"}],"replies":[{"embeddable":true,"href":"https:\/\/www.justiceinfo.net\/fr\/wp-json\/wp\/v2\/comments?post=33066"}],"version-history":[{"count":0,"href":"https:\/\/www.justiceinfo.net\/fr\/wp-json\/wp\/v2\/posts\/33066\/revisions"}],"wp:featuredmedia":[{"embeddable":true,"href":"https:\/\/www.justiceinfo.net\/fr\/wp-json\/wp\/v2\/media\/68196"}],"wp:attachment":[{"href":"https:\/\/www.justiceinfo.net\/fr\/wp-json\/wp\/v2\/media?parent=33066"}],"wp:term":[{"taxonomy":"category","embeddable":true,"href":"https:\/\/www.justiceinfo.net\/fr\/wp-json\/wp\/v2\/categories?post=33066"},{"taxonomy":"post_tag","embeddable":true,"href":"https:\/\/www.justiceinfo.net\/fr\/wp-json\/wp\/v2\/tags?post=33066"},{"taxonomy":"ji_location","embeddable":true,"href":"https:\/\/www.justiceinfo.net\/fr\/wp-json\/wp\/v2\/ji_location?post=33066"}],"curies":[{"name":"wp","href":"https:\/\/api.w.org\/{rel}","templated":true}]}}