{"id":33159,"date":"2017-04-28T07:46:35","date_gmt":"2017-04-28T05:46:35","guid":{"rendered":"https:\/\/www.justiceinfo.net\/33159-senegal-tchad-la-condamnation-de-habre-confirme-par-les-chambres-africaines-extraordinaires.html"},"modified":"2017-04-28T07:46:35","modified_gmt":"2017-04-28T05:46:35","slug":"senegal-tchad-la-condamnation-de-habre-confirme-par-les-chambres-africaines-extraordinaires","status":"publish","type":"post","link":"https:\/\/www.justiceinfo.net\/fr\/33159-senegal-tchad-la-condamnation-de-habre-confirme-par-les-chambres-africaines-extraordinaires.html","title":{"rendered":"La condamnation de Habr\u00e9, une victoire pour les victimes, selon HRW"},"content":{"rendered":"<div class=\"content-excerpt\">\n<p>(Nairobi) \u2013 La confirmation, le 27 avril 2017, par les Chambres africaines extraordinaires au sein des juridictions s\u00e9n\u00e9galaises, de la condamnation de l\u2019ancien pr\u00e9sident tchadien <a href=\"https:\/\/www.hrw.org\/fr\/tag\/hissene-habre\" target=\"_blank\" rel=\"noopener\">Hiss\u00e8ne Habr\u00e9<\/a> donne raison \u00e0 la persistance des victimes \u00e0 obtenir justice et \u00e0 lutter contre l\u2019impunit\u00e9 en Afrique, a d\u00e9clar\u00e9 aujourd\u2019hui Human Rights Watch.<\/p>\n<\/div>\n<p>Le 30 mai 2016, les Chambres africaines extraordinaires ont condamn\u00e9 Habr\u00e9 \u00e0 la prison \u00e0 vie pour actes de torture, crimes de guerre et crimes contre l\u2019humanit\u00e9. Les Chambres ont \u00e9t\u00e9 inaugur\u00e9es par le\u00a0<a href=\"https:\/\/www.hrw.org\/fr\/africa\/senegal\" target=\"_blank\" rel=\"noopener\">S\u00e9n\u00e9gal<\/a>\u00a0et l\u2019Union africaine en f\u00e9vrier 2013 pour poursuivre \u00ab\u00a0<em>le ou les principaux responsables<\/em>\u00a0\u00bb des crimes internationaux commis au\u00a0<a href=\"https:\/\/www.hrw.org\/fr\/africa\/chad\" target=\"_blank\" rel=\"noopener\">Tchad<\/a>\u00a0entre 1982 et 1990, lorsque Habr\u00e9 \u00e9tait au pouvoir dans ce pays.<\/p>\n<p><em>\u00ab\u00a0<\/em><em>Depuis plus de 26 ans, les nombreuses victimes des crimes de Hiss\u00e8ne Habr\u00e9 ont courageusement lutt\u00e9 pour que justice soit faite\u00a0\u00bb<\/em>, a d\u00e9clar\u00e9 <a href=\"https:\/\/www.hrw.org\/fr\/about\/people\/richard-dicker\" target=\"_blank\" rel=\"noopener\">Richard Dicker<\/a>, directeur du programme Justice internationale \u00e0 Human Rights Watch. \u00a0<em>\u00ab\u00a0Aujourd\u2019hui, leur calvaire prend fin avec la condamnation d\u00e9finitive \u00e0 perp\u00e9tuit\u00e9 d\u2019un dirigeant autrefois intouchable, redonnant de l\u2019espoir aux victimes partout dans le monde.\u00a0\u00bb<\/em><\/p>\n<p>Le proc\u00e8s de Hiss\u00e8ne Habr\u00e9, qui avait d\u00e9but\u00e9 le 20 juillet 2015, a \u00e9t\u00e9 le premier lors duquel les juridictions d\u2019un \u00c9tat ont jug\u00e9 le dirigeant d\u2019un autre \u00c9tat pour des all\u00e9gations de violations des droits humains. Il s\u2019est aussi agi du premier recours au principe de la comp\u00e9tence universelle ayant abouti \u00e0 un proc\u00e8s en Afrique. La comp\u00e9tence universelle est un concept de droit international qui permet \u00e0 des tribunaux nationaux de poursuivre l\u2019auteur pr\u00e9sum\u00e9 de crimes particuli\u00e8rement graves commis \u00e0 l\u2019\u00e9tranger, quelle que soit sa nationalit\u00e9 ou celle des victimes.<\/p>\n<p>Habr\u00e9 a fui au S\u00e9n\u00e9gal en 1990 apr\u00e8s avoir \u00e9t\u00e9 renvers\u00e9 par le pr\u00e9sident tchadien Idriss D\u00e9by Itno. En d\u00e9pit de son arrestation puis de sa premi\u00e8re condamnation au S\u00e9n\u00e9gal en 2000, il a fallu que ses victimes se lancent dans une longue campagne pour que les Chambres africaines extraordinaires soient inaugur\u00e9es en f\u00e9vrier 2013 pour juger des crimes internationaux commis au Tchad sous le r\u00e8gne de Habr\u00e9.<\/p>\n<p>Le r\u00e9gime \u00e0 parti unique de Hiss\u00e8ne Habr\u00e9 (1982-1990) a \u00e9t\u00e9 marqu\u00e9 par des atrocit\u00e9s massives et g\u00e9n\u00e9ralis\u00e9es, dont des r\u00e9pressions ethniques cibl\u00e9es. Les documents de la Direction de la Documentation et de la S\u00e9curit\u00e9 (DDS), retrouv\u00e9s par Human Rights Watch en 2001, ont r\u00e9v\u00e9l\u00e9 les noms de 1\u00a0208 personnes ex\u00e9cut\u00e9es ou d\u00e9c\u00e9d\u00e9es en d\u00e9tention, et de 12\u00a0321 victimes de violations des droits humains.<\/p>\n<p>Human Rights Watch a largement document\u00e9 la responsabilit\u00e9 du gouvernement Habr\u00e9 dans [des massacres politiques g\u00e9n\u00e9ralis\u00e9s] se nombreux assassinats politiques, le recours syst\u00e9matique \u00e0 la torture et des milliers d\u2019arrestations arbitraires. \u00a0Avec des groupes de victimes et des militants des droits humains du Tchad, Human Rights Watch a \u0153uvr\u00e9 pendant plus de 15 ans \u00e0 promouvoir la justice pour ces crimes. La d\u00e9cision des Chambres africaines extraordinaires du 27 avril marque l\u2019aboutissement de ces efforts.<\/p>\n<p>\u00a0<\/p>\n<p>Cet article a pr\u00e9c\u00e9demment \u00e9t\u00e9 publi\u00e9 par <a href=\"https:\/\/www.hrw.org\/fr\/news\/2017\/04\/27\/senegal\/tchad-la-condamnation-de-habre-confirmee-par-les-chambres-africaines\" target=\"_blank\" rel=\"noopener\">Human Rights Watch<\/a>.<\/p>\n","protected":false},"excerpt":{"rendered":"<p>(Nairobi) \u2013 La confirmation, le 27 avril 2017, par les Chambres africaines extraordinaires au sein des juridictions s\u00e9n\u00e9galaises, de la condamnation de l\u2019ancien pr\u00e9sident tchadien Hiss\u00e8ne Habr\u00e9 donne raison \u00e0 la persistance des victimes \u00e0 obtenir justice et \u00e0 lutter contre l\u2019impunit\u00e9 en Afrique, a d\u00e9clar\u00e9 aujourd\u2019hui Human Rights Watch. Le 30 mai 2016, les [&hellip;]<\/p>\n","protected":false},"author":63,"featured_media":0,"comment_status":"open","ping_status":"closed","sticky":false,"template":"","format":"standard","meta":{"_acf_changed":false,"footnotes":""},"categories":[575],"tags":[],"ji_location":[2166],"class_list":["post-33159","post","type-post","status-publish","format-standard","hentry","category-opinions","ji_location-tchad"],"acf":[],"yoast_head":"<!-- This site is optimized with the Yoast SEO Premium plugin v25.3.1 (Yoast SEO v25.3.1) - https:\/\/yoast.com\/wordpress\/plugins\/seo\/ -->\n<title>La condamnation de Habr\u00e9, une victoire pour les victimes, selon HRW - JusticeInfo.net<\/title>\n<meta name=\"robots\" content=\"index, follow, max-snippet:-1, max-image-preview:large, max-video-preview:-1\" \/>\n<link rel=\"canonical\" href=\"https:\/\/www.justiceinfo.net\/fr\/33159-senegal-tchad-la-condamnation-de-habre-confirme-par-les-chambres-africaines-extraordinaires.html\" \/>\n<meta property=\"og:locale\" content=\"fr_FR\" \/>\n<meta property=\"og:type\" content=\"article\" \/>\n<meta property=\"og:title\" content=\"La condamnation de Habr\u00e9, une victoire pour les victimes, selon HRW\" \/>\n<meta property=\"og:description\" content=\"(Nairobi) \u2013 La confirmation, le 27 avril 2017, par les Chambres africaines extraordinaires au sein des juridictions s\u00e9n\u00e9galaises, de la condamnation de l\u2019ancien pr\u00e9sident tchadien Hiss\u00e8ne Habr\u00e9 donne raison \u00e0 la persistance des victimes \u00e0 obtenir justice et \u00e0 lutter contre l\u2019impunit\u00e9 en Afrique, a d\u00e9clar\u00e9 aujourd\u2019hui Human Rights Watch. Le 30 mai 2016, les [&hellip;]\" \/>\n<meta property=\"og:url\" content=\"https:\/\/www.justiceinfo.net\/fr\/33159-senegal-tchad-la-condamnation-de-habre-confirme-par-les-chambres-africaines-extraordinaires.html\" \/>\n<meta property=\"og:site_name\" content=\"JusticeInfo.net\" \/>\n<meta property=\"article:publisher\" content=\"https:\/\/www.facebook.com\/JusticeInfo\/\" \/>\n<meta property=\"article:published_time\" content=\"2017-04-28T05:46:35+00:00\" \/>\n<meta property=\"og:image\" content=\"https:\/\/www.justiceinfo.net\/wp-content\/uploads\/JusticeInfoNet_logo_1200x630px.jpg\" \/>\n\t<meta property=\"og:image:width\" content=\"1200\" \/>\n\t<meta property=\"og:image:height\" content=\"630\" \/>\n\t<meta property=\"og:image:type\" content=\"image\/jpeg\" \/>\n<meta name=\"author\" content=\"Human Rights Watch\" \/>\n<meta name=\"twitter:card\" content=\"summary_large_image\" \/>\n<meta name=\"twitter:creator\" content=\"@justiceinfonet\" \/>\n<meta name=\"twitter:site\" content=\"@justiceinfonet\" \/>\n<meta name=\"twitter:label1\" content=\"\u00c9crit par\" \/>\n\t<meta name=\"twitter:data1\" content=\"Human Rights Watch\" \/>\n\t<meta name=\"twitter:label2\" content=\"Dur\u00e9e de lecture estim\u00e9e\" \/>\n\t<meta name=\"twitter:data2\" content=\"3 minutes\" \/>\n<script type=\"application\/ld+json\" class=\"yoast-schema-graph\">{\"@context\":\"https:\/\/schema.org\",\"@graph\":[{\"@type\":\"NewsArticle\",\"@id\":\"https:\/\/www.justiceinfo.net\/fr\/33159-senegal-tchad-la-condamnation-de-habre-confirme-par-les-chambres-africaines-extraordinaires.html#article\",\"isPartOf\":{\"@id\":\"https:\/\/www.justiceinfo.net\/fr\/33159-senegal-tchad-la-condamnation-de-habre-confirme-par-les-chambres-africaines-extraordinaires.html\"},\"author\":{\"name\":\"civiliste\",\"@id\":\"https:\/\/www.justiceinfo.net\/fr#\/schema\/person\/015ad428615c9bd082c2b6aa8df6cad0\"},\"headline\":\"La condamnation de Habr\u00e9, une victoire pour les victimes, selon HRW\",\"datePublished\":\"2017-04-28T05:46:35+00:00\",\"mainEntityOfPage\":{\"@id\":\"https:\/\/www.justiceinfo.net\/fr\/33159-senegal-tchad-la-condamnation-de-habre-confirme-par-les-chambres-africaines-extraordinaires.html\"},\"wordCount\":536,\"commentCount\":0,\"publisher\":{\"@id\":\"https:\/\/www.justiceinfo.net\/fr#organization\"},\"articleSection\":[\"Opinions\"],\"inLanguage\":\"fr-FR\",\"potentialAction\":[{\"@type\":\"CommentAction\",\"name\":\"Comment\",\"target\":[\"https:\/\/www.justiceinfo.net\/fr\/33159-senegal-tchad-la-condamnation-de-habre-confirme-par-les-chambres-africaines-extraordinaires.html#respond\"]}]},{\"@type\":\"WebPage\",\"@id\":\"https:\/\/www.justiceinfo.net\/fr\/33159-senegal-tchad-la-condamnation-de-habre-confirme-par-les-chambres-africaines-extraordinaires.html\",\"url\":\"https:\/\/www.justiceinfo.net\/fr\/33159-senegal-tchad-la-condamnation-de-habre-confirme-par-les-chambres-africaines-extraordinaires.html\",\"name\":\"La condamnation de Habr\u00e9, une victoire pour les victimes, selon HRW - JusticeInfo.net\",\"isPartOf\":{\"@id\":\"https:\/\/www.justiceinfo.net\/fr#website\"},\"datePublished\":\"2017-04-28T05:46:35+00:00\",\"breadcrumb\":{\"@id\":\"https:\/\/www.justiceinfo.net\/fr\/33159-senegal-tchad-la-condamnation-de-habre-confirme-par-les-chambres-africaines-extraordinaires.html#breadcrumb\"},\"inLanguage\":\"fr-FR\",\"potentialAction\":[{\"@type\":\"ReadAction\",\"target\":[\"https:\/\/www.justiceinfo.net\/fr\/33159-senegal-tchad-la-condamnation-de-habre-confirme-par-les-chambres-africaines-extraordinaires.html\"]}]},{\"@type\":\"BreadcrumbList\",\"@id\":\"https:\/\/www.justiceinfo.net\/fr\/33159-senegal-tchad-la-condamnation-de-habre-confirme-par-les-chambres-africaines-extraordinaires.html#breadcrumb\",\"itemListElement\":[{\"@type\":\"ListItem\",\"position\":1,\"name\":\"Home\",\"item\":\"https:\/\/www.justiceinfo.net\/fr\"},{\"@type\":\"ListItem\",\"position\":2,\"name\":\"La condamnation de Habr\u00e9, une victoire pour les victimes, selon HRW\"}]},{\"@type\":\"WebSite\",\"@id\":\"https:\/\/www.justiceinfo.net\/fr#website\",\"url\":\"https:\/\/www.justiceinfo.net\/fr\",\"name\":\"JusticeInfo.net\",\"description\":\"La justice doit \u00eatre vue pour \u00eatre rendue\",\"publisher\":{\"@id\":\"https:\/\/www.justiceinfo.net\/fr#organization\"},\"potentialAction\":[{\"@type\":\"SearchAction\",\"target\":{\"@type\":\"EntryPoint\",\"urlTemplate\":\"https:\/\/www.justiceinfo.net\/fr?s={search_term_string}\"},\"query-input\":{\"@type\":\"PropertyValueSpecification\",\"valueRequired\":true,\"valueName\":\"search_term_string\"}}],\"inLanguage\":\"fr-FR\"},{\"@type\":\"Organization\",\"@id\":\"https:\/\/www.justiceinfo.net\/fr#organization\",\"name\":\"Justice Info\",\"url\":\"https:\/\/www.justiceinfo.net\/fr\",\"logo\":{\"@type\":\"ImageObject\",\"inLanguage\":\"fr-FR\",\"@id\":\"https:\/\/www.justiceinfo.net\/fr#\/schema\/logo\/image\/\",\"url\":\"https:\/\/www.justiceinfo.net\/wp-content\/uploads\/justiceinfo_logo-trans_1200x1200px.png\",\"contentUrl\":\"https:\/\/www.justiceinfo.net\/wp-content\/uploads\/justiceinfo_logo-trans_1200x1200px.png\",\"width\":1199,\"height\":1200,\"caption\":\"Justice Info\"},\"image\":{\"@id\":\"https:\/\/www.justiceinfo.net\/fr#\/schema\/logo\/image\/\"},\"sameAs\":[\"https:\/\/www.facebook.com\/JusticeInfo\/\",\"https:\/\/x.com\/justiceinfonet\",\"https:\/\/www.linkedin.com\/company\/justice-info\",\"https:\/\/www.youtube.com\/channel\/UCyCEsARodyuWtkWyhn-e7pA\"]},{\"@type\":\"Person\",\"name\":\"Human Rights Watch\",\"url\":\"\/fr\/?s=Human Rights Watch\"}]}<\/script>\n<!-- \/ Yoast SEO Premium plugin. -->","yoast_head_json":{"title":"La condamnation de Habr\u00e9, une victoire pour les victimes, selon HRW - JusticeInfo.net","robots":{"index":"index","follow":"follow","max-snippet":"max-snippet:-1","max-image-preview":"max-image-preview:large","max-video-preview":"max-video-preview:-1"},"canonical":"https:\/\/www.justiceinfo.net\/fr\/33159-senegal-tchad-la-condamnation-de-habre-confirme-par-les-chambres-africaines-extraordinaires.html","og_locale":"fr_FR","og_type":"article","og_title":"La condamnation de Habr\u00e9, une victoire pour les victimes, selon HRW","og_description":"(Nairobi) \u2013 La confirmation, le 27 avril 2017, par les Chambres africaines extraordinaires au sein des juridictions s\u00e9n\u00e9galaises, de la condamnation de l\u2019ancien pr\u00e9sident tchadien Hiss\u00e8ne Habr\u00e9 donne raison \u00e0 la persistance des victimes \u00e0 obtenir justice et \u00e0 lutter contre l\u2019impunit\u00e9 en Afrique, a d\u00e9clar\u00e9 aujourd\u2019hui Human Rights Watch. Le 30 mai 2016, les [&hellip;]","og_url":"https:\/\/www.justiceinfo.net\/fr\/33159-senegal-tchad-la-condamnation-de-habre-confirme-par-les-chambres-africaines-extraordinaires.html","og_site_name":"JusticeInfo.net","article_publisher":"https:\/\/www.facebook.com\/JusticeInfo\/","article_published_time":"2017-04-28T05:46:35+00:00","og_image":[{"width":1200,"height":630,"url":"https:\/\/www.justiceinfo.net\/wp-content\/uploads\/JusticeInfoNet_logo_1200x630px.jpg","type":"image\/jpeg"}],"author":"Human Rights Watch","twitter_card":"summary_large_image","twitter_creator":"@justiceinfonet","twitter_site":"@justiceinfonet","twitter_misc":{"\u00c9crit par":"Human Rights Watch","Dur\u00e9e de lecture estim\u00e9e":"3 minutes"},"schema":{"@context":"https:\/\/schema.org","@graph":[{"@type":"NewsArticle","@id":"https:\/\/www.justiceinfo.net\/fr\/33159-senegal-tchad-la-condamnation-de-habre-confirme-par-les-chambres-africaines-extraordinaires.html#article","isPartOf":{"@id":"https:\/\/www.justiceinfo.net\/fr\/33159-senegal-tchad-la-condamnation-de-habre-confirme-par-les-chambres-africaines-extraordinaires.html"},"author":{"name":"civiliste","@id":"https:\/\/www.justiceinfo.net\/fr#\/schema\/person\/015ad428615c9bd082c2b6aa8df6cad0"},"headline":"La condamnation de Habr\u00e9, une victoire pour les victimes, selon HRW","datePublished":"2017-04-28T05:46:35+00:00","mainEntityOfPage":{"@id":"https:\/\/www.justiceinfo.net\/fr\/33159-senegal-tchad-la-condamnation-de-habre-confirme-par-les-chambres-africaines-extraordinaires.html"},"wordCount":536,"commentCount":0,"publisher":{"@id":"https:\/\/www.justiceinfo.net\/fr#organization"},"articleSection":["Opinions"],"inLanguage":"fr-FR","potentialAction":[{"@type":"CommentAction","name":"Comment","target":["https:\/\/www.justiceinfo.net\/fr\/33159-senegal-tchad-la-condamnation-de-habre-confirme-par-les-chambres-africaines-extraordinaires.html#respond"]}]},{"@type":"WebPage","@id":"https:\/\/www.justiceinfo.net\/fr\/33159-senegal-tchad-la-condamnation-de-habre-confirme-par-les-chambres-africaines-extraordinaires.html","url":"https:\/\/www.justiceinfo.net\/fr\/33159-senegal-tchad-la-condamnation-de-habre-confirme-par-les-chambres-africaines-extraordinaires.html","name":"La condamnation de Habr\u00e9, une victoire pour les victimes, selon HRW - JusticeInfo.net","isPartOf":{"@id":"https:\/\/www.justiceinfo.net\/fr#website"},"datePublished":"2017-04-28T05:46:35+00:00","breadcrumb":{"@id":"https:\/\/www.justiceinfo.net\/fr\/33159-senegal-tchad-la-condamnation-de-habre-confirme-par-les-chambres-africaines-extraordinaires.html#breadcrumb"},"inLanguage":"fr-FR","potentialAction":[{"@type":"ReadAction","target":["https:\/\/www.justiceinfo.net\/fr\/33159-senegal-tchad-la-condamnation-de-habre-confirme-par-les-chambres-africaines-extraordinaires.html"]}]},{"@type":"BreadcrumbList","@id":"https:\/\/www.justiceinfo.net\/fr\/33159-senegal-tchad-la-condamnation-de-habre-confirme-par-les-chambres-africaines-extraordinaires.html#breadcrumb","itemListElement":[{"@type":"ListItem","position":1,"name":"Home","item":"https:\/\/www.justiceinfo.net\/fr"},{"@type":"ListItem","position":2,"name":"La condamnation de Habr\u00e9, une victoire pour les victimes, selon HRW"}]},{"@type":"WebSite","@id":"https:\/\/www.justiceinfo.net\/fr#website","url":"https:\/\/www.justiceinfo.net\/fr","name":"JusticeInfo.net","description":"La justice doit \u00eatre vue pour \u00eatre rendue","publisher":{"@id":"https:\/\/www.justiceinfo.net\/fr#organization"},"potentialAction":[{"@type":"SearchAction","target":{"@type":"EntryPoint","urlTemplate":"https:\/\/www.justiceinfo.net\/fr?s={search_term_string}"},"query-input":{"@type":"PropertyValueSpecification","valueRequired":true,"valueName":"search_term_string"}}],"inLanguage":"fr-FR"},{"@type":"Organization","@id":"https:\/\/www.justiceinfo.net\/fr#organization","name":"Justice Info","url":"https:\/\/www.justiceinfo.net\/fr","logo":{"@type":"ImageObject","inLanguage":"fr-FR","@id":"https:\/\/www.justiceinfo.net\/fr#\/schema\/logo\/image\/","url":"https:\/\/www.justiceinfo.net\/wp-content\/uploads\/justiceinfo_logo-trans_1200x1200px.png","contentUrl":"https:\/\/www.justiceinfo.net\/wp-content\/uploads\/justiceinfo_logo-trans_1200x1200px.png","width":1199,"height":1200,"caption":"Justice Info"},"image":{"@id":"https:\/\/www.justiceinfo.net\/fr#\/schema\/logo\/image\/"},"sameAs":["https:\/\/www.facebook.com\/JusticeInfo\/","https:\/\/x.com\/justiceinfonet","https:\/\/www.linkedin.com\/company\/justice-info","https:\/\/www.youtube.com\/channel\/UCyCEsARodyuWtkWyhn-e7pA"]},{"@type":"Person","name":"Human Rights Watch","url":"\/fr\/?s=Human Rights Watch"}]}},"_links":{"self":[{"href":"https:\/\/www.justiceinfo.net\/fr\/wp-json\/wp\/v2\/posts\/33159","targetHints":{"allow":["GET"]}}],"collection":[{"href":"https:\/\/www.justiceinfo.net\/fr\/wp-json\/wp\/v2\/posts"}],"about":[{"href":"https:\/\/www.justiceinfo.net\/fr\/wp-json\/wp\/v2\/types\/post"}],"author":[{"embeddable":true,"href":"https:\/\/www.justiceinfo.net\/fr\/wp-json\/wp\/v2\/users\/63"}],"replies":[{"embeddable":true,"href":"https:\/\/www.justiceinfo.net\/fr\/wp-json\/wp\/v2\/comments?post=33159"}],"version-history":[{"count":0,"href":"https:\/\/www.justiceinfo.net\/fr\/wp-json\/wp\/v2\/posts\/33159\/revisions"}],"wp:attachment":[{"href":"https:\/\/www.justiceinfo.net\/fr\/wp-json\/wp\/v2\/media?parent=33159"}],"wp:term":[{"taxonomy":"category","embeddable":true,"href":"https:\/\/www.justiceinfo.net\/fr\/wp-json\/wp\/v2\/categories?post=33159"},{"taxonomy":"post_tag","embeddable":true,"href":"https:\/\/www.justiceinfo.net\/fr\/wp-json\/wp\/v2\/tags?post=33159"},{"taxonomy":"ji_location","embeddable":true,"href":"https:\/\/www.justiceinfo.net\/fr\/wp-json\/wp\/v2\/ji_location?post=33159"}],"curies":[{"name":"wp","href":"https:\/\/api.w.org\/{rel}","templated":true}]}}