{"id":33162,"date":"2017-04-28T08:30:59","date_gmt":"2017-04-28T06:30:59","guid":{"rendered":"https:\/\/www.justiceinfo.net\/33162-crimes-de-guerre-contraste-saisissant-entre-la-justice-de-lunion-africaine-et-celle-de-lunion-europeenne.html"},"modified":"2017-04-28T08:30:59","modified_gmt":"2017-04-28T06:30:59","slug":"crimes-de-guerre-contraste-saisissant-entre-la-justice-de-lunion-africaine-et-celle-de-lunion-europeenne","status":"publish","type":"post","link":"https:\/\/www.justiceinfo.net\/fr\/33162-crimes-de-guerre-contraste-saisissant-entre-la-justice-de-lunion-africaine-et-celle-de-lunion-europeenne.html","title":{"rendered":"Crimes de guerre : contraste saisissant entre la justice de l\u2019Union africaine et celle de l\u2019Union europ\u00e9enne"},"content":{"rendered":"<p><strong><em>Le contraste ne saurait <\/em><\/strong><strong><em>\u00eatre plus saisissant. L\u2019Union africaine et l\u2019Union europ\u00e9enne ont pour la premi\u00e8re fois, cr\u00e9\u00e9 chacune un tribunal p\u00e9nal r\u00e9gional pour juger les auteurs de crimes de guerre et de crimes contre l\u2019humanit\u00e9. Mais le r\u00e9sultat est radicalement diff\u00e9rent et la comparaison gu\u00e8re flatteuse pour l\u2019Europe.<\/em><\/strong><\/p>\n<p>Ce jeudi, en appel, les juges des <a href=\"http:\/\/www.chambresafricaines.org\">Chambres africaines extraordinaires<\/a> (CAE) qui si\u00e8gent \u00e0 Dakar ont confirm\u00e9 la culpabilit\u00e9 de l\u2019ex-dictateur tchadien, Hiss\u00e8ne Habr\u00e9, pour crimes de guerre et crimes contre l\u2019humanit\u00e9 et l\u2019ont condamn\u00e9 \u00e0 la perp\u00e9tuit\u00e9. En revanche, les <a href=\"https:\/\/www.scp-ks.org\/en\">Chambres sp\u00e9ciales pour le Kosovo<\/a>, cr\u00e9\u00e9es par l\u2019Union europ\u00e9enne, ont toutes les difficult\u00e9s \u00e0 se mettre en place.<\/p>\n<p>L\u2019ex-procureur suisse Dick Marty, l\u2019auteur du <a href=\"http:\/\/assembly.coe.int\/nw\/xml\/News\/FeaturesManager-View-FR.asp?ID=964\">rapport explosif<\/a> du Conseil de l\u2019Europe o\u00f9 il accusait en d\u00e9cembre 2010 certains des plus hauts dirigeants de l\u2019arm\u00e9e de lib\u00e9ration du Kosovo (UCK) d\u2019avoir commis des assassinats et de s\u2019\u00eatre livr\u00e9s \u00e0 des trafics d\u2019organes, ne croit pas en la capacit\u00e9 de la justice internationale de faire son travail. Alors qu\u2019\u00e0 Dakar, les juges s\u2019appr\u00eataient \u00e0 condamner Hiss\u00e8ne Habr\u00e9, Dick Marty rappelait dans une intervention publique \u00e0 l\u2019universit\u00e9 de Neuch\u00e2tel, l\u2019impuissance de la justice de l\u2019UE \u00e0 poursuivre les auteurs de tels crimes, alors que nombre de t\u00e9moins ont \u00e9t\u00e9 assassin\u00e9s ou sont terroris\u00e9s\u00a0: \u00ab\u00a0<a href=\"fr\/component\/k2\/33138-dick-marty-sur-le-trafic-d%E2%80%99organes-au-kosovo-%C2%AB-qui-sera-assez-fou-pour-t%C3%A9moigner-%C2%BB.html\">Qui, dans ces conditions, serait assez fou pour t\u00e9moigner\u00a0?<\/a>\u00a0\u00bb, s\u2019exclama-t-il. Les faits, jusqu\u2019ici, lui donnent raison, tant les tentatives de poursuites des auteurs des crimes de guerre commis au Kosovo se sont heurt\u00e9s \u00e0 des obstacles de taille.<\/p>\n<p>Deux diff\u00e9rences fondamentales expliquent le succ\u00e8s du tribunal cr\u00e9\u00e9 par l\u2019Union africaine et les obstacles que rencontre celui n\u00e9 de la volont\u00e9 de l\u2019Union europ\u00e9enne. D\u2019un c\u00f4t\u00e9, des victimes tchadiennes, aussi tenaces que d\u00e9termin\u00e9es, \u00e9paul\u00e9es par des associations de d\u00e9fense des droits de l\u2019homme, ont fini apr\u00e8s un quart de si\u00e8cle (\u00a0!) par triompher de tous les obstacles pour faire juger leur ex-dictateur vivant en exil. De l\u2019autre, des procureurs internationaux se heurtent \u00e0 un pouvoir en place qui remonte jusqu\u2019au pr\u00e9sident de la r\u00e9publique du Kosovo, lui aussi soup\u00e7onn\u00e9 d\u2019\u00eatre responsable de crimes de guerre.<\/p>\n<p>En d\u2019autres termes, l\u00e0 o\u00f9 les Chambres africaines extraordinaires ont b\u00e9n\u00e9fici\u00e9 du soutien d\u2019une large partie de la soci\u00e9t\u00e9 tchadienne ainsi de la l\u00e9gitimit\u00e9 et de l\u2019absolue coop\u00e9ration des victimes, les Chambres sp\u00e9ciales du Kosovo n\u2019ont rien de cela et ne b\u00e9n\u00e9ficient que tr\u00e8s mod\u00e9r\u00e9ment de la coop\u00e9ration des Etats europ\u00e9ens qui les ont pourtant cr\u00e9\u00e9es. La le\u00e7on est am\u00e8re\u00a0: sans appui de la soci\u00e9t\u00e9 civile et des victimes au nom desquelles une justice est rendue, un tribunal p\u00e9nal, fut-il r\u00e9gional, demeure hors sol et reste confront\u00e9 \u00e0 des obstacles quasi-insolubles.<\/p>\n","protected":false},"excerpt":{"rendered":"<p>Le contraste ne saurait \u00eatre plus saisissant. L\u2019Union africaine et l\u2019Union europ\u00e9enne ont pour la premi\u00e8re fois, cr\u00e9\u00e9 chacune un tribunal p\u00e9nal r\u00e9gional pour juger les auteurs de crimes de guerre et de crimes contre l\u2019humanit\u00e9. Mais le r\u00e9sultat est radicalement diff\u00e9rent et la comparaison gu\u00e8re flatteuse pour l\u2019Europe. Ce jeudi, en appel, les juges [&hellip;]<\/p>\n","protected":false},"author":56,"featured_media":61761,"comment_status":"open","ping_status":"closed","sticky":false,"template":"","format":"standard","meta":{"_acf_changed":false,"footnotes":""},"categories":[572],"tags":[],"ji_location":[2166],"class_list":["post-33162","post","type-post","status-publish","format-standard","has-post-thumbnail","hentry","category-tpiy","ji_location-tchad"],"acf":[],"yoast_head":"<!-- This site is optimized with the Yoast SEO Premium plugin v25.3.1 (Yoast SEO v25.3.1) - https:\/\/yoast.com\/wordpress\/plugins\/seo\/ -->\n<title>Crimes de guerre : contraste saisissant entre la justice de l\u2019Union africaine et celle de l\u2019Union europ\u00e9enne - JusticeInfo.net<\/title>\n<meta name=\"robots\" content=\"index, follow, max-snippet:-1, max-image-preview:large, max-video-preview:-1\" \/>\n<link rel=\"canonical\" href=\"https:\/\/www.justiceinfo.net\/fr\/33162-crimes-de-guerre-contraste-saisissant-entre-la-justice-de-lunion-africaine-et-celle-de-lunion-europeenne.html\" \/>\n<meta property=\"og:locale\" content=\"fr_FR\" \/>\n<meta property=\"og:type\" content=\"article\" \/>\n<meta property=\"og:title\" content=\"Crimes de guerre : contraste saisissant entre la justice de l\u2019Union africaine et celle de l\u2019Union europ\u00e9enne\" \/>\n<meta property=\"og:description\" content=\"Le contraste ne saurait \u00eatre plus saisissant. L\u2019Union africaine et l\u2019Union europ\u00e9enne ont pour la premi\u00e8re fois, cr\u00e9\u00e9 chacune un tribunal p\u00e9nal r\u00e9gional pour juger les auteurs de crimes de guerre et de crimes contre l\u2019humanit\u00e9. Mais le r\u00e9sultat est radicalement diff\u00e9rent et la comparaison gu\u00e8re flatteuse pour l\u2019Europe. Ce jeudi, en appel, les juges [&hellip;]\" \/>\n<meta property=\"og:url\" content=\"https:\/\/www.justiceinfo.net\/fr\/33162-crimes-de-guerre-contraste-saisissant-entre-la-justice-de-lunion-africaine-et-celle-de-lunion-europeenne.html\" \/>\n<meta property=\"og:site_name\" content=\"JusticeInfo.net\" \/>\n<meta property=\"article:publisher\" content=\"https:\/\/www.facebook.com\/JusticeInfo\/\" \/>\n<meta property=\"article:author\" content=\"https:\/\/www.facebook.com\/pierre.hazan.3\" \/>\n<meta property=\"article:published_time\" content=\"2017-04-28T06:30:59+00:00\" \/>\n<meta property=\"og:image\" content=\"https:\/\/www.justiceinfo.net\/wp-content\/uploads\/151ae6ccc6271fa7fe56512f0dd7b592.jpg\" \/>\n\t<meta property=\"og:image:width\" content=\"623\" \/>\n\t<meta property=\"og:image:height\" content=\"401\" \/>\n\t<meta property=\"og:image:type\" content=\"image\/jpeg\" \/>\n<meta name=\"author\" content=\"Pierre Hazan\" \/>\n<meta name=\"twitter:card\" content=\"summary_large_image\" \/>\n<meta name=\"twitter:creator\" content=\"@Pierre_hazan\" \/>\n<meta name=\"twitter:site\" content=\"@justiceinfonet\" \/>\n<meta name=\"twitter:label1\" content=\"\u00c9crit par\" \/>\n\t<meta name=\"twitter:data1\" content=\"Pierre Hazan\" \/>\n\t<meta name=\"twitter:label2\" content=\"Dur\u00e9e de lecture estim\u00e9e\" \/>\n\t<meta name=\"twitter:data2\" content=\"3 minutes\" \/>\n<script type=\"application\/ld+json\" class=\"yoast-schema-graph\">{\"@context\":\"https:\/\/schema.org\",\"@graph\":[{\"@type\":\"NewsArticle\",\"@id\":\"https:\/\/www.justiceinfo.net\/fr\/33162-crimes-de-guerre-contraste-saisissant-entre-la-justice-de-lunion-africaine-et-celle-de-lunion-europeenne.html#article\",\"isPartOf\":{\"@id\":\"https:\/\/www.justiceinfo.net\/fr\/33162-crimes-de-guerre-contraste-saisissant-entre-la-justice-de-lunion-africaine-et-celle-de-lunion-europeenne.html\"},\"author\":{\"name\":\"phazan\",\"@id\":\"https:\/\/www.justiceinfo.net\/fr#\/schema\/person\/02bb539ffda3c4569baa1dea22d1c4b2\"},\"headline\":\"Crimes de guerre : contraste saisissant entre la justice de l\u2019Union africaine et celle de l\u2019Union europ\u00e9enne\",\"datePublished\":\"2017-04-28T06:30:59+00:00\",\"mainEntityOfPage\":{\"@id\":\"https:\/\/www.justiceinfo.net\/fr\/33162-crimes-de-guerre-contraste-saisissant-entre-la-justice-de-lunion-africaine-et-celle-de-lunion-europeenne.html\"},\"wordCount\":531,\"commentCount\":0,\"publisher\":{\"@id\":\"https:\/\/www.justiceinfo.net\/fr#organization\"},\"image\":{\"@id\":\"https:\/\/www.justiceinfo.net\/fr\/33162-crimes-de-guerre-contraste-saisissant-entre-la-justice-de-lunion-africaine-et-celle-de-lunion-europeenne.html#primaryimage\"},\"thumbnailUrl\":\"https:\/\/www.justiceinfo.net\/wp-content\/uploads\/151ae6ccc6271fa7fe56512f0dd7b592.jpg\",\"articleSection\":[\"TPIY\"],\"inLanguage\":\"fr-FR\",\"potentialAction\":[{\"@type\":\"CommentAction\",\"name\":\"Comment\",\"target\":[\"https:\/\/www.justiceinfo.net\/fr\/33162-crimes-de-guerre-contraste-saisissant-entre-la-justice-de-lunion-africaine-et-celle-de-lunion-europeenne.html#respond\"]}]},{\"@type\":\"WebPage\",\"@id\":\"https:\/\/www.justiceinfo.net\/fr\/33162-crimes-de-guerre-contraste-saisissant-entre-la-justice-de-lunion-africaine-et-celle-de-lunion-europeenne.html\",\"url\":\"https:\/\/www.justiceinfo.net\/fr\/33162-crimes-de-guerre-contraste-saisissant-entre-la-justice-de-lunion-africaine-et-celle-de-lunion-europeenne.html\",\"name\":\"Crimes de guerre : contraste saisissant entre la justice de l\u2019Union africaine et celle de l\u2019Union europ\u00e9enne - JusticeInfo.net\",\"isPartOf\":{\"@id\":\"https:\/\/www.justiceinfo.net\/fr#website\"},\"primaryImageOfPage\":{\"@id\":\"https:\/\/www.justiceinfo.net\/fr\/33162-crimes-de-guerre-contraste-saisissant-entre-la-justice-de-lunion-africaine-et-celle-de-lunion-europeenne.html#primaryimage\"},\"image\":{\"@id\":\"https:\/\/www.justiceinfo.net\/fr\/33162-crimes-de-guerre-contraste-saisissant-entre-la-justice-de-lunion-africaine-et-celle-de-lunion-europeenne.html#primaryimage\"},\"thumbnailUrl\":\"https:\/\/www.justiceinfo.net\/wp-content\/uploads\/151ae6ccc6271fa7fe56512f0dd7b592.jpg\",\"datePublished\":\"2017-04-28T06:30:59+00:00\",\"breadcrumb\":{\"@id\":\"https:\/\/www.justiceinfo.net\/fr\/33162-crimes-de-guerre-contraste-saisissant-entre-la-justice-de-lunion-africaine-et-celle-de-lunion-europeenne.html#breadcrumb\"},\"inLanguage\":\"fr-FR\",\"potentialAction\":[{\"@type\":\"ReadAction\",\"target\":[\"https:\/\/www.justiceinfo.net\/fr\/33162-crimes-de-guerre-contraste-saisissant-entre-la-justice-de-lunion-africaine-et-celle-de-lunion-europeenne.html\"]}]},{\"@type\":\"ImageObject\",\"inLanguage\":\"fr-FR\",\"@id\":\"https:\/\/www.justiceinfo.net\/fr\/33162-crimes-de-guerre-contraste-saisissant-entre-la-justice-de-lunion-africaine-et-celle-de-lunion-europeenne.html#primaryimage\",\"url\":\"https:\/\/www.justiceinfo.net\/wp-content\/uploads\/151ae6ccc6271fa7fe56512f0dd7b592.jpg\",\"contentUrl\":\"https:\/\/www.justiceinfo.net\/wp-content\/uploads\/151ae6ccc6271fa7fe56512f0dd7b592.jpg\",\"width\":623,\"height\":401},{\"@type\":\"BreadcrumbList\",\"@id\":\"https:\/\/www.justiceinfo.net\/fr\/33162-crimes-de-guerre-contraste-saisissant-entre-la-justice-de-lunion-africaine-et-celle-de-lunion-europeenne.html#breadcrumb\",\"itemListElement\":[{\"@type\":\"ListItem\",\"position\":1,\"name\":\"Home\",\"item\":\"https:\/\/www.justiceinfo.net\/fr\"},{\"@type\":\"ListItem\",\"position\":2,\"name\":\"Crimes de guerre : contraste saisissant entre la justice de l\u2019Union africaine et celle de l\u2019Union europ\u00e9enne\"}]},{\"@type\":\"WebSite\",\"@id\":\"https:\/\/www.justiceinfo.net\/fr#website\",\"url\":\"https:\/\/www.justiceinfo.net\/fr\",\"name\":\"JusticeInfo.net\",\"description\":\"La justice doit \u00eatre vue pour \u00eatre rendue\",\"publisher\":{\"@id\":\"https:\/\/www.justiceinfo.net\/fr#organization\"},\"potentialAction\":[{\"@type\":\"SearchAction\",\"target\":{\"@type\":\"EntryPoint\",\"urlTemplate\":\"https:\/\/www.justiceinfo.net\/fr?s={search_term_string}\"},\"query-input\":{\"@type\":\"PropertyValueSpecification\",\"valueRequired\":true,\"valueName\":\"search_term_string\"}}],\"inLanguage\":\"fr-FR\"},{\"@type\":\"Organization\",\"@id\":\"https:\/\/www.justiceinfo.net\/fr#organization\",\"name\":\"Justice Info\",\"url\":\"https:\/\/www.justiceinfo.net\/fr\",\"logo\":{\"@type\":\"ImageObject\",\"inLanguage\":\"fr-FR\",\"@id\":\"https:\/\/www.justiceinfo.net\/fr#\/schema\/logo\/image\/\",\"url\":\"https:\/\/www.justiceinfo.net\/wp-content\/uploads\/justiceinfo_logo-trans_1200x1200px.png\",\"contentUrl\":\"https:\/\/www.justiceinfo.net\/wp-content\/uploads\/justiceinfo_logo-trans_1200x1200px.png\",\"width\":1199,\"height\":1200,\"caption\":\"Justice Info\"},\"image\":{\"@id\":\"https:\/\/www.justiceinfo.net\/fr#\/schema\/logo\/image\/\"},\"sameAs\":[\"https:\/\/www.facebook.com\/JusticeInfo\/\",\"https:\/\/x.com\/justiceinfonet\",\"https:\/\/www.linkedin.com\/company\/justice-info\",\"https:\/\/www.youtube.com\/channel\/UCyCEsARodyuWtkWyhn-e7pA\"]},{\"@type\":\"Person\",\"name\":\"Pierre Hazan\",\"sameAs\":[\"https:\/\/www.facebook.com\/pierre.hazan.3\",\"https:\/\/x.com\/Pierre_hazan\"],\"url\":\"https:\/\/www.justiceinfo.net\/fr\/auteur\/phazan\"}]}<\/script>\n<!-- \/ Yoast SEO Premium plugin. -->","yoast_head_json":{"title":"Crimes de guerre : contraste saisissant entre la justice de l\u2019Union africaine et celle de l\u2019Union europ\u00e9enne - JusticeInfo.net","robots":{"index":"index","follow":"follow","max-snippet":"max-snippet:-1","max-image-preview":"max-image-preview:large","max-video-preview":"max-video-preview:-1"},"canonical":"https:\/\/www.justiceinfo.net\/fr\/33162-crimes-de-guerre-contraste-saisissant-entre-la-justice-de-lunion-africaine-et-celle-de-lunion-europeenne.html","og_locale":"fr_FR","og_type":"article","og_title":"Crimes de guerre : contraste saisissant entre la justice de l\u2019Union africaine et celle de l\u2019Union europ\u00e9enne","og_description":"Le contraste ne saurait \u00eatre plus saisissant. L\u2019Union africaine et l\u2019Union europ\u00e9enne ont pour la premi\u00e8re fois, cr\u00e9\u00e9 chacune un tribunal p\u00e9nal r\u00e9gional pour juger les auteurs de crimes de guerre et de crimes contre l\u2019humanit\u00e9. Mais le r\u00e9sultat est radicalement diff\u00e9rent et la comparaison gu\u00e8re flatteuse pour l\u2019Europe. Ce jeudi, en appel, les juges [&hellip;]","og_url":"https:\/\/www.justiceinfo.net\/fr\/33162-crimes-de-guerre-contraste-saisissant-entre-la-justice-de-lunion-africaine-et-celle-de-lunion-europeenne.html","og_site_name":"JusticeInfo.net","article_publisher":"https:\/\/www.facebook.com\/JusticeInfo\/","article_author":"https:\/\/www.facebook.com\/pierre.hazan.3","article_published_time":"2017-04-28T06:30:59+00:00","og_image":[{"width":623,"height":401,"url":"https:\/\/www.justiceinfo.net\/wp-content\/uploads\/151ae6ccc6271fa7fe56512f0dd7b592.jpg","type":"image\/jpeg"}],"author":"Pierre Hazan","twitter_card":"summary_large_image","twitter_creator":"@Pierre_hazan","twitter_site":"@justiceinfonet","twitter_misc":{"\u00c9crit par":"Pierre Hazan","Dur\u00e9e de lecture estim\u00e9e":"3 minutes"},"schema":{"@context":"https:\/\/schema.org","@graph":[{"@type":"NewsArticle","@id":"https:\/\/www.justiceinfo.net\/fr\/33162-crimes-de-guerre-contraste-saisissant-entre-la-justice-de-lunion-africaine-et-celle-de-lunion-europeenne.html#article","isPartOf":{"@id":"https:\/\/www.justiceinfo.net\/fr\/33162-crimes-de-guerre-contraste-saisissant-entre-la-justice-de-lunion-africaine-et-celle-de-lunion-europeenne.html"},"author":{"name":"phazan","@id":"https:\/\/www.justiceinfo.net\/fr#\/schema\/person\/02bb539ffda3c4569baa1dea22d1c4b2"},"headline":"Crimes de guerre : contraste saisissant entre la justice de l\u2019Union africaine et celle de l\u2019Union europ\u00e9enne","datePublished":"2017-04-28T06:30:59+00:00","mainEntityOfPage":{"@id":"https:\/\/www.justiceinfo.net\/fr\/33162-crimes-de-guerre-contraste-saisissant-entre-la-justice-de-lunion-africaine-et-celle-de-lunion-europeenne.html"},"wordCount":531,"commentCount":0,"publisher":{"@id":"https:\/\/www.justiceinfo.net\/fr#organization"},"image":{"@id":"https:\/\/www.justiceinfo.net\/fr\/33162-crimes-de-guerre-contraste-saisissant-entre-la-justice-de-lunion-africaine-et-celle-de-lunion-europeenne.html#primaryimage"},"thumbnailUrl":"https:\/\/www.justiceinfo.net\/wp-content\/uploads\/151ae6ccc6271fa7fe56512f0dd7b592.jpg","articleSection":["TPIY"],"inLanguage":"fr-FR","potentialAction":[{"@type":"CommentAction","name":"Comment","target":["https:\/\/www.justiceinfo.net\/fr\/33162-crimes-de-guerre-contraste-saisissant-entre-la-justice-de-lunion-africaine-et-celle-de-lunion-europeenne.html#respond"]}]},{"@type":"WebPage","@id":"https:\/\/www.justiceinfo.net\/fr\/33162-crimes-de-guerre-contraste-saisissant-entre-la-justice-de-lunion-africaine-et-celle-de-lunion-europeenne.html","url":"https:\/\/www.justiceinfo.net\/fr\/33162-crimes-de-guerre-contraste-saisissant-entre-la-justice-de-lunion-africaine-et-celle-de-lunion-europeenne.html","name":"Crimes de guerre : contraste saisissant entre la justice de l\u2019Union africaine et celle de l\u2019Union europ\u00e9enne - JusticeInfo.net","isPartOf":{"@id":"https:\/\/www.justiceinfo.net\/fr#website"},"primaryImageOfPage":{"@id":"https:\/\/www.justiceinfo.net\/fr\/33162-crimes-de-guerre-contraste-saisissant-entre-la-justice-de-lunion-africaine-et-celle-de-lunion-europeenne.html#primaryimage"},"image":{"@id":"https:\/\/www.justiceinfo.net\/fr\/33162-crimes-de-guerre-contraste-saisissant-entre-la-justice-de-lunion-africaine-et-celle-de-lunion-europeenne.html#primaryimage"},"thumbnailUrl":"https:\/\/www.justiceinfo.net\/wp-content\/uploads\/151ae6ccc6271fa7fe56512f0dd7b592.jpg","datePublished":"2017-04-28T06:30:59+00:00","breadcrumb":{"@id":"https:\/\/www.justiceinfo.net\/fr\/33162-crimes-de-guerre-contraste-saisissant-entre-la-justice-de-lunion-africaine-et-celle-de-lunion-europeenne.html#breadcrumb"},"inLanguage":"fr-FR","potentialAction":[{"@type":"ReadAction","target":["https:\/\/www.justiceinfo.net\/fr\/33162-crimes-de-guerre-contraste-saisissant-entre-la-justice-de-lunion-africaine-et-celle-de-lunion-europeenne.html"]}]},{"@type":"ImageObject","inLanguage":"fr-FR","@id":"https:\/\/www.justiceinfo.net\/fr\/33162-crimes-de-guerre-contraste-saisissant-entre-la-justice-de-lunion-africaine-et-celle-de-lunion-europeenne.html#primaryimage","url":"https:\/\/www.justiceinfo.net\/wp-content\/uploads\/151ae6ccc6271fa7fe56512f0dd7b592.jpg","contentUrl":"https:\/\/www.justiceinfo.net\/wp-content\/uploads\/151ae6ccc6271fa7fe56512f0dd7b592.jpg","width":623,"height":401},{"@type":"BreadcrumbList","@id":"https:\/\/www.justiceinfo.net\/fr\/33162-crimes-de-guerre-contraste-saisissant-entre-la-justice-de-lunion-africaine-et-celle-de-lunion-europeenne.html#breadcrumb","itemListElement":[{"@type":"ListItem","position":1,"name":"Home","item":"https:\/\/www.justiceinfo.net\/fr"},{"@type":"ListItem","position":2,"name":"Crimes de guerre : contraste saisissant entre la justice de l\u2019Union africaine et celle de l\u2019Union europ\u00e9enne"}]},{"@type":"WebSite","@id":"https:\/\/www.justiceinfo.net\/fr#website","url":"https:\/\/www.justiceinfo.net\/fr","name":"JusticeInfo.net","description":"La justice doit \u00eatre vue pour \u00eatre rendue","publisher":{"@id":"https:\/\/www.justiceinfo.net\/fr#organization"},"potentialAction":[{"@type":"SearchAction","target":{"@type":"EntryPoint","urlTemplate":"https:\/\/www.justiceinfo.net\/fr?s={search_term_string}"},"query-input":{"@type":"PropertyValueSpecification","valueRequired":true,"valueName":"search_term_string"}}],"inLanguage":"fr-FR"},{"@type":"Organization","@id":"https:\/\/www.justiceinfo.net\/fr#organization","name":"Justice Info","url":"https:\/\/www.justiceinfo.net\/fr","logo":{"@type":"ImageObject","inLanguage":"fr-FR","@id":"https:\/\/www.justiceinfo.net\/fr#\/schema\/logo\/image\/","url":"https:\/\/www.justiceinfo.net\/wp-content\/uploads\/justiceinfo_logo-trans_1200x1200px.png","contentUrl":"https:\/\/www.justiceinfo.net\/wp-content\/uploads\/justiceinfo_logo-trans_1200x1200px.png","width":1199,"height":1200,"caption":"Justice Info"},"image":{"@id":"https:\/\/www.justiceinfo.net\/fr#\/schema\/logo\/image\/"},"sameAs":["https:\/\/www.facebook.com\/JusticeInfo\/","https:\/\/x.com\/justiceinfonet","https:\/\/www.linkedin.com\/company\/justice-info","https:\/\/www.youtube.com\/channel\/UCyCEsARodyuWtkWyhn-e7pA"]},{"@type":"Person","name":"Pierre Hazan","sameAs":["https:\/\/www.facebook.com\/pierre.hazan.3","https:\/\/x.com\/Pierre_hazan"],"url":"https:\/\/www.justiceinfo.net\/fr\/auteur\/phazan"}]}},"_links":{"self":[{"href":"https:\/\/www.justiceinfo.net\/fr\/wp-json\/wp\/v2\/posts\/33162","targetHints":{"allow":["GET"]}}],"collection":[{"href":"https:\/\/www.justiceinfo.net\/fr\/wp-json\/wp\/v2\/posts"}],"about":[{"href":"https:\/\/www.justiceinfo.net\/fr\/wp-json\/wp\/v2\/types\/post"}],"author":[{"embeddable":true,"href":"https:\/\/www.justiceinfo.net\/fr\/wp-json\/wp\/v2\/users\/56"}],"replies":[{"embeddable":true,"href":"https:\/\/www.justiceinfo.net\/fr\/wp-json\/wp\/v2\/comments?post=33162"}],"version-history":[{"count":0,"href":"https:\/\/www.justiceinfo.net\/fr\/wp-json\/wp\/v2\/posts\/33162\/revisions"}],"wp:featuredmedia":[{"embeddable":true,"href":"https:\/\/www.justiceinfo.net\/fr\/wp-json\/wp\/v2\/media\/61761"}],"wp:attachment":[{"href":"https:\/\/www.justiceinfo.net\/fr\/wp-json\/wp\/v2\/media?parent=33162"}],"wp:term":[{"taxonomy":"category","embeddable":true,"href":"https:\/\/www.justiceinfo.net\/fr\/wp-json\/wp\/v2\/categories?post=33162"},{"taxonomy":"post_tag","embeddable":true,"href":"https:\/\/www.justiceinfo.net\/fr\/wp-json\/wp\/v2\/tags?post=33162"},{"taxonomy":"ji_location","embeddable":true,"href":"https:\/\/www.justiceinfo.net\/fr\/wp-json\/wp\/v2\/ji_location?post=33162"}],"curies":[{"name":"wp","href":"https:\/\/api.w.org\/{rel}","templated":true}]}}