{"id":3317,"date":"2008-01-23T06:09:04","date_gmt":"2008-01-23T05:09:04","guid":{"rendered":"https:\/\/www.justiceinfo.net\/3317-220108-rwandagenocide-le-gouvernement-rwandais-veut-deferer-tout-le-contentieux-du-genocide-107.html"},"modified":"2008-01-23T06:09:04","modified_gmt":"2008-01-23T05:09:04","slug":"220108-rwandagenocide-le-gouvernement-rwandais-veut-deferer-tout-le-contentieux-du-genocide-107","status":"publish","type":"post","link":"https:\/\/www.justiceinfo.net\/fr\/3317-220108-rwandagenocide-le-gouvernement-rwandais-veut-deferer-tout-le-contentieux-du-genocide-107.html","title":{"rendered":"22.01.08 - RWANDA\/GENOCIDE  - LE GOUVERNEMENT RWANDAIS VEUT DEFERER TOUT LE CONTENTIEUX DU GENOCIDE"},"content":{"rendered":"<p  >\nArusha, 22 janvier 2008 (FH) - Le gouvernement rwandais, r\u00e9uni vendredi 18 janvier en conseil des ministres, a adopt\u00e9 un projet de loi visant \u00e0 \u00e9largir la comp\u00e9tence des juridictions semi-populaires gacacas \u00e0 toutes les personnes accus\u00e9es d\u2019avoir jou\u00e9 un r\u00f4le dans le g\u00e9nocide de 1994, a-t-on appris lundi de source officielle rwandaise.  <\/p>\n<p>\u00ab Le principal amendement adopt\u00e9 par le Conseil des ministres consiste \u00e0 transf\u00e9rer devant les juridictions gacacas tous les dossiers de la premi\u00e8re cat\u00e9gorie non encore jug\u00e9s d\u00e9finitivement \u00bb, a indiqu\u00e9 \u00e0 l\u2019agence Hirondelle, le ministre de la Justice, Tharcisse Karugarama.\n<\/p>\n<p><!--more--><\/p>\n<p  >\n\u00ab Il s\u2019agit donc d\u2019\u00e9tendre la comp\u00e9tence des juridictions gacacas \u00e0 tous les dossiers de g\u00e9nocide \u00bb, a poursuivi le ministre joint au t\u00e9l\u00e9phone \u00e0 Kigali depuis Arusha. <\/p>\n<p>Jusqu'\u00e0 pr\u00e9sent ces juridictions ne sont pas comp\u00e9tentes pour les accus\u00e9s dits \u00ab  de la premi\u00e8re cat\u00e9gorie \u00bb qui comprend les planificateurs pr\u00e9sum\u00e9s du g\u00e9nocide et les auteurs de viol pendant le g\u00e9nocide. Les personnes rang\u00e9es dans cette cat\u00e9gorie, autour de 7.500, selon le gouvernement rwandais, doivent, jusqu\u2019\u00e0 pr\u00e9sent, \u00eatre jug\u00e9es par les tribunaux classiques. <\/p>\n<p>Le ministre rwandais a cependant pr\u00e9cis\u00e9 que ce texte doit encore \u00eatre vot\u00e9 par le Parlement. Il pr\u00e9voit, a-t-il pr\u00e9cis\u00e9 \u00ab trois exceptions \u00bb, \u00e0 savoir \u00ab les planificateurs du g\u00e9nocide au niveau national ou provincial, les dossiers qui seront transf\u00e9r\u00e9s de pays \u00e9trangers ou du Tribunal p\u00e9nal international pour le Rwanda (TPIR) ainsi que les dossiers qui pourraient \u00eatre d\u00e9couverts apr\u00e8s la fermeture des tribunaux gacacas \u00bb. <\/p>\n<p>Dans le cadre de sa strat\u00e9gie d\u2019ach\u00e8vement, le TPIR bas\u00e9 \u00e0 Arusha, en Tanzanie, et auquel le Conseil de s\u00e9curit\u00e9 a demand\u00e9 de terminer cette ann\u00e9e les proc\u00e8s en premi\u00e8re instance, envisage de transf\u00e9rer certains de ses accus\u00e9s devant la justice rwandaise. <\/p>\n<p>A la mi-d\u00e9cembre dernier, autour d\u2019un million de personnes avaient comparu devant les juridictions gacacas, dont quelque 800.000 avaient \u00e9t\u00e9 jug\u00e9es, selon Service national des juridictions gacacas (SNJG),  l\u2019organe gouvernemental charg\u00e9 de coordonner l\u2019activit\u00e9 des ces tribunaux. Le SNJG \u00e9tait encore en train de compiler les chiffres pour pouvoir d\u00e9terminer le nombre des condamn\u00e9s et celui des acquitt\u00e9s. <\/p>\n<p>Les juridictions gacacas peuvent prononcer des peines allant jusqu\u2019\u00e0 la prison \u00e0 vie, peine maximale pr\u00e9vue au Rwanda depuis l'abolition de la peine de mort. <\/p>\n<p>Les travaux d\u2019int\u00e9r\u00eat g\u00e9n\u00e9ral (TIG) comme peine alternative \u00e0 l\u2019emprisonnement ainsi que le sursis ont \u00e9t\u00e9 introduits dans la loi rwandaise, pour certaines cat\u00e9gories de condamn\u00e9s pour g\u00e9nocide, dans le but notamment, de d\u00e9congestionner les prisons. <\/p>\n<p>Inspir\u00e9es des anciennes assembl\u00e9es lors desquelles les sages du village r\u00e9glaient des diff\u00e9rends assis sur le gazon (gacaca, en langue rwandaise), les juridictions gacacas ne sont pas anim\u00e9es par des magistrats professionnels mais par des personnes int\u00e8gres d\u00e9sign\u00e9es parmi la communaut\u00e9. <\/p>\n<p>ER\/PB\/GF<\/p>\n","protected":false},"excerpt":{"rendered":"<p>Arusha, 22 janvier 2008 (FH) - Le gouvernement rwandais, r\u00e9uni vendredi 18 janvier en conseil des ministres, a adopt\u00e9 un projet de loi visant \u00e0 \u00e9largir la comp\u00e9tence des juridictions semi-populaires gacacas \u00e0 toutes les personnes accus\u00e9es d\u2019avoir jou\u00e9 un r\u00f4le dans le g\u00e9nocide de 1994, a-t-on appris lundi de source officielle rwandaise. \u00ab Le [&hellip;]<\/p>\n","protected":false},"author":64,"featured_media":0,"comment_status":"open","ping_status":"closed","sticky":false,"template":"","format":"standard","meta":{"_acf_changed":false,"footnotes":""},"categories":[554],"tags":[],"ji_location":[],"class_list":["post-3317","post","type-post","status-publish","format-standard","hentry","category-hirondellenews"],"acf":[],"yoast_head":"<!-- This site is optimized with the Yoast SEO Premium plugin v25.3.1 (Yoast SEO v25.3.1) - https:\/\/yoast.com\/wordpress\/plugins\/seo\/ -->\n<title>22.01.08 - RWANDA\/GENOCIDE - LE GOUVERNEMENT RWANDAIS VEUT DEFERER TOUT LE CONTENTIEUX DU GENOCIDE - JusticeInfo.net<\/title>\n<meta name=\"robots\" content=\"index, follow, max-snippet:-1, max-image-preview:large, max-video-preview:-1\" \/>\n<link rel=\"canonical\" href=\"https:\/\/www.justiceinfo.net\/fr\/3317-220108-rwandagenocide-le-gouvernement-rwandais-veut-deferer-tout-le-contentieux-du-genocide-107.html\" \/>\n<meta property=\"og:locale\" content=\"fr_FR\" \/>\n<meta property=\"og:type\" content=\"article\" \/>\n<meta property=\"og:title\" content=\"22.01.08 - RWANDA\/GENOCIDE - LE GOUVERNEMENT RWANDAIS VEUT DEFERER TOUT LE CONTENTIEUX DU GENOCIDE\" \/>\n<meta property=\"og:description\" content=\"Arusha, 22 janvier 2008 (FH) - Le gouvernement rwandais, r\u00e9uni vendredi 18 janvier en conseil des ministres, a adopt\u00e9 un projet de loi visant \u00e0 \u00e9largir la comp\u00e9tence des juridictions semi-populaires gacacas \u00e0 toutes les personnes accus\u00e9es d\u2019avoir jou\u00e9 un r\u00f4le dans le g\u00e9nocide de 1994, a-t-on appris lundi de source officielle rwandaise. \u00ab Le [&hellip;]\" \/>\n<meta property=\"og:url\" content=\"https:\/\/www.justiceinfo.net\/fr\/3317-220108-rwandagenocide-le-gouvernement-rwandais-veut-deferer-tout-le-contentieux-du-genocide-107.html\" \/>\n<meta property=\"og:site_name\" content=\"JusticeInfo.net\" \/>\n<meta property=\"article:publisher\" content=\"https:\/\/www.facebook.com\/JusticeInfo\/\" \/>\n<meta property=\"article:published_time\" content=\"2008-01-23T05:09:04+00:00\" \/>\n<meta property=\"og:image\" content=\"https:\/\/www.justiceinfo.net\/wp-content\/uploads\/JusticeInfoNet_logo_1200x630px.jpg\" \/>\n\t<meta property=\"og:image:width\" content=\"1200\" \/>\n\t<meta property=\"og:image:height\" content=\"630\" \/>\n\t<meta property=\"og:image:type\" content=\"image\/jpeg\" \/>\n<meta name=\"author\" content=\"solivri\" \/>\n<meta name=\"twitter:card\" content=\"summary_large_image\" \/>\n<meta name=\"twitter:creator\" content=\"@justiceinfonet\" \/>\n<meta name=\"twitter:site\" content=\"@justiceinfonet\" \/>\n<meta name=\"twitter:label1\" content=\"\u00c9crit par\" \/>\n\t<meta name=\"twitter:data1\" content=\"solivri\" \/>\n\t<meta name=\"twitter:label2\" content=\"Dur\u00e9e de lecture estim\u00e9e\" \/>\n\t<meta name=\"twitter:data2\" content=\"3 minutes\" \/>\n<script type=\"application\/ld+json\" class=\"yoast-schema-graph\">{\"@context\":\"https:\/\/schema.org\",\"@graph\":[{\"@type\":\"NewsArticle\",\"@id\":\"https:\/\/www.justiceinfo.net\/fr\/3317-220108-rwandagenocide-le-gouvernement-rwandais-veut-deferer-tout-le-contentieux-du-genocide-107.html#article\",\"isPartOf\":{\"@id\":\"https:\/\/www.justiceinfo.net\/fr\/3317-220108-rwandagenocide-le-gouvernement-rwandais-veut-deferer-tout-le-contentieux-du-genocide-107.html\"},\"author\":{\"name\":\"solivri\",\"@id\":\"https:\/\/www.justiceinfo.net\/fr#\/schema\/person\/6e53cba1629e2e66f3fc1821d3091865\"},\"headline\":\"22.01.08 - RWANDA\/GENOCIDE - LE GOUVERNEMENT RWANDAIS VEUT DEFERER TOUT LE CONTENTIEUX DU GENOCIDE\",\"datePublished\":\"2008-01-23T05:09:04+00:00\",\"mainEntityOfPage\":{\"@id\":\"https:\/\/www.justiceinfo.net\/fr\/3317-220108-rwandagenocide-le-gouvernement-rwandais-veut-deferer-tout-le-contentieux-du-genocide-107.html\"},\"wordCount\":515,\"commentCount\":0,\"publisher\":{\"@id\":\"https:\/\/www.justiceinfo.net\/fr#organization\"},\"articleSection\":[\"Hirondelle News\"],\"inLanguage\":\"fr-FR\",\"potentialAction\":[{\"@type\":\"CommentAction\",\"name\":\"Comment\",\"target\":[\"https:\/\/www.justiceinfo.net\/fr\/3317-220108-rwandagenocide-le-gouvernement-rwandais-veut-deferer-tout-le-contentieux-du-genocide-107.html#respond\"]}]},{\"@type\":\"WebPage\",\"@id\":\"https:\/\/www.justiceinfo.net\/fr\/3317-220108-rwandagenocide-le-gouvernement-rwandais-veut-deferer-tout-le-contentieux-du-genocide-107.html\",\"url\":\"https:\/\/www.justiceinfo.net\/fr\/3317-220108-rwandagenocide-le-gouvernement-rwandais-veut-deferer-tout-le-contentieux-du-genocide-107.html\",\"name\":\"22.01.08 - RWANDA\/GENOCIDE - LE GOUVERNEMENT RWANDAIS VEUT DEFERER TOUT LE CONTENTIEUX DU GENOCIDE - JusticeInfo.net\",\"isPartOf\":{\"@id\":\"https:\/\/www.justiceinfo.net\/fr#website\"},\"datePublished\":\"2008-01-23T05:09:04+00:00\",\"breadcrumb\":{\"@id\":\"https:\/\/www.justiceinfo.net\/fr\/3317-220108-rwandagenocide-le-gouvernement-rwandais-veut-deferer-tout-le-contentieux-du-genocide-107.html#breadcrumb\"},\"inLanguage\":\"fr-FR\",\"potentialAction\":[{\"@type\":\"ReadAction\",\"target\":[\"https:\/\/www.justiceinfo.net\/fr\/3317-220108-rwandagenocide-le-gouvernement-rwandais-veut-deferer-tout-le-contentieux-du-genocide-107.html\"]}]},{\"@type\":\"BreadcrumbList\",\"@id\":\"https:\/\/www.justiceinfo.net\/fr\/3317-220108-rwandagenocide-le-gouvernement-rwandais-veut-deferer-tout-le-contentieux-du-genocide-107.html#breadcrumb\",\"itemListElement\":[{\"@type\":\"ListItem\",\"position\":1,\"name\":\"Home\",\"item\":\"https:\/\/www.justiceinfo.net\/fr\"},{\"@type\":\"ListItem\",\"position\":2,\"name\":\"22.01.08 - RWANDA\/GENOCIDE - LE GOUVERNEMENT RWANDAIS VEUT DEFERER TOUT LE CONTENTIEUX DU GENOCIDE\"}]},{\"@type\":\"WebSite\",\"@id\":\"https:\/\/www.justiceinfo.net\/fr#website\",\"url\":\"https:\/\/www.justiceinfo.net\/fr\",\"name\":\"JusticeInfo.net\",\"description\":\"La justice doit \u00eatre vue pour \u00eatre rendue\",\"publisher\":{\"@id\":\"https:\/\/www.justiceinfo.net\/fr#organization\"},\"potentialAction\":[{\"@type\":\"SearchAction\",\"target\":{\"@type\":\"EntryPoint\",\"urlTemplate\":\"https:\/\/www.justiceinfo.net\/fr?s={search_term_string}\"},\"query-input\":{\"@type\":\"PropertyValueSpecification\",\"valueRequired\":true,\"valueName\":\"search_term_string\"}}],\"inLanguage\":\"fr-FR\"},{\"@type\":\"Organization\",\"@id\":\"https:\/\/www.justiceinfo.net\/fr#organization\",\"name\":\"Justice Info\",\"url\":\"https:\/\/www.justiceinfo.net\/fr\",\"logo\":{\"@type\":\"ImageObject\",\"inLanguage\":\"fr-FR\",\"@id\":\"https:\/\/www.justiceinfo.net\/fr#\/schema\/logo\/image\/\",\"url\":\"https:\/\/www.justiceinfo.net\/wp-content\/uploads\/justiceinfo_logo-trans_1200x1200px.png\",\"contentUrl\":\"https:\/\/www.justiceinfo.net\/wp-content\/uploads\/justiceinfo_logo-trans_1200x1200px.png\",\"width\":1199,\"height\":1200,\"caption\":\"Justice Info\"},\"image\":{\"@id\":\"https:\/\/www.justiceinfo.net\/fr#\/schema\/logo\/image\/\"},\"sameAs\":[\"https:\/\/www.facebook.com\/JusticeInfo\/\",\"https:\/\/x.com\/justiceinfonet\",\"https:\/\/www.linkedin.com\/company\/justice-info\",\"https:\/\/www.youtube.com\/channel\/UCyCEsARodyuWtkWyhn-e7pA\"]},{\"@type\":\"Person\",\"name\":\"solivri\",\"url\":\"\/fr\/?s=solivri\"}]}<\/script>\n<!-- \/ Yoast SEO Premium plugin. -->","yoast_head_json":{"title":"22.01.08 - RWANDA\/GENOCIDE - LE GOUVERNEMENT RWANDAIS VEUT DEFERER TOUT LE CONTENTIEUX DU GENOCIDE - JusticeInfo.net","robots":{"index":"index","follow":"follow","max-snippet":"max-snippet:-1","max-image-preview":"max-image-preview:large","max-video-preview":"max-video-preview:-1"},"canonical":"https:\/\/www.justiceinfo.net\/fr\/3317-220108-rwandagenocide-le-gouvernement-rwandais-veut-deferer-tout-le-contentieux-du-genocide-107.html","og_locale":"fr_FR","og_type":"article","og_title":"22.01.08 - RWANDA\/GENOCIDE - LE GOUVERNEMENT RWANDAIS VEUT DEFERER TOUT LE CONTENTIEUX DU GENOCIDE","og_description":"Arusha, 22 janvier 2008 (FH) - Le gouvernement rwandais, r\u00e9uni vendredi 18 janvier en conseil des ministres, a adopt\u00e9 un projet de loi visant \u00e0 \u00e9largir la comp\u00e9tence des juridictions semi-populaires gacacas \u00e0 toutes les personnes accus\u00e9es d\u2019avoir jou\u00e9 un r\u00f4le dans le g\u00e9nocide de 1994, a-t-on appris lundi de source officielle rwandaise. \u00ab Le [&hellip;]","og_url":"https:\/\/www.justiceinfo.net\/fr\/3317-220108-rwandagenocide-le-gouvernement-rwandais-veut-deferer-tout-le-contentieux-du-genocide-107.html","og_site_name":"JusticeInfo.net","article_publisher":"https:\/\/www.facebook.com\/JusticeInfo\/","article_published_time":"2008-01-23T05:09:04+00:00","og_image":[{"width":1200,"height":630,"url":"https:\/\/www.justiceinfo.net\/wp-content\/uploads\/JusticeInfoNet_logo_1200x630px.jpg","type":"image\/jpeg"}],"author":"solivri","twitter_card":"summary_large_image","twitter_creator":"@justiceinfonet","twitter_site":"@justiceinfonet","twitter_misc":{"\u00c9crit par":"solivri","Dur\u00e9e de lecture estim\u00e9e":"3 minutes"},"schema":{"@context":"https:\/\/schema.org","@graph":[{"@type":"NewsArticle","@id":"https:\/\/www.justiceinfo.net\/fr\/3317-220108-rwandagenocide-le-gouvernement-rwandais-veut-deferer-tout-le-contentieux-du-genocide-107.html#article","isPartOf":{"@id":"https:\/\/www.justiceinfo.net\/fr\/3317-220108-rwandagenocide-le-gouvernement-rwandais-veut-deferer-tout-le-contentieux-du-genocide-107.html"},"author":{"name":"solivri","@id":"https:\/\/www.justiceinfo.net\/fr#\/schema\/person\/6e53cba1629e2e66f3fc1821d3091865"},"headline":"22.01.08 - RWANDA\/GENOCIDE - LE GOUVERNEMENT RWANDAIS VEUT DEFERER TOUT LE CONTENTIEUX DU GENOCIDE","datePublished":"2008-01-23T05:09:04+00:00","mainEntityOfPage":{"@id":"https:\/\/www.justiceinfo.net\/fr\/3317-220108-rwandagenocide-le-gouvernement-rwandais-veut-deferer-tout-le-contentieux-du-genocide-107.html"},"wordCount":515,"commentCount":0,"publisher":{"@id":"https:\/\/www.justiceinfo.net\/fr#organization"},"articleSection":["Hirondelle News"],"inLanguage":"fr-FR","potentialAction":[{"@type":"CommentAction","name":"Comment","target":["https:\/\/www.justiceinfo.net\/fr\/3317-220108-rwandagenocide-le-gouvernement-rwandais-veut-deferer-tout-le-contentieux-du-genocide-107.html#respond"]}]},{"@type":"WebPage","@id":"https:\/\/www.justiceinfo.net\/fr\/3317-220108-rwandagenocide-le-gouvernement-rwandais-veut-deferer-tout-le-contentieux-du-genocide-107.html","url":"https:\/\/www.justiceinfo.net\/fr\/3317-220108-rwandagenocide-le-gouvernement-rwandais-veut-deferer-tout-le-contentieux-du-genocide-107.html","name":"22.01.08 - RWANDA\/GENOCIDE - LE GOUVERNEMENT RWANDAIS VEUT DEFERER TOUT LE CONTENTIEUX DU GENOCIDE - JusticeInfo.net","isPartOf":{"@id":"https:\/\/www.justiceinfo.net\/fr#website"},"datePublished":"2008-01-23T05:09:04+00:00","breadcrumb":{"@id":"https:\/\/www.justiceinfo.net\/fr\/3317-220108-rwandagenocide-le-gouvernement-rwandais-veut-deferer-tout-le-contentieux-du-genocide-107.html#breadcrumb"},"inLanguage":"fr-FR","potentialAction":[{"@type":"ReadAction","target":["https:\/\/www.justiceinfo.net\/fr\/3317-220108-rwandagenocide-le-gouvernement-rwandais-veut-deferer-tout-le-contentieux-du-genocide-107.html"]}]},{"@type":"BreadcrumbList","@id":"https:\/\/www.justiceinfo.net\/fr\/3317-220108-rwandagenocide-le-gouvernement-rwandais-veut-deferer-tout-le-contentieux-du-genocide-107.html#breadcrumb","itemListElement":[{"@type":"ListItem","position":1,"name":"Home","item":"https:\/\/www.justiceinfo.net\/fr"},{"@type":"ListItem","position":2,"name":"22.01.08 - RWANDA\/GENOCIDE - LE GOUVERNEMENT RWANDAIS VEUT DEFERER TOUT LE CONTENTIEUX DU GENOCIDE"}]},{"@type":"WebSite","@id":"https:\/\/www.justiceinfo.net\/fr#website","url":"https:\/\/www.justiceinfo.net\/fr","name":"JusticeInfo.net","description":"La justice doit \u00eatre vue pour \u00eatre rendue","publisher":{"@id":"https:\/\/www.justiceinfo.net\/fr#organization"},"potentialAction":[{"@type":"SearchAction","target":{"@type":"EntryPoint","urlTemplate":"https:\/\/www.justiceinfo.net\/fr?s={search_term_string}"},"query-input":{"@type":"PropertyValueSpecification","valueRequired":true,"valueName":"search_term_string"}}],"inLanguage":"fr-FR"},{"@type":"Organization","@id":"https:\/\/www.justiceinfo.net\/fr#organization","name":"Justice Info","url":"https:\/\/www.justiceinfo.net\/fr","logo":{"@type":"ImageObject","inLanguage":"fr-FR","@id":"https:\/\/www.justiceinfo.net\/fr#\/schema\/logo\/image\/","url":"https:\/\/www.justiceinfo.net\/wp-content\/uploads\/justiceinfo_logo-trans_1200x1200px.png","contentUrl":"https:\/\/www.justiceinfo.net\/wp-content\/uploads\/justiceinfo_logo-trans_1200x1200px.png","width":1199,"height":1200,"caption":"Justice Info"},"image":{"@id":"https:\/\/www.justiceinfo.net\/fr#\/schema\/logo\/image\/"},"sameAs":["https:\/\/www.facebook.com\/JusticeInfo\/","https:\/\/x.com\/justiceinfonet","https:\/\/www.linkedin.com\/company\/justice-info","https:\/\/www.youtube.com\/channel\/UCyCEsARodyuWtkWyhn-e7pA"]},{"@type":"Person","name":"solivri","url":"\/fr\/?s=solivri"}]}},"_links":{"self":[{"href":"https:\/\/www.justiceinfo.net\/fr\/wp-json\/wp\/v2\/posts\/3317","targetHints":{"allow":["GET"]}}],"collection":[{"href":"https:\/\/www.justiceinfo.net\/fr\/wp-json\/wp\/v2\/posts"}],"about":[{"href":"https:\/\/www.justiceinfo.net\/fr\/wp-json\/wp\/v2\/types\/post"}],"author":[{"embeddable":true,"href":"https:\/\/www.justiceinfo.net\/fr\/wp-json\/wp\/v2\/users\/64"}],"replies":[{"embeddable":true,"href":"https:\/\/www.justiceinfo.net\/fr\/wp-json\/wp\/v2\/comments?post=3317"}],"version-history":[{"count":0,"href":"https:\/\/www.justiceinfo.net\/fr\/wp-json\/wp\/v2\/posts\/3317\/revisions"}],"wp:attachment":[{"href":"https:\/\/www.justiceinfo.net\/fr\/wp-json\/wp\/v2\/media?parent=3317"}],"wp:term":[{"taxonomy":"category","embeddable":true,"href":"https:\/\/www.justiceinfo.net\/fr\/wp-json\/wp\/v2\/categories?post=3317"},{"taxonomy":"post_tag","embeddable":true,"href":"https:\/\/www.justiceinfo.net\/fr\/wp-json\/wp\/v2\/tags?post=3317"},{"taxonomy":"ji_location","embeddable":true,"href":"https:\/\/www.justiceinfo.net\/fr\/wp-json\/wp\/v2\/ji_location?post=3317"}],"curies":[{"name":"wp","href":"https:\/\/api.w.org\/{rel}","templated":true}]}}