{"id":3321,"date":"2008-01-24T06:16:46","date_gmt":"2008-01-24T05:16:46","guid":{"rendered":"https:\/\/www.justiceinfo.net\/3321-230108-kenyacpi-kenya-violence-morts-et-justice111.html"},"modified":"2008-01-24T06:16:46","modified_gmt":"2008-01-24T05:16:46","slug":"230108-kenyacpi-kenya-violence-morts-et-justice111","status":"publish","type":"post","link":"https:\/\/www.justiceinfo.net\/fr\/3321-230108-kenyacpi-kenya-violence-morts-et-justice111.html","title":{"rendered":"23.01.08 - KENYA\/CPI  - KENYA : VIOLENCE, MORTS ET JUSTICE"},"content":{"rendered":"<p  >\nLa Haye, 23 janvier 2008 (FH) -  Le bureau du procureur \u00e0 la Cour p\u00e9nale internationale (CPI) suit avec attention le d\u00e9roulement des violences qui se produisent depuis trois semaines au Kenya, apprend on \u00e0 La Haye, o\u00f9 si\u00e8ge ce tribunal.  <\/p>\n<p>Les deux adversaires kenyans, Mwai Kibaki et Raila Odinga, se sont mutuellement menac\u00e9s mardi d\u2019en appeler \u00e0 la Cour p\u00e9nale internationale en ignorant apparemment les r\u00e8gles de saisine de cette juridiction.\n<\/p>\n<p><!--more--><\/p>\n<p  >\nAvant ces d\u00e9clarations, un membre du bureau du procureur de la CPI, interrog\u00e9 par l\u2019agence Hirondelle, a r\u00e9pondu que \u00ab le Kenya est un \u00c9tat Partie de la Cour p\u00e9nale internationale et le Bureau du procureur suit toutes les all\u00e9gations des crimes dans sa juridiction\u201d. <\/p>\n<p>Le statut de la CPI lui permet d\u2019exercer sa comp\u00e9tence si une situation est d\u00e9f\u00e9r\u00e9e au Procureur par un \u00c9tat Partie ou par le Conseil de s\u00e9curit\u00e9 de l\u2019ONU mais il lui permet \u00e9galement (art 15) d\u2019exercer sa comp\u00e9tence en vertu d\u2019une enqu\u00eate ouverte par le Procureur de sa propre initiative. <\/p>\n<p  >\nLe Kenya est aux prises avec une crise politique depuis trois semaines, qui a engendr\u00e9 des violences interethniques faisant des centaines de morts. De nombreuses initiatives diplomatiques ont \u00e9t\u00e9 engag\u00e9es pour r\u00e9soudre le conflit, mais, jusqu\u2019\u00e0 pr\u00e9sent, aucune initiative ne semble avoir \u00e9t\u00e9 prise pour rendre la justice aux victimes.   <\/p>\n<p>Le droit international humanitaire est avant tout destin\u00e9 \u00e0 prot\u00e9ger les populations civiles. Le Tribunal p\u00e9nal international pour le Rwanda et pour l\u2019ex-Yougoslavie, la Cour p\u00e9nale internationale, le Tribunal sp\u00e9cial pour le Cambodge et la Cour sp\u00e9ciale pour la Sierra Leone ont donn\u00e9 du muscle aux notions d\u2019imputabilit\u00e9 et de justice pour les victimes. <\/p>\n<p>Mais cela n\u2019a pas emp\u00each\u00e9 les violences contre les populations civiles de se r\u00e9p\u00e9ter \u00e0 travers l\u2019Afrique. L\u2019instabilit\u00e9 dans la r\u00e9gion des grand lacs continue de se propager, la crise humanitaire au Darfour continue de faire rage.   <\/p>\n<p>La violence a \u00e9clat\u00e9 \u00e0 la fin de l\u2019ann\u00e9e derni\u00e8re apr\u00e8s la publication des r\u00e9sultats des \u00e9lections pr\u00e9sidentielles du 27 d\u00e9cembre qui ont officiellement donn\u00e9 la victoire au pr\u00e9sident sortant Mwai Kibaki. Ces r\u00e9sultats ont \u00e9t\u00e9 rejet\u00e9 par le chef de l\u2019opposition Raila Odinga, qui d\u00e9nonce la fraude \u00e9lectorale. Les violences opposent principalement, les Kikuyus, la tribu du pr\u00e9sident Kibaki, et les Luos, dont fait partie M. Odinga. Elles se poursuivent et ont fait plus de 400 morts selon le gouvernement Kenyan, mais des observateurs locaux estiment ce chiffre aux alentours du miller. L\u2019ONU rapporte aussi que les violences ont forc\u00e9 au-del\u00e0 de 250 000 personnes \u00e0 quitter leur foyer. <\/p>\n<p>Des observateurs locaux, notamment l\u2019\u00e9v\u00eaque catholique d'Eldoret (ouest), Monseigneur Cornelius Korir, estiment que les attaques visaient des groupes ethniques pr\u00e9cis et ont \u00e9t\u00e9 minutieusement pr\u00e9par\u00e9es et organis\u00e9es. <\/p>\n<p>C\u2019est ce qu\u2019une enqu\u00eate judiciaire pourrait d\u00e9terminer. A ce jour rien ne semble avoir \u00e9t\u00e9 lanc\u00e9. L\u2019intervention de la CPI est soumise \u00e0 quatre conditions. La premi\u00e8re d\u2019entres elles est que la Cour permanente n\u2019a qu\u2019une comp\u00e9tence subsidiaire, compl\u00e9mentaire des juridictions p\u00e9nales nationales. <\/p>\n<p>Elle ne peut intervenir si l\u2019affaire qui lui est soumise fait d\u00e9j\u00e0 l\u2019objet d\u2019une enqu\u00eate par des juridictions nationales ou si l\u2019\u00c9tat a d\u00e9cid\u00e9 de ne pas poursuivre (article 17) \u00e0 moins que l\u2019\u00c9tat n\u2019ait pas la volont\u00e9 ou soit dans l\u2019incapacit\u00e9 de le faire. <\/p>\n<p>Seuls les crimes les plus graves (g\u00e9nocide, les crimes contre l\u2019Humanit\u00e9, les crimes de guerre et le crime d\u2019agression) sont imputables et ils doivent avoir \u00e9t\u00e9 commis apr\u00e8s 2002 (date d\u2019entr\u00e9e en vigueur de son Statut). <\/p>\n<p>Le Kenya a sign\u00e9 le Statut en ao\u00fbt 1999 et a d\u00e9pos\u00e9 son instrument de ratification en mars 2005, les attaques si elles ont \u00e9t\u00e9 pr\u00e9par\u00e9es et perp\u00e9tr\u00e9es contre des groupes ethniques pr\u00e9cis pourraient constituer un d\u00e9but de qualification de crime contre l\u2019Humanit\u00e9.\n<\/p>\n<p  >\n<p>MM-AV\/PB\/GF<\/p>\n","protected":false},"excerpt":{"rendered":"<p>La Haye, 23 janvier 2008 (FH) - Le bureau du procureur \u00e0 la Cour p\u00e9nale internationale (CPI) suit avec attention le d\u00e9roulement des violences qui se produisent depuis trois semaines au Kenya, apprend on \u00e0 La Haye, o\u00f9 si\u00e8ge ce tribunal. Les deux adversaires kenyans, Mwai Kibaki et Raila Odinga, se sont mutuellement menac\u00e9s mardi [&hellip;]<\/p>\n","protected":false},"author":64,"featured_media":0,"comment_status":"open","ping_status":"closed","sticky":false,"template":"","format":"standard","meta":{"_acf_changed":false,"footnotes":""},"categories":[554],"tags":[],"ji_location":[],"class_list":["post-3321","post","type-post","status-publish","format-standard","hentry","category-hirondellenews"],"acf":[],"yoast_head":"<!-- This site is optimized with the Yoast SEO Premium plugin v25.3.1 (Yoast SEO v25.3.1) - https:\/\/yoast.com\/wordpress\/plugins\/seo\/ -->\n<title>23.01.08 - KENYA\/CPI - KENYA : VIOLENCE, MORTS ET JUSTICE - JusticeInfo.net<\/title>\n<meta name=\"robots\" content=\"index, follow, max-snippet:-1, max-image-preview:large, max-video-preview:-1\" \/>\n<link rel=\"canonical\" href=\"https:\/\/www.justiceinfo.net\/fr\/3321-230108-kenyacpi-kenya-violence-morts-et-justice111.html\" \/>\n<meta property=\"og:locale\" content=\"fr_FR\" \/>\n<meta property=\"og:type\" content=\"article\" \/>\n<meta property=\"og:title\" content=\"23.01.08 - KENYA\/CPI - KENYA : VIOLENCE, MORTS ET JUSTICE\" \/>\n<meta property=\"og:description\" content=\"La Haye, 23 janvier 2008 (FH) - Le bureau du procureur \u00e0 la Cour p\u00e9nale internationale (CPI) suit avec attention le d\u00e9roulement des violences qui se produisent depuis trois semaines au Kenya, apprend on \u00e0 La Haye, o\u00f9 si\u00e8ge ce tribunal. Les deux adversaires kenyans, Mwai Kibaki et Raila Odinga, se sont mutuellement menac\u00e9s mardi [&hellip;]\" \/>\n<meta property=\"og:url\" content=\"https:\/\/www.justiceinfo.net\/fr\/3321-230108-kenyacpi-kenya-violence-morts-et-justice111.html\" \/>\n<meta property=\"og:site_name\" content=\"JusticeInfo.net\" \/>\n<meta property=\"article:publisher\" content=\"https:\/\/www.facebook.com\/JusticeInfo\/\" \/>\n<meta property=\"article:published_time\" content=\"2008-01-24T05:16:46+00:00\" \/>\n<meta property=\"og:image\" content=\"https:\/\/www.justiceinfo.net\/wp-content\/uploads\/JusticeInfoNet_logo_1200x630px.jpg\" \/>\n\t<meta property=\"og:image:width\" content=\"1200\" \/>\n\t<meta property=\"og:image:height\" content=\"630\" \/>\n\t<meta property=\"og:image:type\" content=\"image\/jpeg\" \/>\n<meta name=\"author\" content=\"solivri\" \/>\n<meta name=\"twitter:card\" content=\"summary_large_image\" \/>\n<meta name=\"twitter:creator\" content=\"@justiceinfonet\" \/>\n<meta name=\"twitter:site\" content=\"@justiceinfonet\" \/>\n<meta name=\"twitter:label1\" content=\"\u00c9crit par\" \/>\n\t<meta name=\"twitter:data1\" content=\"solivri\" \/>\n\t<meta name=\"twitter:label2\" content=\"Dur\u00e9e de lecture estim\u00e9e\" \/>\n\t<meta name=\"twitter:data2\" content=\"3 minutes\" \/>\n<script type=\"application\/ld+json\" class=\"yoast-schema-graph\">{\"@context\":\"https:\/\/schema.org\",\"@graph\":[{\"@type\":\"NewsArticle\",\"@id\":\"https:\/\/www.justiceinfo.net\/fr\/3321-230108-kenyacpi-kenya-violence-morts-et-justice111.html#article\",\"isPartOf\":{\"@id\":\"https:\/\/www.justiceinfo.net\/fr\/3321-230108-kenyacpi-kenya-violence-morts-et-justice111.html\"},\"author\":{\"name\":\"solivri\",\"@id\":\"https:\/\/www.justiceinfo.net\/fr#\/schema\/person\/6e53cba1629e2e66f3fc1821d3091865\"},\"headline\":\"23.01.08 - KENYA\/CPI - KENYA : VIOLENCE, MORTS ET JUSTICE\",\"datePublished\":\"2008-01-24T05:16:46+00:00\",\"mainEntityOfPage\":{\"@id\":\"https:\/\/www.justiceinfo.net\/fr\/3321-230108-kenyacpi-kenya-violence-morts-et-justice111.html\"},\"wordCount\":701,\"commentCount\":0,\"publisher\":{\"@id\":\"https:\/\/www.justiceinfo.net\/fr#organization\"},\"articleSection\":[\"Hirondelle News\"],\"inLanguage\":\"fr-FR\",\"potentialAction\":[{\"@type\":\"CommentAction\",\"name\":\"Comment\",\"target\":[\"https:\/\/www.justiceinfo.net\/fr\/3321-230108-kenyacpi-kenya-violence-morts-et-justice111.html#respond\"]}]},{\"@type\":\"WebPage\",\"@id\":\"https:\/\/www.justiceinfo.net\/fr\/3321-230108-kenyacpi-kenya-violence-morts-et-justice111.html\",\"url\":\"https:\/\/www.justiceinfo.net\/fr\/3321-230108-kenyacpi-kenya-violence-morts-et-justice111.html\",\"name\":\"23.01.08 - KENYA\/CPI - KENYA : VIOLENCE, MORTS ET JUSTICE - JusticeInfo.net\",\"isPartOf\":{\"@id\":\"https:\/\/www.justiceinfo.net\/fr#website\"},\"datePublished\":\"2008-01-24T05:16:46+00:00\",\"breadcrumb\":{\"@id\":\"https:\/\/www.justiceinfo.net\/fr\/3321-230108-kenyacpi-kenya-violence-morts-et-justice111.html#breadcrumb\"},\"inLanguage\":\"fr-FR\",\"potentialAction\":[{\"@type\":\"ReadAction\",\"target\":[\"https:\/\/www.justiceinfo.net\/fr\/3321-230108-kenyacpi-kenya-violence-morts-et-justice111.html\"]}]},{\"@type\":\"BreadcrumbList\",\"@id\":\"https:\/\/www.justiceinfo.net\/fr\/3321-230108-kenyacpi-kenya-violence-morts-et-justice111.html#breadcrumb\",\"itemListElement\":[{\"@type\":\"ListItem\",\"position\":1,\"name\":\"Home\",\"item\":\"https:\/\/www.justiceinfo.net\/fr\"},{\"@type\":\"ListItem\",\"position\":2,\"name\":\"23.01.08 - KENYA\/CPI - KENYA : VIOLENCE, MORTS ET JUSTICE\"}]},{\"@type\":\"WebSite\",\"@id\":\"https:\/\/www.justiceinfo.net\/fr#website\",\"url\":\"https:\/\/www.justiceinfo.net\/fr\",\"name\":\"JusticeInfo.net\",\"description\":\"La justice doit \u00eatre vue pour \u00eatre rendue\",\"publisher\":{\"@id\":\"https:\/\/www.justiceinfo.net\/fr#organization\"},\"potentialAction\":[{\"@type\":\"SearchAction\",\"target\":{\"@type\":\"EntryPoint\",\"urlTemplate\":\"https:\/\/www.justiceinfo.net\/fr?s={search_term_string}\"},\"query-input\":{\"@type\":\"PropertyValueSpecification\",\"valueRequired\":true,\"valueName\":\"search_term_string\"}}],\"inLanguage\":\"fr-FR\"},{\"@type\":\"Organization\",\"@id\":\"https:\/\/www.justiceinfo.net\/fr#organization\",\"name\":\"Justice Info\",\"url\":\"https:\/\/www.justiceinfo.net\/fr\",\"logo\":{\"@type\":\"ImageObject\",\"inLanguage\":\"fr-FR\",\"@id\":\"https:\/\/www.justiceinfo.net\/fr#\/schema\/logo\/image\/\",\"url\":\"https:\/\/www.justiceinfo.net\/wp-content\/uploads\/justiceinfo_logo-trans_1200x1200px.png\",\"contentUrl\":\"https:\/\/www.justiceinfo.net\/wp-content\/uploads\/justiceinfo_logo-trans_1200x1200px.png\",\"width\":1199,\"height\":1200,\"caption\":\"Justice Info\"},\"image\":{\"@id\":\"https:\/\/www.justiceinfo.net\/fr#\/schema\/logo\/image\/\"},\"sameAs\":[\"https:\/\/www.facebook.com\/JusticeInfo\/\",\"https:\/\/x.com\/justiceinfonet\",\"https:\/\/www.linkedin.com\/company\/justice-info\",\"https:\/\/www.youtube.com\/channel\/UCyCEsARodyuWtkWyhn-e7pA\"]},{\"@type\":\"Person\",\"name\":\"solivri\",\"url\":\"\/fr\/?s=solivri\"}]}<\/script>\n<!-- \/ Yoast SEO Premium plugin. -->","yoast_head_json":{"title":"23.01.08 - KENYA\/CPI - KENYA : VIOLENCE, MORTS ET JUSTICE - JusticeInfo.net","robots":{"index":"index","follow":"follow","max-snippet":"max-snippet:-1","max-image-preview":"max-image-preview:large","max-video-preview":"max-video-preview:-1"},"canonical":"https:\/\/www.justiceinfo.net\/fr\/3321-230108-kenyacpi-kenya-violence-morts-et-justice111.html","og_locale":"fr_FR","og_type":"article","og_title":"23.01.08 - KENYA\/CPI - KENYA : VIOLENCE, MORTS ET JUSTICE","og_description":"La Haye, 23 janvier 2008 (FH) - Le bureau du procureur \u00e0 la Cour p\u00e9nale internationale (CPI) suit avec attention le d\u00e9roulement des violences qui se produisent depuis trois semaines au Kenya, apprend on \u00e0 La Haye, o\u00f9 si\u00e8ge ce tribunal. Les deux adversaires kenyans, Mwai Kibaki et Raila Odinga, se sont mutuellement menac\u00e9s mardi [&hellip;]","og_url":"https:\/\/www.justiceinfo.net\/fr\/3321-230108-kenyacpi-kenya-violence-morts-et-justice111.html","og_site_name":"JusticeInfo.net","article_publisher":"https:\/\/www.facebook.com\/JusticeInfo\/","article_published_time":"2008-01-24T05:16:46+00:00","og_image":[{"width":1200,"height":630,"url":"https:\/\/www.justiceinfo.net\/wp-content\/uploads\/JusticeInfoNet_logo_1200x630px.jpg","type":"image\/jpeg"}],"author":"solivri","twitter_card":"summary_large_image","twitter_creator":"@justiceinfonet","twitter_site":"@justiceinfonet","twitter_misc":{"\u00c9crit par":"solivri","Dur\u00e9e de lecture estim\u00e9e":"3 minutes"},"schema":{"@context":"https:\/\/schema.org","@graph":[{"@type":"NewsArticle","@id":"https:\/\/www.justiceinfo.net\/fr\/3321-230108-kenyacpi-kenya-violence-morts-et-justice111.html#article","isPartOf":{"@id":"https:\/\/www.justiceinfo.net\/fr\/3321-230108-kenyacpi-kenya-violence-morts-et-justice111.html"},"author":{"name":"solivri","@id":"https:\/\/www.justiceinfo.net\/fr#\/schema\/person\/6e53cba1629e2e66f3fc1821d3091865"},"headline":"23.01.08 - KENYA\/CPI - KENYA : VIOLENCE, MORTS ET JUSTICE","datePublished":"2008-01-24T05:16:46+00:00","mainEntityOfPage":{"@id":"https:\/\/www.justiceinfo.net\/fr\/3321-230108-kenyacpi-kenya-violence-morts-et-justice111.html"},"wordCount":701,"commentCount":0,"publisher":{"@id":"https:\/\/www.justiceinfo.net\/fr#organization"},"articleSection":["Hirondelle News"],"inLanguage":"fr-FR","potentialAction":[{"@type":"CommentAction","name":"Comment","target":["https:\/\/www.justiceinfo.net\/fr\/3321-230108-kenyacpi-kenya-violence-morts-et-justice111.html#respond"]}]},{"@type":"WebPage","@id":"https:\/\/www.justiceinfo.net\/fr\/3321-230108-kenyacpi-kenya-violence-morts-et-justice111.html","url":"https:\/\/www.justiceinfo.net\/fr\/3321-230108-kenyacpi-kenya-violence-morts-et-justice111.html","name":"23.01.08 - KENYA\/CPI - KENYA : VIOLENCE, MORTS ET JUSTICE - JusticeInfo.net","isPartOf":{"@id":"https:\/\/www.justiceinfo.net\/fr#website"},"datePublished":"2008-01-24T05:16:46+00:00","breadcrumb":{"@id":"https:\/\/www.justiceinfo.net\/fr\/3321-230108-kenyacpi-kenya-violence-morts-et-justice111.html#breadcrumb"},"inLanguage":"fr-FR","potentialAction":[{"@type":"ReadAction","target":["https:\/\/www.justiceinfo.net\/fr\/3321-230108-kenyacpi-kenya-violence-morts-et-justice111.html"]}]},{"@type":"BreadcrumbList","@id":"https:\/\/www.justiceinfo.net\/fr\/3321-230108-kenyacpi-kenya-violence-morts-et-justice111.html#breadcrumb","itemListElement":[{"@type":"ListItem","position":1,"name":"Home","item":"https:\/\/www.justiceinfo.net\/fr"},{"@type":"ListItem","position":2,"name":"23.01.08 - KENYA\/CPI - KENYA : VIOLENCE, MORTS ET JUSTICE"}]},{"@type":"WebSite","@id":"https:\/\/www.justiceinfo.net\/fr#website","url":"https:\/\/www.justiceinfo.net\/fr","name":"JusticeInfo.net","description":"La justice doit \u00eatre vue pour \u00eatre rendue","publisher":{"@id":"https:\/\/www.justiceinfo.net\/fr#organization"},"potentialAction":[{"@type":"SearchAction","target":{"@type":"EntryPoint","urlTemplate":"https:\/\/www.justiceinfo.net\/fr?s={search_term_string}"},"query-input":{"@type":"PropertyValueSpecification","valueRequired":true,"valueName":"search_term_string"}}],"inLanguage":"fr-FR"},{"@type":"Organization","@id":"https:\/\/www.justiceinfo.net\/fr#organization","name":"Justice Info","url":"https:\/\/www.justiceinfo.net\/fr","logo":{"@type":"ImageObject","inLanguage":"fr-FR","@id":"https:\/\/www.justiceinfo.net\/fr#\/schema\/logo\/image\/","url":"https:\/\/www.justiceinfo.net\/wp-content\/uploads\/justiceinfo_logo-trans_1200x1200px.png","contentUrl":"https:\/\/www.justiceinfo.net\/wp-content\/uploads\/justiceinfo_logo-trans_1200x1200px.png","width":1199,"height":1200,"caption":"Justice Info"},"image":{"@id":"https:\/\/www.justiceinfo.net\/fr#\/schema\/logo\/image\/"},"sameAs":["https:\/\/www.facebook.com\/JusticeInfo\/","https:\/\/x.com\/justiceinfonet","https:\/\/www.linkedin.com\/company\/justice-info","https:\/\/www.youtube.com\/channel\/UCyCEsARodyuWtkWyhn-e7pA"]},{"@type":"Person","name":"solivri","url":"\/fr\/?s=solivri"}]}},"_links":{"self":[{"href":"https:\/\/www.justiceinfo.net\/fr\/wp-json\/wp\/v2\/posts\/3321","targetHints":{"allow":["GET"]}}],"collection":[{"href":"https:\/\/www.justiceinfo.net\/fr\/wp-json\/wp\/v2\/posts"}],"about":[{"href":"https:\/\/www.justiceinfo.net\/fr\/wp-json\/wp\/v2\/types\/post"}],"author":[{"embeddable":true,"href":"https:\/\/www.justiceinfo.net\/fr\/wp-json\/wp\/v2\/users\/64"}],"replies":[{"embeddable":true,"href":"https:\/\/www.justiceinfo.net\/fr\/wp-json\/wp\/v2\/comments?post=3321"}],"version-history":[{"count":0,"href":"https:\/\/www.justiceinfo.net\/fr\/wp-json\/wp\/v2\/posts\/3321\/revisions"}],"wp:attachment":[{"href":"https:\/\/www.justiceinfo.net\/fr\/wp-json\/wp\/v2\/media?parent=3321"}],"wp:term":[{"taxonomy":"category","embeddable":true,"href":"https:\/\/www.justiceinfo.net\/fr\/wp-json\/wp\/v2\/categories?post=3321"},{"taxonomy":"post_tag","embeddable":true,"href":"https:\/\/www.justiceinfo.net\/fr\/wp-json\/wp\/v2\/tags?post=3321"},{"taxonomy":"ji_location","embeddable":true,"href":"https:\/\/www.justiceinfo.net\/fr\/wp-json\/wp\/v2\/ji_location?post=3321"}],"curies":[{"name":"wp","href":"https:\/\/api.w.org\/{rel}","templated":true}]}}