{"id":3325,"date":"2008-01-26T09:00:41","date_gmt":"2008-01-26T08:00:41","guid":{"rendered":"https:\/\/www.justiceinfo.net\/3325-250108-tpirsynthese-hebdomadaire-plaidoiries-dans-le-proces-nshamihigo115.html"},"modified":"2008-01-26T09:00:41","modified_gmt":"2008-01-26T08:00:41","slug":"250108-tpirsynthese-hebdomadaire-plaidoiries-dans-le-proces-nshamihigo115","status":"publish","type":"post","link":"https:\/\/www.justiceinfo.net\/fr\/3325-250108-tpirsynthese-hebdomadaire-plaidoiries-dans-le-proces-nshamihigo115.html","title":{"rendered":"25.01.08 - TPIR\/SYNTHESE HEBDOMADAIRE  - PLAIDOIRIES DANS LE PROCES NSHAMIHIGO"},"content":{"rendered":"<p  >\nArusha, 25 janvier 2008 (FH) - Les plaidoiries se sont d\u00e9roul\u00e9es cette semaine dans le proc\u00e8s de Sim\u00e9on Nshamihigo, un ancien magistrat rwandais poursuivi pour g\u00e9nocide devant le Tribunal p\u00e9nal international pour le Rwanda (TPIR).<br \/>\nMercredi, le parquet a requis l\u2019emprisonnement \u00e0 vie contre l\u2019accus\u00e9 tandis que la d\u00e9fense a plaid\u00e9 l\u2019acquittement.\n<\/p>\n<p><!--more--><\/p>\n<p  >\nLa chambre pr\u00e9sid\u00e9e par Dennis Byron, un magistrat de Saint-Kitts et Nevis, a mis le jugement en d\u00e9lib\u00e9r\u00e9. La date du verdict sera annonc\u00e9e en temps opportun, a simplement indiqu\u00e9 le juge.<br \/>\nNshamihigo, 48 ans, \u00e9tait en proc\u00e8s depuis le 25 septembre 2006. Le parquet l\u2019accuse d\u2019avoir organis\u00e9 des massacres de Tutsis \u00e0 Cyangugu dans le sud-ouest du Rwanda, sa r\u00e9gion natale. Il  plaide non coupable. A la fin des d\u00e9bats, l\u2019accus\u00e9 a d\u00e9clar\u00e9 regretter \u00ab la trag\u00e9die qui a endeuill\u00e9 le Rwanda suite \u00e0 l\u2019assassinat du pr\u00e9sident et \u00e0 la reprise de la guerre qui fortuitement ont pouss\u00e9 les Rwandais \u00e0 s\u2019entretuer \u00bb.<br \/>\nNshamihigo est d\u00e9fendu par deux avocats canadiens, Me Denis Turcotte et Me Henry Beno\u00eet. L\u2019\u00e9quipe de la poursuite est quant \u00e0 elle pilot\u00e9e par l\u2019Ivoirien Alphonse Van.<br \/>\nLes chambres ont par ailleurs tenu des audiences dans les proc\u00e8s Militaires II, Butare et Nsengimana.<br \/>\nLe proc\u00e8s Militaires II regroupe quatre anciens officiers dont deux ex-chefs d\u2019\u00e9tat major. C\u2019est le g\u00e9n\u00e9ral Augustin Ndindiliyimana, ancien chef d\u2019\u00e9tat major de la gendarmerie rwandaise pendant le g\u00e9nocide, qui a poursuivi sa d\u00e9fense cette semaine. Il a annonc\u00e9 une soixantaine de t\u00e9moins \u00e0 d\u00e9charge. Apr\u00e9s le colonel Luc Marchal la semaine derni\u00e8re et un hotelier de Gitarama en d\u00e9but de semaine, un t\u00e9moin qualifi\u00e9 \"d'important\" est venu mais a comparu \u00e0 huis clos.<br \/>\nNdindiliyimana est jug\u00e9 avec l\u2019ancien chef d\u2019\u00e9tat-major de l\u2019arm\u00e9e, le g\u00e9n\u00e9ral Augustin Bizimungu, et deux responsables du bataillon de reconnaissance, une unit\u00e9 d\u2019\u00e9lite de l\u2019ancienne arm\u00e9e rwandaise. Bizimungu a d\u00e9j\u00e0 fait compara\u00eetre ses t\u00e9moins. Ce proc\u00e8s a commenc\u00e9 le 20 septembre 2004.<br \/>\nButare, le plus vieux proc\u00e8s de ceux qui sont en cours au TPIR a commenc\u00e9 en juin 2001. Six accus\u00e9s originaires du sud du Rwanda, dont une femme, sont jug\u00e9s pour g\u00e9nocide et crimes contre l\u2019humanit\u00e9. Actuellement, c\u2019est le cinqui\u00e8me accus\u00e9 qui pr\u00e9sente sa d\u00e9fense. La chambre a propos\u00e9 que la phase de comparution des t\u00e9moins se termine en juillet.<br \/>\nLe proc\u00e8s d'Hormidas Nsengimana, un pr\u00eatre catholique, qui dirigeait le prestigieux coll\u00e8ge du Christ-Roi de Nyanza dans le sud du Rwanda s'est \u00e9galement d\u00e9roul\u00e9. Son proc\u00e8s a commenc\u00e9 en juin 2007. Cette semaine, le procureur a poursuivi la pr\u00e9sentation de ses \u00e9l\u00e9ments de preuve. Un des t\u00e9moins cit\u00e9s a affirm\u00e9 que Nsengimana aurait dirig\u00e9 un escadron qui a sem\u00e9 la mort \u00e0 Nyanza et dans les environs. Le pr\u00eatre plaide non coupable.<br \/>\nL\u2019atmosph\u00e8re s\u2019est un peu tendue jeudi lorsque le parquet a tent\u00e9 de faire interdire \u00e0 un membre de l\u2019\u00e9quipe de la d\u00e9fense de Nsengimana l\u2019acc\u00e8s \u00e0 la salle d\u2019audience. La veille, le procureur s\u2019\u00e9tait \u00e9tonn\u00e9 que cet enqu\u00eateur - un Rwandais \u00e0 qui un t\u00e9moin avait reproch\u00e9 de l\u2019avoir approch\u00e9 - soit dans la salle aux cot\u00e9s des avocats et de l\u2019accus\u00e9. La chambre, en attendant de prendre une d\u00e9cision, lui avait donn\u00e9 gain de cause. Invit\u00e9e \u00e0 renouveler cette interdiction alors que l\u2019enqu\u00eateur assistait au proc\u00e8s dans la galerie du public, la chambre n\u2019y a pas donn\u00e9 suite. Le greffe a toutefois \u00e9t\u00e9 instruit de mener une enqu\u00eate au sujet de ces all\u00e9gations et de faire rapport \u00e0 la chambre.<br \/>\nLa semaine prochaine reprendra le proc\u00e8s Gouvernement II qui concerne quatre anciens ministres. Il avait \u00e9t\u00e9 ajourn\u00e9 le 8 novembre dernier. Jerome Bicamumpaka, ancien ministre des affaires \u00e9trzng\u00e8res continue de pr\u00e9senter les t\u00e9moins en sa faveur. Un diplomate belge, M. Jean Ghist est atttendu.<br \/>\nLes juges entendront par ailleurs le r\u00e9quisitoire du procureur et les plaidoiries de la d\u00e9fense dans le proc\u00e8s d\u2019Emmanuel Rukundo, un autre pr\u00eatre catholique accus\u00e9 de g\u00e9nocide. Les dates pr\u00e9vues \u00e0 cet effet sont le 31 janvier et le 1er f\u00e9vrier.<br \/>\nAT\/PB\/GF<\/p>\n","protected":false},"excerpt":{"rendered":"<p>Arusha, 25 janvier 2008 (FH) - Les plaidoiries se sont d\u00e9roul\u00e9es cette semaine dans le proc\u00e8s de Sim\u00e9on Nshamihigo, un ancien magistrat rwandais poursuivi pour g\u00e9nocide devant le Tribunal p\u00e9nal international pour le Rwanda (TPIR). Mercredi, le parquet a requis l\u2019emprisonnement \u00e0 vie contre l\u2019accus\u00e9 tandis que la d\u00e9fense a plaid\u00e9 l\u2019acquittement.<\/p>\n","protected":false},"author":64,"featured_media":0,"comment_status":"open","ping_status":"closed","sticky":false,"template":"","format":"standard","meta":{"_acf_changed":false,"footnotes":""},"categories":[554],"tags":[],"ji_location":[],"class_list":["post-3325","post","type-post","status-publish","format-standard","hentry","category-hirondellenews"],"acf":[],"yoast_head":"<!-- This site is optimized with the Yoast SEO Premium plugin v25.3.1 (Yoast SEO v25.3.1) - https:\/\/yoast.com\/wordpress\/plugins\/seo\/ -->\n<title>25.01.08 - TPIR\/SYNTHESE HEBDOMADAIRE - PLAIDOIRIES DANS LE PROCES NSHAMIHIGO - JusticeInfo.net<\/title>\n<meta name=\"robots\" content=\"index, follow, max-snippet:-1, max-image-preview:large, max-video-preview:-1\" \/>\n<link rel=\"canonical\" href=\"https:\/\/www.justiceinfo.net\/fr\/3325-250108-tpirsynthese-hebdomadaire-plaidoiries-dans-le-proces-nshamihigo115.html\" \/>\n<meta property=\"og:locale\" content=\"fr_FR\" \/>\n<meta property=\"og:type\" content=\"article\" \/>\n<meta property=\"og:title\" content=\"25.01.08 - TPIR\/SYNTHESE HEBDOMADAIRE - PLAIDOIRIES DANS LE PROCES NSHAMIHIGO\" \/>\n<meta property=\"og:description\" content=\"Arusha, 25 janvier 2008 (FH) - Les plaidoiries se sont d\u00e9roul\u00e9es cette semaine dans le proc\u00e8s de Sim\u00e9on Nshamihigo, un ancien magistrat rwandais poursuivi pour g\u00e9nocide devant le Tribunal p\u00e9nal international pour le Rwanda (TPIR). Mercredi, le parquet a requis l\u2019emprisonnement \u00e0 vie contre l\u2019accus\u00e9 tandis que la d\u00e9fense a plaid\u00e9 l\u2019acquittement.\" \/>\n<meta property=\"og:url\" content=\"https:\/\/www.justiceinfo.net\/fr\/3325-250108-tpirsynthese-hebdomadaire-plaidoiries-dans-le-proces-nshamihigo115.html\" \/>\n<meta property=\"og:site_name\" content=\"JusticeInfo.net\" \/>\n<meta property=\"article:publisher\" content=\"https:\/\/www.facebook.com\/JusticeInfo\/\" \/>\n<meta property=\"article:published_time\" content=\"2008-01-26T08:00:41+00:00\" \/>\n<meta property=\"og:image\" content=\"https:\/\/www.justiceinfo.net\/wp-content\/uploads\/JusticeInfoNet_logo_1200x630px.jpg\" \/>\n\t<meta property=\"og:image:width\" content=\"1200\" \/>\n\t<meta property=\"og:image:height\" content=\"630\" \/>\n\t<meta property=\"og:image:type\" content=\"image\/jpeg\" \/>\n<meta name=\"author\" content=\"solivri\" \/>\n<meta name=\"twitter:card\" content=\"summary_large_image\" \/>\n<meta name=\"twitter:creator\" content=\"@justiceinfonet\" \/>\n<meta name=\"twitter:site\" content=\"@justiceinfonet\" \/>\n<meta name=\"twitter:label1\" content=\"\u00c9crit par\" \/>\n\t<meta name=\"twitter:data1\" content=\"solivri\" \/>\n\t<meta name=\"twitter:label2\" content=\"Dur\u00e9e de lecture estim\u00e9e\" \/>\n\t<meta name=\"twitter:data2\" content=\"4 minutes\" \/>\n<script type=\"application\/ld+json\" class=\"yoast-schema-graph\">{\"@context\":\"https:\/\/schema.org\",\"@graph\":[{\"@type\":\"NewsArticle\",\"@id\":\"https:\/\/www.justiceinfo.net\/fr\/3325-250108-tpirsynthese-hebdomadaire-plaidoiries-dans-le-proces-nshamihigo115.html#article\",\"isPartOf\":{\"@id\":\"https:\/\/www.justiceinfo.net\/fr\/3325-250108-tpirsynthese-hebdomadaire-plaidoiries-dans-le-proces-nshamihigo115.html\"},\"author\":{\"name\":\"solivri\",\"@id\":\"https:\/\/www.justiceinfo.net\/fr#\/schema\/person\/6e53cba1629e2e66f3fc1821d3091865\"},\"headline\":\"25.01.08 - TPIR\/SYNTHESE HEBDOMADAIRE - PLAIDOIRIES DANS LE PROCES NSHAMIHIGO\",\"datePublished\":\"2008-01-26T08:00:41+00:00\",\"mainEntityOfPage\":{\"@id\":\"https:\/\/www.justiceinfo.net\/fr\/3325-250108-tpirsynthese-hebdomadaire-plaidoiries-dans-le-proces-nshamihigo115.html\"},\"wordCount\":754,\"commentCount\":0,\"publisher\":{\"@id\":\"https:\/\/www.justiceinfo.net\/fr#organization\"},\"articleSection\":[\"Hirondelle News\"],\"inLanguage\":\"fr-FR\",\"potentialAction\":[{\"@type\":\"CommentAction\",\"name\":\"Comment\",\"target\":[\"https:\/\/www.justiceinfo.net\/fr\/3325-250108-tpirsynthese-hebdomadaire-plaidoiries-dans-le-proces-nshamihigo115.html#respond\"]}]},{\"@type\":\"WebPage\",\"@id\":\"https:\/\/www.justiceinfo.net\/fr\/3325-250108-tpirsynthese-hebdomadaire-plaidoiries-dans-le-proces-nshamihigo115.html\",\"url\":\"https:\/\/www.justiceinfo.net\/fr\/3325-250108-tpirsynthese-hebdomadaire-plaidoiries-dans-le-proces-nshamihigo115.html\",\"name\":\"25.01.08 - TPIR\/SYNTHESE HEBDOMADAIRE - PLAIDOIRIES DANS LE PROCES NSHAMIHIGO - JusticeInfo.net\",\"isPartOf\":{\"@id\":\"https:\/\/www.justiceinfo.net\/fr#website\"},\"datePublished\":\"2008-01-26T08:00:41+00:00\",\"breadcrumb\":{\"@id\":\"https:\/\/www.justiceinfo.net\/fr\/3325-250108-tpirsynthese-hebdomadaire-plaidoiries-dans-le-proces-nshamihigo115.html#breadcrumb\"},\"inLanguage\":\"fr-FR\",\"potentialAction\":[{\"@type\":\"ReadAction\",\"target\":[\"https:\/\/www.justiceinfo.net\/fr\/3325-250108-tpirsynthese-hebdomadaire-plaidoiries-dans-le-proces-nshamihigo115.html\"]}]},{\"@type\":\"BreadcrumbList\",\"@id\":\"https:\/\/www.justiceinfo.net\/fr\/3325-250108-tpirsynthese-hebdomadaire-plaidoiries-dans-le-proces-nshamihigo115.html#breadcrumb\",\"itemListElement\":[{\"@type\":\"ListItem\",\"position\":1,\"name\":\"Home\",\"item\":\"https:\/\/www.justiceinfo.net\/fr\"},{\"@type\":\"ListItem\",\"position\":2,\"name\":\"25.01.08 - TPIR\/SYNTHESE HEBDOMADAIRE - PLAIDOIRIES DANS LE PROCES NSHAMIHIGO\"}]},{\"@type\":\"WebSite\",\"@id\":\"https:\/\/www.justiceinfo.net\/fr#website\",\"url\":\"https:\/\/www.justiceinfo.net\/fr\",\"name\":\"JusticeInfo.net\",\"description\":\"La justice doit \u00eatre vue pour \u00eatre rendue\",\"publisher\":{\"@id\":\"https:\/\/www.justiceinfo.net\/fr#organization\"},\"potentialAction\":[{\"@type\":\"SearchAction\",\"target\":{\"@type\":\"EntryPoint\",\"urlTemplate\":\"https:\/\/www.justiceinfo.net\/fr?s={search_term_string}\"},\"query-input\":{\"@type\":\"PropertyValueSpecification\",\"valueRequired\":true,\"valueName\":\"search_term_string\"}}],\"inLanguage\":\"fr-FR\"},{\"@type\":\"Organization\",\"@id\":\"https:\/\/www.justiceinfo.net\/fr#organization\",\"name\":\"Justice Info\",\"url\":\"https:\/\/www.justiceinfo.net\/fr\",\"logo\":{\"@type\":\"ImageObject\",\"inLanguage\":\"fr-FR\",\"@id\":\"https:\/\/www.justiceinfo.net\/fr#\/schema\/logo\/image\/\",\"url\":\"https:\/\/www.justiceinfo.net\/wp-content\/uploads\/justiceinfo_logo-trans_1200x1200px.png\",\"contentUrl\":\"https:\/\/www.justiceinfo.net\/wp-content\/uploads\/justiceinfo_logo-trans_1200x1200px.png\",\"width\":1199,\"height\":1200,\"caption\":\"Justice Info\"},\"image\":{\"@id\":\"https:\/\/www.justiceinfo.net\/fr#\/schema\/logo\/image\/\"},\"sameAs\":[\"https:\/\/www.facebook.com\/JusticeInfo\/\",\"https:\/\/x.com\/justiceinfonet\",\"https:\/\/www.linkedin.com\/company\/justice-info\",\"https:\/\/www.youtube.com\/channel\/UCyCEsARodyuWtkWyhn-e7pA\"]},{\"@type\":\"Person\",\"name\":\"solivri\",\"url\":\"\/fr\/?s=solivri\"}]}<\/script>\n<!-- \/ Yoast SEO Premium plugin. -->","yoast_head_json":{"title":"25.01.08 - TPIR\/SYNTHESE HEBDOMADAIRE - PLAIDOIRIES DANS LE PROCES NSHAMIHIGO - JusticeInfo.net","robots":{"index":"index","follow":"follow","max-snippet":"max-snippet:-1","max-image-preview":"max-image-preview:large","max-video-preview":"max-video-preview:-1"},"canonical":"https:\/\/www.justiceinfo.net\/fr\/3325-250108-tpirsynthese-hebdomadaire-plaidoiries-dans-le-proces-nshamihigo115.html","og_locale":"fr_FR","og_type":"article","og_title":"25.01.08 - TPIR\/SYNTHESE HEBDOMADAIRE - PLAIDOIRIES DANS LE PROCES NSHAMIHIGO","og_description":"Arusha, 25 janvier 2008 (FH) - Les plaidoiries se sont d\u00e9roul\u00e9es cette semaine dans le proc\u00e8s de Sim\u00e9on Nshamihigo, un ancien magistrat rwandais poursuivi pour g\u00e9nocide devant le Tribunal p\u00e9nal international pour le Rwanda (TPIR). Mercredi, le parquet a requis l\u2019emprisonnement \u00e0 vie contre l\u2019accus\u00e9 tandis que la d\u00e9fense a plaid\u00e9 l\u2019acquittement.","og_url":"https:\/\/www.justiceinfo.net\/fr\/3325-250108-tpirsynthese-hebdomadaire-plaidoiries-dans-le-proces-nshamihigo115.html","og_site_name":"JusticeInfo.net","article_publisher":"https:\/\/www.facebook.com\/JusticeInfo\/","article_published_time":"2008-01-26T08:00:41+00:00","og_image":[{"width":1200,"height":630,"url":"https:\/\/www.justiceinfo.net\/wp-content\/uploads\/JusticeInfoNet_logo_1200x630px.jpg","type":"image\/jpeg"}],"author":"solivri","twitter_card":"summary_large_image","twitter_creator":"@justiceinfonet","twitter_site":"@justiceinfonet","twitter_misc":{"\u00c9crit par":"solivri","Dur\u00e9e de lecture estim\u00e9e":"4 minutes"},"schema":{"@context":"https:\/\/schema.org","@graph":[{"@type":"NewsArticle","@id":"https:\/\/www.justiceinfo.net\/fr\/3325-250108-tpirsynthese-hebdomadaire-plaidoiries-dans-le-proces-nshamihigo115.html#article","isPartOf":{"@id":"https:\/\/www.justiceinfo.net\/fr\/3325-250108-tpirsynthese-hebdomadaire-plaidoiries-dans-le-proces-nshamihigo115.html"},"author":{"name":"solivri","@id":"https:\/\/www.justiceinfo.net\/fr#\/schema\/person\/6e53cba1629e2e66f3fc1821d3091865"},"headline":"25.01.08 - TPIR\/SYNTHESE HEBDOMADAIRE - PLAIDOIRIES DANS LE PROCES NSHAMIHIGO","datePublished":"2008-01-26T08:00:41+00:00","mainEntityOfPage":{"@id":"https:\/\/www.justiceinfo.net\/fr\/3325-250108-tpirsynthese-hebdomadaire-plaidoiries-dans-le-proces-nshamihigo115.html"},"wordCount":754,"commentCount":0,"publisher":{"@id":"https:\/\/www.justiceinfo.net\/fr#organization"},"articleSection":["Hirondelle News"],"inLanguage":"fr-FR","potentialAction":[{"@type":"CommentAction","name":"Comment","target":["https:\/\/www.justiceinfo.net\/fr\/3325-250108-tpirsynthese-hebdomadaire-plaidoiries-dans-le-proces-nshamihigo115.html#respond"]}]},{"@type":"WebPage","@id":"https:\/\/www.justiceinfo.net\/fr\/3325-250108-tpirsynthese-hebdomadaire-plaidoiries-dans-le-proces-nshamihigo115.html","url":"https:\/\/www.justiceinfo.net\/fr\/3325-250108-tpirsynthese-hebdomadaire-plaidoiries-dans-le-proces-nshamihigo115.html","name":"25.01.08 - TPIR\/SYNTHESE HEBDOMADAIRE - PLAIDOIRIES DANS LE PROCES NSHAMIHIGO - JusticeInfo.net","isPartOf":{"@id":"https:\/\/www.justiceinfo.net\/fr#website"},"datePublished":"2008-01-26T08:00:41+00:00","breadcrumb":{"@id":"https:\/\/www.justiceinfo.net\/fr\/3325-250108-tpirsynthese-hebdomadaire-plaidoiries-dans-le-proces-nshamihigo115.html#breadcrumb"},"inLanguage":"fr-FR","potentialAction":[{"@type":"ReadAction","target":["https:\/\/www.justiceinfo.net\/fr\/3325-250108-tpirsynthese-hebdomadaire-plaidoiries-dans-le-proces-nshamihigo115.html"]}]},{"@type":"BreadcrumbList","@id":"https:\/\/www.justiceinfo.net\/fr\/3325-250108-tpirsynthese-hebdomadaire-plaidoiries-dans-le-proces-nshamihigo115.html#breadcrumb","itemListElement":[{"@type":"ListItem","position":1,"name":"Home","item":"https:\/\/www.justiceinfo.net\/fr"},{"@type":"ListItem","position":2,"name":"25.01.08 - TPIR\/SYNTHESE HEBDOMADAIRE - PLAIDOIRIES DANS LE PROCES NSHAMIHIGO"}]},{"@type":"WebSite","@id":"https:\/\/www.justiceinfo.net\/fr#website","url":"https:\/\/www.justiceinfo.net\/fr","name":"JusticeInfo.net","description":"La justice doit \u00eatre vue pour \u00eatre rendue","publisher":{"@id":"https:\/\/www.justiceinfo.net\/fr#organization"},"potentialAction":[{"@type":"SearchAction","target":{"@type":"EntryPoint","urlTemplate":"https:\/\/www.justiceinfo.net\/fr?s={search_term_string}"},"query-input":{"@type":"PropertyValueSpecification","valueRequired":true,"valueName":"search_term_string"}}],"inLanguage":"fr-FR"},{"@type":"Organization","@id":"https:\/\/www.justiceinfo.net\/fr#organization","name":"Justice Info","url":"https:\/\/www.justiceinfo.net\/fr","logo":{"@type":"ImageObject","inLanguage":"fr-FR","@id":"https:\/\/www.justiceinfo.net\/fr#\/schema\/logo\/image\/","url":"https:\/\/www.justiceinfo.net\/wp-content\/uploads\/justiceinfo_logo-trans_1200x1200px.png","contentUrl":"https:\/\/www.justiceinfo.net\/wp-content\/uploads\/justiceinfo_logo-trans_1200x1200px.png","width":1199,"height":1200,"caption":"Justice Info"},"image":{"@id":"https:\/\/www.justiceinfo.net\/fr#\/schema\/logo\/image\/"},"sameAs":["https:\/\/www.facebook.com\/JusticeInfo\/","https:\/\/x.com\/justiceinfonet","https:\/\/www.linkedin.com\/company\/justice-info","https:\/\/www.youtube.com\/channel\/UCyCEsARodyuWtkWyhn-e7pA"]},{"@type":"Person","name":"solivri","url":"\/fr\/?s=solivri"}]}},"_links":{"self":[{"href":"https:\/\/www.justiceinfo.net\/fr\/wp-json\/wp\/v2\/posts\/3325","targetHints":{"allow":["GET"]}}],"collection":[{"href":"https:\/\/www.justiceinfo.net\/fr\/wp-json\/wp\/v2\/posts"}],"about":[{"href":"https:\/\/www.justiceinfo.net\/fr\/wp-json\/wp\/v2\/types\/post"}],"author":[{"embeddable":true,"href":"https:\/\/www.justiceinfo.net\/fr\/wp-json\/wp\/v2\/users\/64"}],"replies":[{"embeddable":true,"href":"https:\/\/www.justiceinfo.net\/fr\/wp-json\/wp\/v2\/comments?post=3325"}],"version-history":[{"count":0,"href":"https:\/\/www.justiceinfo.net\/fr\/wp-json\/wp\/v2\/posts\/3325\/revisions"}],"wp:attachment":[{"href":"https:\/\/www.justiceinfo.net\/fr\/wp-json\/wp\/v2\/media?parent=3325"}],"wp:term":[{"taxonomy":"category","embeddable":true,"href":"https:\/\/www.justiceinfo.net\/fr\/wp-json\/wp\/v2\/categories?post=3325"},{"taxonomy":"post_tag","embeddable":true,"href":"https:\/\/www.justiceinfo.net\/fr\/wp-json\/wp\/v2\/tags?post=3325"},{"taxonomy":"ji_location","embeddable":true,"href":"https:\/\/www.justiceinfo.net\/fr\/wp-json\/wp\/v2\/ji_location?post=3325"}],"curies":[{"name":"wp","href":"https:\/\/api.w.org\/{rel}","templated":true}]}}