{"id":3333,"date":"2008-01-30T06:51:18","date_gmt":"2008-01-30T05:51:18","guid":{"rendered":"https:\/\/www.justiceinfo.net\/3333-290108-rwandaonu-visite-du-secretaire-general-de-lonu-au-memorial-de-kigali123.html"},"modified":"2008-01-30T06:51:18","modified_gmt":"2008-01-30T05:51:18","slug":"290108-rwandaonu-visite-du-secretaire-general-de-lonu-au-memorial-de-kigali123","status":"publish","type":"post","link":"https:\/\/www.justiceinfo.net\/fr\/3333-290108-rwandaonu-visite-du-secretaire-general-de-lonu-au-memorial-de-kigali123.html","title":{"rendered":"29.01.08 - RWANDA\/ONU  - VISITE DU SECRETAIRE GENERAL DE L\u2019ONU AU MEMORIAL DE KIGALI"},"content":{"rendered":"<p  >\nKigali, 29 janvier 2008 (FH) -  Le Secr\u00e9taire-g\u00e9n\u00e9ral de l\u2019Organisation des Nations Unies, M.  Ban Ki-Moon apr\u00e8s s\u2019\u00eatre rendu mardi au m\u00e9morial des victimes du g\u00e9nocide de 1994 a dit que l\u2019ONU et la communaut\u00e9 internationale seraient \u00ab hant\u00e9s \u00bb par ces massacres.\n<\/p>\n<p><!--more--><\/p>\n<p  >\n\u00ab Le g\u00e9nocide rwandais va hanter les Nations Unies et la communaut\u00e9 internationale pendant des g\u00e9n\u00e9rations\u00bb a-t-il dit apr\u00e8s sa visite au m\u00e9morial de Kigali au d\u00e9but de sa visite de deux jours au Rwanda. <\/p>\n<p>Le monde a \u00e9t\u00e9 marqu\u00e9 par les massacres de 1994 et sa pr\u00e9sence au Rwanda est destin\u00e9e \u00e0 honorer les victimes et marquer sa solidarit\u00e9 avec les victimes, a-t-il expliqu\u00e9. \u00ab Cela ne doit jamais plus arriver \u00bb a-t-il dit soulignant que  les Nations Unies avaient tir\u00e9 des le\u00e7ons de ce carnage. <\/p>\n<p>Les pays membres des Nations Unies doivent prot\u00e9ger une population quand elle est attaqu\u00e9e, a-t-il dit. \u00ab Notre t\u00e2che est d\u2019en prendre l\u2019engagement \u00bb a-t-il ajout\u00e9. <\/p>\n<p>\u00ab Ce m\u00e9morial, a-t-il dit, est un rappel de ce dont la nature humaine est capable \u00bb a-t-il dit touch\u00e9 par sa visite d\u2019une heure dans ce lieu o\u00f9 sont expos\u00e9es les armes rudimentaires avec lesquelles environ 800.000 tutsis et hutus mod\u00e9r\u00e9s ont \u00e9t\u00e9 tu\u00e9s. Il a aussi entendu des t\u00e9moignages enregistr\u00e9s de victimes expliquant comment elles avaient surv\u00e9cu \u00e0 ces massacres perp\u00e9tr\u00e9s souvent par les milices Interahamwe. <\/p>\n<p>Le secr\u00e9taire g\u00e9n\u00e9ral a fait une contribution personnelle de 10.000 USD au fonds d\u2019aide aux victimes. Le procureur du Tribunal p\u00e9nal international pour le Rwanda, M. Hassan Abubacar Jallow, qui a mis en accusation les principaux artisans de ce g\u00e9nocide, \u00e9tait aux cot\u00e9s du secr\u00e9taire g\u00e9n\u00e9ral. <\/p>\n<p>Le Secr\u00e9taire g\u00e9n\u00e9ral des Nations Unies devait ensuite rencontrer au cours de l\u2019apr\u00e8s midi le pr\u00e9sident rwandais Paul Kagame. Il terminera sa visite demain mercredi. <\/p>\n<p>M. Ban Ki-Moon \u00e9tait d\u00e9j\u00e0 venu au Rwanda il y a deux alors qu\u2019il \u00e9tait ministre des affaires \u00e9trang\u00e8res de Cor\u00e9e du sud. <\/p>\n<p>Le pr\u00e9c\u00e9dent secr\u00e9taire g\u00e9n\u00e9ral des Nations unies M. Kofi Annan s\u2019\u00e9tait rendu au Rwanda en 1998 et avait dans une d\u00e9claration effectu\u00e9e en 2004 lors du dixi\u00e8me anniversaire reconnu que les Nations Unies avaient failli lors du g\u00e9nocide. <\/p>\n<p>SC\/PB\/GF<\/p>\n","protected":false},"excerpt":{"rendered":"<p>Kigali, 29 janvier 2008 (FH) - Le Secr\u00e9taire-g\u00e9n\u00e9ral de l\u2019Organisation des Nations Unies, M. Ban Ki-Moon apr\u00e8s s\u2019\u00eatre rendu mardi au m\u00e9morial des victimes du g\u00e9nocide de 1994 a dit que l\u2019ONU et la communaut\u00e9 internationale seraient \u00ab hant\u00e9s \u00bb par ces massacres.<\/p>\n","protected":false},"author":64,"featured_media":0,"comment_status":"open","ping_status":"closed","sticky":false,"template":"","format":"standard","meta":{"_acf_changed":false,"footnotes":""},"categories":[554],"tags":[],"ji_location":[],"class_list":["post-3333","post","type-post","status-publish","format-standard","hentry","category-hirondellenews"],"acf":[],"yoast_head":"<!-- This site is optimized with the Yoast SEO Premium plugin v25.3.1 (Yoast SEO v25.3.1) - https:\/\/yoast.com\/wordpress\/plugins\/seo\/ -->\n<title>29.01.08 - RWANDA\/ONU - VISITE DU SECRETAIRE GENERAL DE L\u2019ONU AU MEMORIAL DE KIGALI - JusticeInfo.net<\/title>\n<meta name=\"robots\" content=\"index, follow, max-snippet:-1, max-image-preview:large, max-video-preview:-1\" \/>\n<link rel=\"canonical\" href=\"https:\/\/www.justiceinfo.net\/fr\/3333-290108-rwandaonu-visite-du-secretaire-general-de-lonu-au-memorial-de-kigali123.html\" \/>\n<meta property=\"og:locale\" content=\"fr_FR\" \/>\n<meta property=\"og:type\" content=\"article\" \/>\n<meta property=\"og:title\" content=\"29.01.08 - RWANDA\/ONU - VISITE DU SECRETAIRE GENERAL DE L\u2019ONU AU MEMORIAL DE KIGALI\" \/>\n<meta property=\"og:description\" content=\"Kigali, 29 janvier 2008 (FH) - Le Secr\u00e9taire-g\u00e9n\u00e9ral de l\u2019Organisation des Nations Unies, M. Ban Ki-Moon apr\u00e8s s\u2019\u00eatre rendu mardi au m\u00e9morial des victimes du g\u00e9nocide de 1994 a dit que l\u2019ONU et la communaut\u00e9 internationale seraient \u00ab hant\u00e9s \u00bb par ces massacres.\" \/>\n<meta property=\"og:url\" content=\"https:\/\/www.justiceinfo.net\/fr\/3333-290108-rwandaonu-visite-du-secretaire-general-de-lonu-au-memorial-de-kigali123.html\" \/>\n<meta property=\"og:site_name\" content=\"JusticeInfo.net\" \/>\n<meta property=\"article:publisher\" content=\"https:\/\/www.facebook.com\/JusticeInfo\/\" \/>\n<meta property=\"article:published_time\" content=\"2008-01-30T05:51:18+00:00\" \/>\n<meta property=\"og:image\" content=\"https:\/\/www.justiceinfo.net\/wp-content\/uploads\/JusticeInfoNet_logo_1200x630px.jpg\" \/>\n\t<meta property=\"og:image:width\" content=\"1200\" \/>\n\t<meta property=\"og:image:height\" content=\"630\" \/>\n\t<meta property=\"og:image:type\" content=\"image\/jpeg\" \/>\n<meta name=\"author\" content=\"solivri\" \/>\n<meta name=\"twitter:card\" content=\"summary_large_image\" \/>\n<meta name=\"twitter:creator\" content=\"@justiceinfonet\" \/>\n<meta name=\"twitter:site\" content=\"@justiceinfonet\" \/>\n<meta name=\"twitter:label1\" content=\"\u00c9crit par\" \/>\n\t<meta name=\"twitter:data1\" content=\"solivri\" \/>\n\t<meta name=\"twitter:label2\" content=\"Dur\u00e9e de lecture estim\u00e9e\" \/>\n\t<meta name=\"twitter:data2\" content=\"2 minutes\" \/>\n<script type=\"application\/ld+json\" class=\"yoast-schema-graph\">{\"@context\":\"https:\/\/schema.org\",\"@graph\":[{\"@type\":\"NewsArticle\",\"@id\":\"https:\/\/www.justiceinfo.net\/fr\/3333-290108-rwandaonu-visite-du-secretaire-general-de-lonu-au-memorial-de-kigali123.html#article\",\"isPartOf\":{\"@id\":\"https:\/\/www.justiceinfo.net\/fr\/3333-290108-rwandaonu-visite-du-secretaire-general-de-lonu-au-memorial-de-kigali123.html\"},\"author\":{\"name\":\"solivri\",\"@id\":\"https:\/\/www.justiceinfo.net\/fr#\/schema\/person\/6e53cba1629e2e66f3fc1821d3091865\"},\"headline\":\"29.01.08 - RWANDA\/ONU - VISITE DU SECRETAIRE GENERAL DE L\u2019ONU AU MEMORIAL DE KIGALI\",\"datePublished\":\"2008-01-30T05:51:18+00:00\",\"mainEntityOfPage\":{\"@id\":\"https:\/\/www.justiceinfo.net\/fr\/3333-290108-rwandaonu-visite-du-secretaire-general-de-lonu-au-memorial-de-kigali123.html\"},\"wordCount\":420,\"commentCount\":0,\"publisher\":{\"@id\":\"https:\/\/www.justiceinfo.net\/fr#organization\"},\"articleSection\":[\"Hirondelle News\"],\"inLanguage\":\"fr-FR\",\"potentialAction\":[{\"@type\":\"CommentAction\",\"name\":\"Comment\",\"target\":[\"https:\/\/www.justiceinfo.net\/fr\/3333-290108-rwandaonu-visite-du-secretaire-general-de-lonu-au-memorial-de-kigali123.html#respond\"]}]},{\"@type\":\"WebPage\",\"@id\":\"https:\/\/www.justiceinfo.net\/fr\/3333-290108-rwandaonu-visite-du-secretaire-general-de-lonu-au-memorial-de-kigali123.html\",\"url\":\"https:\/\/www.justiceinfo.net\/fr\/3333-290108-rwandaonu-visite-du-secretaire-general-de-lonu-au-memorial-de-kigali123.html\",\"name\":\"29.01.08 - RWANDA\/ONU - VISITE DU SECRETAIRE GENERAL DE L\u2019ONU AU MEMORIAL DE KIGALI - JusticeInfo.net\",\"isPartOf\":{\"@id\":\"https:\/\/www.justiceinfo.net\/fr#website\"},\"datePublished\":\"2008-01-30T05:51:18+00:00\",\"breadcrumb\":{\"@id\":\"https:\/\/www.justiceinfo.net\/fr\/3333-290108-rwandaonu-visite-du-secretaire-general-de-lonu-au-memorial-de-kigali123.html#breadcrumb\"},\"inLanguage\":\"fr-FR\",\"potentialAction\":[{\"@type\":\"ReadAction\",\"target\":[\"https:\/\/www.justiceinfo.net\/fr\/3333-290108-rwandaonu-visite-du-secretaire-general-de-lonu-au-memorial-de-kigali123.html\"]}]},{\"@type\":\"BreadcrumbList\",\"@id\":\"https:\/\/www.justiceinfo.net\/fr\/3333-290108-rwandaonu-visite-du-secretaire-general-de-lonu-au-memorial-de-kigali123.html#breadcrumb\",\"itemListElement\":[{\"@type\":\"ListItem\",\"position\":1,\"name\":\"Home\",\"item\":\"https:\/\/www.justiceinfo.net\/fr\"},{\"@type\":\"ListItem\",\"position\":2,\"name\":\"29.01.08 - RWANDA\/ONU - VISITE DU SECRETAIRE GENERAL DE L\u2019ONU AU MEMORIAL DE KIGALI\"}]},{\"@type\":\"WebSite\",\"@id\":\"https:\/\/www.justiceinfo.net\/fr#website\",\"url\":\"https:\/\/www.justiceinfo.net\/fr\",\"name\":\"JusticeInfo.net\",\"description\":\"La justice doit \u00eatre vue pour \u00eatre rendue\",\"publisher\":{\"@id\":\"https:\/\/www.justiceinfo.net\/fr#organization\"},\"potentialAction\":[{\"@type\":\"SearchAction\",\"target\":{\"@type\":\"EntryPoint\",\"urlTemplate\":\"https:\/\/www.justiceinfo.net\/fr?s={search_term_string}\"},\"query-input\":{\"@type\":\"PropertyValueSpecification\",\"valueRequired\":true,\"valueName\":\"search_term_string\"}}],\"inLanguage\":\"fr-FR\"},{\"@type\":\"Organization\",\"@id\":\"https:\/\/www.justiceinfo.net\/fr#organization\",\"name\":\"Justice Info\",\"url\":\"https:\/\/www.justiceinfo.net\/fr\",\"logo\":{\"@type\":\"ImageObject\",\"inLanguage\":\"fr-FR\",\"@id\":\"https:\/\/www.justiceinfo.net\/fr#\/schema\/logo\/image\/\",\"url\":\"https:\/\/www.justiceinfo.net\/wp-content\/uploads\/justiceinfo_logo-trans_1200x1200px.png\",\"contentUrl\":\"https:\/\/www.justiceinfo.net\/wp-content\/uploads\/justiceinfo_logo-trans_1200x1200px.png\",\"width\":1199,\"height\":1200,\"caption\":\"Justice Info\"},\"image\":{\"@id\":\"https:\/\/www.justiceinfo.net\/fr#\/schema\/logo\/image\/\"},\"sameAs\":[\"https:\/\/www.facebook.com\/JusticeInfo\/\",\"https:\/\/x.com\/justiceinfonet\",\"https:\/\/www.linkedin.com\/company\/justice-info\",\"https:\/\/www.youtube.com\/channel\/UCyCEsARodyuWtkWyhn-e7pA\"]},{\"@type\":\"Person\",\"name\":\"solivri\",\"url\":\"\/fr\/?s=solivri\"}]}<\/script>\n<!-- \/ Yoast SEO Premium plugin. -->","yoast_head_json":{"title":"29.01.08 - RWANDA\/ONU - VISITE DU SECRETAIRE GENERAL DE L\u2019ONU AU MEMORIAL DE KIGALI - JusticeInfo.net","robots":{"index":"index","follow":"follow","max-snippet":"max-snippet:-1","max-image-preview":"max-image-preview:large","max-video-preview":"max-video-preview:-1"},"canonical":"https:\/\/www.justiceinfo.net\/fr\/3333-290108-rwandaonu-visite-du-secretaire-general-de-lonu-au-memorial-de-kigali123.html","og_locale":"fr_FR","og_type":"article","og_title":"29.01.08 - RWANDA\/ONU - VISITE DU SECRETAIRE GENERAL DE L\u2019ONU AU MEMORIAL DE KIGALI","og_description":"Kigali, 29 janvier 2008 (FH) - Le Secr\u00e9taire-g\u00e9n\u00e9ral de l\u2019Organisation des Nations Unies, M. Ban Ki-Moon apr\u00e8s s\u2019\u00eatre rendu mardi au m\u00e9morial des victimes du g\u00e9nocide de 1994 a dit que l\u2019ONU et la communaut\u00e9 internationale seraient \u00ab hant\u00e9s \u00bb par ces massacres.","og_url":"https:\/\/www.justiceinfo.net\/fr\/3333-290108-rwandaonu-visite-du-secretaire-general-de-lonu-au-memorial-de-kigali123.html","og_site_name":"JusticeInfo.net","article_publisher":"https:\/\/www.facebook.com\/JusticeInfo\/","article_published_time":"2008-01-30T05:51:18+00:00","og_image":[{"width":1200,"height":630,"url":"https:\/\/www.justiceinfo.net\/wp-content\/uploads\/JusticeInfoNet_logo_1200x630px.jpg","type":"image\/jpeg"}],"author":"solivri","twitter_card":"summary_large_image","twitter_creator":"@justiceinfonet","twitter_site":"@justiceinfonet","twitter_misc":{"\u00c9crit par":"solivri","Dur\u00e9e de lecture estim\u00e9e":"2 minutes"},"schema":{"@context":"https:\/\/schema.org","@graph":[{"@type":"NewsArticle","@id":"https:\/\/www.justiceinfo.net\/fr\/3333-290108-rwandaonu-visite-du-secretaire-general-de-lonu-au-memorial-de-kigali123.html#article","isPartOf":{"@id":"https:\/\/www.justiceinfo.net\/fr\/3333-290108-rwandaonu-visite-du-secretaire-general-de-lonu-au-memorial-de-kigali123.html"},"author":{"name":"solivri","@id":"https:\/\/www.justiceinfo.net\/fr#\/schema\/person\/6e53cba1629e2e66f3fc1821d3091865"},"headline":"29.01.08 - RWANDA\/ONU - VISITE DU SECRETAIRE GENERAL DE L\u2019ONU AU MEMORIAL DE KIGALI","datePublished":"2008-01-30T05:51:18+00:00","mainEntityOfPage":{"@id":"https:\/\/www.justiceinfo.net\/fr\/3333-290108-rwandaonu-visite-du-secretaire-general-de-lonu-au-memorial-de-kigali123.html"},"wordCount":420,"commentCount":0,"publisher":{"@id":"https:\/\/www.justiceinfo.net\/fr#organization"},"articleSection":["Hirondelle News"],"inLanguage":"fr-FR","potentialAction":[{"@type":"CommentAction","name":"Comment","target":["https:\/\/www.justiceinfo.net\/fr\/3333-290108-rwandaonu-visite-du-secretaire-general-de-lonu-au-memorial-de-kigali123.html#respond"]}]},{"@type":"WebPage","@id":"https:\/\/www.justiceinfo.net\/fr\/3333-290108-rwandaonu-visite-du-secretaire-general-de-lonu-au-memorial-de-kigali123.html","url":"https:\/\/www.justiceinfo.net\/fr\/3333-290108-rwandaonu-visite-du-secretaire-general-de-lonu-au-memorial-de-kigali123.html","name":"29.01.08 - RWANDA\/ONU - VISITE DU SECRETAIRE GENERAL DE L\u2019ONU AU MEMORIAL DE KIGALI - JusticeInfo.net","isPartOf":{"@id":"https:\/\/www.justiceinfo.net\/fr#website"},"datePublished":"2008-01-30T05:51:18+00:00","breadcrumb":{"@id":"https:\/\/www.justiceinfo.net\/fr\/3333-290108-rwandaonu-visite-du-secretaire-general-de-lonu-au-memorial-de-kigali123.html#breadcrumb"},"inLanguage":"fr-FR","potentialAction":[{"@type":"ReadAction","target":["https:\/\/www.justiceinfo.net\/fr\/3333-290108-rwandaonu-visite-du-secretaire-general-de-lonu-au-memorial-de-kigali123.html"]}]},{"@type":"BreadcrumbList","@id":"https:\/\/www.justiceinfo.net\/fr\/3333-290108-rwandaonu-visite-du-secretaire-general-de-lonu-au-memorial-de-kigali123.html#breadcrumb","itemListElement":[{"@type":"ListItem","position":1,"name":"Home","item":"https:\/\/www.justiceinfo.net\/fr"},{"@type":"ListItem","position":2,"name":"29.01.08 - RWANDA\/ONU - VISITE DU SECRETAIRE GENERAL DE L\u2019ONU AU MEMORIAL DE KIGALI"}]},{"@type":"WebSite","@id":"https:\/\/www.justiceinfo.net\/fr#website","url":"https:\/\/www.justiceinfo.net\/fr","name":"JusticeInfo.net","description":"La justice doit \u00eatre vue pour \u00eatre rendue","publisher":{"@id":"https:\/\/www.justiceinfo.net\/fr#organization"},"potentialAction":[{"@type":"SearchAction","target":{"@type":"EntryPoint","urlTemplate":"https:\/\/www.justiceinfo.net\/fr?s={search_term_string}"},"query-input":{"@type":"PropertyValueSpecification","valueRequired":true,"valueName":"search_term_string"}}],"inLanguage":"fr-FR"},{"@type":"Organization","@id":"https:\/\/www.justiceinfo.net\/fr#organization","name":"Justice Info","url":"https:\/\/www.justiceinfo.net\/fr","logo":{"@type":"ImageObject","inLanguage":"fr-FR","@id":"https:\/\/www.justiceinfo.net\/fr#\/schema\/logo\/image\/","url":"https:\/\/www.justiceinfo.net\/wp-content\/uploads\/justiceinfo_logo-trans_1200x1200px.png","contentUrl":"https:\/\/www.justiceinfo.net\/wp-content\/uploads\/justiceinfo_logo-trans_1200x1200px.png","width":1199,"height":1200,"caption":"Justice Info"},"image":{"@id":"https:\/\/www.justiceinfo.net\/fr#\/schema\/logo\/image\/"},"sameAs":["https:\/\/www.facebook.com\/JusticeInfo\/","https:\/\/x.com\/justiceinfonet","https:\/\/www.linkedin.com\/company\/justice-info","https:\/\/www.youtube.com\/channel\/UCyCEsARodyuWtkWyhn-e7pA"]},{"@type":"Person","name":"solivri","url":"\/fr\/?s=solivri"}]}},"_links":{"self":[{"href":"https:\/\/www.justiceinfo.net\/fr\/wp-json\/wp\/v2\/posts\/3333","targetHints":{"allow":["GET"]}}],"collection":[{"href":"https:\/\/www.justiceinfo.net\/fr\/wp-json\/wp\/v2\/posts"}],"about":[{"href":"https:\/\/www.justiceinfo.net\/fr\/wp-json\/wp\/v2\/types\/post"}],"author":[{"embeddable":true,"href":"https:\/\/www.justiceinfo.net\/fr\/wp-json\/wp\/v2\/users\/64"}],"replies":[{"embeddable":true,"href":"https:\/\/www.justiceinfo.net\/fr\/wp-json\/wp\/v2\/comments?post=3333"}],"version-history":[{"count":0,"href":"https:\/\/www.justiceinfo.net\/fr\/wp-json\/wp\/v2\/posts\/3333\/revisions"}],"wp:attachment":[{"href":"https:\/\/www.justiceinfo.net\/fr\/wp-json\/wp\/v2\/media?parent=3333"}],"wp:term":[{"taxonomy":"category","embeddable":true,"href":"https:\/\/www.justiceinfo.net\/fr\/wp-json\/wp\/v2\/categories?post=3333"},{"taxonomy":"post_tag","embeddable":true,"href":"https:\/\/www.justiceinfo.net\/fr\/wp-json\/wp\/v2\/tags?post=3333"},{"taxonomy":"ji_location","embeddable":true,"href":"https:\/\/www.justiceinfo.net\/fr\/wp-json\/wp\/v2\/ji_location?post=3333"}],"curies":[{"name":"wp","href":"https:\/\/api.w.org\/{rel}","templated":true}]}}