{"id":3335,"date":"2008-01-30T06:52:50","date_gmt":"2008-01-30T05:52:50","guid":{"rendered":"https:\/\/www.justiceinfo.net\/3335-290108-tpirmilitaires-ii-le-general-ndindiliyimana-na-pas-incite-a-la-haine-selon-un-ex-ge125.html"},"modified":"2008-01-30T06:52:50","modified_gmt":"2008-01-30T05:52:50","slug":"290108-tpirmilitaires-ii-le-general-ndindiliyimana-na-pas-incite-a-la-haine-selon-un-ex-ge125","status":"publish","type":"post","link":"https:\/\/www.justiceinfo.net\/fr\/3335-290108-tpirmilitaires-ii-le-general-ndindiliyimana-na-pas-incite-a-la-haine-selon-un-ex-ge125.html","title":{"rendered":"29.01.08 - TPIR\/MILITAIRES II  - LE GENERAL NDINDILIYIMANA N\u2019A PAS INCITE A LA HAINE, SELON UN EX-GE"},"content":{"rendered":"<p  >\nArusha, 29 janvier 2008 (FH) - Le g\u00e9n\u00e9ral Augustin Ndindiliyimana n\u2019a pas incit\u00e9 \u00e0 la haine, a affirm\u00e9 un t\u00e9moin venu mardi prendre sa d\u00e9fense devant le Tribunal p\u00e9nal international pour le Rwanda (TPIR).<br \/>\nPoursuivi pour g\u00e9nocide, crimes contre l\u2019humanit\u00e9 et crimes de guerre, Ndiliyimana plaide non coupable.\n<\/p>\n<p><!--more--><\/p>\n<p  >\nEn 1994, il \u00e9tait chef d\u2019Etat- major de la gendarmerie rwandaise. Le t\u00e9moin prot\u00e9g\u00e9 \u00ab CBL 105 \u00bb \u00e9tait lui-m\u00eame gendarme. Il \u00e9tait affect\u00e9 au Centre de recherche et de documentation criminelle \u00e0 Kigali.<br \/>\nIl a affirm\u00e9 que depuis sa nomination \u00e0 la gendarmerie nationale en 1992, Ndindiliyimana avait clairement affirm\u00e9 son intention de restaurer la discipline au sein de ce corps. \u00ab Il nous a dit qu\u2019il voulait une gendarmerie nouvelle, un gendarme nouveau, disciplin\u00e9 et tout cela dans un esprit convivial \u00bb, a t\u00e9moign\u00e9 CBL 105.<br \/>\nLe t\u00e9moin a indiqu\u00e9 qu\u2019il avait assist\u00e9 \u00e0 deux r\u00e9unions pr\u00e9sid\u00e9es par Ndindiliyimana au cours desquelles il avait invit\u00e9 ses troupes \u00e0 bien s\u2019acquitter de leurs t\u00e2ches. Le procureur all\u00e8gue qu\u2019il aurait incit\u00e9 les hommes sous sa responsabilit\u00e9 \u00e0 la haine ethnique.<br \/>\n\u00ab Au cours de toutes les r\u00e9unions auxquelles j\u2019ai particip\u00e9es, dans ces interventions je ne l\u2019ai jamais entendu inciter les gens \u00e0 la division. J\u2019ai tout simplement remarqu\u00e9 qu\u2019il nous encourageait \u00e0 faire notre devoir aux meilleur de nos moyens \u00bb, a d\u00e9clar\u00e9 le t\u00e9moin.<br \/>\n\u00ab Il ne tenait jamais de propos haineux. Chaque fois je l\u2019ai rencontr\u00e9, il avait la m\u00eame attitude \u00bb, a expliqu\u00e9 en substance le t\u00e9moin qui s\u2019exprimait dans sa langue nationale le kinyarwanda.<br \/>\nCBL 105 a d\u00e9clar\u00e9 qu\u2019apr\u00e8s le 6 avril 1994, son unit\u00e9 s\u2019est notamment occup\u00e9e de la protection des r\u00e9fugi\u00e9s dans le centre de Kigali ; Ils \u00e9taient constamment menac\u00e9s par des miliciens. \u00ab Ces individus voulaient attaquer ces r\u00e9fugi\u00e9s mais nous les avons prot\u00e9g\u00e9 jusqu'\u00e0 la fin. Certains sont partis avec nous en exil \u00bb, a \u2013t-il dit.<br \/>\nLe t\u00e9moin a par ailleurs \u00e9voqu\u00e9 l\u2019incapacit\u00e9 de la gendarmerie, qui assumait \u00e9galement le r\u00f4le de police judicaire, \u00e0 mener des enqu\u00eates sur des crimes commis entre avril et juillet 1994. \u00ab Cela n\u2019\u00e9tait pas possible, de mener des enqu\u00eates. Puisqu\u2019il y avait des combats dans la ville de Kigali. Alors vous ne pouvez pas \u00eatre en train de combattre l\u2019ennemi et poursuivre les infractions \u00bb. La gendarmerie \u00e9tait engag\u00e9e sur le front aux c\u00f4t\u00e9s de l\u2019arm\u00e9e.<br \/>\n Le g\u00e9n\u00e9ral Ndindiliyimana est jug\u00e9 avec trois autres officiers dont le chef d\u2019Etat-major de l\u2019arm\u00e9e, le g\u00e9n\u00e9ral Augustin Bizimungu. Leur proc\u00e8s dit \u00ab Militaires II \u00bb a commenc\u00e9 en septembre 2004.<br \/>\nAS-AT\/PB\/GF<\/p>\n","protected":false},"excerpt":{"rendered":"<p>Arusha, 29 janvier 2008 (FH) - Le g\u00e9n\u00e9ral Augustin Ndindiliyimana n\u2019a pas incit\u00e9 \u00e0 la haine, a affirm\u00e9 un t\u00e9moin venu mardi prendre sa d\u00e9fense devant le Tribunal p\u00e9nal international pour le Rwanda (TPIR). Poursuivi pour g\u00e9nocide, crimes contre l\u2019humanit\u00e9 et crimes de guerre, Ndiliyimana plaide non coupable.<\/p>\n","protected":false},"author":64,"featured_media":0,"comment_status":"open","ping_status":"closed","sticky":false,"template":"","format":"standard","meta":{"_acf_changed":false,"footnotes":""},"categories":[554],"tags":[],"ji_location":[],"class_list":["post-3335","post","type-post","status-publish","format-standard","hentry","category-hirondellenews"],"acf":[],"yoast_head":"<!-- This site is optimized with the Yoast SEO Premium plugin v25.3.1 (Yoast SEO v25.3.1) - https:\/\/yoast.com\/wordpress\/plugins\/seo\/ -->\n<title>29.01.08 - TPIR\/MILITAIRES II - LE GENERAL NDINDILIYIMANA N\u2019A PAS INCITE A LA HAINE, SELON UN EX-GE - JusticeInfo.net<\/title>\n<meta name=\"robots\" content=\"index, follow, max-snippet:-1, max-image-preview:large, max-video-preview:-1\" \/>\n<link rel=\"canonical\" href=\"https:\/\/www.justiceinfo.net\/fr\/3335-290108-tpirmilitaires-ii-le-general-ndindiliyimana-na-pas-incite-a-la-haine-selon-un-ex-ge125.html\" \/>\n<meta property=\"og:locale\" content=\"fr_FR\" \/>\n<meta property=\"og:type\" content=\"article\" \/>\n<meta property=\"og:title\" content=\"29.01.08 - TPIR\/MILITAIRES II - LE GENERAL NDINDILIYIMANA N\u2019A PAS INCITE A LA HAINE, SELON UN EX-GE\" \/>\n<meta property=\"og:description\" content=\"Arusha, 29 janvier 2008 (FH) - Le g\u00e9n\u00e9ral Augustin Ndindiliyimana n\u2019a pas incit\u00e9 \u00e0 la haine, a affirm\u00e9 un t\u00e9moin venu mardi prendre sa d\u00e9fense devant le Tribunal p\u00e9nal international pour le Rwanda (TPIR). Poursuivi pour g\u00e9nocide, crimes contre l\u2019humanit\u00e9 et crimes de guerre, Ndiliyimana plaide non coupable.\" \/>\n<meta property=\"og:url\" content=\"https:\/\/www.justiceinfo.net\/fr\/3335-290108-tpirmilitaires-ii-le-general-ndindiliyimana-na-pas-incite-a-la-haine-selon-un-ex-ge125.html\" \/>\n<meta property=\"og:site_name\" content=\"JusticeInfo.net\" \/>\n<meta property=\"article:publisher\" content=\"https:\/\/www.facebook.com\/JusticeInfo\/\" \/>\n<meta property=\"article:published_time\" content=\"2008-01-30T05:52:50+00:00\" \/>\n<meta property=\"og:image\" content=\"https:\/\/www.justiceinfo.net\/wp-content\/uploads\/JusticeInfoNet_logo_1200x630px.jpg\" \/>\n\t<meta property=\"og:image:width\" content=\"1200\" \/>\n\t<meta property=\"og:image:height\" content=\"630\" \/>\n\t<meta property=\"og:image:type\" content=\"image\/jpeg\" \/>\n<meta name=\"author\" content=\"solivri\" \/>\n<meta name=\"twitter:card\" content=\"summary_large_image\" \/>\n<meta name=\"twitter:creator\" content=\"@justiceinfonet\" \/>\n<meta name=\"twitter:site\" content=\"@justiceinfonet\" \/>\n<meta name=\"twitter:label1\" content=\"\u00c9crit par\" \/>\n\t<meta name=\"twitter:data1\" content=\"solivri\" \/>\n\t<meta name=\"twitter:label2\" content=\"Dur\u00e9e de lecture estim\u00e9e\" \/>\n\t<meta name=\"twitter:data2\" content=\"2 minutes\" \/>\n<script type=\"application\/ld+json\" class=\"yoast-schema-graph\">{\"@context\":\"https:\/\/schema.org\",\"@graph\":[{\"@type\":\"NewsArticle\",\"@id\":\"https:\/\/www.justiceinfo.net\/fr\/3335-290108-tpirmilitaires-ii-le-general-ndindiliyimana-na-pas-incite-a-la-haine-selon-un-ex-ge125.html#article\",\"isPartOf\":{\"@id\":\"https:\/\/www.justiceinfo.net\/fr\/3335-290108-tpirmilitaires-ii-le-general-ndindiliyimana-na-pas-incite-a-la-haine-selon-un-ex-ge125.html\"},\"author\":{\"name\":\"solivri\",\"@id\":\"https:\/\/www.justiceinfo.net\/fr#\/schema\/person\/6e53cba1629e2e66f3fc1821d3091865\"},\"headline\":\"29.01.08 - TPIR\/MILITAIRES II - LE GENERAL NDINDILIYIMANA N\u2019A PAS INCITE A LA HAINE, SELON UN EX-GE\",\"datePublished\":\"2008-01-30T05:52:50+00:00\",\"mainEntityOfPage\":{\"@id\":\"https:\/\/www.justiceinfo.net\/fr\/3335-290108-tpirmilitaires-ii-le-general-ndindiliyimana-na-pas-incite-a-la-haine-selon-un-ex-ge125.html\"},\"wordCount\":475,\"commentCount\":0,\"publisher\":{\"@id\":\"https:\/\/www.justiceinfo.net\/fr#organization\"},\"articleSection\":[\"Hirondelle News\"],\"inLanguage\":\"fr-FR\",\"potentialAction\":[{\"@type\":\"CommentAction\",\"name\":\"Comment\",\"target\":[\"https:\/\/www.justiceinfo.net\/fr\/3335-290108-tpirmilitaires-ii-le-general-ndindiliyimana-na-pas-incite-a-la-haine-selon-un-ex-ge125.html#respond\"]}]},{\"@type\":\"WebPage\",\"@id\":\"https:\/\/www.justiceinfo.net\/fr\/3335-290108-tpirmilitaires-ii-le-general-ndindiliyimana-na-pas-incite-a-la-haine-selon-un-ex-ge125.html\",\"url\":\"https:\/\/www.justiceinfo.net\/fr\/3335-290108-tpirmilitaires-ii-le-general-ndindiliyimana-na-pas-incite-a-la-haine-selon-un-ex-ge125.html\",\"name\":\"29.01.08 - TPIR\/MILITAIRES II - LE GENERAL NDINDILIYIMANA N\u2019A PAS INCITE A LA HAINE, SELON UN EX-GE - JusticeInfo.net\",\"isPartOf\":{\"@id\":\"https:\/\/www.justiceinfo.net\/fr#website\"},\"datePublished\":\"2008-01-30T05:52:50+00:00\",\"breadcrumb\":{\"@id\":\"https:\/\/www.justiceinfo.net\/fr\/3335-290108-tpirmilitaires-ii-le-general-ndindiliyimana-na-pas-incite-a-la-haine-selon-un-ex-ge125.html#breadcrumb\"},\"inLanguage\":\"fr-FR\",\"potentialAction\":[{\"@type\":\"ReadAction\",\"target\":[\"https:\/\/www.justiceinfo.net\/fr\/3335-290108-tpirmilitaires-ii-le-general-ndindiliyimana-na-pas-incite-a-la-haine-selon-un-ex-ge125.html\"]}]},{\"@type\":\"BreadcrumbList\",\"@id\":\"https:\/\/www.justiceinfo.net\/fr\/3335-290108-tpirmilitaires-ii-le-general-ndindiliyimana-na-pas-incite-a-la-haine-selon-un-ex-ge125.html#breadcrumb\",\"itemListElement\":[{\"@type\":\"ListItem\",\"position\":1,\"name\":\"Home\",\"item\":\"https:\/\/www.justiceinfo.net\/fr\"},{\"@type\":\"ListItem\",\"position\":2,\"name\":\"29.01.08 - TPIR\/MILITAIRES II - LE GENERAL NDINDILIYIMANA N\u2019A PAS INCITE A LA HAINE, SELON UN EX-GE\"}]},{\"@type\":\"WebSite\",\"@id\":\"https:\/\/www.justiceinfo.net\/fr#website\",\"url\":\"https:\/\/www.justiceinfo.net\/fr\",\"name\":\"JusticeInfo.net\",\"description\":\"La justice doit \u00eatre vue pour \u00eatre rendue\",\"publisher\":{\"@id\":\"https:\/\/www.justiceinfo.net\/fr#organization\"},\"potentialAction\":[{\"@type\":\"SearchAction\",\"target\":{\"@type\":\"EntryPoint\",\"urlTemplate\":\"https:\/\/www.justiceinfo.net\/fr?s={search_term_string}\"},\"query-input\":{\"@type\":\"PropertyValueSpecification\",\"valueRequired\":true,\"valueName\":\"search_term_string\"}}],\"inLanguage\":\"fr-FR\"},{\"@type\":\"Organization\",\"@id\":\"https:\/\/www.justiceinfo.net\/fr#organization\",\"name\":\"Justice Info\",\"url\":\"https:\/\/www.justiceinfo.net\/fr\",\"logo\":{\"@type\":\"ImageObject\",\"inLanguage\":\"fr-FR\",\"@id\":\"https:\/\/www.justiceinfo.net\/fr#\/schema\/logo\/image\/\",\"url\":\"https:\/\/www.justiceinfo.net\/wp-content\/uploads\/justiceinfo_logo-trans_1200x1200px.png\",\"contentUrl\":\"https:\/\/www.justiceinfo.net\/wp-content\/uploads\/justiceinfo_logo-trans_1200x1200px.png\",\"width\":1199,\"height\":1200,\"caption\":\"Justice Info\"},\"image\":{\"@id\":\"https:\/\/www.justiceinfo.net\/fr#\/schema\/logo\/image\/\"},\"sameAs\":[\"https:\/\/www.facebook.com\/JusticeInfo\/\",\"https:\/\/x.com\/justiceinfonet\",\"https:\/\/www.linkedin.com\/company\/justice-info\",\"https:\/\/www.youtube.com\/channel\/UCyCEsARodyuWtkWyhn-e7pA\"]},{\"@type\":\"Person\",\"name\":\"solivri\",\"url\":\"\/fr\/?s=solivri\"}]}<\/script>\n<!-- \/ Yoast SEO Premium plugin. -->","yoast_head_json":{"title":"29.01.08 - TPIR\/MILITAIRES II - LE GENERAL NDINDILIYIMANA N\u2019A PAS INCITE A LA HAINE, SELON UN EX-GE - JusticeInfo.net","robots":{"index":"index","follow":"follow","max-snippet":"max-snippet:-1","max-image-preview":"max-image-preview:large","max-video-preview":"max-video-preview:-1"},"canonical":"https:\/\/www.justiceinfo.net\/fr\/3335-290108-tpirmilitaires-ii-le-general-ndindiliyimana-na-pas-incite-a-la-haine-selon-un-ex-ge125.html","og_locale":"fr_FR","og_type":"article","og_title":"29.01.08 - TPIR\/MILITAIRES II - LE GENERAL NDINDILIYIMANA N\u2019A PAS INCITE A LA HAINE, SELON UN EX-GE","og_description":"Arusha, 29 janvier 2008 (FH) - Le g\u00e9n\u00e9ral Augustin Ndindiliyimana n\u2019a pas incit\u00e9 \u00e0 la haine, a affirm\u00e9 un t\u00e9moin venu mardi prendre sa d\u00e9fense devant le Tribunal p\u00e9nal international pour le Rwanda (TPIR). Poursuivi pour g\u00e9nocide, crimes contre l\u2019humanit\u00e9 et crimes de guerre, Ndiliyimana plaide non coupable.","og_url":"https:\/\/www.justiceinfo.net\/fr\/3335-290108-tpirmilitaires-ii-le-general-ndindiliyimana-na-pas-incite-a-la-haine-selon-un-ex-ge125.html","og_site_name":"JusticeInfo.net","article_publisher":"https:\/\/www.facebook.com\/JusticeInfo\/","article_published_time":"2008-01-30T05:52:50+00:00","og_image":[{"width":1200,"height":630,"url":"https:\/\/www.justiceinfo.net\/wp-content\/uploads\/JusticeInfoNet_logo_1200x630px.jpg","type":"image\/jpeg"}],"author":"solivri","twitter_card":"summary_large_image","twitter_creator":"@justiceinfonet","twitter_site":"@justiceinfonet","twitter_misc":{"\u00c9crit par":"solivri","Dur\u00e9e de lecture estim\u00e9e":"2 minutes"},"schema":{"@context":"https:\/\/schema.org","@graph":[{"@type":"NewsArticle","@id":"https:\/\/www.justiceinfo.net\/fr\/3335-290108-tpirmilitaires-ii-le-general-ndindiliyimana-na-pas-incite-a-la-haine-selon-un-ex-ge125.html#article","isPartOf":{"@id":"https:\/\/www.justiceinfo.net\/fr\/3335-290108-tpirmilitaires-ii-le-general-ndindiliyimana-na-pas-incite-a-la-haine-selon-un-ex-ge125.html"},"author":{"name":"solivri","@id":"https:\/\/www.justiceinfo.net\/fr#\/schema\/person\/6e53cba1629e2e66f3fc1821d3091865"},"headline":"29.01.08 - TPIR\/MILITAIRES II - LE GENERAL NDINDILIYIMANA N\u2019A PAS INCITE A LA HAINE, SELON UN EX-GE","datePublished":"2008-01-30T05:52:50+00:00","mainEntityOfPage":{"@id":"https:\/\/www.justiceinfo.net\/fr\/3335-290108-tpirmilitaires-ii-le-general-ndindiliyimana-na-pas-incite-a-la-haine-selon-un-ex-ge125.html"},"wordCount":475,"commentCount":0,"publisher":{"@id":"https:\/\/www.justiceinfo.net\/fr#organization"},"articleSection":["Hirondelle News"],"inLanguage":"fr-FR","potentialAction":[{"@type":"CommentAction","name":"Comment","target":["https:\/\/www.justiceinfo.net\/fr\/3335-290108-tpirmilitaires-ii-le-general-ndindiliyimana-na-pas-incite-a-la-haine-selon-un-ex-ge125.html#respond"]}]},{"@type":"WebPage","@id":"https:\/\/www.justiceinfo.net\/fr\/3335-290108-tpirmilitaires-ii-le-general-ndindiliyimana-na-pas-incite-a-la-haine-selon-un-ex-ge125.html","url":"https:\/\/www.justiceinfo.net\/fr\/3335-290108-tpirmilitaires-ii-le-general-ndindiliyimana-na-pas-incite-a-la-haine-selon-un-ex-ge125.html","name":"29.01.08 - TPIR\/MILITAIRES II - LE GENERAL NDINDILIYIMANA N\u2019A PAS INCITE A LA HAINE, SELON UN EX-GE - JusticeInfo.net","isPartOf":{"@id":"https:\/\/www.justiceinfo.net\/fr#website"},"datePublished":"2008-01-30T05:52:50+00:00","breadcrumb":{"@id":"https:\/\/www.justiceinfo.net\/fr\/3335-290108-tpirmilitaires-ii-le-general-ndindiliyimana-na-pas-incite-a-la-haine-selon-un-ex-ge125.html#breadcrumb"},"inLanguage":"fr-FR","potentialAction":[{"@type":"ReadAction","target":["https:\/\/www.justiceinfo.net\/fr\/3335-290108-tpirmilitaires-ii-le-general-ndindiliyimana-na-pas-incite-a-la-haine-selon-un-ex-ge125.html"]}]},{"@type":"BreadcrumbList","@id":"https:\/\/www.justiceinfo.net\/fr\/3335-290108-tpirmilitaires-ii-le-general-ndindiliyimana-na-pas-incite-a-la-haine-selon-un-ex-ge125.html#breadcrumb","itemListElement":[{"@type":"ListItem","position":1,"name":"Home","item":"https:\/\/www.justiceinfo.net\/fr"},{"@type":"ListItem","position":2,"name":"29.01.08 - TPIR\/MILITAIRES II - LE GENERAL NDINDILIYIMANA N\u2019A PAS INCITE A LA HAINE, SELON UN EX-GE"}]},{"@type":"WebSite","@id":"https:\/\/www.justiceinfo.net\/fr#website","url":"https:\/\/www.justiceinfo.net\/fr","name":"JusticeInfo.net","description":"La justice doit \u00eatre vue pour \u00eatre rendue","publisher":{"@id":"https:\/\/www.justiceinfo.net\/fr#organization"},"potentialAction":[{"@type":"SearchAction","target":{"@type":"EntryPoint","urlTemplate":"https:\/\/www.justiceinfo.net\/fr?s={search_term_string}"},"query-input":{"@type":"PropertyValueSpecification","valueRequired":true,"valueName":"search_term_string"}}],"inLanguage":"fr-FR"},{"@type":"Organization","@id":"https:\/\/www.justiceinfo.net\/fr#organization","name":"Justice Info","url":"https:\/\/www.justiceinfo.net\/fr","logo":{"@type":"ImageObject","inLanguage":"fr-FR","@id":"https:\/\/www.justiceinfo.net\/fr#\/schema\/logo\/image\/","url":"https:\/\/www.justiceinfo.net\/wp-content\/uploads\/justiceinfo_logo-trans_1200x1200px.png","contentUrl":"https:\/\/www.justiceinfo.net\/wp-content\/uploads\/justiceinfo_logo-trans_1200x1200px.png","width":1199,"height":1200,"caption":"Justice Info"},"image":{"@id":"https:\/\/www.justiceinfo.net\/fr#\/schema\/logo\/image\/"},"sameAs":["https:\/\/www.facebook.com\/JusticeInfo\/","https:\/\/x.com\/justiceinfonet","https:\/\/www.linkedin.com\/company\/justice-info","https:\/\/www.youtube.com\/channel\/UCyCEsARodyuWtkWyhn-e7pA"]},{"@type":"Person","name":"solivri","url":"\/fr\/?s=solivri"}]}},"_links":{"self":[{"href":"https:\/\/www.justiceinfo.net\/fr\/wp-json\/wp\/v2\/posts\/3335","targetHints":{"allow":["GET"]}}],"collection":[{"href":"https:\/\/www.justiceinfo.net\/fr\/wp-json\/wp\/v2\/posts"}],"about":[{"href":"https:\/\/www.justiceinfo.net\/fr\/wp-json\/wp\/v2\/types\/post"}],"author":[{"embeddable":true,"href":"https:\/\/www.justiceinfo.net\/fr\/wp-json\/wp\/v2\/users\/64"}],"replies":[{"embeddable":true,"href":"https:\/\/www.justiceinfo.net\/fr\/wp-json\/wp\/v2\/comments?post=3335"}],"version-history":[{"count":0,"href":"https:\/\/www.justiceinfo.net\/fr\/wp-json\/wp\/v2\/posts\/3335\/revisions"}],"wp:attachment":[{"href":"https:\/\/www.justiceinfo.net\/fr\/wp-json\/wp\/v2\/media?parent=3335"}],"wp:term":[{"taxonomy":"category","embeddable":true,"href":"https:\/\/www.justiceinfo.net\/fr\/wp-json\/wp\/v2\/categories?post=3335"},{"taxonomy":"post_tag","embeddable":true,"href":"https:\/\/www.justiceinfo.net\/fr\/wp-json\/wp\/v2\/tags?post=3335"},{"taxonomy":"ji_location","embeddable":true,"href":"https:\/\/www.justiceinfo.net\/fr\/wp-json\/wp\/v2\/ji_location?post=3335"}],"curies":[{"name":"wp","href":"https:\/\/api.w.org\/{rel}","templated":true}]}}