{"id":33425,"date":"2017-05-29T11:59:23","date_gmt":"2017-05-29T09:59:23","guid":{"rendered":"https:\/\/www.justiceinfo.net\/33425-la-semaine-de-la-justice-transitionnelle-lutte-surprise-contre-la-corruption-en-tunisie.html"},"modified":"2017-05-29T11:59:23","modified_gmt":"2017-05-29T09:59:23","slug":"la-semaine-de-la-justice-transitionnelle-lutte-surprise-contre-la-corruption-en-tunisie","status":"publish","type":"post","link":"https:\/\/www.justiceinfo.net\/fr\/33425-la-semaine-de-la-justice-transitionnelle-lutte-surprise-contre-la-corruption-en-tunisie.html","title":{"rendered":"La semaine de la justice transitionnelle  : lutte surprise contre la corruption en Tunisie"},"content":{"rendered":"<div class=\"content-excerpt\">\n<p>La Tunisie reste aux avant-postes de la justice transitionnelle. Version transparence financi\u00e8re cette semaine. Youssef Chahed, le Pr\u00e9sident du gouvernement, l\u2019\u00e9quivalent du Premier ministre a arr\u00eat\u00e9 des responsables pr\u00e9sum\u00e9s de la contrebande et de la corruption.<\/p>\n<\/div>\n<p>Quelques uns de ces hommes, dont parle le rapport <em><a href=\"https:\/\/d2071andvip0wj.cloudfront.net\/177-la-transition-bloquee-corruption-et-regionalisme-en-tunisie.pdf\">\u00ab\u00a0La transition bloqu\u00e9e\u00a0\u00bb<\/a><\/em> de <em>l'International Crisis Group<\/em> analys\u00e9 dans <em>JusticeInfo.net<\/em>. Les Tunisiens habitu\u00e9s \u00e0 l\u2019impunit\u00e9 de leurs politiciens et de leurs clans n'en croient pas leurs oreilles, <a href=\"fr\/component\/k2\/33392-international-crisis-group-%C2%AB-en-tunisie,-tous-les-secteurs-vitaux-sont-gangrenes-par-la-corruption-%C2%BB.html\">explique<\/a> Olfa Belhassine, la correspondante de JusticeInfo.net \u00e0 Tunis. L\u2019enjeu n\u2019est pas seulement le pass\u00e9 mais aussi le pr\u00e9sent. D\u2019apr\u00e8s l\u2019ICG, en Tunisie, tous les secteurs vitaux sont gangr\u00e9n\u00e9s par la corruption et notamment le minist\u00e8re de l\u2019Int\u00e9rieur, les douanes et la justice. L\u2019<a href=\"https:\/\/www.crisisgroup.org\/\">ONG<\/a> bas\u00e9e \u00e0 Bruxelles met ainsi en cause <em>\u00ab\u00a0<\/em><em>300 hommes de l\u2019ombre qui\u00a0tirent les ficelles en coulisse pour d\u00e9fendre leurs int\u00e9r\u00eats \u00bb<\/em><em>. <\/em><\/p>\n<p>Notre correspondante, explique\u00a0: \u00ab\u00a0ces hommes emp\u00eachent toute r\u00e9forme. En fait, tant les op\u00e9rateurs \u00e9conomiques du Sahel (r\u00e9gion c\u00f4ti\u00e8re de l\u2019Est du pays), \u00e9tablis depuis des d\u00e9cennies, que les nouveaux entrepreneurs des r\u00e9gions int\u00e9rieures, les barons de l\u2019informel, qui ont prosp\u00e9r\u00e9 apr\u00e8s la r\u00e9volution en partie gr\u00e2ce au trafic de change parall\u00e8le et \u00e0 la contrebande avec la Libye et l\u2019Alg\u00e9rie, financent les partis politiques et se livrent une guerre sans merci. Notamment en cherchant \u00e0 s\u2019accaparer les postes cl\u00e9s de l\u2019administration par lesquels passent les cr\u00e9dits bancaires et le contr\u00f4le de l\u2019\u00e9conomie formelle et contribuant ainsi \u00e0 \u00ab briser la chaine de commandement au sein des d\u00e9partements minist\u00e9riels\u00a0\u00bb.<\/p>\n<p>Parmi les motifs qui ont pouss\u00e9 Youssef Chahed \u00e0 lancer cette op\u00e9ration mains propres, l'audition publique vendredi dernier de l'un des neveux de Leila Trabelsi, l'ex premi\u00e8re dame, un des rois de la contrebande au temps de Ben Ali. Dans ses aveux, il a \u00e9voqu\u00e9 sans les nommer ses complices mais tout le monde les a identifi\u00e9s\u00a0; certaines de ces personnalit\u00e9s qui ont \u00e9t\u00e9 arr\u00eat\u00e9es. Le d\u00e9bat se poursuit dans le pays avec le Pr\u00e9sident lui-m\u00eame qui veut imposer au contraire une loi di<em>te de \u00ab\u00a0r\u00e9conciliation nationale\u00a0\u00bb <\/em>absolvant les corrompus du r\u00e9gime pr\u00e9c\u00e9dent et qui a donn\u00e9 lieu \u00e0 des manifestations de protestation. Ce projet de loi doit aussi priver l'Instance V\u00e9rit\u00e9 et Dignit\u00e9 de l'essentiel de ses pr\u00e9rogatives dans le domaine de la corruption. Depuis les arrestations, les sondages disent les Tunisiens plus optimistes sur l\u2019avenir de leur pays malmen\u00e9.<\/p>\n<h3>Plaidoyer pour la justice en RDC<\/h3>\n<p>\u00c0 signaler aussi, en R\u00e9publique D\u00e9mocratique du Congo, la d\u00e9marche d\u2019une trentaine d\u2019organisations de la soci\u00e9t\u00e9 civile plaidant pour la mise en place d\u2019un syst\u00e8me\u00a0 de justice transitionnelle afin de mettre fin \u00e0 la culture de l\u2019impunit\u00e9. Pour cette coalition d\u2019ONG, les crises r\u00e9currentes que traverse la RDC depuis l\u2019ind\u00e9pendance en 1960 sont la cons\u00e9quence de l\u2019\u00e9chec du traitement du pass\u00e9 et de l\u2019absence de mesures de r\u00e9paration pour les victimes.<\/p>\n<p>En Centrafrique aussi, en proie \u00e0\u00a0une nouvelle flamb\u00e9e de violences qui a vis\u00e9 la population mais aussi les Casques Bleus, l\u2019impunit\u00e9 continue de r\u00e9gner, comme l\u2019<a href=\"fr\/component\/k2\/33404-rca-onu-minusma-violence.html\">analyse<\/a> Thierry Vircoulon. L\u2019auteur explique\u00a0: \u00ab\u00a0Pour l\u2019heure, on ne voit ni sortie de crise proche ni solution durable pour la crise centrafricaine. Tant qu\u2019il n\u2019y aura pas de forte pression sur le gouvernement et les groupes arm\u00e9s et que le Conseil de s\u00e9curit\u00e9 continuera d\u2019opter pour l\u2019impuissance volontaire tout en se donnant la bonne conscience de faire quelque chose, la Centrafrique subira un conflit de basse intensit\u00e9 avec des pics de violence tous les quatre ou cinq mois\u00a0; en deux ans, le temps a fait son \u0153uvre : les groupes arm\u00e9s ont consolid\u00e9 leur base \u00e9conomique\u00a0\u00bb.<\/p>\n<p>Et de conclure, \u00ab Au fur et \u00e0 mesure que les dirigeants vidaient le Tr\u00e9sor public et que les bailleurs lass\u00e9s se retiraient sur la pointe des pieds, la Centrafrique est devenue un \u00c9tat fant\u00f4me\u00a0\u00bb.<\/p>\n<p>\u00a0<\/p>\n<p>\u00a0<\/p>\n","protected":false},"excerpt":{"rendered":"<p>La Tunisie reste aux avant-postes de la justice transitionnelle. Version transparence financi\u00e8re cette semaine. Youssef Chahed, le Pr\u00e9sident du gouvernement, l\u2019\u00e9quivalent du Premier ministre a arr\u00eat\u00e9 des responsables pr\u00e9sum\u00e9s de la contrebande et de la corruption. Quelques uns de ces hommes, dont parle le rapport \u00ab\u00a0La transition bloqu\u00e9e\u00a0\u00bb de l'International Crisis Group analys\u00e9 dans JusticeInfo.net. [&hellip;]<\/p>\n","protected":false},"author":58,"featured_media":68300,"comment_status":"open","ping_status":"closed","sticky":false,"template":"","format":"standard","meta":{"_acf_changed":false,"footnotes":""},"categories":[575],"tags":[],"ji_location":[2520],"class_list":["post-33425","post","type-post","status-publish","format-standard","has-post-thumbnail","hentry","category-opinions","ji_location-tunisie"],"acf":[],"yoast_head":"<!-- This site is optimized with the Yoast SEO Premium plugin v25.3.1 (Yoast SEO v25.3.1) - https:\/\/yoast.com\/wordpress\/plugins\/seo\/ -->\n<title>La semaine de la justice transitionnelle : lutte surprise contre la corruption en Tunisie - JusticeInfo.net<\/title>\n<meta name=\"robots\" content=\"index, follow, max-snippet:-1, max-image-preview:large, max-video-preview:-1\" \/>\n<link rel=\"canonical\" href=\"https:\/\/www.justiceinfo.net\/fr\/33425-la-semaine-de-la-justice-transitionnelle-lutte-surprise-contre-la-corruption-en-tunisie.html\" \/>\n<meta property=\"og:locale\" content=\"fr_FR\" \/>\n<meta property=\"og:type\" content=\"article\" \/>\n<meta property=\"og:title\" content=\"La semaine de la justice transitionnelle : lutte surprise contre la corruption en Tunisie\" \/>\n<meta property=\"og:description\" content=\"La Tunisie reste aux avant-postes de la justice transitionnelle. Version transparence financi\u00e8re cette semaine. Youssef Chahed, le Pr\u00e9sident du gouvernement, l\u2019\u00e9quivalent du Premier ministre a arr\u00eat\u00e9 des responsables pr\u00e9sum\u00e9s de la contrebande et de la corruption. Quelques uns de ces hommes, dont parle le rapport \u00ab\u00a0La transition bloqu\u00e9e\u00a0\u00bb de l&#039;International Crisis Group analys\u00e9 dans JusticeInfo.net. [&hellip;]\" \/>\n<meta property=\"og:url\" content=\"https:\/\/www.justiceinfo.net\/fr\/33425-la-semaine-de-la-justice-transitionnelle-lutte-surprise-contre-la-corruption-en-tunisie.html\" \/>\n<meta property=\"og:site_name\" content=\"JusticeInfo.net\" \/>\n<meta property=\"article:publisher\" content=\"https:\/\/www.facebook.com\/JusticeInfo\/\" \/>\n<meta property=\"article:author\" content=\"https:\/\/www.facebook.com\/profile.php?id=100004809918727\" \/>\n<meta property=\"article:published_time\" content=\"2017-05-29T09:59:23+00:00\" \/>\n<meta property=\"og:image\" content=\"https:\/\/www.justiceinfo.net\/wp-content\/uploads\/e018e6fcb6f6da73d1cba2061070cf03-scaled.jpg\" \/>\n\t<meta property=\"og:image:width\" content=\"2560\" \/>\n\t<meta property=\"og:image:height\" content=\"1704\" \/>\n\t<meta property=\"og:image:type\" content=\"image\/jpeg\" \/>\n<meta name=\"author\" content=\"Fran\u00e7ois Sergent\" \/>\n<meta name=\"twitter:card\" content=\"summary_large_image\" \/>\n<meta name=\"twitter:creator\" content=\"@FrancoisSergent\" \/>\n<meta name=\"twitter:site\" content=\"@justiceinfonet\" \/>\n<meta name=\"twitter:label1\" content=\"\u00c9crit par\" \/>\n\t<meta name=\"twitter:data1\" content=\"Fran\u00e7ois Sergent\" \/>\n\t<meta name=\"twitter:label2\" content=\"Dur\u00e9e de lecture estim\u00e9e\" \/>\n\t<meta name=\"twitter:data2\" content=\"4 minutes\" \/>\n<script type=\"application\/ld+json\" class=\"yoast-schema-graph\">{\"@context\":\"https:\/\/schema.org\",\"@graph\":[{\"@type\":\"NewsArticle\",\"@id\":\"https:\/\/www.justiceinfo.net\/fr\/33425-la-semaine-de-la-justice-transitionnelle-lutte-surprise-contre-la-corruption-en-tunisie.html#article\",\"isPartOf\":{\"@id\":\"https:\/\/www.justiceinfo.net\/fr\/33425-la-semaine-de-la-justice-transitionnelle-lutte-surprise-contre-la-corruption-en-tunisie.html\"},\"author\":{\"name\":\"fsergent\",\"@id\":\"https:\/\/www.justiceinfo.net\/fr#\/schema\/person\/724414fc3a7779fc189a73a27563e5e1\"},\"headline\":\"La semaine de la justice transitionnelle : lutte surprise contre la corruption en Tunisie\",\"datePublished\":\"2017-05-29T09:59:23+00:00\",\"mainEntityOfPage\":{\"@id\":\"https:\/\/www.justiceinfo.net\/fr\/33425-la-semaine-de-la-justice-transitionnelle-lutte-surprise-contre-la-corruption-en-tunisie.html\"},\"wordCount\":726,\"commentCount\":0,\"publisher\":{\"@id\":\"https:\/\/www.justiceinfo.net\/fr#organization\"},\"image\":{\"@id\":\"https:\/\/www.justiceinfo.net\/fr\/33425-la-semaine-de-la-justice-transitionnelle-lutte-surprise-contre-la-corruption-en-tunisie.html#primaryimage\"},\"thumbnailUrl\":\"https:\/\/www.justiceinfo.net\/wp-content\/uploads\/e018e6fcb6f6da73d1cba2061070cf03-scaled.jpg\",\"articleSection\":[\"Opinions\"],\"inLanguage\":\"fr-FR\",\"potentialAction\":[{\"@type\":\"CommentAction\",\"name\":\"Comment\",\"target\":[\"https:\/\/www.justiceinfo.net\/fr\/33425-la-semaine-de-la-justice-transitionnelle-lutte-surprise-contre-la-corruption-en-tunisie.html#respond\"]}]},{\"@type\":\"WebPage\",\"@id\":\"https:\/\/www.justiceinfo.net\/fr\/33425-la-semaine-de-la-justice-transitionnelle-lutte-surprise-contre-la-corruption-en-tunisie.html\",\"url\":\"https:\/\/www.justiceinfo.net\/fr\/33425-la-semaine-de-la-justice-transitionnelle-lutte-surprise-contre-la-corruption-en-tunisie.html\",\"name\":\"La semaine de la justice transitionnelle : lutte surprise contre la corruption en Tunisie - JusticeInfo.net\",\"isPartOf\":{\"@id\":\"https:\/\/www.justiceinfo.net\/fr#website\"},\"primaryImageOfPage\":{\"@id\":\"https:\/\/www.justiceinfo.net\/fr\/33425-la-semaine-de-la-justice-transitionnelle-lutte-surprise-contre-la-corruption-en-tunisie.html#primaryimage\"},\"image\":{\"@id\":\"https:\/\/www.justiceinfo.net\/fr\/33425-la-semaine-de-la-justice-transitionnelle-lutte-surprise-contre-la-corruption-en-tunisie.html#primaryimage\"},\"thumbnailUrl\":\"https:\/\/www.justiceinfo.net\/wp-content\/uploads\/e018e6fcb6f6da73d1cba2061070cf03-scaled.jpg\",\"datePublished\":\"2017-05-29T09:59:23+00:00\",\"breadcrumb\":{\"@id\":\"https:\/\/www.justiceinfo.net\/fr\/33425-la-semaine-de-la-justice-transitionnelle-lutte-surprise-contre-la-corruption-en-tunisie.html#breadcrumb\"},\"inLanguage\":\"fr-FR\",\"potentialAction\":[{\"@type\":\"ReadAction\",\"target\":[\"https:\/\/www.justiceinfo.net\/fr\/33425-la-semaine-de-la-justice-transitionnelle-lutte-surprise-contre-la-corruption-en-tunisie.html\"]}]},{\"@type\":\"ImageObject\",\"inLanguage\":\"fr-FR\",\"@id\":\"https:\/\/www.justiceinfo.net\/fr\/33425-la-semaine-de-la-justice-transitionnelle-lutte-surprise-contre-la-corruption-en-tunisie.html#primaryimage\",\"url\":\"https:\/\/www.justiceinfo.net\/wp-content\/uploads\/e018e6fcb6f6da73d1cba2061070cf03-scaled.jpg\",\"contentUrl\":\"https:\/\/www.justiceinfo.net\/wp-content\/uploads\/e018e6fcb6f6da73d1cba2061070cf03-scaled.jpg\",\"width\":2560,\"height\":1704},{\"@type\":\"BreadcrumbList\",\"@id\":\"https:\/\/www.justiceinfo.net\/fr\/33425-la-semaine-de-la-justice-transitionnelle-lutte-surprise-contre-la-corruption-en-tunisie.html#breadcrumb\",\"itemListElement\":[{\"@type\":\"ListItem\",\"position\":1,\"name\":\"Home\",\"item\":\"https:\/\/www.justiceinfo.net\/fr\"},{\"@type\":\"ListItem\",\"position\":2,\"name\":\"La semaine de la justice transitionnelle : lutte surprise contre la corruption en Tunisie\"}]},{\"@type\":\"WebSite\",\"@id\":\"https:\/\/www.justiceinfo.net\/fr#website\",\"url\":\"https:\/\/www.justiceinfo.net\/fr\",\"name\":\"JusticeInfo.net\",\"description\":\"La justice doit \u00eatre vue pour \u00eatre rendue\",\"publisher\":{\"@id\":\"https:\/\/www.justiceinfo.net\/fr#organization\"},\"potentialAction\":[{\"@type\":\"SearchAction\",\"target\":{\"@type\":\"EntryPoint\",\"urlTemplate\":\"https:\/\/www.justiceinfo.net\/fr?s={search_term_string}\"},\"query-input\":{\"@type\":\"PropertyValueSpecification\",\"valueRequired\":true,\"valueName\":\"search_term_string\"}}],\"inLanguage\":\"fr-FR\"},{\"@type\":\"Organization\",\"@id\":\"https:\/\/www.justiceinfo.net\/fr#organization\",\"name\":\"Justice Info\",\"url\":\"https:\/\/www.justiceinfo.net\/fr\",\"logo\":{\"@type\":\"ImageObject\",\"inLanguage\":\"fr-FR\",\"@id\":\"https:\/\/www.justiceinfo.net\/fr#\/schema\/logo\/image\/\",\"url\":\"https:\/\/www.justiceinfo.net\/wp-content\/uploads\/justiceinfo_logo-trans_1200x1200px.png\",\"contentUrl\":\"https:\/\/www.justiceinfo.net\/wp-content\/uploads\/justiceinfo_logo-trans_1200x1200px.png\",\"width\":1199,\"height\":1200,\"caption\":\"Justice Info\"},\"image\":{\"@id\":\"https:\/\/www.justiceinfo.net\/fr#\/schema\/logo\/image\/\"},\"sameAs\":[\"https:\/\/www.facebook.com\/JusticeInfo\/\",\"https:\/\/x.com\/justiceinfonet\",\"https:\/\/www.linkedin.com\/company\/justice-info\",\"https:\/\/www.youtube.com\/channel\/UCyCEsARodyuWtkWyhn-e7pA\"]},{\"@type\":\"Person\",\"name\":\"Fran\u00e7ois Sergent\",\"sameAs\":[\"https:\/\/www.facebook.com\/profile.php?id=100004809918727\",\"https:\/\/x.com\/FrancoisSergent\"],\"url\":\"https:\/\/www.justiceinfo.net\/fr\/auteur\/fsergent\"}]}<\/script>\n<!-- \/ Yoast SEO Premium plugin. -->","yoast_head_json":{"title":"La semaine de la justice transitionnelle : lutte surprise contre la corruption en Tunisie - JusticeInfo.net","robots":{"index":"index","follow":"follow","max-snippet":"max-snippet:-1","max-image-preview":"max-image-preview:large","max-video-preview":"max-video-preview:-1"},"canonical":"https:\/\/www.justiceinfo.net\/fr\/33425-la-semaine-de-la-justice-transitionnelle-lutte-surprise-contre-la-corruption-en-tunisie.html","og_locale":"fr_FR","og_type":"article","og_title":"La semaine de la justice transitionnelle : lutte surprise contre la corruption en Tunisie","og_description":"La Tunisie reste aux avant-postes de la justice transitionnelle. Version transparence financi\u00e8re cette semaine. Youssef Chahed, le Pr\u00e9sident du gouvernement, l\u2019\u00e9quivalent du Premier ministre a arr\u00eat\u00e9 des responsables pr\u00e9sum\u00e9s de la contrebande et de la corruption. Quelques uns de ces hommes, dont parle le rapport \u00ab\u00a0La transition bloqu\u00e9e\u00a0\u00bb de l'International Crisis Group analys\u00e9 dans JusticeInfo.net. [&hellip;]","og_url":"https:\/\/www.justiceinfo.net\/fr\/33425-la-semaine-de-la-justice-transitionnelle-lutte-surprise-contre-la-corruption-en-tunisie.html","og_site_name":"JusticeInfo.net","article_publisher":"https:\/\/www.facebook.com\/JusticeInfo\/","article_author":"https:\/\/www.facebook.com\/profile.php?id=100004809918727","article_published_time":"2017-05-29T09:59:23+00:00","og_image":[{"width":2560,"height":1704,"url":"https:\/\/www.justiceinfo.net\/wp-content\/uploads\/e018e6fcb6f6da73d1cba2061070cf03-scaled.jpg","type":"image\/jpeg"}],"author":"Fran\u00e7ois Sergent","twitter_card":"summary_large_image","twitter_creator":"@FrancoisSergent","twitter_site":"@justiceinfonet","twitter_misc":{"\u00c9crit par":"Fran\u00e7ois Sergent","Dur\u00e9e de lecture estim\u00e9e":"4 minutes"},"schema":{"@context":"https:\/\/schema.org","@graph":[{"@type":"NewsArticle","@id":"https:\/\/www.justiceinfo.net\/fr\/33425-la-semaine-de-la-justice-transitionnelle-lutte-surprise-contre-la-corruption-en-tunisie.html#article","isPartOf":{"@id":"https:\/\/www.justiceinfo.net\/fr\/33425-la-semaine-de-la-justice-transitionnelle-lutte-surprise-contre-la-corruption-en-tunisie.html"},"author":{"name":"fsergent","@id":"https:\/\/www.justiceinfo.net\/fr#\/schema\/person\/724414fc3a7779fc189a73a27563e5e1"},"headline":"La semaine de la justice transitionnelle : lutte surprise contre la corruption en Tunisie","datePublished":"2017-05-29T09:59:23+00:00","mainEntityOfPage":{"@id":"https:\/\/www.justiceinfo.net\/fr\/33425-la-semaine-de-la-justice-transitionnelle-lutte-surprise-contre-la-corruption-en-tunisie.html"},"wordCount":726,"commentCount":0,"publisher":{"@id":"https:\/\/www.justiceinfo.net\/fr#organization"},"image":{"@id":"https:\/\/www.justiceinfo.net\/fr\/33425-la-semaine-de-la-justice-transitionnelle-lutte-surprise-contre-la-corruption-en-tunisie.html#primaryimage"},"thumbnailUrl":"https:\/\/www.justiceinfo.net\/wp-content\/uploads\/e018e6fcb6f6da73d1cba2061070cf03-scaled.jpg","articleSection":["Opinions"],"inLanguage":"fr-FR","potentialAction":[{"@type":"CommentAction","name":"Comment","target":["https:\/\/www.justiceinfo.net\/fr\/33425-la-semaine-de-la-justice-transitionnelle-lutte-surprise-contre-la-corruption-en-tunisie.html#respond"]}]},{"@type":"WebPage","@id":"https:\/\/www.justiceinfo.net\/fr\/33425-la-semaine-de-la-justice-transitionnelle-lutte-surprise-contre-la-corruption-en-tunisie.html","url":"https:\/\/www.justiceinfo.net\/fr\/33425-la-semaine-de-la-justice-transitionnelle-lutte-surprise-contre-la-corruption-en-tunisie.html","name":"La semaine de la justice transitionnelle : lutte surprise contre la corruption en Tunisie - JusticeInfo.net","isPartOf":{"@id":"https:\/\/www.justiceinfo.net\/fr#website"},"primaryImageOfPage":{"@id":"https:\/\/www.justiceinfo.net\/fr\/33425-la-semaine-de-la-justice-transitionnelle-lutte-surprise-contre-la-corruption-en-tunisie.html#primaryimage"},"image":{"@id":"https:\/\/www.justiceinfo.net\/fr\/33425-la-semaine-de-la-justice-transitionnelle-lutte-surprise-contre-la-corruption-en-tunisie.html#primaryimage"},"thumbnailUrl":"https:\/\/www.justiceinfo.net\/wp-content\/uploads\/e018e6fcb6f6da73d1cba2061070cf03-scaled.jpg","datePublished":"2017-05-29T09:59:23+00:00","breadcrumb":{"@id":"https:\/\/www.justiceinfo.net\/fr\/33425-la-semaine-de-la-justice-transitionnelle-lutte-surprise-contre-la-corruption-en-tunisie.html#breadcrumb"},"inLanguage":"fr-FR","potentialAction":[{"@type":"ReadAction","target":["https:\/\/www.justiceinfo.net\/fr\/33425-la-semaine-de-la-justice-transitionnelle-lutte-surprise-contre-la-corruption-en-tunisie.html"]}]},{"@type":"ImageObject","inLanguage":"fr-FR","@id":"https:\/\/www.justiceinfo.net\/fr\/33425-la-semaine-de-la-justice-transitionnelle-lutte-surprise-contre-la-corruption-en-tunisie.html#primaryimage","url":"https:\/\/www.justiceinfo.net\/wp-content\/uploads\/e018e6fcb6f6da73d1cba2061070cf03-scaled.jpg","contentUrl":"https:\/\/www.justiceinfo.net\/wp-content\/uploads\/e018e6fcb6f6da73d1cba2061070cf03-scaled.jpg","width":2560,"height":1704},{"@type":"BreadcrumbList","@id":"https:\/\/www.justiceinfo.net\/fr\/33425-la-semaine-de-la-justice-transitionnelle-lutte-surprise-contre-la-corruption-en-tunisie.html#breadcrumb","itemListElement":[{"@type":"ListItem","position":1,"name":"Home","item":"https:\/\/www.justiceinfo.net\/fr"},{"@type":"ListItem","position":2,"name":"La semaine de la justice transitionnelle : lutte surprise contre la corruption en Tunisie"}]},{"@type":"WebSite","@id":"https:\/\/www.justiceinfo.net\/fr#website","url":"https:\/\/www.justiceinfo.net\/fr","name":"JusticeInfo.net","description":"La justice doit \u00eatre vue pour \u00eatre rendue","publisher":{"@id":"https:\/\/www.justiceinfo.net\/fr#organization"},"potentialAction":[{"@type":"SearchAction","target":{"@type":"EntryPoint","urlTemplate":"https:\/\/www.justiceinfo.net\/fr?s={search_term_string}"},"query-input":{"@type":"PropertyValueSpecification","valueRequired":true,"valueName":"search_term_string"}}],"inLanguage":"fr-FR"},{"@type":"Organization","@id":"https:\/\/www.justiceinfo.net\/fr#organization","name":"Justice Info","url":"https:\/\/www.justiceinfo.net\/fr","logo":{"@type":"ImageObject","inLanguage":"fr-FR","@id":"https:\/\/www.justiceinfo.net\/fr#\/schema\/logo\/image\/","url":"https:\/\/www.justiceinfo.net\/wp-content\/uploads\/justiceinfo_logo-trans_1200x1200px.png","contentUrl":"https:\/\/www.justiceinfo.net\/wp-content\/uploads\/justiceinfo_logo-trans_1200x1200px.png","width":1199,"height":1200,"caption":"Justice Info"},"image":{"@id":"https:\/\/www.justiceinfo.net\/fr#\/schema\/logo\/image\/"},"sameAs":["https:\/\/www.facebook.com\/JusticeInfo\/","https:\/\/x.com\/justiceinfonet","https:\/\/www.linkedin.com\/company\/justice-info","https:\/\/www.youtube.com\/channel\/UCyCEsARodyuWtkWyhn-e7pA"]},{"@type":"Person","name":"Fran\u00e7ois Sergent","sameAs":["https:\/\/www.facebook.com\/profile.php?id=100004809918727","https:\/\/x.com\/FrancoisSergent"],"url":"https:\/\/www.justiceinfo.net\/fr\/auteur\/fsergent"}]}},"_links":{"self":[{"href":"https:\/\/www.justiceinfo.net\/fr\/wp-json\/wp\/v2\/posts\/33425","targetHints":{"allow":["GET"]}}],"collection":[{"href":"https:\/\/www.justiceinfo.net\/fr\/wp-json\/wp\/v2\/posts"}],"about":[{"href":"https:\/\/www.justiceinfo.net\/fr\/wp-json\/wp\/v2\/types\/post"}],"author":[{"embeddable":true,"href":"https:\/\/www.justiceinfo.net\/fr\/wp-json\/wp\/v2\/users\/58"}],"replies":[{"embeddable":true,"href":"https:\/\/www.justiceinfo.net\/fr\/wp-json\/wp\/v2\/comments?post=33425"}],"version-history":[{"count":0,"href":"https:\/\/www.justiceinfo.net\/fr\/wp-json\/wp\/v2\/posts\/33425\/revisions"}],"wp:featuredmedia":[{"embeddable":true,"href":"https:\/\/www.justiceinfo.net\/fr\/wp-json\/wp\/v2\/media\/68300"}],"wp:attachment":[{"href":"https:\/\/www.justiceinfo.net\/fr\/wp-json\/wp\/v2\/media?parent=33425"}],"wp:term":[{"taxonomy":"category","embeddable":true,"href":"https:\/\/www.justiceinfo.net\/fr\/wp-json\/wp\/v2\/categories?post=33425"},{"taxonomy":"post_tag","embeddable":true,"href":"https:\/\/www.justiceinfo.net\/fr\/wp-json\/wp\/v2\/tags?post=33425"},{"taxonomy":"ji_location","embeddable":true,"href":"https:\/\/www.justiceinfo.net\/fr\/wp-json\/wp\/v2\/ji_location?post=33425"}],"curies":[{"name":"wp","href":"https:\/\/api.w.org\/{rel}","templated":true}]}}