{"id":33576,"date":"2017-06-14T02:05:02","date_gmt":"2017-06-14T00:05:02","guid":{"rendered":"https:\/\/www.justiceinfo.net\/33576-cpi-l-ancien-chef-de-guerre-congolais-cpi-bosco-ntaganda-veut-se-presenter-comme-un-etre-humain.html"},"modified":"2017-06-14T02:05:02","modified_gmt":"2017-06-14T00:05:02","slug":"cpi-l-ancien-chef-de-guerre-congolais-cpi-bosco-ntaganda-veut-se-presenter-comme-un-etre-humain","status":"publish","type":"post","link":"https:\/\/www.justiceinfo.net\/fr\/33576-cpi-l-ancien-chef-de-guerre-congolais-cpi-bosco-ntaganda-veut-se-presenter-comme-un-etre-humain.html","title":{"rendered":"\"Terminator\" l'ancien chef de guerre congolais en proc\u00e8s \u00e0 la CPI est un \"\u00eatre humain\""},"content":{"rendered":"<div class=\"content-excerpt\">\n<p>L'ancien chef de guerre congolais Bosco Ntaganda a l'intention de d\u00e9crire en d\u00e9tails mercredi devant la Cour p\u00e9nale internationale (CPI) son r\u00f4le de commandant des rebelles en 2002 et 2003 et se pr\u00e9senter comme \"un \u00eatre humain\".<\/p>\n<\/div>\n<p>Pr\u00e8s de deux ans apr\u00e8s l'ouverture de son proc\u00e8s, celui que l'on surnommait autrefois \"Terminator\" devrait relater les \u00e9v\u00e9nements qui se sont d\u00e9roul\u00e9s lorsqu'il \u00e9tait chef adjoint de l'\u00e9tat-major g\u00e9n\u00e9ral des Forces patriotiques pour la lib\u00e9ration du Congo (FPLC).<\/p>\n<p>L'homme \u00e0 la moustache en traits de crayon \"d\u00e9crira tout ce qu'il a fait durant le conflit\", a annonc\u00e9 St\u00e9phane Bourgon, son conseil. \"Il donnera une description compl\u00e8te, \u00e9tape par \u00e9tape et jour par jour\".<\/p>\n<p>\"A travers ce t\u00e9moignage, M. Ntaganda souhaite expliquer qui il est et veut s'assurer que les gens le per\u00e7oivent comme un \u00eatre humain. Il veut parler aux juges personnellement\", a-t-il ajout\u00e9 dans un interview \u00e0 l'AFP lundi.<\/p>\n<p>A l'ouverture de son proc\u00e8s en septembre 2015, l'ancien rebelle avait plaid\u00e9 non coupable des treize crimes de guerre et cinq crimes contre l'humanit\u00e9 qui lui sont reproch\u00e9s, dont meurtres, pillages, attaques contre des civils, viols et esclavage sexuel, commis par ses troupes en 2002-2003 en Ituri, au nord-est de la R\u00e9publique d\u00e9mocratique du Congo (RDC).<\/p>\n<p>D'apr\u00e8s la procureure Fatou Bensouda, Bosco Ntaganda \"\u00e9tait un des commandants les plus importants\" lors de crimes \"ethniques\" qui ont engendr\u00e9 la mort de 60.000 personnes.<\/p>\n<p>Il est accus\u00e9 d'avoir orchestr\u00e9 des attaques men\u00e9es par les FPLC, ce bras arm\u00e9 de l'Union des patriotes congolais (UPC) \u00e0 pr\u00e9dominance Hema combattant principalement des milices Lendu pour le contr\u00f4le de cette r\u00e9gion aux nombreuses mines d'or.<\/p>\n<p>Ces attaques laissaient derri\u00e8re elles des corps \"ligot\u00e9s au niveau des bras\", \"en sous-v\u00eatements\", \"\u00e9ventr\u00e9s\", \"les t\u00eates \u00e9cras\u00e9es par des pilons\", avait rapport\u00e9 un t\u00e9moin devant la Cour.<\/p>\n<p>Grand, teint clair, tr\u00e8s imbu de lui-m\u00eame et connu pour avoir la g\u00e2chette facile, le chef de guerre aurait donn\u00e9 les ordres, planifi\u00e9 et programm\u00e9 les op\u00e9rations, coordonn\u00e9 la logistique et fourni les armes.<\/p>\n<p>Il aurait aussi \"recrut\u00e9 personnellement des enfants\", selon Nicole Samson, repr\u00e9sentante du bureau de la procureure. Des \"kadogo\", des \"jeunes\" en swahili, filles et gar\u00e7ons, qu'il choisissait pour son escorte personnelle et qu'il habillait et armait pour le combat, une fois leur entra\u00eenement militaire termin\u00e9.<\/p>\n<h3>- 'Tout reste \u00e0 prouver' -<\/h3>\n<p>Durant 64 jours d'audience, l'accusation a pr\u00e9sent\u00e9 jusqu'au 16 f\u00e9vrier 71 t\u00e9moins, 1.300 documents et onze t\u00e9moins-experts comme \u00e9l\u00e9ments de preuves.<\/p>\n<p>Mais dans cette affaire, \"tout reste \u00e0 prouver\", assure Me Bourgon. Avec 109 t\u00e9moins et quatre experts appel\u00e9s devant la Cour, la d\u00e9fense veut combattre la r\u00e9putation de son client: celle d'un chef de guerre opportuniste et sans piti\u00e9 au sein des r\u00e9bellions o\u00f9 il a successivement \u00e9volu\u00e9. Du g\u00e9nocide des Tutsi au Rwanda (1994) au Mouvement du 23 mars (M23) au Nord-Kivu.<\/p>\n<p>Ce sont des dissensions accompagn\u00e9es de combats au coeur du M23 qui l'avaient contraint \u00e0 fuir et \u00e0 se r\u00e9fugier \u00e0 l'ambassade des \u00c9tats-Unis \u00e0 Kigali. L\u00e0, il avait demand\u00e9 son transf\u00e8rement \u00e0 la CPI en mars 2013.<\/p>\n<p>L'Est de la RDC est englu\u00e9 dans des guerres dont le nerf est le contr\u00f4le des ressources mini\u00e8res. En deux d\u00e9cennies, les conflits ont impliqu\u00e9 les arm\u00e9es d'au moins six nations africaines et caus\u00e9 la mort de trois millions de personnes, selon les estimations d'ONG.<\/p>\n","protected":false},"excerpt":{"rendered":"<p>L'ancien chef de guerre congolais Bosco Ntaganda a l'intention de d\u00e9crire en d\u00e9tails mercredi devant la Cour p\u00e9nale internationale (CPI) son r\u00f4le de commandant des rebelles en 2002 et 2003 et se pr\u00e9senter comme \"un \u00eatre humain\". Pr\u00e8s de deux ans apr\u00e8s l'ouverture de son proc\u00e8s, celui que l'on surnommait autrefois \"Terminator\" devrait relater les [&hellip;]<\/p>\n","protected":false},"author":60,"featured_media":68044,"comment_status":"open","ping_status":"closed","sticky":false,"template":"","format":"standard","meta":{"_acf_changed":false,"footnotes":""},"categories":[556],"tags":[],"ji_location":[2196],"class_list":["post-33576","post","type-post","status-publish","format-standard","has-post-thumbnail","hentry","category-divers","ji_location-republique-democratique-du-congo"],"acf":[],"yoast_head":"<!-- This site is optimized with the Yoast SEO Premium plugin v25.3.1 (Yoast SEO v25.3.1) - https:\/\/yoast.com\/wordpress\/plugins\/seo\/ -->\n<title>&quot;Terminator&quot; l&#039;ancien chef de guerre congolais en proc\u00e8s \u00e0 la CPI est un &quot;\u00eatre humain&quot; - JusticeInfo.net<\/title>\n<meta name=\"robots\" content=\"index, follow, max-snippet:-1, max-image-preview:large, max-video-preview:-1\" \/>\n<link rel=\"canonical\" href=\"https:\/\/www.justiceinfo.net\/fr\/33576-cpi-l-ancien-chef-de-guerre-congolais-cpi-bosco-ntaganda-veut-se-presenter-comme-un-etre-humain.html\" \/>\n<meta property=\"og:locale\" content=\"fr_FR\" \/>\n<meta property=\"og:type\" content=\"article\" \/>\n<meta property=\"og:title\" content=\"&quot;Terminator&quot; l&#039;ancien chef de guerre congolais en proc\u00e8s \u00e0 la CPI est un &quot;\u00eatre humain&quot;\" \/>\n<meta property=\"og:description\" content=\"L&#039;ancien chef de guerre congolais Bosco Ntaganda a l&#039;intention de d\u00e9crire en d\u00e9tails mercredi devant la Cour p\u00e9nale internationale (CPI) son r\u00f4le de commandant des rebelles en 2002 et 2003 et se pr\u00e9senter comme &quot;un \u00eatre humain&quot;. Pr\u00e8s de deux ans apr\u00e8s l&#039;ouverture de son proc\u00e8s, celui que l&#039;on surnommait autrefois &quot;Terminator&quot; devrait relater les [&hellip;]\" \/>\n<meta property=\"og:url\" content=\"https:\/\/www.justiceinfo.net\/fr\/33576-cpi-l-ancien-chef-de-guerre-congolais-cpi-bosco-ntaganda-veut-se-presenter-comme-un-etre-humain.html\" \/>\n<meta property=\"og:site_name\" content=\"JusticeInfo.net\" \/>\n<meta property=\"article:publisher\" content=\"https:\/\/www.facebook.com\/JusticeInfo\/\" \/>\n<meta property=\"article:published_time\" content=\"2017-06-14T00:05:02+00:00\" \/>\n<meta property=\"og:image\" content=\"https:\/\/www.justiceinfo.net\/wp-content\/uploads\/72e8fdc5a549465e398c73fd3689c84f.jpg\" \/>\n\t<meta property=\"og:image:width\" content=\"1763\" \/>\n\t<meta property=\"og:image:height\" content=\"1118\" \/>\n\t<meta property=\"og:image:type\" content=\"image\/jpeg\" \/>\n<meta name=\"author\" content=\"AFP\" \/>\n<meta name=\"twitter:card\" content=\"summary_large_image\" \/>\n<meta name=\"twitter:creator\" content=\"@justiceinfonet\" \/>\n<meta name=\"twitter:site\" content=\"@justiceinfonet\" \/>\n<meta name=\"twitter:label1\" content=\"\u00c9crit par\" \/>\n\t<meta name=\"twitter:data1\" content=\"AFP\" \/>\n\t<meta name=\"twitter:label2\" content=\"Dur\u00e9e de lecture estim\u00e9e\" \/>\n\t<meta name=\"twitter:data2\" content=\"3 minutes\" \/>\n<script type=\"application\/ld+json\" class=\"yoast-schema-graph\">{\"@context\":\"https:\/\/schema.org\",\"@graph\":[{\"@type\":\"NewsArticle\",\"@id\":\"https:\/\/www.justiceinfo.net\/fr\/33576-cpi-l-ancien-chef-de-guerre-congolais-cpi-bosco-ntaganda-veut-se-presenter-comme-un-etre-humain.html#article\",\"isPartOf\":{\"@id\":\"https:\/\/www.justiceinfo.net\/fr\/33576-cpi-l-ancien-chef-de-guerre-congolais-cpi-bosco-ntaganda-veut-se-presenter-comme-un-etre-humain.html\"},\"author\":{\"name\":\"afp\",\"@id\":\"https:\/\/www.justiceinfo.net\/fr#\/schema\/person\/713d340ef5f218fc36ce9b4244364a7f\"},\"headline\":\"\\\"Terminator\\\" l'ancien chef de guerre congolais en proc\u00e8s \u00e0 la CPI est un \\\"\u00eatre humain\\\"\",\"datePublished\":\"2017-06-14T00:05:02+00:00\",\"mainEntityOfPage\":{\"@id\":\"https:\/\/www.justiceinfo.net\/fr\/33576-cpi-l-ancien-chef-de-guerre-congolais-cpi-bosco-ntaganda-veut-se-presenter-comme-un-etre-humain.html\"},\"wordCount\":630,\"commentCount\":0,\"publisher\":{\"@id\":\"https:\/\/www.justiceinfo.net\/fr#organization\"},\"image\":{\"@id\":\"https:\/\/www.justiceinfo.net\/fr\/33576-cpi-l-ancien-chef-de-guerre-congolais-cpi-bosco-ntaganda-veut-se-presenter-comme-un-etre-humain.html#primaryimage\"},\"thumbnailUrl\":\"https:\/\/www.justiceinfo.net\/wp-content\/uploads\/72e8fdc5a549465e398c73fd3689c84f.jpg\",\"articleSection\":[\"Divers\"],\"inLanguage\":\"fr-FR\",\"potentialAction\":[{\"@type\":\"CommentAction\",\"name\":\"Comment\",\"target\":[\"https:\/\/www.justiceinfo.net\/fr\/33576-cpi-l-ancien-chef-de-guerre-congolais-cpi-bosco-ntaganda-veut-se-presenter-comme-un-etre-humain.html#respond\"]}]},{\"@type\":\"WebPage\",\"@id\":\"https:\/\/www.justiceinfo.net\/fr\/33576-cpi-l-ancien-chef-de-guerre-congolais-cpi-bosco-ntaganda-veut-se-presenter-comme-un-etre-humain.html\",\"url\":\"https:\/\/www.justiceinfo.net\/fr\/33576-cpi-l-ancien-chef-de-guerre-congolais-cpi-bosco-ntaganda-veut-se-presenter-comme-un-etre-humain.html\",\"name\":\"\\\"Terminator\\\" l'ancien chef de guerre congolais en proc\u00e8s \u00e0 la CPI est un \\\"\u00eatre humain\\\" - JusticeInfo.net\",\"isPartOf\":{\"@id\":\"https:\/\/www.justiceinfo.net\/fr#website\"},\"primaryImageOfPage\":{\"@id\":\"https:\/\/www.justiceinfo.net\/fr\/33576-cpi-l-ancien-chef-de-guerre-congolais-cpi-bosco-ntaganda-veut-se-presenter-comme-un-etre-humain.html#primaryimage\"},\"image\":{\"@id\":\"https:\/\/www.justiceinfo.net\/fr\/33576-cpi-l-ancien-chef-de-guerre-congolais-cpi-bosco-ntaganda-veut-se-presenter-comme-un-etre-humain.html#primaryimage\"},\"thumbnailUrl\":\"https:\/\/www.justiceinfo.net\/wp-content\/uploads\/72e8fdc5a549465e398c73fd3689c84f.jpg\",\"datePublished\":\"2017-06-14T00:05:02+00:00\",\"breadcrumb\":{\"@id\":\"https:\/\/www.justiceinfo.net\/fr\/33576-cpi-l-ancien-chef-de-guerre-congolais-cpi-bosco-ntaganda-veut-se-presenter-comme-un-etre-humain.html#breadcrumb\"},\"inLanguage\":\"fr-FR\",\"potentialAction\":[{\"@type\":\"ReadAction\",\"target\":[\"https:\/\/www.justiceinfo.net\/fr\/33576-cpi-l-ancien-chef-de-guerre-congolais-cpi-bosco-ntaganda-veut-se-presenter-comme-un-etre-humain.html\"]}]},{\"@type\":\"ImageObject\",\"inLanguage\":\"fr-FR\",\"@id\":\"https:\/\/www.justiceinfo.net\/fr\/33576-cpi-l-ancien-chef-de-guerre-congolais-cpi-bosco-ntaganda-veut-se-presenter-comme-un-etre-humain.html#primaryimage\",\"url\":\"https:\/\/www.justiceinfo.net\/wp-content\/uploads\/72e8fdc5a549465e398c73fd3689c84f.jpg\",\"contentUrl\":\"https:\/\/www.justiceinfo.net\/wp-content\/uploads\/72e8fdc5a549465e398c73fd3689c84f.jpg\",\"width\":1763,\"height\":1118},{\"@type\":\"BreadcrumbList\",\"@id\":\"https:\/\/www.justiceinfo.net\/fr\/33576-cpi-l-ancien-chef-de-guerre-congolais-cpi-bosco-ntaganda-veut-se-presenter-comme-un-etre-humain.html#breadcrumb\",\"itemListElement\":[{\"@type\":\"ListItem\",\"position\":1,\"name\":\"Home\",\"item\":\"https:\/\/www.justiceinfo.net\/fr\"},{\"@type\":\"ListItem\",\"position\":2,\"name\":\"\\\"Terminator\\\" l'ancien chef de guerre congolais en proc\u00e8s \u00e0 la CPI est un \\\"\u00eatre humain\\\"\"}]},{\"@type\":\"WebSite\",\"@id\":\"https:\/\/www.justiceinfo.net\/fr#website\",\"url\":\"https:\/\/www.justiceinfo.net\/fr\",\"name\":\"JusticeInfo.net\",\"description\":\"La justice doit \u00eatre vue pour \u00eatre rendue\",\"publisher\":{\"@id\":\"https:\/\/www.justiceinfo.net\/fr#organization\"},\"potentialAction\":[{\"@type\":\"SearchAction\",\"target\":{\"@type\":\"EntryPoint\",\"urlTemplate\":\"https:\/\/www.justiceinfo.net\/fr?s={search_term_string}\"},\"query-input\":{\"@type\":\"PropertyValueSpecification\",\"valueRequired\":true,\"valueName\":\"search_term_string\"}}],\"inLanguage\":\"fr-FR\"},{\"@type\":\"Organization\",\"@id\":\"https:\/\/www.justiceinfo.net\/fr#organization\",\"name\":\"Justice Info\",\"url\":\"https:\/\/www.justiceinfo.net\/fr\",\"logo\":{\"@type\":\"ImageObject\",\"inLanguage\":\"fr-FR\",\"@id\":\"https:\/\/www.justiceinfo.net\/fr#\/schema\/logo\/image\/\",\"url\":\"https:\/\/www.justiceinfo.net\/wp-content\/uploads\/justiceinfo_logo-trans_1200x1200px.png\",\"contentUrl\":\"https:\/\/www.justiceinfo.net\/wp-content\/uploads\/justiceinfo_logo-trans_1200x1200px.png\",\"width\":1199,\"height\":1200,\"caption\":\"Justice Info\"},\"image\":{\"@id\":\"https:\/\/www.justiceinfo.net\/fr#\/schema\/logo\/image\/\"},\"sameAs\":[\"https:\/\/www.facebook.com\/JusticeInfo\/\",\"https:\/\/x.com\/justiceinfonet\",\"https:\/\/www.linkedin.com\/company\/justice-info\",\"https:\/\/www.youtube.com\/channel\/UCyCEsARodyuWtkWyhn-e7pA\"]},{\"@type\":\"Person\",\"name\":\"AFP\",\"url\":\"\/fr\/?s=AFP\"}]}<\/script>\n<!-- \/ Yoast SEO Premium plugin. -->","yoast_head_json":{"title":"\"Terminator\" l'ancien chef de guerre congolais en proc\u00e8s \u00e0 la CPI est un \"\u00eatre humain\" - JusticeInfo.net","robots":{"index":"index","follow":"follow","max-snippet":"max-snippet:-1","max-image-preview":"max-image-preview:large","max-video-preview":"max-video-preview:-1"},"canonical":"https:\/\/www.justiceinfo.net\/fr\/33576-cpi-l-ancien-chef-de-guerre-congolais-cpi-bosco-ntaganda-veut-se-presenter-comme-un-etre-humain.html","og_locale":"fr_FR","og_type":"article","og_title":"\"Terminator\" l'ancien chef de guerre congolais en proc\u00e8s \u00e0 la CPI est un \"\u00eatre humain\"","og_description":"L'ancien chef de guerre congolais Bosco Ntaganda a l'intention de d\u00e9crire en d\u00e9tails mercredi devant la Cour p\u00e9nale internationale (CPI) son r\u00f4le de commandant des rebelles en 2002 et 2003 et se pr\u00e9senter comme \"un \u00eatre humain\". Pr\u00e8s de deux ans apr\u00e8s l'ouverture de son proc\u00e8s, celui que l'on surnommait autrefois \"Terminator\" devrait relater les [&hellip;]","og_url":"https:\/\/www.justiceinfo.net\/fr\/33576-cpi-l-ancien-chef-de-guerre-congolais-cpi-bosco-ntaganda-veut-se-presenter-comme-un-etre-humain.html","og_site_name":"JusticeInfo.net","article_publisher":"https:\/\/www.facebook.com\/JusticeInfo\/","article_published_time":"2017-06-14T00:05:02+00:00","og_image":[{"width":1763,"height":1118,"url":"https:\/\/www.justiceinfo.net\/wp-content\/uploads\/72e8fdc5a549465e398c73fd3689c84f.jpg","type":"image\/jpeg"}],"author":"AFP","twitter_card":"summary_large_image","twitter_creator":"@justiceinfonet","twitter_site":"@justiceinfonet","twitter_misc":{"\u00c9crit par":"AFP","Dur\u00e9e de lecture estim\u00e9e":"3 minutes"},"schema":{"@context":"https:\/\/schema.org","@graph":[{"@type":"NewsArticle","@id":"https:\/\/www.justiceinfo.net\/fr\/33576-cpi-l-ancien-chef-de-guerre-congolais-cpi-bosco-ntaganda-veut-se-presenter-comme-un-etre-humain.html#article","isPartOf":{"@id":"https:\/\/www.justiceinfo.net\/fr\/33576-cpi-l-ancien-chef-de-guerre-congolais-cpi-bosco-ntaganda-veut-se-presenter-comme-un-etre-humain.html"},"author":{"name":"afp","@id":"https:\/\/www.justiceinfo.net\/fr#\/schema\/person\/713d340ef5f218fc36ce9b4244364a7f"},"headline":"\"Terminator\" l'ancien chef de guerre congolais en proc\u00e8s \u00e0 la CPI est un \"\u00eatre humain\"","datePublished":"2017-06-14T00:05:02+00:00","mainEntityOfPage":{"@id":"https:\/\/www.justiceinfo.net\/fr\/33576-cpi-l-ancien-chef-de-guerre-congolais-cpi-bosco-ntaganda-veut-se-presenter-comme-un-etre-humain.html"},"wordCount":630,"commentCount":0,"publisher":{"@id":"https:\/\/www.justiceinfo.net\/fr#organization"},"image":{"@id":"https:\/\/www.justiceinfo.net\/fr\/33576-cpi-l-ancien-chef-de-guerre-congolais-cpi-bosco-ntaganda-veut-se-presenter-comme-un-etre-humain.html#primaryimage"},"thumbnailUrl":"https:\/\/www.justiceinfo.net\/wp-content\/uploads\/72e8fdc5a549465e398c73fd3689c84f.jpg","articleSection":["Divers"],"inLanguage":"fr-FR","potentialAction":[{"@type":"CommentAction","name":"Comment","target":["https:\/\/www.justiceinfo.net\/fr\/33576-cpi-l-ancien-chef-de-guerre-congolais-cpi-bosco-ntaganda-veut-se-presenter-comme-un-etre-humain.html#respond"]}]},{"@type":"WebPage","@id":"https:\/\/www.justiceinfo.net\/fr\/33576-cpi-l-ancien-chef-de-guerre-congolais-cpi-bosco-ntaganda-veut-se-presenter-comme-un-etre-humain.html","url":"https:\/\/www.justiceinfo.net\/fr\/33576-cpi-l-ancien-chef-de-guerre-congolais-cpi-bosco-ntaganda-veut-se-presenter-comme-un-etre-humain.html","name":"\"Terminator\" l'ancien chef de guerre congolais en proc\u00e8s \u00e0 la CPI est un \"\u00eatre humain\" - JusticeInfo.net","isPartOf":{"@id":"https:\/\/www.justiceinfo.net\/fr#website"},"primaryImageOfPage":{"@id":"https:\/\/www.justiceinfo.net\/fr\/33576-cpi-l-ancien-chef-de-guerre-congolais-cpi-bosco-ntaganda-veut-se-presenter-comme-un-etre-humain.html#primaryimage"},"image":{"@id":"https:\/\/www.justiceinfo.net\/fr\/33576-cpi-l-ancien-chef-de-guerre-congolais-cpi-bosco-ntaganda-veut-se-presenter-comme-un-etre-humain.html#primaryimage"},"thumbnailUrl":"https:\/\/www.justiceinfo.net\/wp-content\/uploads\/72e8fdc5a549465e398c73fd3689c84f.jpg","datePublished":"2017-06-14T00:05:02+00:00","breadcrumb":{"@id":"https:\/\/www.justiceinfo.net\/fr\/33576-cpi-l-ancien-chef-de-guerre-congolais-cpi-bosco-ntaganda-veut-se-presenter-comme-un-etre-humain.html#breadcrumb"},"inLanguage":"fr-FR","potentialAction":[{"@type":"ReadAction","target":["https:\/\/www.justiceinfo.net\/fr\/33576-cpi-l-ancien-chef-de-guerre-congolais-cpi-bosco-ntaganda-veut-se-presenter-comme-un-etre-humain.html"]}]},{"@type":"ImageObject","inLanguage":"fr-FR","@id":"https:\/\/www.justiceinfo.net\/fr\/33576-cpi-l-ancien-chef-de-guerre-congolais-cpi-bosco-ntaganda-veut-se-presenter-comme-un-etre-humain.html#primaryimage","url":"https:\/\/www.justiceinfo.net\/wp-content\/uploads\/72e8fdc5a549465e398c73fd3689c84f.jpg","contentUrl":"https:\/\/www.justiceinfo.net\/wp-content\/uploads\/72e8fdc5a549465e398c73fd3689c84f.jpg","width":1763,"height":1118},{"@type":"BreadcrumbList","@id":"https:\/\/www.justiceinfo.net\/fr\/33576-cpi-l-ancien-chef-de-guerre-congolais-cpi-bosco-ntaganda-veut-se-presenter-comme-un-etre-humain.html#breadcrumb","itemListElement":[{"@type":"ListItem","position":1,"name":"Home","item":"https:\/\/www.justiceinfo.net\/fr"},{"@type":"ListItem","position":2,"name":"\"Terminator\" l'ancien chef de guerre congolais en proc\u00e8s \u00e0 la CPI est un \"\u00eatre humain\""}]},{"@type":"WebSite","@id":"https:\/\/www.justiceinfo.net\/fr#website","url":"https:\/\/www.justiceinfo.net\/fr","name":"JusticeInfo.net","description":"La justice doit \u00eatre vue pour \u00eatre rendue","publisher":{"@id":"https:\/\/www.justiceinfo.net\/fr#organization"},"potentialAction":[{"@type":"SearchAction","target":{"@type":"EntryPoint","urlTemplate":"https:\/\/www.justiceinfo.net\/fr?s={search_term_string}"},"query-input":{"@type":"PropertyValueSpecification","valueRequired":true,"valueName":"search_term_string"}}],"inLanguage":"fr-FR"},{"@type":"Organization","@id":"https:\/\/www.justiceinfo.net\/fr#organization","name":"Justice Info","url":"https:\/\/www.justiceinfo.net\/fr","logo":{"@type":"ImageObject","inLanguage":"fr-FR","@id":"https:\/\/www.justiceinfo.net\/fr#\/schema\/logo\/image\/","url":"https:\/\/www.justiceinfo.net\/wp-content\/uploads\/justiceinfo_logo-trans_1200x1200px.png","contentUrl":"https:\/\/www.justiceinfo.net\/wp-content\/uploads\/justiceinfo_logo-trans_1200x1200px.png","width":1199,"height":1200,"caption":"Justice Info"},"image":{"@id":"https:\/\/www.justiceinfo.net\/fr#\/schema\/logo\/image\/"},"sameAs":["https:\/\/www.facebook.com\/JusticeInfo\/","https:\/\/x.com\/justiceinfonet","https:\/\/www.linkedin.com\/company\/justice-info","https:\/\/www.youtube.com\/channel\/UCyCEsARodyuWtkWyhn-e7pA"]},{"@type":"Person","name":"AFP","url":"\/fr\/?s=AFP"}]}},"_links":{"self":[{"href":"https:\/\/www.justiceinfo.net\/fr\/wp-json\/wp\/v2\/posts\/33576","targetHints":{"allow":["GET"]}}],"collection":[{"href":"https:\/\/www.justiceinfo.net\/fr\/wp-json\/wp\/v2\/posts"}],"about":[{"href":"https:\/\/www.justiceinfo.net\/fr\/wp-json\/wp\/v2\/types\/post"}],"author":[{"embeddable":true,"href":"https:\/\/www.justiceinfo.net\/fr\/wp-json\/wp\/v2\/users\/60"}],"replies":[{"embeddable":true,"href":"https:\/\/www.justiceinfo.net\/fr\/wp-json\/wp\/v2\/comments?post=33576"}],"version-history":[{"count":0,"href":"https:\/\/www.justiceinfo.net\/fr\/wp-json\/wp\/v2\/posts\/33576\/revisions"}],"wp:featuredmedia":[{"embeddable":true,"href":"https:\/\/www.justiceinfo.net\/fr\/wp-json\/wp\/v2\/media\/68044"}],"wp:attachment":[{"href":"https:\/\/www.justiceinfo.net\/fr\/wp-json\/wp\/v2\/media?parent=33576"}],"wp:term":[{"taxonomy":"category","embeddable":true,"href":"https:\/\/www.justiceinfo.net\/fr\/wp-json\/wp\/v2\/categories?post=33576"},{"taxonomy":"post_tag","embeddable":true,"href":"https:\/\/www.justiceinfo.net\/fr\/wp-json\/wp\/v2\/tags?post=33576"},{"taxonomy":"ji_location","embeddable":true,"href":"https:\/\/www.justiceinfo.net\/fr\/wp-json\/wp\/v2\/ji_location?post=33576"}],"curies":[{"name":"wp","href":"https:\/\/api.w.org\/{rel}","templated":true}]}}