{"id":33701,"date":"2017-06-28T16:40:02","date_gmt":"2017-06-28T14:40:02","guid":{"rendered":"https:\/\/www.justiceinfo.net\/33701-le-tribunal-special-sur-le-kosovo-bientot-pret-a-commencer-ses-travaux.html"},"modified":"2017-06-28T16:40:02","modified_gmt":"2017-06-28T14:40:02","slug":"le-tribunal-special-sur-le-kosovo-bientot-pret-a-commencer-ses-travaux","status":"publish","type":"post","link":"https:\/\/www.justiceinfo.net\/fr\/33701-le-tribunal-special-sur-le-kosovo-bientot-pret-a-commencer-ses-travaux.html","title":{"rendered":"Le tribunal sp\u00e9cial sur le Kosovo bient\u00f4t pr\u00eat \u00e0 commencer ses travaux"},"content":{"rendered":"<div class=\"content-excerpt\">\n<p>Le tribunal sp\u00e9cial cr\u00e9\u00e9 \u00e0 La Haye pour juger les crimes de guerre pr\u00e9sum\u00e9s commis pendant le conflit au Kosovo \u00e0 la fin des ann\u00e9es 1990 va \u00eatre op\u00e9rationnel la semaine prochaine, a annonc\u00e9 sa pr\u00e9sidente mercredi.<\/p>\n<\/div>\n<p>Les juges du nouveau tribunal cr\u00e9\u00e9 en 2016 ont adopt\u00e9 son r\u00e9glement \u00e0 l'unanimit\u00e9 mercredi, ce qui signifie qu'il sera pleinement op\u00e9rationnel \u00e0 partir de la semaine prochaine et \"pr\u00eat \u00e0 commencer des proc\u00e9dures\", a indiqu\u00e9 sa pr\u00e9sidente Ekaterina Trendafilova.<\/p>\n<p>\"Apr\u00e8s l'entr\u00e9e en vigueur du r\u00e8glement dans les sept jours, il n'y aura aucun obstacle l\u00e9gal \u00e0 recevoir des dossiers et des accusations\", a ajout\u00e9 Mme Trendafilova.<\/p>\n<p>Le tribunal, compos\u00e9 de juges internationaux et financ\u00e9 par un budget europ\u00e9en de 29,1 millions d'euros pour sa premi\u00e8re ann\u00e9e, est une instance de droit kosovar, install\u00e9e \u00e0 La Haye par souci de protection des t\u00e9moins.<\/p>\n<p>Pristina avait subi une pression internationale pour cr\u00e9er ce tribunal apr\u00e8s la publication en 2010 d'un rapport du Conseil de l'Europe sur les exactions pr\u00e9sum\u00e9es commises par des membres de l'UCK, la gu\u00e9rilla ind\u00e9pendantiste kosovare albanaise, sur quelque 500 prisonniers serbes et roms pendant la guerre.<\/p>\n<p>Les sp\u00e9culations abondent sur de possibles proc\u00e9dures contre le pr\u00e9sident du Kosovo Hashim Tha\u00e7i, ancien chef de la gu\u00e9rilla ind\u00e9pendantiste kosovare albanaise (UCK).<\/p>\n<p>En 1998-1999, quand le Kosovo \u00e9tait une province du sud de la Serbie, l'UCK s'\u00e9tait oppos\u00e9e aux forces de Belgrade. L'Otan \u00e9tait intervenue en 1999, for\u00e7ant les Serbes \u00e0 se retirer du territoire apr\u00e8s une campagne de bombardements de 11 semaines.<\/p>\n<p>Le conflit a fait 13.000 morts au Kosovo, pour la plupart parmi les populations kosovares albanaises.<\/p>\n<p>L'ind\u00e9pendance du Kosovo a \u00e9t\u00e9 reconnue par une centaine de pays, dont les \u00c9tats-Unis et la majorit\u00e9 des pays membres de l'Union europ\u00e9enne, mais la Serbie, soutenue par la Russie, s'y oppose fermement et consid\u00e8re toujours ce territoire comme sa province m\u00e9ridionale.<\/p>\n","protected":false},"excerpt":{"rendered":"<p>Le tribunal sp\u00e9cial cr\u00e9\u00e9 \u00e0 La Haye pour juger les crimes de guerre pr\u00e9sum\u00e9s commis pendant le conflit au Kosovo \u00e0 la fin des ann\u00e9es 1990 va \u00eatre op\u00e9rationnel la semaine prochaine, a annonc\u00e9 sa pr\u00e9sidente mercredi. Les juges du nouveau tribunal cr\u00e9\u00e9 en 2016 ont adopt\u00e9 son r\u00e9glement \u00e0 l'unanimit\u00e9 mercredi, ce qui signifie [&hellip;]<\/p>\n","protected":false},"author":60,"featured_media":62794,"comment_status":"open","ping_status":"closed","sticky":false,"template":"","format":"standard","meta":{"_acf_changed":false,"footnotes":""},"categories":[556],"tags":[],"ji_location":[2302],"class_list":["post-33701","post","type-post","status-publish","format-standard","has-post-thumbnail","hentry","category-divers","ji_location-kosovo"],"acf":[],"yoast_head":"<!-- This site is optimized with the Yoast SEO Premium plugin v25.3.1 (Yoast SEO v25.3.1) - https:\/\/yoast.com\/wordpress\/plugins\/seo\/ -->\n<title>Le tribunal sp\u00e9cial sur le Kosovo bient\u00f4t pr\u00eat \u00e0 commencer ses travaux - JusticeInfo.net<\/title>\n<meta name=\"robots\" content=\"index, follow, max-snippet:-1, max-image-preview:large, max-video-preview:-1\" \/>\n<link rel=\"canonical\" href=\"https:\/\/www.justiceinfo.net\/fr\/33701-le-tribunal-special-sur-le-kosovo-bientot-pret-a-commencer-ses-travaux.html\" \/>\n<meta property=\"og:locale\" content=\"fr_FR\" \/>\n<meta property=\"og:type\" content=\"article\" \/>\n<meta property=\"og:title\" content=\"Le tribunal sp\u00e9cial sur le Kosovo bient\u00f4t pr\u00eat \u00e0 commencer ses travaux\" \/>\n<meta property=\"og:description\" content=\"Le tribunal sp\u00e9cial cr\u00e9\u00e9 \u00e0 La Haye pour juger les crimes de guerre pr\u00e9sum\u00e9s commis pendant le conflit au Kosovo \u00e0 la fin des ann\u00e9es 1990 va \u00eatre op\u00e9rationnel la semaine prochaine, a annonc\u00e9 sa pr\u00e9sidente mercredi. Les juges du nouveau tribunal cr\u00e9\u00e9 en 2016 ont adopt\u00e9 son r\u00e9glement \u00e0 l&#039;unanimit\u00e9 mercredi, ce qui signifie [&hellip;]\" \/>\n<meta property=\"og:url\" content=\"https:\/\/www.justiceinfo.net\/fr\/33701-le-tribunal-special-sur-le-kosovo-bientot-pret-a-commencer-ses-travaux.html\" \/>\n<meta property=\"og:site_name\" content=\"JusticeInfo.net\" \/>\n<meta property=\"article:publisher\" content=\"https:\/\/www.facebook.com\/JusticeInfo\/\" \/>\n<meta property=\"article:published_time\" content=\"2017-06-28T14:40:02+00:00\" \/>\n<meta property=\"og:image\" content=\"https:\/\/www.justiceinfo.net\/wp-content\/uploads\/89e3af57f3bbc87145d7e9a0837193f8.jpg\" \/>\n\t<meta property=\"og:image:width\" content=\"219\" \/>\n\t<meta property=\"og:image:height\" content=\"147\" \/>\n\t<meta property=\"og:image:type\" content=\"image\/jpeg\" \/>\n<meta name=\"author\" content=\"AFP\" \/>\n<meta name=\"twitter:card\" content=\"summary_large_image\" \/>\n<meta name=\"twitter:creator\" content=\"@justiceinfonet\" \/>\n<meta name=\"twitter:site\" content=\"@justiceinfonet\" \/>\n<meta name=\"twitter:label1\" content=\"\u00c9crit par\" \/>\n\t<meta name=\"twitter:data1\" content=\"AFP\" \/>\n\t<meta name=\"twitter:label2\" content=\"Dur\u00e9e de lecture estim\u00e9e\" \/>\n\t<meta name=\"twitter:data2\" content=\"2 minutes\" \/>\n<script type=\"application\/ld+json\" class=\"yoast-schema-graph\">{\"@context\":\"https:\/\/schema.org\",\"@graph\":[{\"@type\":\"NewsArticle\",\"@id\":\"https:\/\/www.justiceinfo.net\/fr\/33701-le-tribunal-special-sur-le-kosovo-bientot-pret-a-commencer-ses-travaux.html#article\",\"isPartOf\":{\"@id\":\"https:\/\/www.justiceinfo.net\/fr\/33701-le-tribunal-special-sur-le-kosovo-bientot-pret-a-commencer-ses-travaux.html\"},\"author\":{\"name\":\"afp\",\"@id\":\"https:\/\/www.justiceinfo.net\/fr#\/schema\/person\/713d340ef5f218fc36ce9b4244364a7f\"},\"headline\":\"Le tribunal sp\u00e9cial sur le Kosovo bient\u00f4t pr\u00eat \u00e0 commencer ses travaux\",\"datePublished\":\"2017-06-28T14:40:02+00:00\",\"mainEntityOfPage\":{\"@id\":\"https:\/\/www.justiceinfo.net\/fr\/33701-le-tribunal-special-sur-le-kosovo-bientot-pret-a-commencer-ses-travaux.html\"},\"wordCount\":359,\"commentCount\":0,\"publisher\":{\"@id\":\"https:\/\/www.justiceinfo.net\/fr#organization\"},\"image\":{\"@id\":\"https:\/\/www.justiceinfo.net\/fr\/33701-le-tribunal-special-sur-le-kosovo-bientot-pret-a-commencer-ses-travaux.html#primaryimage\"},\"thumbnailUrl\":\"https:\/\/www.justiceinfo.net\/wp-content\/uploads\/89e3af57f3bbc87145d7e9a0837193f8.jpg\",\"articleSection\":[\"Divers\"],\"inLanguage\":\"fr-FR\",\"potentialAction\":[{\"@type\":\"CommentAction\",\"name\":\"Comment\",\"target\":[\"https:\/\/www.justiceinfo.net\/fr\/33701-le-tribunal-special-sur-le-kosovo-bientot-pret-a-commencer-ses-travaux.html#respond\"]}]},{\"@type\":\"WebPage\",\"@id\":\"https:\/\/www.justiceinfo.net\/fr\/33701-le-tribunal-special-sur-le-kosovo-bientot-pret-a-commencer-ses-travaux.html\",\"url\":\"https:\/\/www.justiceinfo.net\/fr\/33701-le-tribunal-special-sur-le-kosovo-bientot-pret-a-commencer-ses-travaux.html\",\"name\":\"Le tribunal sp\u00e9cial sur le Kosovo bient\u00f4t pr\u00eat \u00e0 commencer ses travaux - JusticeInfo.net\",\"isPartOf\":{\"@id\":\"https:\/\/www.justiceinfo.net\/fr#website\"},\"primaryImageOfPage\":{\"@id\":\"https:\/\/www.justiceinfo.net\/fr\/33701-le-tribunal-special-sur-le-kosovo-bientot-pret-a-commencer-ses-travaux.html#primaryimage\"},\"image\":{\"@id\":\"https:\/\/www.justiceinfo.net\/fr\/33701-le-tribunal-special-sur-le-kosovo-bientot-pret-a-commencer-ses-travaux.html#primaryimage\"},\"thumbnailUrl\":\"https:\/\/www.justiceinfo.net\/wp-content\/uploads\/89e3af57f3bbc87145d7e9a0837193f8.jpg\",\"datePublished\":\"2017-06-28T14:40:02+00:00\",\"breadcrumb\":{\"@id\":\"https:\/\/www.justiceinfo.net\/fr\/33701-le-tribunal-special-sur-le-kosovo-bientot-pret-a-commencer-ses-travaux.html#breadcrumb\"},\"inLanguage\":\"fr-FR\",\"potentialAction\":[{\"@type\":\"ReadAction\",\"target\":[\"https:\/\/www.justiceinfo.net\/fr\/33701-le-tribunal-special-sur-le-kosovo-bientot-pret-a-commencer-ses-travaux.html\"]}]},{\"@type\":\"ImageObject\",\"inLanguage\":\"fr-FR\",\"@id\":\"https:\/\/www.justiceinfo.net\/fr\/33701-le-tribunal-special-sur-le-kosovo-bientot-pret-a-commencer-ses-travaux.html#primaryimage\",\"url\":\"https:\/\/www.justiceinfo.net\/wp-content\/uploads\/89e3af57f3bbc87145d7e9a0837193f8.jpg\",\"contentUrl\":\"https:\/\/www.justiceinfo.net\/wp-content\/uploads\/89e3af57f3bbc87145d7e9a0837193f8.jpg\",\"width\":219,\"height\":147},{\"@type\":\"BreadcrumbList\",\"@id\":\"https:\/\/www.justiceinfo.net\/fr\/33701-le-tribunal-special-sur-le-kosovo-bientot-pret-a-commencer-ses-travaux.html#breadcrumb\",\"itemListElement\":[{\"@type\":\"ListItem\",\"position\":1,\"name\":\"Home\",\"item\":\"https:\/\/www.justiceinfo.net\/fr\"},{\"@type\":\"ListItem\",\"position\":2,\"name\":\"Le tribunal sp\u00e9cial sur le Kosovo bient\u00f4t pr\u00eat \u00e0 commencer ses travaux\"}]},{\"@type\":\"WebSite\",\"@id\":\"https:\/\/www.justiceinfo.net\/fr#website\",\"url\":\"https:\/\/www.justiceinfo.net\/fr\",\"name\":\"JusticeInfo.net\",\"description\":\"La justice doit \u00eatre vue pour \u00eatre rendue\",\"publisher\":{\"@id\":\"https:\/\/www.justiceinfo.net\/fr#organization\"},\"potentialAction\":[{\"@type\":\"SearchAction\",\"target\":{\"@type\":\"EntryPoint\",\"urlTemplate\":\"https:\/\/www.justiceinfo.net\/fr?s={search_term_string}\"},\"query-input\":{\"@type\":\"PropertyValueSpecification\",\"valueRequired\":true,\"valueName\":\"search_term_string\"}}],\"inLanguage\":\"fr-FR\"},{\"@type\":\"Organization\",\"@id\":\"https:\/\/www.justiceinfo.net\/fr#organization\",\"name\":\"Justice Info\",\"url\":\"https:\/\/www.justiceinfo.net\/fr\",\"logo\":{\"@type\":\"ImageObject\",\"inLanguage\":\"fr-FR\",\"@id\":\"https:\/\/www.justiceinfo.net\/fr#\/schema\/logo\/image\/\",\"url\":\"https:\/\/www.justiceinfo.net\/wp-content\/uploads\/justiceinfo_logo-trans_1200x1200px.png\",\"contentUrl\":\"https:\/\/www.justiceinfo.net\/wp-content\/uploads\/justiceinfo_logo-trans_1200x1200px.png\",\"width\":1199,\"height\":1200,\"caption\":\"Justice Info\"},\"image\":{\"@id\":\"https:\/\/www.justiceinfo.net\/fr#\/schema\/logo\/image\/\"},\"sameAs\":[\"https:\/\/www.facebook.com\/JusticeInfo\/\",\"https:\/\/x.com\/justiceinfonet\",\"https:\/\/www.linkedin.com\/company\/justice-info\",\"https:\/\/www.youtube.com\/channel\/UCyCEsARodyuWtkWyhn-e7pA\"]},{\"@type\":\"Person\",\"name\":\"AFP\",\"url\":\"\/fr\/?s=AFP\"}]}<\/script>\n<!-- \/ Yoast SEO Premium plugin. -->","yoast_head_json":{"title":"Le tribunal sp\u00e9cial sur le Kosovo bient\u00f4t pr\u00eat \u00e0 commencer ses travaux - JusticeInfo.net","robots":{"index":"index","follow":"follow","max-snippet":"max-snippet:-1","max-image-preview":"max-image-preview:large","max-video-preview":"max-video-preview:-1"},"canonical":"https:\/\/www.justiceinfo.net\/fr\/33701-le-tribunal-special-sur-le-kosovo-bientot-pret-a-commencer-ses-travaux.html","og_locale":"fr_FR","og_type":"article","og_title":"Le tribunal sp\u00e9cial sur le Kosovo bient\u00f4t pr\u00eat \u00e0 commencer ses travaux","og_description":"Le tribunal sp\u00e9cial cr\u00e9\u00e9 \u00e0 La Haye pour juger les crimes de guerre pr\u00e9sum\u00e9s commis pendant le conflit au Kosovo \u00e0 la fin des ann\u00e9es 1990 va \u00eatre op\u00e9rationnel la semaine prochaine, a annonc\u00e9 sa pr\u00e9sidente mercredi. Les juges du nouveau tribunal cr\u00e9\u00e9 en 2016 ont adopt\u00e9 son r\u00e9glement \u00e0 l'unanimit\u00e9 mercredi, ce qui signifie [&hellip;]","og_url":"https:\/\/www.justiceinfo.net\/fr\/33701-le-tribunal-special-sur-le-kosovo-bientot-pret-a-commencer-ses-travaux.html","og_site_name":"JusticeInfo.net","article_publisher":"https:\/\/www.facebook.com\/JusticeInfo\/","article_published_time":"2017-06-28T14:40:02+00:00","og_image":[{"width":219,"height":147,"url":"https:\/\/www.justiceinfo.net\/wp-content\/uploads\/89e3af57f3bbc87145d7e9a0837193f8.jpg","type":"image\/jpeg"}],"author":"AFP","twitter_card":"summary_large_image","twitter_creator":"@justiceinfonet","twitter_site":"@justiceinfonet","twitter_misc":{"\u00c9crit par":"AFP","Dur\u00e9e de lecture estim\u00e9e":"2 minutes"},"schema":{"@context":"https:\/\/schema.org","@graph":[{"@type":"NewsArticle","@id":"https:\/\/www.justiceinfo.net\/fr\/33701-le-tribunal-special-sur-le-kosovo-bientot-pret-a-commencer-ses-travaux.html#article","isPartOf":{"@id":"https:\/\/www.justiceinfo.net\/fr\/33701-le-tribunal-special-sur-le-kosovo-bientot-pret-a-commencer-ses-travaux.html"},"author":{"name":"afp","@id":"https:\/\/www.justiceinfo.net\/fr#\/schema\/person\/713d340ef5f218fc36ce9b4244364a7f"},"headline":"Le tribunal sp\u00e9cial sur le Kosovo bient\u00f4t pr\u00eat \u00e0 commencer ses travaux","datePublished":"2017-06-28T14:40:02+00:00","mainEntityOfPage":{"@id":"https:\/\/www.justiceinfo.net\/fr\/33701-le-tribunal-special-sur-le-kosovo-bientot-pret-a-commencer-ses-travaux.html"},"wordCount":359,"commentCount":0,"publisher":{"@id":"https:\/\/www.justiceinfo.net\/fr#organization"},"image":{"@id":"https:\/\/www.justiceinfo.net\/fr\/33701-le-tribunal-special-sur-le-kosovo-bientot-pret-a-commencer-ses-travaux.html#primaryimage"},"thumbnailUrl":"https:\/\/www.justiceinfo.net\/wp-content\/uploads\/89e3af57f3bbc87145d7e9a0837193f8.jpg","articleSection":["Divers"],"inLanguage":"fr-FR","potentialAction":[{"@type":"CommentAction","name":"Comment","target":["https:\/\/www.justiceinfo.net\/fr\/33701-le-tribunal-special-sur-le-kosovo-bientot-pret-a-commencer-ses-travaux.html#respond"]}]},{"@type":"WebPage","@id":"https:\/\/www.justiceinfo.net\/fr\/33701-le-tribunal-special-sur-le-kosovo-bientot-pret-a-commencer-ses-travaux.html","url":"https:\/\/www.justiceinfo.net\/fr\/33701-le-tribunal-special-sur-le-kosovo-bientot-pret-a-commencer-ses-travaux.html","name":"Le tribunal sp\u00e9cial sur le Kosovo bient\u00f4t pr\u00eat \u00e0 commencer ses travaux - JusticeInfo.net","isPartOf":{"@id":"https:\/\/www.justiceinfo.net\/fr#website"},"primaryImageOfPage":{"@id":"https:\/\/www.justiceinfo.net\/fr\/33701-le-tribunal-special-sur-le-kosovo-bientot-pret-a-commencer-ses-travaux.html#primaryimage"},"image":{"@id":"https:\/\/www.justiceinfo.net\/fr\/33701-le-tribunal-special-sur-le-kosovo-bientot-pret-a-commencer-ses-travaux.html#primaryimage"},"thumbnailUrl":"https:\/\/www.justiceinfo.net\/wp-content\/uploads\/89e3af57f3bbc87145d7e9a0837193f8.jpg","datePublished":"2017-06-28T14:40:02+00:00","breadcrumb":{"@id":"https:\/\/www.justiceinfo.net\/fr\/33701-le-tribunal-special-sur-le-kosovo-bientot-pret-a-commencer-ses-travaux.html#breadcrumb"},"inLanguage":"fr-FR","potentialAction":[{"@type":"ReadAction","target":["https:\/\/www.justiceinfo.net\/fr\/33701-le-tribunal-special-sur-le-kosovo-bientot-pret-a-commencer-ses-travaux.html"]}]},{"@type":"ImageObject","inLanguage":"fr-FR","@id":"https:\/\/www.justiceinfo.net\/fr\/33701-le-tribunal-special-sur-le-kosovo-bientot-pret-a-commencer-ses-travaux.html#primaryimage","url":"https:\/\/www.justiceinfo.net\/wp-content\/uploads\/89e3af57f3bbc87145d7e9a0837193f8.jpg","contentUrl":"https:\/\/www.justiceinfo.net\/wp-content\/uploads\/89e3af57f3bbc87145d7e9a0837193f8.jpg","width":219,"height":147},{"@type":"BreadcrumbList","@id":"https:\/\/www.justiceinfo.net\/fr\/33701-le-tribunal-special-sur-le-kosovo-bientot-pret-a-commencer-ses-travaux.html#breadcrumb","itemListElement":[{"@type":"ListItem","position":1,"name":"Home","item":"https:\/\/www.justiceinfo.net\/fr"},{"@type":"ListItem","position":2,"name":"Le tribunal sp\u00e9cial sur le Kosovo bient\u00f4t pr\u00eat \u00e0 commencer ses travaux"}]},{"@type":"WebSite","@id":"https:\/\/www.justiceinfo.net\/fr#website","url":"https:\/\/www.justiceinfo.net\/fr","name":"JusticeInfo.net","description":"La justice doit \u00eatre vue pour \u00eatre rendue","publisher":{"@id":"https:\/\/www.justiceinfo.net\/fr#organization"},"potentialAction":[{"@type":"SearchAction","target":{"@type":"EntryPoint","urlTemplate":"https:\/\/www.justiceinfo.net\/fr?s={search_term_string}"},"query-input":{"@type":"PropertyValueSpecification","valueRequired":true,"valueName":"search_term_string"}}],"inLanguage":"fr-FR"},{"@type":"Organization","@id":"https:\/\/www.justiceinfo.net\/fr#organization","name":"Justice Info","url":"https:\/\/www.justiceinfo.net\/fr","logo":{"@type":"ImageObject","inLanguage":"fr-FR","@id":"https:\/\/www.justiceinfo.net\/fr#\/schema\/logo\/image\/","url":"https:\/\/www.justiceinfo.net\/wp-content\/uploads\/justiceinfo_logo-trans_1200x1200px.png","contentUrl":"https:\/\/www.justiceinfo.net\/wp-content\/uploads\/justiceinfo_logo-trans_1200x1200px.png","width":1199,"height":1200,"caption":"Justice Info"},"image":{"@id":"https:\/\/www.justiceinfo.net\/fr#\/schema\/logo\/image\/"},"sameAs":["https:\/\/www.facebook.com\/JusticeInfo\/","https:\/\/x.com\/justiceinfonet","https:\/\/www.linkedin.com\/company\/justice-info","https:\/\/www.youtube.com\/channel\/UCyCEsARodyuWtkWyhn-e7pA"]},{"@type":"Person","name":"AFP","url":"\/fr\/?s=AFP"}]}},"_links":{"self":[{"href":"https:\/\/www.justiceinfo.net\/fr\/wp-json\/wp\/v2\/posts\/33701","targetHints":{"allow":["GET"]}}],"collection":[{"href":"https:\/\/www.justiceinfo.net\/fr\/wp-json\/wp\/v2\/posts"}],"about":[{"href":"https:\/\/www.justiceinfo.net\/fr\/wp-json\/wp\/v2\/types\/post"}],"author":[{"embeddable":true,"href":"https:\/\/www.justiceinfo.net\/fr\/wp-json\/wp\/v2\/users\/60"}],"replies":[{"embeddable":true,"href":"https:\/\/www.justiceinfo.net\/fr\/wp-json\/wp\/v2\/comments?post=33701"}],"version-history":[{"count":0,"href":"https:\/\/www.justiceinfo.net\/fr\/wp-json\/wp\/v2\/posts\/33701\/revisions"}],"wp:featuredmedia":[{"embeddable":true,"href":"https:\/\/www.justiceinfo.net\/fr\/wp-json\/wp\/v2\/media\/62794"}],"wp:attachment":[{"href":"https:\/\/www.justiceinfo.net\/fr\/wp-json\/wp\/v2\/media?parent=33701"}],"wp:term":[{"taxonomy":"category","embeddable":true,"href":"https:\/\/www.justiceinfo.net\/fr\/wp-json\/wp\/v2\/categories?post=33701"},{"taxonomy":"post_tag","embeddable":true,"href":"https:\/\/www.justiceinfo.net\/fr\/wp-json\/wp\/v2\/tags?post=33701"},{"taxonomy":"ji_location","embeddable":true,"href":"https:\/\/www.justiceinfo.net\/fr\/wp-json\/wp\/v2\/ji_location?post=33701"}],"curies":[{"name":"wp","href":"https:\/\/api.w.org\/{rel}","templated":true}]}}