{"id":3375,"date":"2008-02-06T05:50:46","date_gmt":"2008-02-06T04:50:46","guid":{"rendered":"https:\/\/www.justiceinfo.net\/3375-050208-rwandacanada-un-rwandais-temoin-dans-un-proces-au-canada-demande-lasile-politique165.html"},"modified":"2008-02-06T05:50:46","modified_gmt":"2008-02-06T04:50:46","slug":"050208-rwandacanada-un-rwandais-temoin-dans-un-proces-au-canada-demande-lasile-politique165","status":"publish","type":"post","link":"https:\/\/www.justiceinfo.net\/fr\/3375-050208-rwandacanada-un-rwandais-temoin-dans-un-proces-au-canada-demande-lasile-politique165.html","title":{"rendered":"05.02.08 - RWANDA\/CANADA  - UN RWANDAIS TEMOIN DANS UN PROCES AU CANADA DEMANDE L\u2019ASILE POLITIQUE"},"content":{"rendered":"<p  >\nMontr\u00e9al,  5 f\u00e9vrier 2008 (FH)- Un Rwandais a d\u00e9clar\u00e9 lundi \u00e0 la Cour Sup\u00e9rieure du Qu\u00e9bec avoir \u00ab eu des menaces \u00bb lui d\u00e9conseillant de venir t\u00e9moigner au proc\u00e8s pour crimes contre l'humanit\u00e9 de D\u00e9sir\u00e9 Munyaneza, un Hutu accus\u00e9 de participation au g\u00e9nocide de 1994.  <\/p>\n<p>C'est sous le sigle anonyme DDM 12 que ce p\u00e8re de famille de 46 ans a \u00e9t\u00e9 pr\u00e9sent\u00e9 par la d\u00e9fense.\n<\/p>\n<p><!--more--><\/p>\n<p  >\nDevant le juge Andr\u00e9 Denis, il a fait part des circonstances qui l'ont amen\u00e9 \u00e0 quitter pr\u00e9cipitamment le Rwanda pour trouver refuge au Qu\u00e9bec. <\/p>\n<p>\u00ab J'ai eu des menaces \u00bb, a-t-il d\u00e9clar\u00e9, avant de raconter la discussion qu\u2019il a eue \u00e0 Kigali le 20 octobre 2007 avec \u00ab un Rwandais \u00bb. Cet homme, dont l'identit\u00e9 n'a pas \u00e9t\u00e9 d\u00e9voil\u00e9e, lui aurait dit : \u00ab Tu as \u00e9t\u00e9 contact\u00e9 pour t\u00e9moigner au proc\u00e8s de D\u00e9sir\u00e9 [Munyaneza, NDLR] ? Si c\u2019est vrai, il y aura des cons\u00e9quences \u00bb. <\/p>\n<p>Prenant visiblement ces menaces au s\u00e9rieux, DDM 12 a profit\u00e9 d\u2019une r\u00e9union au si\u00e8ge des Nations Unies, \u00e0 New York, pour rejoindre Montr\u00e9al le 15 novembre. Depuis, il a entam\u00e9 aupr\u00e8s des autorit\u00e9s canadiennes les d\u00e9marches d\u2019obtention du statut de demandeur d\u2019asile. <\/p>\n<p>Devant la Cour Sup\u00e9rieure du Qu\u00e9bec, il a dit consid\u00e9rer l\u2019accus\u00e9 \u00ab comme un ami \u00bb qu\u2019il voyait et croisait r\u00e9guli\u00e8rement, depuis leur premi\u00e8re rencontre en 1986. Les deux hommes ne s'\u00e9taient pas revus depuis leur derni\u00e8re discussion \u00e0 Butare (sud du Rwanda), en juillet 1994. <\/p>\n<p>Sous les yeux de M. Munyaneza, les cha\u00eenes aux pieds, le t\u00e9moin n'a pas toujours sembl\u00e9 \u00e0 l'aise avec les questions pointilleuses pos\u00e9es lors du contre-interrogatoire par Pascale Ledoux, procureur de la Couronne. <\/p>\n<p>Plus t\u00f4t dans le proc\u00e8s, des t\u00e9moins pr\u00e9sent\u00e9s par l'accusation avaient accus\u00e9 M. Munyaneza d'avoir dirig\u00e9 une milice qui, arm\u00e9e de machettes et gourdins, surveillait un r\u00e9seau de barrages routiers \u00e9rig\u00e9s \u00e0 travers la ville de Butare. Des milliers de Tutsis ont ainsi \u00e9t\u00e9 ex\u00e9cut\u00e9s. <\/p>\n<p>Ainsi, Me Ledoux a demand\u00e9 \u00e0 plusieurs reprises \u00e0 DDM 12 de pr\u00e9ciser son implication dans le conflit et particuli\u00e8rement le r\u00f4le qu'il a jou\u00e9 dans la tenue d'une barri\u00e8re pr\u00e8s du rectorat de l'universit\u00e9 de la ville. \u00ab J'ai rencontr\u00e9 d'autres \u00e9tudiants qui m'ont dit que je devais me pr\u00e9senter \u00e0 cette barri\u00e8re \u00bb, a-t-il dit, ajoutant que M. Munyaneza ne faisait pas partie des gens qui la tenaient. <\/p>\n<p>\u00ab Trois troncs d'arbres avaient \u00e9t\u00e9 pos\u00e9s sur le bitume. Les gens devaient faire un petit slalom pour circuler \u00bb, a-t-il dit, expliquant que sa t\u00e2che consistait \u00e0 v\u00e9rifier, quatre heures par jour, les identit\u00e9s des passants et, au besoin, \u00e0 d\u00e9noncer les Tutsis \u00e0 \u00ab Shalom \u00bb, son sup\u00e9rieur. <\/p>\n<p>Ars\u00e8ne Shalom Ntahobali est jug\u00e9 devant le Tribunal p\u00e9nal international pour le Rwanda (TPIR) \u00e0 Arusha. <\/p>\n<p>Mais DDM 12 est certain : jamais il n'a vu de cadavres, ni contr\u00f4l\u00e9 de Tutsis, ni m\u00eame entendu de coup de feu lorsqu'il \u00e9tait de garde. <\/p>\n<p>\u00ab On peut me qualifier d'Interahamwe [milicien] si l'on veut, car j'\u00e9tais sur la barri\u00e8re \u00bb, a-t-il l\u00e2ch\u00e9, avant de pr\u00e9ciser : \u00ab C'\u00e9tait une obligation. Si tu refusais, on te passait par les armes tout de suite. On te disait que tu \u00e9tais de connivence \u00bb. <\/p>\n<p>Les comparutions se poursuivent \u00e0 Montr\u00e9al pendant six semaines, avant que le tribunal ne se d\u00e9place au Rwanda (du 14 avril au 9 mai) puis en Tanzanie (du 19 au 30 mai). <\/p>\n<p>CS\/AT\/GF<\/p>\n","protected":false},"excerpt":{"rendered":"<p>Montr\u00e9al, 5 f\u00e9vrier 2008 (FH)- Un Rwandais a d\u00e9clar\u00e9 lundi \u00e0 la Cour Sup\u00e9rieure du Qu\u00e9bec avoir \u00ab eu des menaces \u00bb lui d\u00e9conseillant de venir t\u00e9moigner au proc\u00e8s pour crimes contre l'humanit\u00e9 de D\u00e9sir\u00e9 Munyaneza, un Hutu accus\u00e9 de participation au g\u00e9nocide de 1994. C'est sous le sigle anonyme DDM 12 que ce p\u00e8re [&hellip;]<\/p>\n","protected":false},"author":64,"featured_media":0,"comment_status":"open","ping_status":"closed","sticky":false,"template":"","format":"standard","meta":{"_acf_changed":false,"footnotes":""},"categories":[554],"tags":[],"ji_location":[],"class_list":["post-3375","post","type-post","status-publish","format-standard","hentry","category-hirondellenews"],"acf":[],"yoast_head":"<!-- This site is optimized with the Yoast SEO Premium plugin v25.3.1 (Yoast SEO v25.3.1) - https:\/\/yoast.com\/wordpress\/plugins\/seo\/ -->\n<title>05.02.08 - RWANDA\/CANADA - UN RWANDAIS TEMOIN DANS UN PROCES AU CANADA DEMANDE L\u2019ASILE POLITIQUE - JusticeInfo.net<\/title>\n<meta name=\"robots\" content=\"index, follow, max-snippet:-1, max-image-preview:large, max-video-preview:-1\" \/>\n<link rel=\"canonical\" href=\"https:\/\/www.justiceinfo.net\/fr\/3375-050208-rwandacanada-un-rwandais-temoin-dans-un-proces-au-canada-demande-lasile-politique165.html\" \/>\n<meta property=\"og:locale\" content=\"fr_FR\" \/>\n<meta property=\"og:type\" content=\"article\" \/>\n<meta property=\"og:title\" content=\"05.02.08 - RWANDA\/CANADA - UN RWANDAIS TEMOIN DANS UN PROCES AU CANADA DEMANDE L\u2019ASILE POLITIQUE\" \/>\n<meta property=\"og:description\" content=\"Montr\u00e9al, 5 f\u00e9vrier 2008 (FH)- Un Rwandais a d\u00e9clar\u00e9 lundi \u00e0 la Cour Sup\u00e9rieure du Qu\u00e9bec avoir \u00ab eu des menaces \u00bb lui d\u00e9conseillant de venir t\u00e9moigner au proc\u00e8s pour crimes contre l&#039;humanit\u00e9 de D\u00e9sir\u00e9 Munyaneza, un Hutu accus\u00e9 de participation au g\u00e9nocide de 1994. C&#039;est sous le sigle anonyme DDM 12 que ce p\u00e8re [&hellip;]\" \/>\n<meta property=\"og:url\" content=\"https:\/\/www.justiceinfo.net\/fr\/3375-050208-rwandacanada-un-rwandais-temoin-dans-un-proces-au-canada-demande-lasile-politique165.html\" \/>\n<meta property=\"og:site_name\" content=\"JusticeInfo.net\" \/>\n<meta property=\"article:publisher\" content=\"https:\/\/www.facebook.com\/JusticeInfo\/\" \/>\n<meta property=\"article:published_time\" content=\"2008-02-06T04:50:46+00:00\" \/>\n<meta property=\"og:image\" content=\"https:\/\/www.justiceinfo.net\/wp-content\/uploads\/JusticeInfoNet_logo_1200x630px.jpg\" \/>\n\t<meta property=\"og:image:width\" content=\"1200\" \/>\n\t<meta property=\"og:image:height\" content=\"630\" \/>\n\t<meta property=\"og:image:type\" content=\"image\/jpeg\" \/>\n<meta name=\"author\" content=\"solivri\" \/>\n<meta name=\"twitter:card\" content=\"summary_large_image\" \/>\n<meta name=\"twitter:creator\" content=\"@justiceinfonet\" \/>\n<meta name=\"twitter:site\" content=\"@justiceinfonet\" \/>\n<meta name=\"twitter:label1\" content=\"\u00c9crit par\" \/>\n\t<meta name=\"twitter:data1\" content=\"solivri\" \/>\n\t<meta name=\"twitter:label2\" content=\"Dur\u00e9e de lecture estim\u00e9e\" \/>\n\t<meta name=\"twitter:data2\" content=\"3 minutes\" \/>\n<script type=\"application\/ld+json\" class=\"yoast-schema-graph\">{\"@context\":\"https:\/\/schema.org\",\"@graph\":[{\"@type\":\"NewsArticle\",\"@id\":\"https:\/\/www.justiceinfo.net\/fr\/3375-050208-rwandacanada-un-rwandais-temoin-dans-un-proces-au-canada-demande-lasile-politique165.html#article\",\"isPartOf\":{\"@id\":\"https:\/\/www.justiceinfo.net\/fr\/3375-050208-rwandacanada-un-rwandais-temoin-dans-un-proces-au-canada-demande-lasile-politique165.html\"},\"author\":{\"name\":\"solivri\",\"@id\":\"https:\/\/www.justiceinfo.net\/fr#\/schema\/person\/6e53cba1629e2e66f3fc1821d3091865\"},\"headline\":\"05.02.08 - RWANDA\/CANADA - UN RWANDAIS TEMOIN DANS UN PROCES AU CANADA DEMANDE L\u2019ASILE POLITIQUE\",\"datePublished\":\"2008-02-06T04:50:46+00:00\",\"mainEntityOfPage\":{\"@id\":\"https:\/\/www.justiceinfo.net\/fr\/3375-050208-rwandacanada-un-rwandais-temoin-dans-un-proces-au-canada-demande-lasile-politique165.html\"},\"wordCount\":626,\"commentCount\":0,\"publisher\":{\"@id\":\"https:\/\/www.justiceinfo.net\/fr#organization\"},\"articleSection\":[\"Hirondelle News\"],\"inLanguage\":\"fr-FR\",\"potentialAction\":[{\"@type\":\"CommentAction\",\"name\":\"Comment\",\"target\":[\"https:\/\/www.justiceinfo.net\/fr\/3375-050208-rwandacanada-un-rwandais-temoin-dans-un-proces-au-canada-demande-lasile-politique165.html#respond\"]}]},{\"@type\":\"WebPage\",\"@id\":\"https:\/\/www.justiceinfo.net\/fr\/3375-050208-rwandacanada-un-rwandais-temoin-dans-un-proces-au-canada-demande-lasile-politique165.html\",\"url\":\"https:\/\/www.justiceinfo.net\/fr\/3375-050208-rwandacanada-un-rwandais-temoin-dans-un-proces-au-canada-demande-lasile-politique165.html\",\"name\":\"05.02.08 - RWANDA\/CANADA - UN RWANDAIS TEMOIN DANS UN PROCES AU CANADA DEMANDE L\u2019ASILE POLITIQUE - JusticeInfo.net\",\"isPartOf\":{\"@id\":\"https:\/\/www.justiceinfo.net\/fr#website\"},\"datePublished\":\"2008-02-06T04:50:46+00:00\",\"breadcrumb\":{\"@id\":\"https:\/\/www.justiceinfo.net\/fr\/3375-050208-rwandacanada-un-rwandais-temoin-dans-un-proces-au-canada-demande-lasile-politique165.html#breadcrumb\"},\"inLanguage\":\"fr-FR\",\"potentialAction\":[{\"@type\":\"ReadAction\",\"target\":[\"https:\/\/www.justiceinfo.net\/fr\/3375-050208-rwandacanada-un-rwandais-temoin-dans-un-proces-au-canada-demande-lasile-politique165.html\"]}]},{\"@type\":\"BreadcrumbList\",\"@id\":\"https:\/\/www.justiceinfo.net\/fr\/3375-050208-rwandacanada-un-rwandais-temoin-dans-un-proces-au-canada-demande-lasile-politique165.html#breadcrumb\",\"itemListElement\":[{\"@type\":\"ListItem\",\"position\":1,\"name\":\"Home\",\"item\":\"https:\/\/www.justiceinfo.net\/fr\"},{\"@type\":\"ListItem\",\"position\":2,\"name\":\"05.02.08 - RWANDA\/CANADA - UN RWANDAIS TEMOIN DANS UN PROCES AU CANADA DEMANDE L\u2019ASILE POLITIQUE\"}]},{\"@type\":\"WebSite\",\"@id\":\"https:\/\/www.justiceinfo.net\/fr#website\",\"url\":\"https:\/\/www.justiceinfo.net\/fr\",\"name\":\"JusticeInfo.net\",\"description\":\"La justice doit \u00eatre vue pour \u00eatre rendue\",\"publisher\":{\"@id\":\"https:\/\/www.justiceinfo.net\/fr#organization\"},\"potentialAction\":[{\"@type\":\"SearchAction\",\"target\":{\"@type\":\"EntryPoint\",\"urlTemplate\":\"https:\/\/www.justiceinfo.net\/fr?s={search_term_string}\"},\"query-input\":{\"@type\":\"PropertyValueSpecification\",\"valueRequired\":true,\"valueName\":\"search_term_string\"}}],\"inLanguage\":\"fr-FR\"},{\"@type\":\"Organization\",\"@id\":\"https:\/\/www.justiceinfo.net\/fr#organization\",\"name\":\"Justice Info\",\"url\":\"https:\/\/www.justiceinfo.net\/fr\",\"logo\":{\"@type\":\"ImageObject\",\"inLanguage\":\"fr-FR\",\"@id\":\"https:\/\/www.justiceinfo.net\/fr#\/schema\/logo\/image\/\",\"url\":\"https:\/\/www.justiceinfo.net\/wp-content\/uploads\/justiceinfo_logo-trans_1200x1200px.png\",\"contentUrl\":\"https:\/\/www.justiceinfo.net\/wp-content\/uploads\/justiceinfo_logo-trans_1200x1200px.png\",\"width\":1199,\"height\":1200,\"caption\":\"Justice Info\"},\"image\":{\"@id\":\"https:\/\/www.justiceinfo.net\/fr#\/schema\/logo\/image\/\"},\"sameAs\":[\"https:\/\/www.facebook.com\/JusticeInfo\/\",\"https:\/\/x.com\/justiceinfonet\",\"https:\/\/www.linkedin.com\/company\/justice-info\",\"https:\/\/www.youtube.com\/channel\/UCyCEsARodyuWtkWyhn-e7pA\"]},{\"@type\":\"Person\",\"name\":\"solivri\",\"url\":\"\/fr\/?s=solivri\"}]}<\/script>\n<!-- \/ Yoast SEO Premium plugin. -->","yoast_head_json":{"title":"05.02.08 - RWANDA\/CANADA - UN RWANDAIS TEMOIN DANS UN PROCES AU CANADA DEMANDE L\u2019ASILE POLITIQUE - JusticeInfo.net","robots":{"index":"index","follow":"follow","max-snippet":"max-snippet:-1","max-image-preview":"max-image-preview:large","max-video-preview":"max-video-preview:-1"},"canonical":"https:\/\/www.justiceinfo.net\/fr\/3375-050208-rwandacanada-un-rwandais-temoin-dans-un-proces-au-canada-demande-lasile-politique165.html","og_locale":"fr_FR","og_type":"article","og_title":"05.02.08 - RWANDA\/CANADA - UN RWANDAIS TEMOIN DANS UN PROCES AU CANADA DEMANDE L\u2019ASILE POLITIQUE","og_description":"Montr\u00e9al, 5 f\u00e9vrier 2008 (FH)- Un Rwandais a d\u00e9clar\u00e9 lundi \u00e0 la Cour Sup\u00e9rieure du Qu\u00e9bec avoir \u00ab eu des menaces \u00bb lui d\u00e9conseillant de venir t\u00e9moigner au proc\u00e8s pour crimes contre l'humanit\u00e9 de D\u00e9sir\u00e9 Munyaneza, un Hutu accus\u00e9 de participation au g\u00e9nocide de 1994. C'est sous le sigle anonyme DDM 12 que ce p\u00e8re [&hellip;]","og_url":"https:\/\/www.justiceinfo.net\/fr\/3375-050208-rwandacanada-un-rwandais-temoin-dans-un-proces-au-canada-demande-lasile-politique165.html","og_site_name":"JusticeInfo.net","article_publisher":"https:\/\/www.facebook.com\/JusticeInfo\/","article_published_time":"2008-02-06T04:50:46+00:00","og_image":[{"width":1200,"height":630,"url":"https:\/\/www.justiceinfo.net\/wp-content\/uploads\/JusticeInfoNet_logo_1200x630px.jpg","type":"image\/jpeg"}],"author":"solivri","twitter_card":"summary_large_image","twitter_creator":"@justiceinfonet","twitter_site":"@justiceinfonet","twitter_misc":{"\u00c9crit par":"solivri","Dur\u00e9e de lecture estim\u00e9e":"3 minutes"},"schema":{"@context":"https:\/\/schema.org","@graph":[{"@type":"NewsArticle","@id":"https:\/\/www.justiceinfo.net\/fr\/3375-050208-rwandacanada-un-rwandais-temoin-dans-un-proces-au-canada-demande-lasile-politique165.html#article","isPartOf":{"@id":"https:\/\/www.justiceinfo.net\/fr\/3375-050208-rwandacanada-un-rwandais-temoin-dans-un-proces-au-canada-demande-lasile-politique165.html"},"author":{"name":"solivri","@id":"https:\/\/www.justiceinfo.net\/fr#\/schema\/person\/6e53cba1629e2e66f3fc1821d3091865"},"headline":"05.02.08 - RWANDA\/CANADA - UN RWANDAIS TEMOIN DANS UN PROCES AU CANADA DEMANDE L\u2019ASILE POLITIQUE","datePublished":"2008-02-06T04:50:46+00:00","mainEntityOfPage":{"@id":"https:\/\/www.justiceinfo.net\/fr\/3375-050208-rwandacanada-un-rwandais-temoin-dans-un-proces-au-canada-demande-lasile-politique165.html"},"wordCount":626,"commentCount":0,"publisher":{"@id":"https:\/\/www.justiceinfo.net\/fr#organization"},"articleSection":["Hirondelle News"],"inLanguage":"fr-FR","potentialAction":[{"@type":"CommentAction","name":"Comment","target":["https:\/\/www.justiceinfo.net\/fr\/3375-050208-rwandacanada-un-rwandais-temoin-dans-un-proces-au-canada-demande-lasile-politique165.html#respond"]}]},{"@type":"WebPage","@id":"https:\/\/www.justiceinfo.net\/fr\/3375-050208-rwandacanada-un-rwandais-temoin-dans-un-proces-au-canada-demande-lasile-politique165.html","url":"https:\/\/www.justiceinfo.net\/fr\/3375-050208-rwandacanada-un-rwandais-temoin-dans-un-proces-au-canada-demande-lasile-politique165.html","name":"05.02.08 - RWANDA\/CANADA - UN RWANDAIS TEMOIN DANS UN PROCES AU CANADA DEMANDE L\u2019ASILE POLITIQUE - JusticeInfo.net","isPartOf":{"@id":"https:\/\/www.justiceinfo.net\/fr#website"},"datePublished":"2008-02-06T04:50:46+00:00","breadcrumb":{"@id":"https:\/\/www.justiceinfo.net\/fr\/3375-050208-rwandacanada-un-rwandais-temoin-dans-un-proces-au-canada-demande-lasile-politique165.html#breadcrumb"},"inLanguage":"fr-FR","potentialAction":[{"@type":"ReadAction","target":["https:\/\/www.justiceinfo.net\/fr\/3375-050208-rwandacanada-un-rwandais-temoin-dans-un-proces-au-canada-demande-lasile-politique165.html"]}]},{"@type":"BreadcrumbList","@id":"https:\/\/www.justiceinfo.net\/fr\/3375-050208-rwandacanada-un-rwandais-temoin-dans-un-proces-au-canada-demande-lasile-politique165.html#breadcrumb","itemListElement":[{"@type":"ListItem","position":1,"name":"Home","item":"https:\/\/www.justiceinfo.net\/fr"},{"@type":"ListItem","position":2,"name":"05.02.08 - RWANDA\/CANADA - UN RWANDAIS TEMOIN DANS UN PROCES AU CANADA DEMANDE L\u2019ASILE POLITIQUE"}]},{"@type":"WebSite","@id":"https:\/\/www.justiceinfo.net\/fr#website","url":"https:\/\/www.justiceinfo.net\/fr","name":"JusticeInfo.net","description":"La justice doit \u00eatre vue pour \u00eatre rendue","publisher":{"@id":"https:\/\/www.justiceinfo.net\/fr#organization"},"potentialAction":[{"@type":"SearchAction","target":{"@type":"EntryPoint","urlTemplate":"https:\/\/www.justiceinfo.net\/fr?s={search_term_string}"},"query-input":{"@type":"PropertyValueSpecification","valueRequired":true,"valueName":"search_term_string"}}],"inLanguage":"fr-FR"},{"@type":"Organization","@id":"https:\/\/www.justiceinfo.net\/fr#organization","name":"Justice Info","url":"https:\/\/www.justiceinfo.net\/fr","logo":{"@type":"ImageObject","inLanguage":"fr-FR","@id":"https:\/\/www.justiceinfo.net\/fr#\/schema\/logo\/image\/","url":"https:\/\/www.justiceinfo.net\/wp-content\/uploads\/justiceinfo_logo-trans_1200x1200px.png","contentUrl":"https:\/\/www.justiceinfo.net\/wp-content\/uploads\/justiceinfo_logo-trans_1200x1200px.png","width":1199,"height":1200,"caption":"Justice Info"},"image":{"@id":"https:\/\/www.justiceinfo.net\/fr#\/schema\/logo\/image\/"},"sameAs":["https:\/\/www.facebook.com\/JusticeInfo\/","https:\/\/x.com\/justiceinfonet","https:\/\/www.linkedin.com\/company\/justice-info","https:\/\/www.youtube.com\/channel\/UCyCEsARodyuWtkWyhn-e7pA"]},{"@type":"Person","name":"solivri","url":"\/fr\/?s=solivri"}]}},"_links":{"self":[{"href":"https:\/\/www.justiceinfo.net\/fr\/wp-json\/wp\/v2\/posts\/3375","targetHints":{"allow":["GET"]}}],"collection":[{"href":"https:\/\/www.justiceinfo.net\/fr\/wp-json\/wp\/v2\/posts"}],"about":[{"href":"https:\/\/www.justiceinfo.net\/fr\/wp-json\/wp\/v2\/types\/post"}],"author":[{"embeddable":true,"href":"https:\/\/www.justiceinfo.net\/fr\/wp-json\/wp\/v2\/users\/64"}],"replies":[{"embeddable":true,"href":"https:\/\/www.justiceinfo.net\/fr\/wp-json\/wp\/v2\/comments?post=3375"}],"version-history":[{"count":0,"href":"https:\/\/www.justiceinfo.net\/fr\/wp-json\/wp\/v2\/posts\/3375\/revisions"}],"wp:attachment":[{"href":"https:\/\/www.justiceinfo.net\/fr\/wp-json\/wp\/v2\/media?parent=3375"}],"wp:term":[{"taxonomy":"category","embeddable":true,"href":"https:\/\/www.justiceinfo.net\/fr\/wp-json\/wp\/v2\/categories?post=3375"},{"taxonomy":"post_tag","embeddable":true,"href":"https:\/\/www.justiceinfo.net\/fr\/wp-json\/wp\/v2\/tags?post=3375"},{"taxonomy":"ji_location","embeddable":true,"href":"https:\/\/www.justiceinfo.net\/fr\/wp-json\/wp\/v2\/ji_location?post=3375"}],"curies":[{"name":"wp","href":"https:\/\/api.w.org\/{rel}","templated":true}]}}