{"id":33776,"date":"2017-07-04T00:00:00","date_gmt":"2017-07-03T22:00:00","guid":{"rendered":"https:\/\/www.justiceinfo.net\/33776-rca-le-procureur-de-la-cour-penale-speciale-entame-l-analyse-de-la-documentation-disponible.html"},"modified":"2017-07-04T00:00:00","modified_gmt":"2017-07-03T22:00:00","slug":"rca-le-procureur-de-la-cour-penale-speciale-entame-l-analyse-de-la-documentation-disponible","status":"publish","type":"post","link":"https:\/\/www.justiceinfo.net\/fr\/33776-rca-le-procureur-de-la-cour-penale-speciale-entame-l-analyse-de-la-documentation-disponible.html","title":{"rendered":"RCA: le Procureur de la Cour sp\u00e9ciale s'explique sur sa mission"},"content":{"rendered":"<div class=\"content-excerpt\">\n<p><strong>Le\u00a0\u00a0Procureur international de la Cour p\u00e9nale sp\u00e9ciale en Centrafrique, Toussaint Muntazini Mukimapa, et cinq juges centrafricains de la Cour ont pr\u00eat\u00e9 serment le 30 juin 2017 \u00e0 Bangui. Cet \u00e9v\u00e9nement marque le lancement officiel des activit\u00e9s de cette cour mixte cr\u00e9\u00e9e au sein du syst\u00e8me judiciaire centrafricain. Apr\u00e8s la c\u00e9r\u00e9monie, Muntazini Mukimapa a annonc\u00e9 qu'il entamait son travail par l'examen de\u00a0 la vaste \"documentation disponible\" qui comprend notamment le r\u00e9cent rapport des Nations unies sur les crimes les plus graves commis en Centrafrique de 2003 \u00e0 2015. Le d\u00e9tail avec Ephrem Rugiririza de <a href=\"http:\/\/JusticeInfo.net\">JusticeInfo.Net<\/a>\u00a0 avec Hippolyte Marboua\u00a0 et <em><span style=\"color: black; font-family: Calibri,Arial,Helvetica,sans-serif; font-size: medium;\"><span style=\"font-size: 12pt; background-color: white;\">Aug\u00e9 Aubert Vopalagnawa<\/span><\/span><\/em> de Radio Ndeke Luka \u00e0 Bangui<\/strong><\/p>\n<\/div>\n<p>\u00a0<\/p>\n<p>\u00a0<iframe loading=\"lazy\" src=\"\/\/www.youtube.com\/embed\/qS0STSX-fXs\" width=\"560\" height=\"314\" allowfullscreen=\"allowfullscreen\"><\/iframe><\/p>\n<div class=\"content-excerpt\">\n<p>\u00a0<\/p>\n<p>\u00a0<\/p>\n<p>\u00a0<\/p>\n<p>\u00a0<\/p>\n<\/div>\n","protected":false},"excerpt":{"rendered":"<p>Le\u00a0\u00a0Procureur international de la Cour p\u00e9nale sp\u00e9ciale en Centrafrique, Toussaint Muntazini Mukimapa, et cinq juges centrafricains de la Cour ont pr\u00eat\u00e9 serment le 30 juin 2017 \u00e0 Bangui. Cet \u00e9v\u00e9nement marque le lancement officiel des activit\u00e9s de cette cour mixte cr\u00e9\u00e9e au sein du syst\u00e8me judiciaire centrafricain. Apr\u00e8s la c\u00e9r\u00e9monie, Muntazini Mukimapa a annonc\u00e9 qu'il [&hellip;]<\/p>\n","protected":false},"author":63,"featured_media":66862,"comment_status":"open","ping_status":"closed","sticky":false,"template":"","format":"standard","meta":{"_acf_changed":false,"footnotes":""},"categories":[573],"tags":[],"ji_location":[2164],"class_list":["post-33776","post","type-post","status-publish","format-standard","has-post-thumbnail","hentry","category-tribunaux-mixtes","ji_location-republique-centrafricaine"],"acf":[],"yoast_head":"<!-- This site is optimized with the Yoast SEO Premium plugin v25.3.1 (Yoast SEO v25.3.1) - https:\/\/yoast.com\/wordpress\/plugins\/seo\/ -->\n<title>RCA: le Procureur de la Cour sp\u00e9ciale s&#039;explique sur sa mission - JusticeInfo.net<\/title>\n<meta name=\"robots\" content=\"index, follow, max-snippet:-1, max-image-preview:large, max-video-preview:-1\" \/>\n<link rel=\"canonical\" href=\"https:\/\/www.justiceinfo.net\/fr\/33776-rca-le-procureur-de-la-cour-penale-speciale-entame-l-analyse-de-la-documentation-disponible.html\" \/>\n<meta property=\"og:locale\" content=\"fr_FR\" \/>\n<meta property=\"og:type\" content=\"article\" \/>\n<meta property=\"og:title\" content=\"RCA: le Procureur de la Cour sp\u00e9ciale s&#039;explique sur sa mission\" \/>\n<meta property=\"og:description\" content=\"Le\u00a0\u00a0Procureur international de la Cour p\u00e9nale sp\u00e9ciale en Centrafrique, Toussaint Muntazini Mukimapa, et cinq juges centrafricains de la Cour ont pr\u00eat\u00e9 serment le 30 juin 2017 \u00e0 Bangui. Cet \u00e9v\u00e9nement marque le lancement officiel des activit\u00e9s de cette cour mixte cr\u00e9\u00e9e au sein du syst\u00e8me judiciaire centrafricain. Apr\u00e8s la c\u00e9r\u00e9monie, Muntazini Mukimapa a annonc\u00e9 qu&#039;il [&hellip;]\" \/>\n<meta property=\"og:url\" content=\"https:\/\/www.justiceinfo.net\/fr\/33776-rca-le-procureur-de-la-cour-penale-speciale-entame-l-analyse-de-la-documentation-disponible.html\" \/>\n<meta property=\"og:site_name\" content=\"JusticeInfo.net\" \/>\n<meta property=\"article:publisher\" content=\"https:\/\/www.facebook.com\/JusticeInfo\/\" \/>\n<meta property=\"article:published_time\" content=\"2017-07-03T22:00:00+00:00\" \/>\n<meta property=\"og:image\" content=\"https:\/\/www.justiceinfo.net\/wp-content\/uploads\/4d4002537ba40a5a38b692bc6c4122da.jpg\" \/>\n\t<meta property=\"og:image:width\" content=\"768\" \/>\n\t<meta property=\"og:image:height\" content=\"530\" \/>\n\t<meta property=\"og:image:type\" content=\"image\/jpeg\" \/>\n<meta name=\"author\" content=\"Ephrem Rugiririza avec Radio Ndeke Luka\" \/>\n<meta name=\"twitter:card\" content=\"summary_large_image\" \/>\n<meta name=\"twitter:creator\" content=\"@justiceinfonet\" \/>\n<meta name=\"twitter:site\" content=\"@justiceinfonet\" \/>\n<meta name=\"twitter:label1\" content=\"\u00c9crit par\" \/>\n\t<meta name=\"twitter:data1\" content=\"Ephrem Rugiririza avec Radio Ndeke Luka\" \/>\n\t<meta name=\"twitter:label2\" content=\"Dur\u00e9e de lecture estim\u00e9e\" \/>\n\t<meta name=\"twitter:data2\" content=\"1 minute\" \/>\n<script type=\"application\/ld+json\" class=\"yoast-schema-graph\">{\"@context\":\"https:\/\/schema.org\",\"@graph\":[{\"@type\":\"NewsArticle\",\"@id\":\"https:\/\/www.justiceinfo.net\/fr\/33776-rca-le-procureur-de-la-cour-penale-speciale-entame-l-analyse-de-la-documentation-disponible.html#article\",\"isPartOf\":{\"@id\":\"https:\/\/www.justiceinfo.net\/fr\/33776-rca-le-procureur-de-la-cour-penale-speciale-entame-l-analyse-de-la-documentation-disponible.html\"},\"author\":{\"name\":\"civiliste\",\"@id\":\"https:\/\/www.justiceinfo.net\/fr#\/schema\/person\/015ad428615c9bd082c2b6aa8df6cad0\"},\"headline\":\"RCA: le Procureur de la Cour sp\u00e9ciale s'explique sur sa mission\",\"datePublished\":\"2017-07-03T22:00:00+00:00\",\"mainEntityOfPage\":{\"@id\":\"https:\/\/www.justiceinfo.net\/fr\/33776-rca-le-procureur-de-la-cour-penale-speciale-entame-l-analyse-de-la-documentation-disponible.html\"},\"wordCount\":129,\"commentCount\":0,\"publisher\":{\"@id\":\"https:\/\/www.justiceinfo.net\/fr#organization\"},\"image\":{\"@id\":\"https:\/\/www.justiceinfo.net\/fr\/33776-rca-le-procureur-de-la-cour-penale-speciale-entame-l-analyse-de-la-documentation-disponible.html#primaryimage\"},\"thumbnailUrl\":\"https:\/\/www.justiceinfo.net\/wp-content\/uploads\/4d4002537ba40a5a38b692bc6c4122da.jpg\",\"articleSection\":[\"Tribunaux mixtes\"],\"inLanguage\":\"fr-FR\",\"potentialAction\":[{\"@type\":\"CommentAction\",\"name\":\"Comment\",\"target\":[\"https:\/\/www.justiceinfo.net\/fr\/33776-rca-le-procureur-de-la-cour-penale-speciale-entame-l-analyse-de-la-documentation-disponible.html#respond\"]}]},{\"@type\":\"WebPage\",\"@id\":\"https:\/\/www.justiceinfo.net\/fr\/33776-rca-le-procureur-de-la-cour-penale-speciale-entame-l-analyse-de-la-documentation-disponible.html\",\"url\":\"https:\/\/www.justiceinfo.net\/fr\/33776-rca-le-procureur-de-la-cour-penale-speciale-entame-l-analyse-de-la-documentation-disponible.html\",\"name\":\"RCA: le Procureur de la Cour sp\u00e9ciale s'explique sur sa mission - JusticeInfo.net\",\"isPartOf\":{\"@id\":\"https:\/\/www.justiceinfo.net\/fr#website\"},\"primaryImageOfPage\":{\"@id\":\"https:\/\/www.justiceinfo.net\/fr\/33776-rca-le-procureur-de-la-cour-penale-speciale-entame-l-analyse-de-la-documentation-disponible.html#primaryimage\"},\"image\":{\"@id\":\"https:\/\/www.justiceinfo.net\/fr\/33776-rca-le-procureur-de-la-cour-penale-speciale-entame-l-analyse-de-la-documentation-disponible.html#primaryimage\"},\"thumbnailUrl\":\"https:\/\/www.justiceinfo.net\/wp-content\/uploads\/4d4002537ba40a5a38b692bc6c4122da.jpg\",\"datePublished\":\"2017-07-03T22:00:00+00:00\",\"breadcrumb\":{\"@id\":\"https:\/\/www.justiceinfo.net\/fr\/33776-rca-le-procureur-de-la-cour-penale-speciale-entame-l-analyse-de-la-documentation-disponible.html#breadcrumb\"},\"inLanguage\":\"fr-FR\",\"potentialAction\":[{\"@type\":\"ReadAction\",\"target\":[\"https:\/\/www.justiceinfo.net\/fr\/33776-rca-le-procureur-de-la-cour-penale-speciale-entame-l-analyse-de-la-documentation-disponible.html\"]}]},{\"@type\":\"ImageObject\",\"inLanguage\":\"fr-FR\",\"@id\":\"https:\/\/www.justiceinfo.net\/fr\/33776-rca-le-procureur-de-la-cour-penale-speciale-entame-l-analyse-de-la-documentation-disponible.html#primaryimage\",\"url\":\"https:\/\/www.justiceinfo.net\/wp-content\/uploads\/4d4002537ba40a5a38b692bc6c4122da.jpg\",\"contentUrl\":\"https:\/\/www.justiceinfo.net\/wp-content\/uploads\/4d4002537ba40a5a38b692bc6c4122da.jpg\",\"width\":768,\"height\":530},{\"@type\":\"BreadcrumbList\",\"@id\":\"https:\/\/www.justiceinfo.net\/fr\/33776-rca-le-procureur-de-la-cour-penale-speciale-entame-l-analyse-de-la-documentation-disponible.html#breadcrumb\",\"itemListElement\":[{\"@type\":\"ListItem\",\"position\":1,\"name\":\"Home\",\"item\":\"https:\/\/www.justiceinfo.net\/fr\"},{\"@type\":\"ListItem\",\"position\":2,\"name\":\"RCA: le Procureur de la Cour sp\u00e9ciale s'explique sur sa mission\"}]},{\"@type\":\"WebSite\",\"@id\":\"https:\/\/www.justiceinfo.net\/fr#website\",\"url\":\"https:\/\/www.justiceinfo.net\/fr\",\"name\":\"JusticeInfo.net\",\"description\":\"La justice doit \u00eatre vue pour \u00eatre rendue\",\"publisher\":{\"@id\":\"https:\/\/www.justiceinfo.net\/fr#organization\"},\"potentialAction\":[{\"@type\":\"SearchAction\",\"target\":{\"@type\":\"EntryPoint\",\"urlTemplate\":\"https:\/\/www.justiceinfo.net\/fr?s={search_term_string}\"},\"query-input\":{\"@type\":\"PropertyValueSpecification\",\"valueRequired\":true,\"valueName\":\"search_term_string\"}}],\"inLanguage\":\"fr-FR\"},{\"@type\":\"Organization\",\"@id\":\"https:\/\/www.justiceinfo.net\/fr#organization\",\"name\":\"Justice Info\",\"url\":\"https:\/\/www.justiceinfo.net\/fr\",\"logo\":{\"@type\":\"ImageObject\",\"inLanguage\":\"fr-FR\",\"@id\":\"https:\/\/www.justiceinfo.net\/fr#\/schema\/logo\/image\/\",\"url\":\"https:\/\/www.justiceinfo.net\/wp-content\/uploads\/justiceinfo_logo-trans_1200x1200px.png\",\"contentUrl\":\"https:\/\/www.justiceinfo.net\/wp-content\/uploads\/justiceinfo_logo-trans_1200x1200px.png\",\"width\":1199,\"height\":1200,\"caption\":\"Justice Info\"},\"image\":{\"@id\":\"https:\/\/www.justiceinfo.net\/fr#\/schema\/logo\/image\/\"},\"sameAs\":[\"https:\/\/www.facebook.com\/JusticeInfo\/\",\"https:\/\/x.com\/justiceinfonet\",\"https:\/\/www.linkedin.com\/company\/justice-info\",\"https:\/\/www.youtube.com\/channel\/UCyCEsARodyuWtkWyhn-e7pA\"]},{\"@type\":\"Person\",\"name\":\"Ephrem Rugiririza avec Radio Ndeke Luka\",\"url\":\"\/fr\/?s=Ephrem Rugiririza avec Radio Ndeke Luka\"}]}<\/script>\n<!-- \/ Yoast SEO Premium plugin. -->","yoast_head_json":{"title":"RCA: le Procureur de la Cour sp\u00e9ciale s'explique sur sa mission - JusticeInfo.net","robots":{"index":"index","follow":"follow","max-snippet":"max-snippet:-1","max-image-preview":"max-image-preview:large","max-video-preview":"max-video-preview:-1"},"canonical":"https:\/\/www.justiceinfo.net\/fr\/33776-rca-le-procureur-de-la-cour-penale-speciale-entame-l-analyse-de-la-documentation-disponible.html","og_locale":"fr_FR","og_type":"article","og_title":"RCA: le Procureur de la Cour sp\u00e9ciale s'explique sur sa mission","og_description":"Le\u00a0\u00a0Procureur international de la Cour p\u00e9nale sp\u00e9ciale en Centrafrique, Toussaint Muntazini Mukimapa, et cinq juges centrafricains de la Cour ont pr\u00eat\u00e9 serment le 30 juin 2017 \u00e0 Bangui. Cet \u00e9v\u00e9nement marque le lancement officiel des activit\u00e9s de cette cour mixte cr\u00e9\u00e9e au sein du syst\u00e8me judiciaire centrafricain. Apr\u00e8s la c\u00e9r\u00e9monie, Muntazini Mukimapa a annonc\u00e9 qu'il [&hellip;]","og_url":"https:\/\/www.justiceinfo.net\/fr\/33776-rca-le-procureur-de-la-cour-penale-speciale-entame-l-analyse-de-la-documentation-disponible.html","og_site_name":"JusticeInfo.net","article_publisher":"https:\/\/www.facebook.com\/JusticeInfo\/","article_published_time":"2017-07-03T22:00:00+00:00","og_image":[{"width":768,"height":530,"url":"https:\/\/www.justiceinfo.net\/wp-content\/uploads\/4d4002537ba40a5a38b692bc6c4122da.jpg","type":"image\/jpeg"}],"author":"Ephrem Rugiririza avec Radio Ndeke Luka","twitter_card":"summary_large_image","twitter_creator":"@justiceinfonet","twitter_site":"@justiceinfonet","twitter_misc":{"\u00c9crit par":"Ephrem Rugiririza avec Radio Ndeke Luka","Dur\u00e9e de lecture estim\u00e9e":"1 minute"},"schema":{"@context":"https:\/\/schema.org","@graph":[{"@type":"NewsArticle","@id":"https:\/\/www.justiceinfo.net\/fr\/33776-rca-le-procureur-de-la-cour-penale-speciale-entame-l-analyse-de-la-documentation-disponible.html#article","isPartOf":{"@id":"https:\/\/www.justiceinfo.net\/fr\/33776-rca-le-procureur-de-la-cour-penale-speciale-entame-l-analyse-de-la-documentation-disponible.html"},"author":{"name":"civiliste","@id":"https:\/\/www.justiceinfo.net\/fr#\/schema\/person\/015ad428615c9bd082c2b6aa8df6cad0"},"headline":"RCA: le Procureur de la Cour sp\u00e9ciale s'explique sur sa mission","datePublished":"2017-07-03T22:00:00+00:00","mainEntityOfPage":{"@id":"https:\/\/www.justiceinfo.net\/fr\/33776-rca-le-procureur-de-la-cour-penale-speciale-entame-l-analyse-de-la-documentation-disponible.html"},"wordCount":129,"commentCount":0,"publisher":{"@id":"https:\/\/www.justiceinfo.net\/fr#organization"},"image":{"@id":"https:\/\/www.justiceinfo.net\/fr\/33776-rca-le-procureur-de-la-cour-penale-speciale-entame-l-analyse-de-la-documentation-disponible.html#primaryimage"},"thumbnailUrl":"https:\/\/www.justiceinfo.net\/wp-content\/uploads\/4d4002537ba40a5a38b692bc6c4122da.jpg","articleSection":["Tribunaux mixtes"],"inLanguage":"fr-FR","potentialAction":[{"@type":"CommentAction","name":"Comment","target":["https:\/\/www.justiceinfo.net\/fr\/33776-rca-le-procureur-de-la-cour-penale-speciale-entame-l-analyse-de-la-documentation-disponible.html#respond"]}]},{"@type":"WebPage","@id":"https:\/\/www.justiceinfo.net\/fr\/33776-rca-le-procureur-de-la-cour-penale-speciale-entame-l-analyse-de-la-documentation-disponible.html","url":"https:\/\/www.justiceinfo.net\/fr\/33776-rca-le-procureur-de-la-cour-penale-speciale-entame-l-analyse-de-la-documentation-disponible.html","name":"RCA: le Procureur de la Cour sp\u00e9ciale s'explique sur sa mission - JusticeInfo.net","isPartOf":{"@id":"https:\/\/www.justiceinfo.net\/fr#website"},"primaryImageOfPage":{"@id":"https:\/\/www.justiceinfo.net\/fr\/33776-rca-le-procureur-de-la-cour-penale-speciale-entame-l-analyse-de-la-documentation-disponible.html#primaryimage"},"image":{"@id":"https:\/\/www.justiceinfo.net\/fr\/33776-rca-le-procureur-de-la-cour-penale-speciale-entame-l-analyse-de-la-documentation-disponible.html#primaryimage"},"thumbnailUrl":"https:\/\/www.justiceinfo.net\/wp-content\/uploads\/4d4002537ba40a5a38b692bc6c4122da.jpg","datePublished":"2017-07-03T22:00:00+00:00","breadcrumb":{"@id":"https:\/\/www.justiceinfo.net\/fr\/33776-rca-le-procureur-de-la-cour-penale-speciale-entame-l-analyse-de-la-documentation-disponible.html#breadcrumb"},"inLanguage":"fr-FR","potentialAction":[{"@type":"ReadAction","target":["https:\/\/www.justiceinfo.net\/fr\/33776-rca-le-procureur-de-la-cour-penale-speciale-entame-l-analyse-de-la-documentation-disponible.html"]}]},{"@type":"ImageObject","inLanguage":"fr-FR","@id":"https:\/\/www.justiceinfo.net\/fr\/33776-rca-le-procureur-de-la-cour-penale-speciale-entame-l-analyse-de-la-documentation-disponible.html#primaryimage","url":"https:\/\/www.justiceinfo.net\/wp-content\/uploads\/4d4002537ba40a5a38b692bc6c4122da.jpg","contentUrl":"https:\/\/www.justiceinfo.net\/wp-content\/uploads\/4d4002537ba40a5a38b692bc6c4122da.jpg","width":768,"height":530},{"@type":"BreadcrumbList","@id":"https:\/\/www.justiceinfo.net\/fr\/33776-rca-le-procureur-de-la-cour-penale-speciale-entame-l-analyse-de-la-documentation-disponible.html#breadcrumb","itemListElement":[{"@type":"ListItem","position":1,"name":"Home","item":"https:\/\/www.justiceinfo.net\/fr"},{"@type":"ListItem","position":2,"name":"RCA: le Procureur de la Cour sp\u00e9ciale s'explique sur sa mission"}]},{"@type":"WebSite","@id":"https:\/\/www.justiceinfo.net\/fr#website","url":"https:\/\/www.justiceinfo.net\/fr","name":"JusticeInfo.net","description":"La justice doit \u00eatre vue pour \u00eatre rendue","publisher":{"@id":"https:\/\/www.justiceinfo.net\/fr#organization"},"potentialAction":[{"@type":"SearchAction","target":{"@type":"EntryPoint","urlTemplate":"https:\/\/www.justiceinfo.net\/fr?s={search_term_string}"},"query-input":{"@type":"PropertyValueSpecification","valueRequired":true,"valueName":"search_term_string"}}],"inLanguage":"fr-FR"},{"@type":"Organization","@id":"https:\/\/www.justiceinfo.net\/fr#organization","name":"Justice Info","url":"https:\/\/www.justiceinfo.net\/fr","logo":{"@type":"ImageObject","inLanguage":"fr-FR","@id":"https:\/\/www.justiceinfo.net\/fr#\/schema\/logo\/image\/","url":"https:\/\/www.justiceinfo.net\/wp-content\/uploads\/justiceinfo_logo-trans_1200x1200px.png","contentUrl":"https:\/\/www.justiceinfo.net\/wp-content\/uploads\/justiceinfo_logo-trans_1200x1200px.png","width":1199,"height":1200,"caption":"Justice Info"},"image":{"@id":"https:\/\/www.justiceinfo.net\/fr#\/schema\/logo\/image\/"},"sameAs":["https:\/\/www.facebook.com\/JusticeInfo\/","https:\/\/x.com\/justiceinfonet","https:\/\/www.linkedin.com\/company\/justice-info","https:\/\/www.youtube.com\/channel\/UCyCEsARodyuWtkWyhn-e7pA"]},{"@type":"Person","name":"Ephrem Rugiririza avec Radio Ndeke Luka","url":"\/fr\/?s=Ephrem Rugiririza avec Radio Ndeke Luka"}]}},"_links":{"self":[{"href":"https:\/\/www.justiceinfo.net\/fr\/wp-json\/wp\/v2\/posts\/33776","targetHints":{"allow":["GET"]}}],"collection":[{"href":"https:\/\/www.justiceinfo.net\/fr\/wp-json\/wp\/v2\/posts"}],"about":[{"href":"https:\/\/www.justiceinfo.net\/fr\/wp-json\/wp\/v2\/types\/post"}],"author":[{"embeddable":true,"href":"https:\/\/www.justiceinfo.net\/fr\/wp-json\/wp\/v2\/users\/63"}],"replies":[{"embeddable":true,"href":"https:\/\/www.justiceinfo.net\/fr\/wp-json\/wp\/v2\/comments?post=33776"}],"version-history":[{"count":0,"href":"https:\/\/www.justiceinfo.net\/fr\/wp-json\/wp\/v2\/posts\/33776\/revisions"}],"wp:featuredmedia":[{"embeddable":true,"href":"https:\/\/www.justiceinfo.net\/fr\/wp-json\/wp\/v2\/media\/66862"}],"wp:attachment":[{"href":"https:\/\/www.justiceinfo.net\/fr\/wp-json\/wp\/v2\/media?parent=33776"}],"wp:term":[{"taxonomy":"category","embeddable":true,"href":"https:\/\/www.justiceinfo.net\/fr\/wp-json\/wp\/v2\/categories?post=33776"},{"taxonomy":"post_tag","embeddable":true,"href":"https:\/\/www.justiceinfo.net\/fr\/wp-json\/wp\/v2\/tags?post=33776"},{"taxonomy":"ji_location","embeddable":true,"href":"https:\/\/www.justiceinfo.net\/fr\/wp-json\/wp\/v2\/ji_location?post=33776"}],"curies":[{"name":"wp","href":"https:\/\/api.w.org\/{rel}","templated":true}]}}