{"id":33779,"date":"2017-07-05T00:00:00","date_gmt":"2017-07-04T22:00:00","guid":{"rendered":"https:\/\/www.justiceinfo.net\/33779-republique-centrafricaine-les-civils-pris-pour-cible-dans-le-conflit-arme.html"},"modified":"2017-07-05T00:00:00","modified_gmt":"2017-07-04T22:00:00","slug":"republique-centrafricaine-les-civils-pris-pour-cible-dans-le-conflit-arme","status":"publish","type":"post","link":"https:\/\/www.justiceinfo.net\/fr\/33779-republique-centrafricaine-les-civils-pris-pour-cible-dans-le-conflit-arme.html","title":{"rendered":"R\u00e9publique centrafricaine : Les civils pris pour cible dans le conflit arm\u00e9"},"content":{"rendered":"<div class=\"content-excerpt\">\n<p>Des groupes arm\u00e9s en\u00a0<a href=\"https:\/\/www.hrw.org\/fr\/afrique\/republique-centrafricaine\">R\u00e9publique centrafricaine<\/a>\u00a0ont tu\u00e9 des civils en toute impunit\u00e9, aggravant les violences dans ce pays d\u00e9chir\u00e9 par un conflit arm\u00e9, a d\u00e9clar\u00e9 Human Rights Watch dans un rapport publi\u00e9 aujourd\u2019hui.<\/p>\n<\/div>\n<p>Le rapport de 101 pages,\u00a0intitul\u00e9\u00a0<a href=\"https:\/\/www.hrw.org\/fr\/node\/305963\">\u00ab\u00a0Meurtres impunis : Crimes de guerre, crimes contre l\u2019humanit\u00e9 et la Cour p\u00e9nale sp\u00e9ciale en R\u00e9publique centrafricaine\u00a0\u00bb,<\/a>\u00a0pr\u00e9sente un compte-rendu exhaustif des crimes de guerre commis dans trois provinces centrales du pays depuis la fin de 2014, notamment plus de 560 d\u00e9c\u00e8s de civils et la destruction de plus de 4 200 maisons. Les crimes rel\u00e8vent de la comp\u00e9tence de la Cour p\u00e9nale internationale (CPI) et de la\u00a0<a href=\"https:\/\/www.hrw.org\/fr\/news\/2016\/11\/16\/republique-centrafricaine-appel-soutenir-la-cour-penale-speciale\">Cour p\u00e9nale sp\u00e9ciale<\/a>\u00a0(CPS), un nouvel organe judiciaire qui, lorsqu'il sera op\u00e9rationnel, m\u00e8nera des enqu\u00eates et des poursuites sur les graves violations des droits humains et les crimes de guerre commis dans le pays depuis 2003.<\/p>\n<p>\u00ab\u00a0<em>Au cours des deux derni\u00e8res ann\u00e9es, des centaines de t\u00e9moins nous ont d\u00e9crit des crimes de guerre flagrants commis par les forces de la S\u00e9l\u00e9ka et par les combattants anti-balaka dans les r\u00e9gions de l\u2019est et du centre de la R\u00e9publique centrafricaine<\/em>\u00a0\u00bb, a d\u00e9clar\u00e9\u00a0<a href=\"https:\/\/www.hrw.org\/fr\/about\/people\/lewis-mudge\">Lewis Mudge<\/a>, chercheur aupr\u00e8s de la division Afrique de Human Rights Watch. \u00ab\u00a0<em>Le manque de justice pour ces crimes a laiss\u00e9 les combattants libres de terroriser les civils \u00e0 volont\u00e9 et a aliment\u00e9 un cycle d\u2019attaques de repr\u00e9sailles persistantes<\/em>.\u00a0\u00bb<\/p>\n<p>Le rapport examine le r\u00f4le de la CPS \u2013 un tribunal hybride unique int\u00e9gr\u00e9 au sein du syst\u00e8me national, et compos\u00e9 de juges et de procureurs nationaux et internationaux \u2013 qui est en train de devenir op\u00e9rationnel. La CPS offre une occasion sans pr\u00e9c\u00e9dent de promouvoir la justice, mais elle n\u00e9cessite un soutien financier et politique continu de la part du gouvernement et de ses partenaires internationaux, en particulier les Nations Unies, selon Human Rights Watch.<\/p>\n<p>Human Rights Watch a interrog\u00e9 des centaines de personnes pour le rapport, notamment des victimes, des proches des victimes, des t\u00e9moins des attaques, ainsi que des membres du gouvernement, des Nations Unies et des organisations humanitaires, et d\u2019autres personnes. Les annexes du rapport d\u00e9taillent pr\u00e8s de 120 attaques commises dans les provinces de Nana-Gr\u00e9bizi, Ouham et Ouaka depuis fin 2014. Le nombre total des attaques est vraisemblablement plus \u00e9lev\u00e9.<\/p>\n<p>Le 30 mai 2017, la mission de maintien de la paix de l\u2019ONU dans le pays, la\u00a0<a href=\"http:\/\/www.un.org\/fr\/peacekeeping\/missions\/minusca\/\">MINUSCA<\/a>, et le Haut-commissariat des Nations Unies aux droits de l'homme ont publi\u00e9 un\u00a0<a href=\"http:\/\/www.ohchr.org\/Documents\/Countries\/CF\/Mapping2003-2015\/2017CAR_Mapping_Report_FR.pdf\">rapport<\/a>\u00a0d\u00e9taill\u00e9 sur les graves violations des droits humains et du droit humanitaire international perp\u00e9tr\u00e9es en R\u00e9publique centrafricaine depuis le 1<sup>er<\/sup>\u00a0janvier 2003, mais ce rapport ne couvre que les crimes commis jusqu\u2019en 2015.<\/p>\n<p>Le meurtre de civils et la destruction de villages ont \u00e9t\u00e9 au c\u0153ur des tactiques de combat des forces essentiellement musulmanes de la S\u00e9l\u00e9ka et de leurs adversaires, les groupes anti-balaka chr\u00e9tiens et animistes, a constat\u00e9 Human Rights Watch.<\/p>\n<p>Dans tout le pays, des groupes arm\u00e9s ont contraint des dizaines de milliers de personnes \u00e0 abandonner leurs maisons pour se r\u00e9fugier dans la brousse, o\u00f9 des centaines d\u2019entre elles sont mortes de froid, de maladie ou de faim. Les personnes\u00a0<a href=\"https:\/\/www.hrw.org\/fr\/news\/2017\/06\/21\/republique-centrafricaine-les-personnes-handicapees-exposees-de-graves-dangers\">handicap\u00e9es<\/a>\u00a0ont \u00e9t\u00e9 particuli\u00e8rement expos\u00e9es car elles ne pouvaient pas fuir rapidement et elles ont \u00e9t\u00e9 confront\u00e9es \u00e0 des obstacles pour acc\u00e9der aux installations sanitaires, \u00e0 la nourriture et aux soins m\u00e9dicaux dans les camps pour les personnes d\u00e9plac\u00e9es.<\/p>\n<p>Dans l\u2019un des cas pr\u00e9sent\u00e9s dans le rapport, des combattants appartenant \u00e0 une faction de la S\u00e9l\u00e9ka appel\u00e9e l\u2019Union pour la Paix en Centrafrique (UPC) ont attaqu\u00e9 la localit\u00e9 de Yassin, dans la province de Ouaka, le 20 mars 2017, et ont tu\u00e9 au moins 18 civils. Un homme a d\u00e9crit la fa\u00e7on dont il a perdu sa m\u00e8re ainsi que trois enfants \u00e2g\u00e9s de 13, 10 et 3 ans et un b\u00e9b\u00e9 de 7 mois. \u00ab\u00a0<em>Ma femme m'a dit par la suite que les enfants jouaient [\u00e0 l'ext\u00e9rieur d'une hutte] avec le b\u00e9b\u00e9 quand l'attaque a commenc\u00e9\u00a0<\/em>\u00bb, a-t-il expliqu\u00e9. \u00ab\u00a0<em>Nous les avons trouv\u00e9s l\u00e0, morts sur le tapis. Ils avaient tous \u00e9t\u00e9 abattus<\/em>.\u00a0\u00bb<\/p>\n<p>Les violences se sont intensifi\u00e9es ces derniers mois dans les provinces de Haute Kotto et de Ouaka, alors que les factions concurrentes de la S\u00e9l\u00e9ka et les groupes anti-balaka luttent pour le contr\u00f4le du territoire et de ses riches ressources naturelles.<\/p>\n<p>La mission de maintien de la paix des Nations Unies a parfois eu du mal \u00e0 maintenir la s\u00e9curit\u00e9, en particulier dans les provinces centrales. Au cours des derniers mois, certains groupes arm\u00e9s ont attaqu\u00e9 les Casques bleus de la MINUSCA, et en mai\u00a0<a href=\"http:\/\/reliefweb.int\/report\/central-african-republic\/statement-attributable-spokesman-secretary-general-attacks-against\">six ont \u00e9t\u00e9 tu\u00e9s<\/a>.<\/p>\n<p>Le gouvernement et 13 des 14 groupes arm\u00e9s actifs dans le pays ont sign\u00e9 un accord de paix le 19 juin, qui comprend un cessez-le-feu et une repr\u00e9sentation politique pour les groupes arm\u00e9s. Le lendemain, des combats dans la localit\u00e9 de Bria entre des combattants anti-balaka et une autre faction de la S\u00e9l\u00e9ka, le Front Populaire pour la Renaissance de la Centrafrique (FPRC), ont fait une centaine de morts, selon\u00a0<a href=\"https:\/\/uk.reuters.com\/article\/uk-centralafrica-fighting-idUKKBN19C1OM\">Reuters<\/a>.<\/p>\n<p>Les crimes que Human Rights Watch a document\u00e9s rel\u00e8vent de la comp\u00e9tence de la CPI, qui a deux enqu\u00eates en cours dans le pays. Mais la CPI n'a que la capacit\u00e9 de cibler les personnes les plus responsables de crimes graves. Les dizaines d'autres commandants qui portent une responsabilit\u00e9 p\u00e9nale pour les atrocit\u00e9s, dont certains que Human Rights Watch a nomm\u00e9ment identifi\u00e9s, pourraient ne jamais \u00eatre confront\u00e9s \u00e0 la justice.<\/p>\n<p>Pour combler cette lacune, le gouvernement a cr\u00e9\u00e9 la CPS en juin 2015. Si la Cour re\u00e7oit les ressources et le soutien n\u00e9cessaires, elle pourrait aider \u00e0 servir la justice en R\u00e9publique centrafricaine et cr\u00e9er un pr\u00e9c\u00e9dent pour d'autres pays, a d\u00e9clar\u00e9 Human Rights Watch.<\/p>\n<p>Les progr\u00e8s r\u00e9alis\u00e9s dans la mise en place de la CPS ont \u00e9t\u00e9 lents, mais le gouvernement a proc\u00e9d\u00e9 \u00e0 des nominations pour des postes cl\u00e9s au cours des cinq derniers mois, notamment en ce qui concerne le Procureur sp\u00e9cial et plusieurs juges. Human Rights Watch a recommand\u00e9 que le pr\u00e9sident centrafricain Faustin-Archange Touad\u00e9ra d\u00e9signe un interlocuteur ou une interlocutrice au sein de son cabinet pour coordonner le travail avec la CPS, tout en respectant l'ind\u00e9pendance judiciaire de la cour.<\/p>\n<p>La CPS fait face \u00e0 d\u2019imposants d\u00e9fis compte tenu de l'ins\u00e9curit\u00e9 persistante dans le pays et de la fragilit\u00e9 du syst\u00e8me judiciaire national. La mission de l\u2019ONU et les gouvernements qui la soutiennent devraient aider \u00e0 cr\u00e9er des syst\u00e8mes robustes de protection des t\u00e9moins et des victimes, assurer la s\u00e9curit\u00e9 du personnel de la Cour, et apporter leur assistance dans la conduite efficace des enqu\u00eates. Pour renforcer le syst\u00e8me judiciaire national, la formation et le soutien du personnel judiciaire devraient \u00eatre ouverts aux autres professionnels du secteur de la justice dans la mesure du possible, selon Human Rights Watch.<\/p>\n<p>La CPS a \u00e9galement besoin de davantage de financements pour pouvoir fonctionner efficacement. Les gouvernements partenaires se sont engag\u00e9s \u00e0 verser seulement 5,2 millions de $ US pour les 14 premiers mois du mandat renouvelable de la Cour d\u2019une dur\u00e9e de cinq ans. Les bailleurs de fonds et l\u2019ONU devraient soutenir la Cour de sorte qu\u2019elle puisse mener \u00e0 bien ses travaux.<\/p>\n<p>\u00ab\u00a0<em>La Cour p\u00e9nale sp\u00e9ciale n\u2019est pas la r\u00e9ponse \u00e0 tous les probl\u00e8mes de la R\u00e9publique centrafricaine, mais elle montrera aux groupes arm\u00e9s responsables d\u2019exactions qu\u2019ils ne peuvent plus continuer \u00e0 tuer des civils impun\u00e9ment\u00a0<\/em>\u00bb, a conclu Lewis Mudge. \u00ab\u00a0<em>Des proc\u00e8s \u00e9quitables et cr\u00e9dibles pour les atrocit\u00e9s commises permettront de rendre justice aux victimes et renforceront le respect de l\u2019\u00c9tat de droit<\/em>.\u00a0\u00bb<\/p>\n<p>\u00a0<\/p>\n<p>Cet article a \u00e9t\u00e9 pr\u00e9c\u00e9demment publi\u00e9 par\u00a0<a href=\"https:\/\/www.hrw.org\/fr\/news\/2017\/07\/05\/republique-centrafricaine-les-civils-pris-pour-cible-dans-le-conflit-arme\" target=\"_blank\" rel=\"noopener\">https:\/\/www.hrw.org<\/a><\/p>\n<p>\u00a0<\/p>\n<p><iframe loading=\"lazy\" src=\"\/\/www.youtube.com\/embed\/HuOgNUv4iRM\" width=\"560\" height=\"314\" allowfullscreen=\"allowfullscreen\"><\/iframe><\/p>\n","protected":false},"excerpt":{"rendered":"<p>Des groupes arm\u00e9s en\u00a0R\u00e9publique centrafricaine\u00a0ont tu\u00e9 des civils en toute impunit\u00e9, aggravant les violences dans ce pays d\u00e9chir\u00e9 par un conflit arm\u00e9, a d\u00e9clar\u00e9 Human Rights Watch dans un rapport publi\u00e9 aujourd\u2019hui. Le rapport de 101 pages,\u00a0intitul\u00e9\u00a0\u00ab\u00a0Meurtres impunis : Crimes de guerre, crimes contre l\u2019humanit\u00e9 et la Cour p\u00e9nale sp\u00e9ciale en R\u00e9publique centrafricaine\u00a0\u00bb,\u00a0pr\u00e9sente un compte-rendu [&hellip;]<\/p>\n","protected":false},"author":63,"featured_media":68124,"comment_status":"open","ping_status":"closed","sticky":false,"template":"","format":"standard","meta":{"_acf_changed":false,"footnotes":""},"categories":[575],"tags":[],"ji_location":[2164],"class_list":["post-33779","post","type-post","status-publish","format-standard","has-post-thumbnail","hentry","category-opinions","ji_location-republique-centrafricaine"],"acf":[],"yoast_head":"<!-- This site is optimized with the Yoast SEO Premium plugin v25.3.1 (Yoast SEO v25.3.1) - https:\/\/yoast.com\/wordpress\/plugins\/seo\/ -->\n<title>R\u00e9publique centrafricaine : Les civils pris pour cible dans le conflit arm\u00e9 - JusticeInfo.net<\/title>\n<meta name=\"robots\" content=\"index, follow, max-snippet:-1, max-image-preview:large, max-video-preview:-1\" \/>\n<link rel=\"canonical\" href=\"https:\/\/www.justiceinfo.net\/fr\/33779-republique-centrafricaine-les-civils-pris-pour-cible-dans-le-conflit-arme.html\" \/>\n<meta property=\"og:locale\" content=\"fr_FR\" \/>\n<meta property=\"og:type\" content=\"article\" \/>\n<meta property=\"og:title\" content=\"R\u00e9publique centrafricaine : Les civils pris pour cible dans le conflit arm\u00e9\" \/>\n<meta property=\"og:description\" content=\"Des groupes arm\u00e9s en\u00a0R\u00e9publique centrafricaine\u00a0ont tu\u00e9 des civils en toute impunit\u00e9, aggravant les violences dans ce pays d\u00e9chir\u00e9 par un conflit arm\u00e9, a d\u00e9clar\u00e9 Human Rights Watch dans un rapport publi\u00e9 aujourd\u2019hui. Le rapport de 101 pages,\u00a0intitul\u00e9\u00a0\u00ab\u00a0Meurtres impunis : Crimes de guerre, crimes contre l\u2019humanit\u00e9 et la Cour p\u00e9nale sp\u00e9ciale en R\u00e9publique centrafricaine\u00a0\u00bb,\u00a0pr\u00e9sente un compte-rendu [&hellip;]\" \/>\n<meta property=\"og:url\" content=\"https:\/\/www.justiceinfo.net\/fr\/33779-republique-centrafricaine-les-civils-pris-pour-cible-dans-le-conflit-arme.html\" \/>\n<meta property=\"og:site_name\" content=\"JusticeInfo.net\" \/>\n<meta property=\"article:publisher\" content=\"https:\/\/www.facebook.com\/JusticeInfo\/\" \/>\n<meta property=\"article:published_time\" content=\"2017-07-04T22:00:00+00:00\" \/>\n<meta property=\"og:image\" content=\"https:\/\/www.justiceinfo.net\/wp-content\/uploads\/d74d27a89e7d89ba71ac0057d6df4e82.jpg\" \/>\n\t<meta property=\"og:image:width\" content=\"946\" \/>\n\t<meta property=\"og:image:height\" content=\"631\" \/>\n\t<meta property=\"og:image:type\" content=\"image\/jpeg\" \/>\n<meta name=\"author\" content=\"Human Rights Watch\" \/>\n<meta name=\"twitter:card\" content=\"summary_large_image\" \/>\n<meta name=\"twitter:creator\" content=\"@justiceinfonet\" \/>\n<meta name=\"twitter:site\" content=\"@justiceinfonet\" \/>\n<meta name=\"twitter:label1\" content=\"\u00c9crit par\" \/>\n\t<meta name=\"twitter:data1\" content=\"Human Rights Watch\" \/>\n\t<meta name=\"twitter:label2\" content=\"Dur\u00e9e de lecture estim\u00e9e\" \/>\n\t<meta name=\"twitter:data2\" content=\"7 minutes\" \/>\n<script type=\"application\/ld+json\" class=\"yoast-schema-graph\">{\"@context\":\"https:\/\/schema.org\",\"@graph\":[{\"@type\":\"NewsArticle\",\"@id\":\"https:\/\/www.justiceinfo.net\/fr\/33779-republique-centrafricaine-les-civils-pris-pour-cible-dans-le-conflit-arme.html#article\",\"isPartOf\":{\"@id\":\"https:\/\/www.justiceinfo.net\/fr\/33779-republique-centrafricaine-les-civils-pris-pour-cible-dans-le-conflit-arme.html\"},\"author\":{\"name\":\"civiliste\",\"@id\":\"https:\/\/www.justiceinfo.net\/fr#\/schema\/person\/015ad428615c9bd082c2b6aa8df6cad0\"},\"headline\":\"R\u00e9publique centrafricaine : Les civils pris pour cible dans le conflit arm\u00e9\",\"datePublished\":\"2017-07-04T22:00:00+00:00\",\"mainEntityOfPage\":{\"@id\":\"https:\/\/www.justiceinfo.net\/fr\/33779-republique-centrafricaine-les-civils-pris-pour-cible-dans-le-conflit-arme.html\"},\"wordCount\":1387,\"commentCount\":0,\"publisher\":{\"@id\":\"https:\/\/www.justiceinfo.net\/fr#organization\"},\"image\":{\"@id\":\"https:\/\/www.justiceinfo.net\/fr\/33779-republique-centrafricaine-les-civils-pris-pour-cible-dans-le-conflit-arme.html#primaryimage\"},\"thumbnailUrl\":\"https:\/\/www.justiceinfo.net\/wp-content\/uploads\/d74d27a89e7d89ba71ac0057d6df4e82.jpg\",\"articleSection\":[\"Opinions\"],\"inLanguage\":\"fr-FR\",\"potentialAction\":[{\"@type\":\"CommentAction\",\"name\":\"Comment\",\"target\":[\"https:\/\/www.justiceinfo.net\/fr\/33779-republique-centrafricaine-les-civils-pris-pour-cible-dans-le-conflit-arme.html#respond\"]}]},{\"@type\":\"WebPage\",\"@id\":\"https:\/\/www.justiceinfo.net\/fr\/33779-republique-centrafricaine-les-civils-pris-pour-cible-dans-le-conflit-arme.html\",\"url\":\"https:\/\/www.justiceinfo.net\/fr\/33779-republique-centrafricaine-les-civils-pris-pour-cible-dans-le-conflit-arme.html\",\"name\":\"R\u00e9publique centrafricaine : Les civils pris pour cible dans le conflit arm\u00e9 - JusticeInfo.net\",\"isPartOf\":{\"@id\":\"https:\/\/www.justiceinfo.net\/fr#website\"},\"primaryImageOfPage\":{\"@id\":\"https:\/\/www.justiceinfo.net\/fr\/33779-republique-centrafricaine-les-civils-pris-pour-cible-dans-le-conflit-arme.html#primaryimage\"},\"image\":{\"@id\":\"https:\/\/www.justiceinfo.net\/fr\/33779-republique-centrafricaine-les-civils-pris-pour-cible-dans-le-conflit-arme.html#primaryimage\"},\"thumbnailUrl\":\"https:\/\/www.justiceinfo.net\/wp-content\/uploads\/d74d27a89e7d89ba71ac0057d6df4e82.jpg\",\"datePublished\":\"2017-07-04T22:00:00+00:00\",\"breadcrumb\":{\"@id\":\"https:\/\/www.justiceinfo.net\/fr\/33779-republique-centrafricaine-les-civils-pris-pour-cible-dans-le-conflit-arme.html#breadcrumb\"},\"inLanguage\":\"fr-FR\",\"potentialAction\":[{\"@type\":\"ReadAction\",\"target\":[\"https:\/\/www.justiceinfo.net\/fr\/33779-republique-centrafricaine-les-civils-pris-pour-cible-dans-le-conflit-arme.html\"]}]},{\"@type\":\"ImageObject\",\"inLanguage\":\"fr-FR\",\"@id\":\"https:\/\/www.justiceinfo.net\/fr\/33779-republique-centrafricaine-les-civils-pris-pour-cible-dans-le-conflit-arme.html#primaryimage\",\"url\":\"https:\/\/www.justiceinfo.net\/wp-content\/uploads\/d74d27a89e7d89ba71ac0057d6df4e82.jpg\",\"contentUrl\":\"https:\/\/www.justiceinfo.net\/wp-content\/uploads\/d74d27a89e7d89ba71ac0057d6df4e82.jpg\",\"width\":946,\"height\":631},{\"@type\":\"BreadcrumbList\",\"@id\":\"https:\/\/www.justiceinfo.net\/fr\/33779-republique-centrafricaine-les-civils-pris-pour-cible-dans-le-conflit-arme.html#breadcrumb\",\"itemListElement\":[{\"@type\":\"ListItem\",\"position\":1,\"name\":\"Home\",\"item\":\"https:\/\/www.justiceinfo.net\/fr\"},{\"@type\":\"ListItem\",\"position\":2,\"name\":\"R\u00e9publique centrafricaine : Les civils pris pour cible dans le conflit arm\u00e9\"}]},{\"@type\":\"WebSite\",\"@id\":\"https:\/\/www.justiceinfo.net\/fr#website\",\"url\":\"https:\/\/www.justiceinfo.net\/fr\",\"name\":\"JusticeInfo.net\",\"description\":\"La justice doit \u00eatre vue pour \u00eatre rendue\",\"publisher\":{\"@id\":\"https:\/\/www.justiceinfo.net\/fr#organization\"},\"potentialAction\":[{\"@type\":\"SearchAction\",\"target\":{\"@type\":\"EntryPoint\",\"urlTemplate\":\"https:\/\/www.justiceinfo.net\/fr?s={search_term_string}\"},\"query-input\":{\"@type\":\"PropertyValueSpecification\",\"valueRequired\":true,\"valueName\":\"search_term_string\"}}],\"inLanguage\":\"fr-FR\"},{\"@type\":\"Organization\",\"@id\":\"https:\/\/www.justiceinfo.net\/fr#organization\",\"name\":\"Justice Info\",\"url\":\"https:\/\/www.justiceinfo.net\/fr\",\"logo\":{\"@type\":\"ImageObject\",\"inLanguage\":\"fr-FR\",\"@id\":\"https:\/\/www.justiceinfo.net\/fr#\/schema\/logo\/image\/\",\"url\":\"https:\/\/www.justiceinfo.net\/wp-content\/uploads\/justiceinfo_logo-trans_1200x1200px.png\",\"contentUrl\":\"https:\/\/www.justiceinfo.net\/wp-content\/uploads\/justiceinfo_logo-trans_1200x1200px.png\",\"width\":1199,\"height\":1200,\"caption\":\"Justice Info\"},\"image\":{\"@id\":\"https:\/\/www.justiceinfo.net\/fr#\/schema\/logo\/image\/\"},\"sameAs\":[\"https:\/\/www.facebook.com\/JusticeInfo\/\",\"https:\/\/x.com\/justiceinfonet\",\"https:\/\/www.linkedin.com\/company\/justice-info\",\"https:\/\/www.youtube.com\/channel\/UCyCEsARodyuWtkWyhn-e7pA\"]},{\"@type\":\"Person\",\"name\":\"Human Rights Watch\",\"url\":\"\/fr\/?s=Human Rights Watch\"}]}<\/script>\n<!-- \/ Yoast SEO Premium plugin. -->","yoast_head_json":{"title":"R\u00e9publique centrafricaine : Les civils pris pour cible dans le conflit arm\u00e9 - JusticeInfo.net","robots":{"index":"index","follow":"follow","max-snippet":"max-snippet:-1","max-image-preview":"max-image-preview:large","max-video-preview":"max-video-preview:-1"},"canonical":"https:\/\/www.justiceinfo.net\/fr\/33779-republique-centrafricaine-les-civils-pris-pour-cible-dans-le-conflit-arme.html","og_locale":"fr_FR","og_type":"article","og_title":"R\u00e9publique centrafricaine : Les civils pris pour cible dans le conflit arm\u00e9","og_description":"Des groupes arm\u00e9s en\u00a0R\u00e9publique centrafricaine\u00a0ont tu\u00e9 des civils en toute impunit\u00e9, aggravant les violences dans ce pays d\u00e9chir\u00e9 par un conflit arm\u00e9, a d\u00e9clar\u00e9 Human Rights Watch dans un rapport publi\u00e9 aujourd\u2019hui. Le rapport de 101 pages,\u00a0intitul\u00e9\u00a0\u00ab\u00a0Meurtres impunis : Crimes de guerre, crimes contre l\u2019humanit\u00e9 et la Cour p\u00e9nale sp\u00e9ciale en R\u00e9publique centrafricaine\u00a0\u00bb,\u00a0pr\u00e9sente un compte-rendu [&hellip;]","og_url":"https:\/\/www.justiceinfo.net\/fr\/33779-republique-centrafricaine-les-civils-pris-pour-cible-dans-le-conflit-arme.html","og_site_name":"JusticeInfo.net","article_publisher":"https:\/\/www.facebook.com\/JusticeInfo\/","article_published_time":"2017-07-04T22:00:00+00:00","og_image":[{"width":946,"height":631,"url":"https:\/\/www.justiceinfo.net\/wp-content\/uploads\/d74d27a89e7d89ba71ac0057d6df4e82.jpg","type":"image\/jpeg"}],"author":"Human Rights Watch","twitter_card":"summary_large_image","twitter_creator":"@justiceinfonet","twitter_site":"@justiceinfonet","twitter_misc":{"\u00c9crit par":"Human Rights Watch","Dur\u00e9e de lecture estim\u00e9e":"7 minutes"},"schema":{"@context":"https:\/\/schema.org","@graph":[{"@type":"NewsArticle","@id":"https:\/\/www.justiceinfo.net\/fr\/33779-republique-centrafricaine-les-civils-pris-pour-cible-dans-le-conflit-arme.html#article","isPartOf":{"@id":"https:\/\/www.justiceinfo.net\/fr\/33779-republique-centrafricaine-les-civils-pris-pour-cible-dans-le-conflit-arme.html"},"author":{"name":"civiliste","@id":"https:\/\/www.justiceinfo.net\/fr#\/schema\/person\/015ad428615c9bd082c2b6aa8df6cad0"},"headline":"R\u00e9publique centrafricaine : Les civils pris pour cible dans le conflit arm\u00e9","datePublished":"2017-07-04T22:00:00+00:00","mainEntityOfPage":{"@id":"https:\/\/www.justiceinfo.net\/fr\/33779-republique-centrafricaine-les-civils-pris-pour-cible-dans-le-conflit-arme.html"},"wordCount":1387,"commentCount":0,"publisher":{"@id":"https:\/\/www.justiceinfo.net\/fr#organization"},"image":{"@id":"https:\/\/www.justiceinfo.net\/fr\/33779-republique-centrafricaine-les-civils-pris-pour-cible-dans-le-conflit-arme.html#primaryimage"},"thumbnailUrl":"https:\/\/www.justiceinfo.net\/wp-content\/uploads\/d74d27a89e7d89ba71ac0057d6df4e82.jpg","articleSection":["Opinions"],"inLanguage":"fr-FR","potentialAction":[{"@type":"CommentAction","name":"Comment","target":["https:\/\/www.justiceinfo.net\/fr\/33779-republique-centrafricaine-les-civils-pris-pour-cible-dans-le-conflit-arme.html#respond"]}]},{"@type":"WebPage","@id":"https:\/\/www.justiceinfo.net\/fr\/33779-republique-centrafricaine-les-civils-pris-pour-cible-dans-le-conflit-arme.html","url":"https:\/\/www.justiceinfo.net\/fr\/33779-republique-centrafricaine-les-civils-pris-pour-cible-dans-le-conflit-arme.html","name":"R\u00e9publique centrafricaine : Les civils pris pour cible dans le conflit arm\u00e9 - JusticeInfo.net","isPartOf":{"@id":"https:\/\/www.justiceinfo.net\/fr#website"},"primaryImageOfPage":{"@id":"https:\/\/www.justiceinfo.net\/fr\/33779-republique-centrafricaine-les-civils-pris-pour-cible-dans-le-conflit-arme.html#primaryimage"},"image":{"@id":"https:\/\/www.justiceinfo.net\/fr\/33779-republique-centrafricaine-les-civils-pris-pour-cible-dans-le-conflit-arme.html#primaryimage"},"thumbnailUrl":"https:\/\/www.justiceinfo.net\/wp-content\/uploads\/d74d27a89e7d89ba71ac0057d6df4e82.jpg","datePublished":"2017-07-04T22:00:00+00:00","breadcrumb":{"@id":"https:\/\/www.justiceinfo.net\/fr\/33779-republique-centrafricaine-les-civils-pris-pour-cible-dans-le-conflit-arme.html#breadcrumb"},"inLanguage":"fr-FR","potentialAction":[{"@type":"ReadAction","target":["https:\/\/www.justiceinfo.net\/fr\/33779-republique-centrafricaine-les-civils-pris-pour-cible-dans-le-conflit-arme.html"]}]},{"@type":"ImageObject","inLanguage":"fr-FR","@id":"https:\/\/www.justiceinfo.net\/fr\/33779-republique-centrafricaine-les-civils-pris-pour-cible-dans-le-conflit-arme.html#primaryimage","url":"https:\/\/www.justiceinfo.net\/wp-content\/uploads\/d74d27a89e7d89ba71ac0057d6df4e82.jpg","contentUrl":"https:\/\/www.justiceinfo.net\/wp-content\/uploads\/d74d27a89e7d89ba71ac0057d6df4e82.jpg","width":946,"height":631},{"@type":"BreadcrumbList","@id":"https:\/\/www.justiceinfo.net\/fr\/33779-republique-centrafricaine-les-civils-pris-pour-cible-dans-le-conflit-arme.html#breadcrumb","itemListElement":[{"@type":"ListItem","position":1,"name":"Home","item":"https:\/\/www.justiceinfo.net\/fr"},{"@type":"ListItem","position":2,"name":"R\u00e9publique centrafricaine : Les civils pris pour cible dans le conflit arm\u00e9"}]},{"@type":"WebSite","@id":"https:\/\/www.justiceinfo.net\/fr#website","url":"https:\/\/www.justiceinfo.net\/fr","name":"JusticeInfo.net","description":"La justice doit \u00eatre vue pour \u00eatre rendue","publisher":{"@id":"https:\/\/www.justiceinfo.net\/fr#organization"},"potentialAction":[{"@type":"SearchAction","target":{"@type":"EntryPoint","urlTemplate":"https:\/\/www.justiceinfo.net\/fr?s={search_term_string}"},"query-input":{"@type":"PropertyValueSpecification","valueRequired":true,"valueName":"search_term_string"}}],"inLanguage":"fr-FR"},{"@type":"Organization","@id":"https:\/\/www.justiceinfo.net\/fr#organization","name":"Justice Info","url":"https:\/\/www.justiceinfo.net\/fr","logo":{"@type":"ImageObject","inLanguage":"fr-FR","@id":"https:\/\/www.justiceinfo.net\/fr#\/schema\/logo\/image\/","url":"https:\/\/www.justiceinfo.net\/wp-content\/uploads\/justiceinfo_logo-trans_1200x1200px.png","contentUrl":"https:\/\/www.justiceinfo.net\/wp-content\/uploads\/justiceinfo_logo-trans_1200x1200px.png","width":1199,"height":1200,"caption":"Justice Info"},"image":{"@id":"https:\/\/www.justiceinfo.net\/fr#\/schema\/logo\/image\/"},"sameAs":["https:\/\/www.facebook.com\/JusticeInfo\/","https:\/\/x.com\/justiceinfonet","https:\/\/www.linkedin.com\/company\/justice-info","https:\/\/www.youtube.com\/channel\/UCyCEsARodyuWtkWyhn-e7pA"]},{"@type":"Person","name":"Human Rights Watch","url":"\/fr\/?s=Human Rights Watch"}]}},"_links":{"self":[{"href":"https:\/\/www.justiceinfo.net\/fr\/wp-json\/wp\/v2\/posts\/33779","targetHints":{"allow":["GET"]}}],"collection":[{"href":"https:\/\/www.justiceinfo.net\/fr\/wp-json\/wp\/v2\/posts"}],"about":[{"href":"https:\/\/www.justiceinfo.net\/fr\/wp-json\/wp\/v2\/types\/post"}],"author":[{"embeddable":true,"href":"https:\/\/www.justiceinfo.net\/fr\/wp-json\/wp\/v2\/users\/63"}],"replies":[{"embeddable":true,"href":"https:\/\/www.justiceinfo.net\/fr\/wp-json\/wp\/v2\/comments?post=33779"}],"version-history":[{"count":0,"href":"https:\/\/www.justiceinfo.net\/fr\/wp-json\/wp\/v2\/posts\/33779\/revisions"}],"wp:featuredmedia":[{"embeddable":true,"href":"https:\/\/www.justiceinfo.net\/fr\/wp-json\/wp\/v2\/media\/68124"}],"wp:attachment":[{"href":"https:\/\/www.justiceinfo.net\/fr\/wp-json\/wp\/v2\/media?parent=33779"}],"wp:term":[{"taxonomy":"category","embeddable":true,"href":"https:\/\/www.justiceinfo.net\/fr\/wp-json\/wp\/v2\/categories?post=33779"},{"taxonomy":"post_tag","embeddable":true,"href":"https:\/\/www.justiceinfo.net\/fr\/wp-json\/wp\/v2\/tags?post=33779"},{"taxonomy":"ji_location","embeddable":true,"href":"https:\/\/www.justiceinfo.net\/fr\/wp-json\/wp\/v2\/ji_location?post=33779"}],"curies":[{"name":"wp","href":"https:\/\/api.w.org\/{rel}","templated":true}]}}