{"id":33789,"date":"2017-07-06T07:19:20","date_gmt":"2017-07-06T05:19:20","guid":{"rendered":"https:\/\/www.justiceinfo.net\/33789-mexique-meutre-appel-ong-justice-coahuila-cpi.html"},"modified":"2017-07-06T07:19:20","modified_gmt":"2017-07-06T05:19:20","slug":"mexique-meutre-appel-ong-justice-coahuila-cpi","status":"publish","type":"post","link":"https:\/\/www.justiceinfo.net\/fr\/33789-mexique-meutre-appel-ong-justice-coahuila-cpi.html","title":{"rendered":"Mexique\/CPI : quand le crime organis\u00e9 devient crime contre l'humanit\u00e9"},"content":{"rendered":"<div class=\"content-excerpt\">\n<p>Une centaine d\u2019organisations mexicaines de d\u00e9fense des droits de l\u2019homme demandent \u00e0 la procureure de la Cour p\u00e9nale internationale (CPI) d\u2019ouvrir un examen pr\u00e9liminaire sur les crimes commis dans l\u2019Etat de Coahuila au nord du Mexique, entre 2009 et 2016. Elles d\u00e9noncent une \u00ab\u00a0collusion\u00a0\u00bb entre les autorit\u00e9s du pays et les cartels, dans les meurtres, les disparitions et les tortures.<\/p>\n<\/div>\n<p>\u00a0Ce n\u2019est pas la premi\u00e8re fois que des organisations mexicaines, chapeaut\u00e9es par la F\u00e9d\u00e9ration internationale des ligues des droits de l\u2019Homme (<a href=\"https:\/\/www.fidh.org\/fr\/regions\/ameriques\/mexique\/mexique-assassinats-disparitions-et-actes-de-torture-a-coahuila-de\" target=\"_blank\" rel=\"noopener\">FIDH<\/a>), se tournent vers La Haye pour y d\u00e9noncer les meurtres, les disparitions forc\u00e9es et les tortures, r\u00e9sultat \u00ab\u00a0d\u2019une collusion\u00a0\u00bb entre les autorit\u00e9s mexicaines et le crime organis\u00e9. Le 6 juillet, une petite d\u00e9l\u00e9gation pr\u00e9sentera au bureau du procureur un nouveau rapport sur les crimes commis entre 2009 et 2016 dans l\u2019Etat de Coahuila, au nord du Mexique. Une pi\u00e8ce, seulement, \u00ab\u00a0du puzzle mexicain\u00a0\u00bb assure Jimena Reyes, charg\u00e9e des Am\u00e9riques pour la FIDH, qui donne une image de la violence end\u00e9mique au Mexique. C\u2019est \u00ab\u00a0une d\u00e9mocratie en guerre\u00a0\u00bb, ajoute Michael Chamberlain, de <a href=\"http:\/\/www.derechoadefenderderechos.com\/pbi-mexico-fray-juan-larios.html\" target=\"_blank\" rel=\"noopener\">Fray Juan de Larios Human Rights Cente<\/a>r. La guerre contre la drogue, initi\u00e9e par Felipe Calderon en 2006 et reprise par son successeur, Enrique Pena Nieto, a militaris\u00e9 la s\u00e9curit\u00e9 publique et consid\u00e9rablement augment\u00e9 les violations des droits de l\u2019Homme. La plainte des organisations mexicaines \u00e9voque \u00ab\u00a0des groupes criminels organis\u00e9s, agissant de mani\u00e8re coordonn\u00e9e avec les forces de s\u00e9curit\u00e9 de l\u2019Etat, ou infiltrant les forces de l\u2019Etat au plus haut niveau\u00a0\u00bb. A l\u2019\u00e9chelle nationale, la guerre mexicaine contre la drogue aurait provoqu\u00e9, entre 2006 et 2015, la mort de 150\u00a0000 personnes, pr\u00e8s de 30\u00a0000 disparus et 200\u00a0000 d\u00e9plac\u00e9s. L\u2019Etat de Coahuila, frontalier du Texas, serait l\u2019un des plus violents du pays.<\/p>\n<h3><strong>La terreur pour contr\u00f4ler les territoires<\/strong><\/h3>\n<p>Dans le document qui sera remis au procureur de la Cour p\u00e9nale internationale, les organisations passent en revue 32 drames de la guerre de la drogue, dont le massacre d\u2019Allende, village \u00e0 la fronti\u00e8re du Texas, et les disparus de la prison de Piedras Negras. Le 18 mars 2011, les Zetas, branche arm\u00e9e du cartel du Golf, d\u00e9cide de se venger de la trahison de deux des leurs, dont l\u2019un se serait envol\u00e9 avec 5 \u00e0 8 millions de dollars, tandis que l\u2019autre se serait repenti. Ce jour-l\u00e0, 40 camions remplis d\u2019hommes arm\u00e9s prennent la ville et traquent les proches des deux \u00ab\u00a0traitres\u00a0\u00bb, avec \u00ab\u00a0la participation et le soutien direct de la police municipale\u00a0\u00bb affirme la FIDH. Ariana Garcia, avocate de United Families, rassemblant les proches de disparus raconte\u00a0: \u00ab\u00a0Ils ont captur\u00e9 des dizaines de femmes, de vieux, d\u2019enfants, et ont d\u00e9truits leurs maisons\u00a0\u00bb. Certains ont \u00e9t\u00e9 tortur\u00e9es \u00ab\u00a0par des hommes des forces sp\u00e9ciales de s\u00e9curit\u00e9, le visage couvert par des masques pour ne pas \u00eatre identifi\u00e9s\u00a0\u00bb. Il y aurait eu de 42 \u00e0 300 disparus, et \u00ab\u00a0on a remis aux familles de la poussi\u00e8re \u00e0 la place des cendres\u00a0\u00bb explique Ariana Garcia. Les Zetas, form\u00e9s de d\u00e9serteurs des forces sp\u00e9ciales de l\u2019arm\u00e9e mexicaine, et devenus en 2008 le bras arm\u00e9 des barons du cartel du Golf, se sont illustr\u00e9s par \u00ab\u00a0un sadisme extr\u00eame\u00a0\u00bb, lit-on dans le rapport, postant m\u00eames leurs exploits \u2013 tortures, d\u00e9capitations, mutilations- sur Youtube, \u00ab\u00a0tant ils se sentent impunis\u00a0\u00bb, raconte Jimena Reyes. D\u2019autres fois, il faut au contraire faire disparaitre les corps g\u00eanants dans de l\u2019acide, comme \u00e0 la prison de Piedras Negras. Elle sera tour \u00e0 tour un lieu de vill\u00e9giature pour les Zetas, qui y r\u00e8gnent en maitres, y confectionnent leurs uniformes, leurs gilets pare-balles, mais elle deviendra aussi un lieu \u00ab\u00a0d\u2019extermination\u00a0\u00bb, selon la plainte. Cent cinquante personnes au moins y auraient \u00e9t\u00e9 tortur\u00e9es puis \u00e9limin\u00e9es. Des membres des Zetas, ceux de cartels ennemis ou d\u2019autres, qui ont eu le tort d\u2019\u00eatre \u00ab\u00a0simplement au mauvais endroit au mauvais moment\u00a0\u00bb. Une enqu\u00eate a \u00e9t\u00e9 ouverte localement, sans toutefois viser les responsables de la prison, raison pour laquelle les d\u00e9fenseurs des droits de l\u2019homme r\u00e9clament l\u2019intervention de la Cour. Les Zetas ont impos\u00e9 \u00ab\u00a0la terreur comme m\u00e9thode de domination territoriale\u00a0\u00bb, lit-on dans le rapport. Trop ambitieux, les Zetas ont ensuite enclench\u00e9 une guerre avec le cartel du Golf, dont ils voulaient prendre la t\u00eate, et seront finalement attaqu\u00e9s par les forces arm\u00e9es en 2012. Depuis, d\u2019autres les remplace, perp\u00e9tuant les exactions pass\u00e9es. Ces crimes auraient \u00e9t\u00e9 commis avec la complicit\u00e9 des autorit\u00e9s, notamment des gouverneurs de Coahuila, comme en ont t\u00e9moign\u00e9 des repentis lors de proc\u00e8s organis\u00e9s aux Etats-Unis. Ces t\u00e9moignages, entendus devant la justice am\u00e9ricaine, impliqueraient aussi l\u2019arm\u00e9e, et la police f\u00e9d\u00e9rale mexicaine.<\/p>\n<h3><strong>Crimes contre l\u2019humanit\u00e9\u00a0? <\/strong><\/h3>\n<p>\u00ab\u00a0Cela va au-del\u00e0 du crime organis\u00e9\u00a0\u00bb estime Jimena Reyes, \u00ab\u00a0ce sont des crimes contre l\u2019humanit\u00e9\u00a0\u00bb, et \u00ab\u00a0il y a urgence\u00a0\u00bb. Depuis longtemps, la question du Mexique est sur la table du bureau du procureur de la CPI. Elle compte parmi les examens pr\u00e9liminaires secrets\u00a0: des plaintes re\u00e7ues par la Cour, pas encore referm\u00e9es, toujours \u00e0 l\u2019\u00e9tude. En 2012, la FIDH avait transmis au procureur un premier rapport sur les crimes de l\u2019arm\u00e9e et des forces de s\u00e9curit\u00e9 dans l\u2019\u00e9tat de Baja California. Cette fois, la FIDH assure revenir avec un dossier mieux ficel\u00e9. Et estime que le cas mexicain m\u00e9riterait plus d\u2019attention, car il va au-del\u00e0 de violations des droits de l\u2019Homme. En d\u00e9non\u00e7ant publiquement \u00e0 La Haye les crimes commis au Mexique, les organisations esp\u00e8rent \u00ab\u00a0mettre la lumi\u00e8re sur la r\u00e9alit\u00e9 mexicaine\u00a0\u00bb, dit Jimena Reyes, et impliquer la communaut\u00e9 internationale. En septembre, la FIDH et les repr\u00e9sentants des organisations mexicaines devraient rencontrer les nouvelles autorit\u00e9s de Coahuila, o\u00f9 un nouveau gouverneur a \u00e9t\u00e9 \u00e9lu d\u00e9but juin. \u00ab\u00a0Nous esp\u00e9rons que les autorit\u00e9s ouvriront le dialogue\u00a0pour mettre fin \u00e0 l\u2019impunit\u00e9\u00a0\u00bb dit Jimena Reyes. Lui aussi du voyage \u00e0 la Cour, l\u2019\u00e9v\u00eaque de Saltillo, Raul Vera Lopez Jos\u00e9, a aussi quelques mots pour \u00ab\u00a0l\u2019attitude h\u00e9ro\u00efque\u00a0\u00bb des t\u00e9moins, qui osent affronter \u00ab\u00a0une politique publique de peur et de terreur contre la soci\u00e9t\u00e9 civile\u00a0\u00bb et parle de \u00ab\u00a0familles qui sont d\u2019accord\u00a0\u00bb pour se rendre devant la Cour et \u00ab\u00a0ont dit qu\u2019elles n\u2019avaient rien \u00e0 perdre, parce qu\u2019elles ont d\u00e9j\u00e0 tout perdu\u00a0\u00bb.<\/p>\n","protected":false},"excerpt":{"rendered":"<p>Une centaine d\u2019organisations mexicaines de d\u00e9fense des droits de l\u2019homme demandent \u00e0 la procureure de la Cour p\u00e9nale internationale (CPI) d\u2019ouvrir un examen pr\u00e9liminaire sur les crimes commis dans l\u2019Etat de Coahuila au nord du Mexique, entre 2009 et 2016. Elles d\u00e9noncent une \u00ab\u00a0collusion\u00a0\u00bb entre les autorit\u00e9s du pays et les cartels, dans les meurtres, [&hellip;]<\/p>\n","protected":false},"author":64,"featured_media":62950,"comment_status":"open","ping_status":"closed","sticky":false,"template":"","format":"standard","meta":{"_acf_changed":false,"footnotes":""},"categories":[570],"tags":[],"ji_location":[2348],"class_list":["post-33789","post","type-post","status-publish","format-standard","has-post-thumbnail","hentry","category-cpi","ji_location-mexique"],"acf":[],"yoast_head":"<!-- This site is optimized with the Yoast SEO Premium plugin v25.3.1 (Yoast SEO v25.3.1) - https:\/\/yoast.com\/wordpress\/plugins\/seo\/ -->\n<title>Mexique\/CPI : quand le crime organis\u00e9 devient crime contre l&#039;humanit\u00e9 - JusticeInfo.net<\/title>\n<meta name=\"robots\" content=\"index, follow, max-snippet:-1, max-image-preview:large, max-video-preview:-1\" \/>\n<link rel=\"canonical\" href=\"https:\/\/www.justiceinfo.net\/fr\/33789-mexique-meutre-appel-ong-justice-coahuila-cpi.html\" \/>\n<meta property=\"og:locale\" content=\"fr_FR\" \/>\n<meta property=\"og:type\" content=\"article\" \/>\n<meta property=\"og:title\" content=\"Mexique\/CPI : quand le crime organis\u00e9 devient crime contre l&#039;humanit\u00e9\" \/>\n<meta property=\"og:description\" content=\"Une centaine d\u2019organisations mexicaines de d\u00e9fense des droits de l\u2019homme demandent \u00e0 la procureure de la Cour p\u00e9nale internationale (CPI) d\u2019ouvrir un examen pr\u00e9liminaire sur les crimes commis dans l\u2019Etat de Coahuila au nord du Mexique, entre 2009 et 2016. Elles d\u00e9noncent une \u00ab\u00a0collusion\u00a0\u00bb entre les autorit\u00e9s du pays et les cartels, dans les meurtres, [&hellip;]\" \/>\n<meta property=\"og:url\" content=\"https:\/\/www.justiceinfo.net\/fr\/33789-mexique-meutre-appel-ong-justice-coahuila-cpi.html\" \/>\n<meta property=\"og:site_name\" content=\"JusticeInfo.net\" \/>\n<meta property=\"article:publisher\" content=\"https:\/\/www.facebook.com\/JusticeInfo\/\" \/>\n<meta property=\"article:published_time\" content=\"2017-07-06T05:19:20+00:00\" \/>\n<meta property=\"og:image\" content=\"https:\/\/www.justiceinfo.net\/wp-content\/uploads\/12e690c4b835c0a9981d15cd1844af51.jpg\" \/>\n\t<meta property=\"og:image:width\" content=\"768\" \/>\n\t<meta property=\"og:image:height\" content=\"512\" \/>\n\t<meta property=\"og:image:type\" content=\"image\/jpeg\" \/>\n<meta name=\"author\" content=\"St\u00e9phanie Maupas\" \/>\n<meta name=\"twitter:card\" content=\"summary_large_image\" \/>\n<meta name=\"twitter:creator\" content=\"@justiceinfonet\" \/>\n<meta name=\"twitter:site\" content=\"@justiceinfonet\" \/>\n<meta name=\"twitter:label1\" content=\"\u00c9crit par\" \/>\n\t<meta name=\"twitter:data1\" content=\"St\u00e9phanie Maupas\" \/>\n\t<meta name=\"twitter:label2\" content=\"Dur\u00e9e de lecture estim\u00e9e\" \/>\n\t<meta name=\"twitter:data2\" content=\"6 minutes\" \/>\n<script type=\"application\/ld+json\" class=\"yoast-schema-graph\">{\"@context\":\"https:\/\/schema.org\",\"@graph\":[{\"@type\":\"NewsArticle\",\"@id\":\"https:\/\/www.justiceinfo.net\/fr\/33789-mexique-meutre-appel-ong-justice-coahuila-cpi.html#article\",\"isPartOf\":{\"@id\":\"https:\/\/www.justiceinfo.net\/fr\/33789-mexique-meutre-appel-ong-justice-coahuila-cpi.html\"},\"author\":{\"name\":\"solivri\",\"@id\":\"https:\/\/www.justiceinfo.net\/fr#\/schema\/person\/6e53cba1629e2e66f3fc1821d3091865\"},\"headline\":\"Mexique\/CPI : quand le crime organis\u00e9 devient crime contre l'humanit\u00e9\",\"datePublished\":\"2017-07-06T05:19:20+00:00\",\"mainEntityOfPage\":{\"@id\":\"https:\/\/www.justiceinfo.net\/fr\/33789-mexique-meutre-appel-ong-justice-coahuila-cpi.html\"},\"wordCount\":1115,\"commentCount\":0,\"publisher\":{\"@id\":\"https:\/\/www.justiceinfo.net\/fr#organization\"},\"image\":{\"@id\":\"https:\/\/www.justiceinfo.net\/fr\/33789-mexique-meutre-appel-ong-justice-coahuila-cpi.html#primaryimage\"},\"thumbnailUrl\":\"https:\/\/www.justiceinfo.net\/wp-content\/uploads\/12e690c4b835c0a9981d15cd1844af51.jpg\",\"articleSection\":[\"CPI\"],\"inLanguage\":\"fr-FR\",\"potentialAction\":[{\"@type\":\"CommentAction\",\"name\":\"Comment\",\"target\":[\"https:\/\/www.justiceinfo.net\/fr\/33789-mexique-meutre-appel-ong-justice-coahuila-cpi.html#respond\"]}]},{\"@type\":\"WebPage\",\"@id\":\"https:\/\/www.justiceinfo.net\/fr\/33789-mexique-meutre-appel-ong-justice-coahuila-cpi.html\",\"url\":\"https:\/\/www.justiceinfo.net\/fr\/33789-mexique-meutre-appel-ong-justice-coahuila-cpi.html\",\"name\":\"Mexique\/CPI : quand le crime organis\u00e9 devient crime contre l'humanit\u00e9 - JusticeInfo.net\",\"isPartOf\":{\"@id\":\"https:\/\/www.justiceinfo.net\/fr#website\"},\"primaryImageOfPage\":{\"@id\":\"https:\/\/www.justiceinfo.net\/fr\/33789-mexique-meutre-appel-ong-justice-coahuila-cpi.html#primaryimage\"},\"image\":{\"@id\":\"https:\/\/www.justiceinfo.net\/fr\/33789-mexique-meutre-appel-ong-justice-coahuila-cpi.html#primaryimage\"},\"thumbnailUrl\":\"https:\/\/www.justiceinfo.net\/wp-content\/uploads\/12e690c4b835c0a9981d15cd1844af51.jpg\",\"datePublished\":\"2017-07-06T05:19:20+00:00\",\"breadcrumb\":{\"@id\":\"https:\/\/www.justiceinfo.net\/fr\/33789-mexique-meutre-appel-ong-justice-coahuila-cpi.html#breadcrumb\"},\"inLanguage\":\"fr-FR\",\"potentialAction\":[{\"@type\":\"ReadAction\",\"target\":[\"https:\/\/www.justiceinfo.net\/fr\/33789-mexique-meutre-appel-ong-justice-coahuila-cpi.html\"]}]},{\"@type\":\"ImageObject\",\"inLanguage\":\"fr-FR\",\"@id\":\"https:\/\/www.justiceinfo.net\/fr\/33789-mexique-meutre-appel-ong-justice-coahuila-cpi.html#primaryimage\",\"url\":\"https:\/\/www.justiceinfo.net\/wp-content\/uploads\/12e690c4b835c0a9981d15cd1844af51.jpg\",\"contentUrl\":\"https:\/\/www.justiceinfo.net\/wp-content\/uploads\/12e690c4b835c0a9981d15cd1844af51.jpg\",\"width\":768,\"height\":512},{\"@type\":\"BreadcrumbList\",\"@id\":\"https:\/\/www.justiceinfo.net\/fr\/33789-mexique-meutre-appel-ong-justice-coahuila-cpi.html#breadcrumb\",\"itemListElement\":[{\"@type\":\"ListItem\",\"position\":1,\"name\":\"Home\",\"item\":\"https:\/\/www.justiceinfo.net\/fr\"},{\"@type\":\"ListItem\",\"position\":2,\"name\":\"Mexique\/CPI : quand le crime organis\u00e9 devient crime contre l'humanit\u00e9\"}]},{\"@type\":\"WebSite\",\"@id\":\"https:\/\/www.justiceinfo.net\/fr#website\",\"url\":\"https:\/\/www.justiceinfo.net\/fr\",\"name\":\"JusticeInfo.net\",\"description\":\"La justice doit \u00eatre vue pour \u00eatre rendue\",\"publisher\":{\"@id\":\"https:\/\/www.justiceinfo.net\/fr#organization\"},\"potentialAction\":[{\"@type\":\"SearchAction\",\"target\":{\"@type\":\"EntryPoint\",\"urlTemplate\":\"https:\/\/www.justiceinfo.net\/fr?s={search_term_string}\"},\"query-input\":{\"@type\":\"PropertyValueSpecification\",\"valueRequired\":true,\"valueName\":\"search_term_string\"}}],\"inLanguage\":\"fr-FR\"},{\"@type\":\"Organization\",\"@id\":\"https:\/\/www.justiceinfo.net\/fr#organization\",\"name\":\"Justice Info\",\"url\":\"https:\/\/www.justiceinfo.net\/fr\",\"logo\":{\"@type\":\"ImageObject\",\"inLanguage\":\"fr-FR\",\"@id\":\"https:\/\/www.justiceinfo.net\/fr#\/schema\/logo\/image\/\",\"url\":\"https:\/\/www.justiceinfo.net\/wp-content\/uploads\/justiceinfo_logo-trans_1200x1200px.png\",\"contentUrl\":\"https:\/\/www.justiceinfo.net\/wp-content\/uploads\/justiceinfo_logo-trans_1200x1200px.png\",\"width\":1199,\"height\":1200,\"caption\":\"Justice Info\"},\"image\":{\"@id\":\"https:\/\/www.justiceinfo.net\/fr#\/schema\/logo\/image\/\"},\"sameAs\":[\"https:\/\/www.facebook.com\/JusticeInfo\/\",\"https:\/\/x.com\/justiceinfonet\",\"https:\/\/www.linkedin.com\/company\/justice-info\",\"https:\/\/www.youtube.com\/channel\/UCyCEsARodyuWtkWyhn-e7pA\"]},{\"@type\":\"Person\",\"name\":\"St\u00e9phanie Maupas\",\"url\":\"\/fr\/?s=St\u00e9phanie Maupas\"}]}<\/script>\n<!-- \/ Yoast SEO Premium plugin. -->","yoast_head_json":{"title":"Mexique\/CPI : quand le crime organis\u00e9 devient crime contre l'humanit\u00e9 - JusticeInfo.net","robots":{"index":"index","follow":"follow","max-snippet":"max-snippet:-1","max-image-preview":"max-image-preview:large","max-video-preview":"max-video-preview:-1"},"canonical":"https:\/\/www.justiceinfo.net\/fr\/33789-mexique-meutre-appel-ong-justice-coahuila-cpi.html","og_locale":"fr_FR","og_type":"article","og_title":"Mexique\/CPI : quand le crime organis\u00e9 devient crime contre l'humanit\u00e9","og_description":"Une centaine d\u2019organisations mexicaines de d\u00e9fense des droits de l\u2019homme demandent \u00e0 la procureure de la Cour p\u00e9nale internationale (CPI) d\u2019ouvrir un examen pr\u00e9liminaire sur les crimes commis dans l\u2019Etat de Coahuila au nord du Mexique, entre 2009 et 2016. Elles d\u00e9noncent une \u00ab\u00a0collusion\u00a0\u00bb entre les autorit\u00e9s du pays et les cartels, dans les meurtres, [&hellip;]","og_url":"https:\/\/www.justiceinfo.net\/fr\/33789-mexique-meutre-appel-ong-justice-coahuila-cpi.html","og_site_name":"JusticeInfo.net","article_publisher":"https:\/\/www.facebook.com\/JusticeInfo\/","article_published_time":"2017-07-06T05:19:20+00:00","og_image":[{"width":768,"height":512,"url":"https:\/\/www.justiceinfo.net\/wp-content\/uploads\/12e690c4b835c0a9981d15cd1844af51.jpg","type":"image\/jpeg"}],"author":"St\u00e9phanie Maupas","twitter_card":"summary_large_image","twitter_creator":"@justiceinfonet","twitter_site":"@justiceinfonet","twitter_misc":{"\u00c9crit par":"St\u00e9phanie Maupas","Dur\u00e9e de lecture estim\u00e9e":"6 minutes"},"schema":{"@context":"https:\/\/schema.org","@graph":[{"@type":"NewsArticle","@id":"https:\/\/www.justiceinfo.net\/fr\/33789-mexique-meutre-appel-ong-justice-coahuila-cpi.html#article","isPartOf":{"@id":"https:\/\/www.justiceinfo.net\/fr\/33789-mexique-meutre-appel-ong-justice-coahuila-cpi.html"},"author":{"name":"solivri","@id":"https:\/\/www.justiceinfo.net\/fr#\/schema\/person\/6e53cba1629e2e66f3fc1821d3091865"},"headline":"Mexique\/CPI : quand le crime organis\u00e9 devient crime contre l'humanit\u00e9","datePublished":"2017-07-06T05:19:20+00:00","mainEntityOfPage":{"@id":"https:\/\/www.justiceinfo.net\/fr\/33789-mexique-meutre-appel-ong-justice-coahuila-cpi.html"},"wordCount":1115,"commentCount":0,"publisher":{"@id":"https:\/\/www.justiceinfo.net\/fr#organization"},"image":{"@id":"https:\/\/www.justiceinfo.net\/fr\/33789-mexique-meutre-appel-ong-justice-coahuila-cpi.html#primaryimage"},"thumbnailUrl":"https:\/\/www.justiceinfo.net\/wp-content\/uploads\/12e690c4b835c0a9981d15cd1844af51.jpg","articleSection":["CPI"],"inLanguage":"fr-FR","potentialAction":[{"@type":"CommentAction","name":"Comment","target":["https:\/\/www.justiceinfo.net\/fr\/33789-mexique-meutre-appel-ong-justice-coahuila-cpi.html#respond"]}]},{"@type":"WebPage","@id":"https:\/\/www.justiceinfo.net\/fr\/33789-mexique-meutre-appel-ong-justice-coahuila-cpi.html","url":"https:\/\/www.justiceinfo.net\/fr\/33789-mexique-meutre-appel-ong-justice-coahuila-cpi.html","name":"Mexique\/CPI : quand le crime organis\u00e9 devient crime contre l'humanit\u00e9 - JusticeInfo.net","isPartOf":{"@id":"https:\/\/www.justiceinfo.net\/fr#website"},"primaryImageOfPage":{"@id":"https:\/\/www.justiceinfo.net\/fr\/33789-mexique-meutre-appel-ong-justice-coahuila-cpi.html#primaryimage"},"image":{"@id":"https:\/\/www.justiceinfo.net\/fr\/33789-mexique-meutre-appel-ong-justice-coahuila-cpi.html#primaryimage"},"thumbnailUrl":"https:\/\/www.justiceinfo.net\/wp-content\/uploads\/12e690c4b835c0a9981d15cd1844af51.jpg","datePublished":"2017-07-06T05:19:20+00:00","breadcrumb":{"@id":"https:\/\/www.justiceinfo.net\/fr\/33789-mexique-meutre-appel-ong-justice-coahuila-cpi.html#breadcrumb"},"inLanguage":"fr-FR","potentialAction":[{"@type":"ReadAction","target":["https:\/\/www.justiceinfo.net\/fr\/33789-mexique-meutre-appel-ong-justice-coahuila-cpi.html"]}]},{"@type":"ImageObject","inLanguage":"fr-FR","@id":"https:\/\/www.justiceinfo.net\/fr\/33789-mexique-meutre-appel-ong-justice-coahuila-cpi.html#primaryimage","url":"https:\/\/www.justiceinfo.net\/wp-content\/uploads\/12e690c4b835c0a9981d15cd1844af51.jpg","contentUrl":"https:\/\/www.justiceinfo.net\/wp-content\/uploads\/12e690c4b835c0a9981d15cd1844af51.jpg","width":768,"height":512},{"@type":"BreadcrumbList","@id":"https:\/\/www.justiceinfo.net\/fr\/33789-mexique-meutre-appel-ong-justice-coahuila-cpi.html#breadcrumb","itemListElement":[{"@type":"ListItem","position":1,"name":"Home","item":"https:\/\/www.justiceinfo.net\/fr"},{"@type":"ListItem","position":2,"name":"Mexique\/CPI : quand le crime organis\u00e9 devient crime contre l'humanit\u00e9"}]},{"@type":"WebSite","@id":"https:\/\/www.justiceinfo.net\/fr#website","url":"https:\/\/www.justiceinfo.net\/fr","name":"JusticeInfo.net","description":"La justice doit \u00eatre vue pour \u00eatre rendue","publisher":{"@id":"https:\/\/www.justiceinfo.net\/fr#organization"},"potentialAction":[{"@type":"SearchAction","target":{"@type":"EntryPoint","urlTemplate":"https:\/\/www.justiceinfo.net\/fr?s={search_term_string}"},"query-input":{"@type":"PropertyValueSpecification","valueRequired":true,"valueName":"search_term_string"}}],"inLanguage":"fr-FR"},{"@type":"Organization","@id":"https:\/\/www.justiceinfo.net\/fr#organization","name":"Justice Info","url":"https:\/\/www.justiceinfo.net\/fr","logo":{"@type":"ImageObject","inLanguage":"fr-FR","@id":"https:\/\/www.justiceinfo.net\/fr#\/schema\/logo\/image\/","url":"https:\/\/www.justiceinfo.net\/wp-content\/uploads\/justiceinfo_logo-trans_1200x1200px.png","contentUrl":"https:\/\/www.justiceinfo.net\/wp-content\/uploads\/justiceinfo_logo-trans_1200x1200px.png","width":1199,"height":1200,"caption":"Justice Info"},"image":{"@id":"https:\/\/www.justiceinfo.net\/fr#\/schema\/logo\/image\/"},"sameAs":["https:\/\/www.facebook.com\/JusticeInfo\/","https:\/\/x.com\/justiceinfonet","https:\/\/www.linkedin.com\/company\/justice-info","https:\/\/www.youtube.com\/channel\/UCyCEsARodyuWtkWyhn-e7pA"]},{"@type":"Person","name":"St\u00e9phanie Maupas","url":"\/fr\/?s=St\u00e9phanie Maupas"}]}},"_links":{"self":[{"href":"https:\/\/www.justiceinfo.net\/fr\/wp-json\/wp\/v2\/posts\/33789","targetHints":{"allow":["GET"]}}],"collection":[{"href":"https:\/\/www.justiceinfo.net\/fr\/wp-json\/wp\/v2\/posts"}],"about":[{"href":"https:\/\/www.justiceinfo.net\/fr\/wp-json\/wp\/v2\/types\/post"}],"author":[{"embeddable":true,"href":"https:\/\/www.justiceinfo.net\/fr\/wp-json\/wp\/v2\/users\/64"}],"replies":[{"embeddable":true,"href":"https:\/\/www.justiceinfo.net\/fr\/wp-json\/wp\/v2\/comments?post=33789"}],"version-history":[{"count":0,"href":"https:\/\/www.justiceinfo.net\/fr\/wp-json\/wp\/v2\/posts\/33789\/revisions"}],"wp:featuredmedia":[{"embeddable":true,"href":"https:\/\/www.justiceinfo.net\/fr\/wp-json\/wp\/v2\/media\/62950"}],"wp:attachment":[{"href":"https:\/\/www.justiceinfo.net\/fr\/wp-json\/wp\/v2\/media?parent=33789"}],"wp:term":[{"taxonomy":"category","embeddable":true,"href":"https:\/\/www.justiceinfo.net\/fr\/wp-json\/wp\/v2\/categories?post=33789"},{"taxonomy":"post_tag","embeddable":true,"href":"https:\/\/www.justiceinfo.net\/fr\/wp-json\/wp\/v2\/tags?post=33789"},{"taxonomy":"ji_location","embeddable":true,"href":"https:\/\/www.justiceinfo.net\/fr\/wp-json\/wp\/v2\/ji_location?post=33789"}],"curies":[{"name":"wp","href":"https:\/\/api.w.org\/{rel}","templated":true}]}}