{"id":33806,"date":"2017-07-07T11:55:03","date_gmt":"2017-07-07T09:55:03","guid":{"rendered":"https:\/\/www.justiceinfo.net\/33806-des-ceremonies-vaudou-pour-purger-le-togo-de-son-passe-violent.html"},"modified":"2017-07-07T11:55:03","modified_gmt":"2017-07-07T09:55:03","slug":"des-ceremonies-vaudou-pour-purger-le-togo-de-son-passe-violent","status":"publish","type":"post","link":"https:\/\/www.justiceinfo.net\/fr\/33806-des-ceremonies-vaudou-pour-purger-le-togo-de-son-passe-violent.html","title":{"rendered":"Des c\u00e9r\u00e9monies vaudou pour purger le Togo de son pass\u00e9 violent"},"content":{"rendered":"<p>Torse nu et perles autour du cou, un vaudoussi, un adepte du vaudou, se tient debout au milieu de la place publique de B\u00e8, un quartier populaire de Lom\u00e9 o\u00f9 se d\u00e9roule une c\u00e9r\u00e9monie visant \u00e0 purger le Togo de son pass\u00e9 violent.<\/p>\n<p>Entour\u00e9 d'une dizaine de grands pr\u00eatres traditionnels, l'homme prononce des incantations et verse sur le sol une boisson en offrande aux divinit\u00e9s.<\/p>\n<p>Dans un grand silence, un b\u00e9lier et un coq sont immol\u00e9s.<\/p>\n<p>\"C'est fini, le sang humain ne doit plus couler sur la terre de nos a\u00efeux \u00e0 la fin de la c\u00e9r\u00e9monie de purification du pays\", lance cet initi\u00e9.<\/p>\n<p>Le gouvernement togolais a annonc\u00e9 la semaine derni\u00e8re que des \"c\u00e9r\u00e9monies de purification\" men\u00e9es par les quatre grandes religions du pays (catholique, \u00e9vang\u00e9lique, musulmane et vaudou) seraient organis\u00e9es du 3 au 9 juillet. L'objectif: purger le pays de son pass\u00e9 violent et promouvoir la r\u00e9conciliation.<\/p>\n<p>En 2005 - au moment d'une \u00e9lection pr\u00e9sidentielle - le Togo a \u00e9t\u00e9 secou\u00e9 par une s\u00e9rie de violences politiques.<\/p>\n<p>Le gouvernement n'a jamais donn\u00e9 de bilan officiel des troubles qui ont entach\u00e9 ce scrutin remport\u00e9 par l'actuel chef de l'\u00c9tat Faure Gnassingb\u00e9.<\/p>\n<p>Les estimations varient de 105 morts, selon une association proche du pouvoir, \u00e0 811 selon l'opposition. L'ONU a de son c\u00f4t\u00e9 estim\u00e9 qu'il y avait eu \"entre 400 et 500 morts\".<\/p>\n<p>\"Beaucoup de c\u00e9r\u00e9monies ont eu lieu depuis dimanche dans les couvents entre initi\u00e9s vaudou. Le pays est d\u00e9sormais purifi\u00e9\", confie une adepte d'H\u00e9biosso, le dieu du tonnerre.<\/p>\n<p>Ces c\u00e9r\u00e9monies de \"purification\" devaient se poursuivre avec des pri\u00e8res vendredi dans les mosqu\u00e9es et dimanche dans les \u00e9glises.<\/p>\n<p>- Un lieu symbolique -<\/p>\n<p>A Lom\u00e9, une centaine de grands pr\u00eatres vaudou et chefs traditionnels ont assist\u00e9 aux rituels sur une place publique au bord de la lagune de B\u00e8. Poitrine d\u00e9couverte, des pr\u00eatresses ont chant\u00e9 et dans\u00e9 avant d'asperger la foule d'eau b\u00e9nite des couvents vaudou.<\/p>\n<p>\"Ce sont les oracles qui nous ont indiqu\u00e9 la berge pour les c\u00e9r\u00e9monies. Et nous savons tous ce qui s'est pass\u00e9 dans cette lagune \u00e0 une \u00e9poque donn\u00e9e\", explique Togbui Gnagblondjro III, pr\u00e9sident de la conf\u00e9d\u00e9ration nationale des pr\u00eatres vaudou du Togo.<\/p>\n<p>Le 11 avril 1991, au lendemain d'une manifestation de l'opposition, 28 corps avaient \u00e9t\u00e9 rep\u00each\u00e9s dans cette lagune, dans une autre flamb\u00e9e de violence politique de l'histoire r\u00e9cente de cette ancienne colonie fran\u00e7aise.<\/p>\n<p>Les opposants avaient accus\u00e9 les militaires d'avoir \"massacr\u00e9\" des manifestants la nuit, avant de jeter leurs corps dans cette lagune. Accusation rejet\u00e9e par le pouvoir, pour qui ces corps avaient \u00e9t\u00e9 retir\u00e9s de la morgue pour \u00eatre jet\u00e9s dans la lagune.<\/p>\n<p>\"Les c\u00e9r\u00e9monies se sont d\u00e9roul\u00e9es \u00e0 c\u00f4t\u00e9 de cette lagune pour apaiser les esprits des personnes et de tous les enfants de ce pays qui ont vers\u00e9 leur sang\", explique Gnagblondjro, qui porte un pagne et un chapeau traditionnels.<\/p>\n<p>\"Chez nous en Afrique, il faut toujours des c\u00e9r\u00e9monies de purification apr\u00e8s des mortes violentes\", ajoute le patron des vaudou.<\/p>\n<p>\"Apr\u00e8s cette c\u00e9r\u00e9monie, le sang humain ne doit plus couler. Les oracles demandent aux forces de l'ordre de ne plus tirer sur les gens. Ils invitent aussi la population \u00e0 ne plus les provoquer\", pr\u00e9cise-t-il.<\/p>\n<p>- 'Une supercherie' -<\/p>\n<p>Bien avant de faire appel \u00e0 la religion, le Togo a mis en place une Commission v\u00e9rit\u00e9, justice et r\u00e9conciliation, charg\u00e9e de faire la lumi\u00e8re sur les violences politiques de 1958 - date \u00e0 laquelle la France promet d'accorder l'ind\u00e9pendance - \u00e0 2005, et voir comment indemniser les victimes.<\/p>\n<p>En 2011, la Commission a tenu une s\u00e9rie d'audiences priv\u00e9es et \u00e0 huis clos, qui lui ont permis d'identifier 22.415 victimes \u00e0 indemniser.<\/p>\n<p>Environ 2.475 le seront lors d'une premi\u00e8re phase \u00e0 hauteur de deux milliards de FCFA (3 millions d'euros), d'autres doivent l'\u00eatre apr\u00e8s les purifications, selon le gouvernement.<\/p>\n<p>Aucun auteur pr\u00e9sum\u00e9 des violences n'a \u00e9t\u00e9 poursuivi en justice depuis 2005 et, \u00e0 plusieurs reprises le pr\u00e9sident Gnassingbe a \u00e9t\u00e9 invit\u00e9 \u00e0 mettre un terme \u00e0 l'impunit\u00e9.<\/p>\n<p>Le recours au vaudou et aux autres cultes n'a pas convaincu tout le monde.<\/p>\n<p>Francis Pedro Amuzu, membre du principal parti d'opposition, l'Alliance nationale pour le changement, a demand\u00e9 \u00e0 ses militants de rester loin des c\u00e9r\u00e9monies.<\/p>\n<p>\"C'est de la supercherie, ajoute-t-il, les bourreaux doivent d'abord reconna\u00eetre qu'ils ont commis des crimes et demander au peuple pardon\".<\/p>\n","protected":false},"excerpt":{"rendered":"<p>Torse nu et perles autour du cou, un vaudoussi, un adepte du vaudou, se tient debout au milieu de la place publique de B\u00e8, un quartier populaire de Lom\u00e9 o\u00f9 se d\u00e9roule une c\u00e9r\u00e9monie visant \u00e0 purger le Togo de son pass\u00e9 violent. Entour\u00e9 d'une dizaine de grands pr\u00eatres traditionnels, l'homme prononce des incantations et [&hellip;]<\/p>\n","protected":false},"author":60,"featured_media":0,"comment_status":"open","ping_status":"closed","sticky":false,"template":"","format":"standard","meta":{"_acf_changed":false,"footnotes":""},"categories":[556],"tags":[],"ji_location":[2512],"class_list":["post-33806","post","type-post","status-publish","format-standard","hentry","category-divers","ji_location-togo"],"acf":[],"yoast_head":"<!-- This site is optimized with the Yoast SEO Premium plugin v25.3.1 (Yoast SEO v25.3.1) - https:\/\/yoast.com\/wordpress\/plugins\/seo\/ -->\n<title>Des c\u00e9r\u00e9monies vaudou pour purger le Togo de son pass\u00e9 violent - JusticeInfo.net<\/title>\n<meta name=\"robots\" content=\"index, follow, max-snippet:-1, max-image-preview:large, max-video-preview:-1\" \/>\n<link rel=\"canonical\" href=\"https:\/\/www.justiceinfo.net\/fr\/33806-des-ceremonies-vaudou-pour-purger-le-togo-de-son-passe-violent.html\" \/>\n<meta property=\"og:locale\" content=\"fr_FR\" \/>\n<meta property=\"og:type\" content=\"article\" \/>\n<meta property=\"og:title\" content=\"Des c\u00e9r\u00e9monies vaudou pour purger le Togo de son pass\u00e9 violent\" \/>\n<meta property=\"og:description\" content=\"Torse nu et perles autour du cou, un vaudoussi, un adepte du vaudou, se tient debout au milieu de la place publique de B\u00e8, un quartier populaire de Lom\u00e9 o\u00f9 se d\u00e9roule une c\u00e9r\u00e9monie visant \u00e0 purger le Togo de son pass\u00e9 violent. Entour\u00e9 d&#039;une dizaine de grands pr\u00eatres traditionnels, l&#039;homme prononce des incantations et [&hellip;]\" \/>\n<meta property=\"og:url\" content=\"https:\/\/www.justiceinfo.net\/fr\/33806-des-ceremonies-vaudou-pour-purger-le-togo-de-son-passe-violent.html\" \/>\n<meta property=\"og:site_name\" content=\"JusticeInfo.net\" \/>\n<meta property=\"article:publisher\" content=\"https:\/\/www.facebook.com\/JusticeInfo\/\" \/>\n<meta property=\"article:published_time\" content=\"2017-07-07T09:55:03+00:00\" \/>\n<meta property=\"og:image\" content=\"https:\/\/www.justiceinfo.net\/wp-content\/uploads\/JusticeInfoNet_logo_1200x630px.jpg\" \/>\n\t<meta property=\"og:image:width\" content=\"1200\" \/>\n\t<meta property=\"og:image:height\" content=\"630\" \/>\n\t<meta property=\"og:image:type\" content=\"image\/jpeg\" \/>\n<meta name=\"author\" content=\"AFP\" \/>\n<meta name=\"twitter:card\" content=\"summary_large_image\" \/>\n<meta name=\"twitter:creator\" content=\"@justiceinfonet\" \/>\n<meta name=\"twitter:site\" content=\"@justiceinfonet\" \/>\n<meta name=\"twitter:label1\" content=\"\u00c9crit par\" \/>\n\t<meta name=\"twitter:data1\" content=\"AFP\" \/>\n\t<meta name=\"twitter:label2\" content=\"Dur\u00e9e de lecture estim\u00e9e\" \/>\n\t<meta name=\"twitter:data2\" content=\"4 minutes\" \/>\n<script type=\"application\/ld+json\" class=\"yoast-schema-graph\">{\"@context\":\"https:\/\/schema.org\",\"@graph\":[{\"@type\":\"NewsArticle\",\"@id\":\"https:\/\/www.justiceinfo.net\/fr\/33806-des-ceremonies-vaudou-pour-purger-le-togo-de-son-passe-violent.html#article\",\"isPartOf\":{\"@id\":\"https:\/\/www.justiceinfo.net\/fr\/33806-des-ceremonies-vaudou-pour-purger-le-togo-de-son-passe-violent.html\"},\"author\":{\"name\":\"afp\",\"@id\":\"https:\/\/www.justiceinfo.net\/fr#\/schema\/person\/713d340ef5f218fc36ce9b4244364a7f\"},\"headline\":\"Des c\u00e9r\u00e9monies vaudou pour purger le Togo de son pass\u00e9 violent\",\"datePublished\":\"2017-07-07T09:55:03+00:00\",\"mainEntityOfPage\":{\"@id\":\"https:\/\/www.justiceinfo.net\/fr\/33806-des-ceremonies-vaudou-pour-purger-le-togo-de-son-passe-violent.html\"},\"wordCount\":805,\"commentCount\":0,\"publisher\":{\"@id\":\"https:\/\/www.justiceinfo.net\/fr#organization\"},\"articleSection\":[\"Divers\"],\"inLanguage\":\"fr-FR\",\"potentialAction\":[{\"@type\":\"CommentAction\",\"name\":\"Comment\",\"target\":[\"https:\/\/www.justiceinfo.net\/fr\/33806-des-ceremonies-vaudou-pour-purger-le-togo-de-son-passe-violent.html#respond\"]}]},{\"@type\":\"WebPage\",\"@id\":\"https:\/\/www.justiceinfo.net\/fr\/33806-des-ceremonies-vaudou-pour-purger-le-togo-de-son-passe-violent.html\",\"url\":\"https:\/\/www.justiceinfo.net\/fr\/33806-des-ceremonies-vaudou-pour-purger-le-togo-de-son-passe-violent.html\",\"name\":\"Des c\u00e9r\u00e9monies vaudou pour purger le Togo de son pass\u00e9 violent - JusticeInfo.net\",\"isPartOf\":{\"@id\":\"https:\/\/www.justiceinfo.net\/fr#website\"},\"datePublished\":\"2017-07-07T09:55:03+00:00\",\"breadcrumb\":{\"@id\":\"https:\/\/www.justiceinfo.net\/fr\/33806-des-ceremonies-vaudou-pour-purger-le-togo-de-son-passe-violent.html#breadcrumb\"},\"inLanguage\":\"fr-FR\",\"potentialAction\":[{\"@type\":\"ReadAction\",\"target\":[\"https:\/\/www.justiceinfo.net\/fr\/33806-des-ceremonies-vaudou-pour-purger-le-togo-de-son-passe-violent.html\"]}]},{\"@type\":\"BreadcrumbList\",\"@id\":\"https:\/\/www.justiceinfo.net\/fr\/33806-des-ceremonies-vaudou-pour-purger-le-togo-de-son-passe-violent.html#breadcrumb\",\"itemListElement\":[{\"@type\":\"ListItem\",\"position\":1,\"name\":\"Home\",\"item\":\"https:\/\/www.justiceinfo.net\/fr\"},{\"@type\":\"ListItem\",\"position\":2,\"name\":\"Des c\u00e9r\u00e9monies vaudou pour purger le Togo de son pass\u00e9 violent\"}]},{\"@type\":\"WebSite\",\"@id\":\"https:\/\/www.justiceinfo.net\/fr#website\",\"url\":\"https:\/\/www.justiceinfo.net\/fr\",\"name\":\"JusticeInfo.net\",\"description\":\"La justice doit \u00eatre vue pour \u00eatre rendue\",\"publisher\":{\"@id\":\"https:\/\/www.justiceinfo.net\/fr#organization\"},\"potentialAction\":[{\"@type\":\"SearchAction\",\"target\":{\"@type\":\"EntryPoint\",\"urlTemplate\":\"https:\/\/www.justiceinfo.net\/fr?s={search_term_string}\"},\"query-input\":{\"@type\":\"PropertyValueSpecification\",\"valueRequired\":true,\"valueName\":\"search_term_string\"}}],\"inLanguage\":\"fr-FR\"},{\"@type\":\"Organization\",\"@id\":\"https:\/\/www.justiceinfo.net\/fr#organization\",\"name\":\"Justice Info\",\"url\":\"https:\/\/www.justiceinfo.net\/fr\",\"logo\":{\"@type\":\"ImageObject\",\"inLanguage\":\"fr-FR\",\"@id\":\"https:\/\/www.justiceinfo.net\/fr#\/schema\/logo\/image\/\",\"url\":\"https:\/\/www.justiceinfo.net\/wp-content\/uploads\/justiceinfo_logo-trans_1200x1200px.png\",\"contentUrl\":\"https:\/\/www.justiceinfo.net\/wp-content\/uploads\/justiceinfo_logo-trans_1200x1200px.png\",\"width\":1199,\"height\":1200,\"caption\":\"Justice Info\"},\"image\":{\"@id\":\"https:\/\/www.justiceinfo.net\/fr#\/schema\/logo\/image\/\"},\"sameAs\":[\"https:\/\/www.facebook.com\/JusticeInfo\/\",\"https:\/\/x.com\/justiceinfonet\",\"https:\/\/www.linkedin.com\/company\/justice-info\",\"https:\/\/www.youtube.com\/channel\/UCyCEsARodyuWtkWyhn-e7pA\"]},{\"@type\":\"Person\",\"name\":\"AFP\",\"url\":\"\/fr\/?s=AFP\"}]}<\/script>\n<!-- \/ Yoast SEO Premium plugin. -->","yoast_head_json":{"title":"Des c\u00e9r\u00e9monies vaudou pour purger le Togo de son pass\u00e9 violent - JusticeInfo.net","robots":{"index":"index","follow":"follow","max-snippet":"max-snippet:-1","max-image-preview":"max-image-preview:large","max-video-preview":"max-video-preview:-1"},"canonical":"https:\/\/www.justiceinfo.net\/fr\/33806-des-ceremonies-vaudou-pour-purger-le-togo-de-son-passe-violent.html","og_locale":"fr_FR","og_type":"article","og_title":"Des c\u00e9r\u00e9monies vaudou pour purger le Togo de son pass\u00e9 violent","og_description":"Torse nu et perles autour du cou, un vaudoussi, un adepte du vaudou, se tient debout au milieu de la place publique de B\u00e8, un quartier populaire de Lom\u00e9 o\u00f9 se d\u00e9roule une c\u00e9r\u00e9monie visant \u00e0 purger le Togo de son pass\u00e9 violent. Entour\u00e9 d'une dizaine de grands pr\u00eatres traditionnels, l'homme prononce des incantations et [&hellip;]","og_url":"https:\/\/www.justiceinfo.net\/fr\/33806-des-ceremonies-vaudou-pour-purger-le-togo-de-son-passe-violent.html","og_site_name":"JusticeInfo.net","article_publisher":"https:\/\/www.facebook.com\/JusticeInfo\/","article_published_time":"2017-07-07T09:55:03+00:00","og_image":[{"width":1200,"height":630,"url":"https:\/\/www.justiceinfo.net\/wp-content\/uploads\/JusticeInfoNet_logo_1200x630px.jpg","type":"image\/jpeg"}],"author":"AFP","twitter_card":"summary_large_image","twitter_creator":"@justiceinfonet","twitter_site":"@justiceinfonet","twitter_misc":{"\u00c9crit par":"AFP","Dur\u00e9e de lecture estim\u00e9e":"4 minutes"},"schema":{"@context":"https:\/\/schema.org","@graph":[{"@type":"NewsArticle","@id":"https:\/\/www.justiceinfo.net\/fr\/33806-des-ceremonies-vaudou-pour-purger-le-togo-de-son-passe-violent.html#article","isPartOf":{"@id":"https:\/\/www.justiceinfo.net\/fr\/33806-des-ceremonies-vaudou-pour-purger-le-togo-de-son-passe-violent.html"},"author":{"name":"afp","@id":"https:\/\/www.justiceinfo.net\/fr#\/schema\/person\/713d340ef5f218fc36ce9b4244364a7f"},"headline":"Des c\u00e9r\u00e9monies vaudou pour purger le Togo de son pass\u00e9 violent","datePublished":"2017-07-07T09:55:03+00:00","mainEntityOfPage":{"@id":"https:\/\/www.justiceinfo.net\/fr\/33806-des-ceremonies-vaudou-pour-purger-le-togo-de-son-passe-violent.html"},"wordCount":805,"commentCount":0,"publisher":{"@id":"https:\/\/www.justiceinfo.net\/fr#organization"},"articleSection":["Divers"],"inLanguage":"fr-FR","potentialAction":[{"@type":"CommentAction","name":"Comment","target":["https:\/\/www.justiceinfo.net\/fr\/33806-des-ceremonies-vaudou-pour-purger-le-togo-de-son-passe-violent.html#respond"]}]},{"@type":"WebPage","@id":"https:\/\/www.justiceinfo.net\/fr\/33806-des-ceremonies-vaudou-pour-purger-le-togo-de-son-passe-violent.html","url":"https:\/\/www.justiceinfo.net\/fr\/33806-des-ceremonies-vaudou-pour-purger-le-togo-de-son-passe-violent.html","name":"Des c\u00e9r\u00e9monies vaudou pour purger le Togo de son pass\u00e9 violent - JusticeInfo.net","isPartOf":{"@id":"https:\/\/www.justiceinfo.net\/fr#website"},"datePublished":"2017-07-07T09:55:03+00:00","breadcrumb":{"@id":"https:\/\/www.justiceinfo.net\/fr\/33806-des-ceremonies-vaudou-pour-purger-le-togo-de-son-passe-violent.html#breadcrumb"},"inLanguage":"fr-FR","potentialAction":[{"@type":"ReadAction","target":["https:\/\/www.justiceinfo.net\/fr\/33806-des-ceremonies-vaudou-pour-purger-le-togo-de-son-passe-violent.html"]}]},{"@type":"BreadcrumbList","@id":"https:\/\/www.justiceinfo.net\/fr\/33806-des-ceremonies-vaudou-pour-purger-le-togo-de-son-passe-violent.html#breadcrumb","itemListElement":[{"@type":"ListItem","position":1,"name":"Home","item":"https:\/\/www.justiceinfo.net\/fr"},{"@type":"ListItem","position":2,"name":"Des c\u00e9r\u00e9monies vaudou pour purger le Togo de son pass\u00e9 violent"}]},{"@type":"WebSite","@id":"https:\/\/www.justiceinfo.net\/fr#website","url":"https:\/\/www.justiceinfo.net\/fr","name":"JusticeInfo.net","description":"La justice doit \u00eatre vue pour \u00eatre rendue","publisher":{"@id":"https:\/\/www.justiceinfo.net\/fr#organization"},"potentialAction":[{"@type":"SearchAction","target":{"@type":"EntryPoint","urlTemplate":"https:\/\/www.justiceinfo.net\/fr?s={search_term_string}"},"query-input":{"@type":"PropertyValueSpecification","valueRequired":true,"valueName":"search_term_string"}}],"inLanguage":"fr-FR"},{"@type":"Organization","@id":"https:\/\/www.justiceinfo.net\/fr#organization","name":"Justice Info","url":"https:\/\/www.justiceinfo.net\/fr","logo":{"@type":"ImageObject","inLanguage":"fr-FR","@id":"https:\/\/www.justiceinfo.net\/fr#\/schema\/logo\/image\/","url":"https:\/\/www.justiceinfo.net\/wp-content\/uploads\/justiceinfo_logo-trans_1200x1200px.png","contentUrl":"https:\/\/www.justiceinfo.net\/wp-content\/uploads\/justiceinfo_logo-trans_1200x1200px.png","width":1199,"height":1200,"caption":"Justice Info"},"image":{"@id":"https:\/\/www.justiceinfo.net\/fr#\/schema\/logo\/image\/"},"sameAs":["https:\/\/www.facebook.com\/JusticeInfo\/","https:\/\/x.com\/justiceinfonet","https:\/\/www.linkedin.com\/company\/justice-info","https:\/\/www.youtube.com\/channel\/UCyCEsARodyuWtkWyhn-e7pA"]},{"@type":"Person","name":"AFP","url":"\/fr\/?s=AFP"}]}},"_links":{"self":[{"href":"https:\/\/www.justiceinfo.net\/fr\/wp-json\/wp\/v2\/posts\/33806","targetHints":{"allow":["GET"]}}],"collection":[{"href":"https:\/\/www.justiceinfo.net\/fr\/wp-json\/wp\/v2\/posts"}],"about":[{"href":"https:\/\/www.justiceinfo.net\/fr\/wp-json\/wp\/v2\/types\/post"}],"author":[{"embeddable":true,"href":"https:\/\/www.justiceinfo.net\/fr\/wp-json\/wp\/v2\/users\/60"}],"replies":[{"embeddable":true,"href":"https:\/\/www.justiceinfo.net\/fr\/wp-json\/wp\/v2\/comments?post=33806"}],"version-history":[{"count":0,"href":"https:\/\/www.justiceinfo.net\/fr\/wp-json\/wp\/v2\/posts\/33806\/revisions"}],"wp:attachment":[{"href":"https:\/\/www.justiceinfo.net\/fr\/wp-json\/wp\/v2\/media?parent=33806"}],"wp:term":[{"taxonomy":"category","embeddable":true,"href":"https:\/\/www.justiceinfo.net\/fr\/wp-json\/wp\/v2\/categories?post=33806"},{"taxonomy":"post_tag","embeddable":true,"href":"https:\/\/www.justiceinfo.net\/fr\/wp-json\/wp\/v2\/tags?post=33806"},{"taxonomy":"ji_location","embeddable":true,"href":"https:\/\/www.justiceinfo.net\/fr\/wp-json\/wp\/v2\/ji_location?post=33806"}],"curies":[{"name":"wp","href":"https:\/\/api.w.org\/{rel}","templated":true}]}}