{"id":33824,"date":"2017-07-11T03:43:40","date_gmt":"2017-07-11T01:43:40","guid":{"rendered":"https:\/\/www.justiceinfo.net\/33824-au-togo-une-purification-nationale-vivement-contestee.html"},"modified":"2017-07-11T03:43:40","modified_gmt":"2017-07-11T01:43:40","slug":"au-togo-une-purification-nationale-vivement-contestee","status":"publish","type":"post","link":"https:\/\/www.justiceinfo.net\/fr\/33824-au-togo-une-purification-nationale-vivement-contestee.html","title":{"rendered":"Au Togo, la purification religieuse nationale tourne \u00e0 la  \"mystification\""},"content":{"rendered":"<div class=\"content-excerpt\">\n<p><strong><em>Au Togo, le processus de justice transitionnelle, mis en \u0153uvre par le pouvoir, semble plus diviser qu\u2019il ne r\u00e9concilie. C\u2019est d\u2019ailleurs sur fond de controverses que le Haut-Commissariat \u00e0 la R\u00e9conciliation et au Renforcement de l\u2019Unit\u00e9 Nationale (HCRRUN) a organis\u00e9, du 3 au 9 juillet, une op\u00e9ration dite de \u00ab\u00a0purification\u00bb.<\/em><\/strong><\/p>\n<\/div>\n<p>Une semaine dite de purification du Togo s\u2019est achev\u00e9e dimanche 09 juillet \u00e0 Lom\u00e9 sur un culte chr\u00e9tien, auquel ont assist\u00e9 Premier ministre, membres du gouvernement, membres des institutions de la R\u00e9publique et du Haut-Commissariat pour la R\u00e9conciliation et l\u2019Unit\u00e9 nationale (HCCRUN). A l\u2019instar des jours pr\u00e9c\u00e9dents, au cours desquels les communaut\u00e9s religieuses traditionnelles et musulmanes ont, elles aussi, organis\u00e9 des rites, des pri\u00e8res ont \u00e9t\u00e9 dites en faveur du processus de r\u00e9conciliation engag\u00e9e depuis 2009 dans le pays.<\/p>\n<p>C\u2019est en ao\u00fbt 2006 que, dans le cadre d\u2019un accord politique (d\u00e9clar\u00e9 aujourd\u2019hui caduc par le pouvoir), la recommandation a \u00e9t\u00e9 faite d\u2019initier un processus de justice transitionnelle au Togo pour apaiser le d\u00e9bat politique. Un an auparavant, ce petit pays d\u2019Afrique de l\u2019Ouest avait connu un pic jamais atteint de violences politiques \u00e0 l\u2019issue d\u2019une \u00e9lection pr\u00e9sidentielle tr\u00e8s contest\u00e9e qui avait vu l\u2019actuel pr\u00e9sident, Faure Gnassingb\u00e9, monter au pouvoir, succ\u00e9dant \u00e0 son p\u00e8re. Ces violences ont fait , selon diff\u00e9rents rapports , au moins 500 morts, essentiellement dans les rangs de l\u2019opposition.<\/p>\n<p>En 2009, une Commission Justice v\u00e9rit\u00e9 et R\u00e9conciliation (CVJR) a \u00e9t\u00e9 mise en place pour faire la lumi\u00e8re sur les violences \u00e0 caract\u00e8re politique commises dans le pays, pas seulement en 2005, mais \u00a0entre 1958\u00a0 et l\u2019accession de Faure Gnassingb\u00e9 au pouvoir en 2005. Plac\u00e9e sous la pr\u00e9sidence d\u2019un pr\u00e9lat, la CVJR a, pendant trois ans, organis\u00e9 des audiences et recens\u00e9 22 415 victimes, dont 7057 pour la seule ann\u00e9e 2005. L\u2019une des recommandations de cette commission, remises au pr\u00e9sident en 2012, \u00e0 la fin de sa mission, est l\u2019organisation de journ\u00e9es de purification du pays pour <em>\u00ab\u00a0 faciliter le repos des \u00e2mes des victimes, d\u00e9c\u00e9d\u00e9es ou disparues, apaiser les c\u0153urs meurtris et accompagner spirituellement la r\u00e9conciliation<\/em>\u00a0\u00bb.<\/p>\n<p>Alors qu\u2019il s\u2019appr\u00eate \u00e0 indemniser une premi\u00e8re vague de 2475 victimes, le HCRRUN, charg\u00e9 de la mise en \u0153uvre des recommandations de la CVJR, a donc initi\u00e9 des journ\u00e9es dites de purification. M\u00eame si le processus depuis 2009 a souvent \u00e9t\u00e9 la cible de critiques au sein de l\u2019opinion, jamais, il n\u2019a suscit\u00e9 autant de controverses comme l\u2019\u00e9tape dite de purification.<\/p>\n<p>Depuis l\u2019annonce de ces c\u00e9r\u00e9monies jusqu\u2019\u00e0 leur r\u00e9alisation proprement dite, les r\u00e9actions de d\u00e9sapprobation se sont multipli\u00e9es. Sur les m\u00e9dias sociaux, autour du hashtag <a href=\"https:\/\/twitter.com\/search?q=%23Kpatima&amp;src=typd\" target=\"_blank\" rel=\"noopener\">#Kpatima<\/a>, les activistes ont plut\u00f4t tourn\u00e9 les c\u00e9r\u00e9monies en d\u00e9rision. Les partis politiques et autres leaders de l\u2019opinion ne sont pas rest\u00e9s indiff\u00e9rents au d\u00e9bat. Un processus qui \u00e9tait officiellement destin\u00e9 \u00e0 r\u00e9concilier les Togolais les a plut\u00f4t divis\u00e9s davantage.<\/p>\n<div class=\"content-encadre\">\n<h3><strong>\"Des c\u00e9r\u00e9monies d'intoxication\", selon la soci\u00e9t\u00e9 civile et l'opposition<br \/><\/strong><\/h3>\n<p>Sans tarder, l\u2019Alliance nationale de changement (ANC), le principal parti de l\u2019opposition, a appel\u00e9 tous ses membres \u00e0 boycotter ces c\u00e9r\u00e9monies. \u00ab\u00a0<em>Le Bureau National de l'ANC a pris la d\u00e9cision de ne point s'associer \u00e0 cette mystification incongrue de \"journ\u00e9es de purification du Togo\" dans laquelle les bourreaux connus et inconnus ne comptent point reconna\u00eetre leurs torts et autres forfaits commis pendant les 50 derni\u00e8res ann\u00e9es sur la terre de nos a\u00efeux et s'en repentir mais demandent avec provocation aux victimes de pardonner\u00a0\u00bb, <\/em>a d\u00e9clar\u00e9 le parti. La formation politique a soulign\u00e9 que<em> \u00ab\u00a0les m\u00eames bourreaux qui sont, pour certains d\u00e9cor\u00e9s par M. Faure Gnassingb\u00e9 certainement \"pour service \u00e0 lui rendu par le sang de milliers de Togolais inutilement vers\u00e9\", continuent leur basses besognes par des coups de force r\u00e9p\u00e9t\u00e9s, la r\u00e9pression sauvage des manifestations pacifiques, le pillage syst\u00e9matique des ressources et des finances de notre pays par la minorit\u00e9 au pouvoir et le refus d'op\u00e9rer les r\u00e9formes institutionnelles, constitutionnelles et \u00e9lectorales<\/em>\u00a0\u00bb.<\/p>\n<p>\u00a0\u00ab\u00a0<em>Purification ou mystification ? !<\/em>\u00a0\u00bb, s\u2019est pour sa part interrog\u00e9 l\u2019\u00e9crivain et ancien fonctionnaire international <a href=\"http:\/\/news.alome.com\/h\/100646.html\" target=\"_blank\" rel=\"noopener\">Godwin T\u00e9t\u00e9<\/a> dans une tribune relay\u00e9e par les m\u00e9dias locaux. \u00ab\u00a0<em>Les \"c\u00e9r\u00e9monies \" pr\u00e9vues par le HCRRUN\u00a0\u00a0 ne\u00a0 seront\u00a0 autres\u00a0 choses\u00a0 que\u00a0 de\u00a0 grossi\u00e8res simagr\u00e9es,\u00a0 du\u00a0 fallacieux\u00a0 f\u00e9tichisme\u00a0 archa\u00efque pur\u00a0 et simple.\u00a0 Ces \"c\u00e9r\u00e9monies\" ne serviront qu'\u00e0 intoxiquer (!) politiquement le peuple togolais : elles\u00a0 ne\u00a0 repr\u00e9senteront\u00a0 qu'une mystification\u00a0 (!!!), un point, un trait! \u00a0<\/em>\u00bb, a opin\u00e9 celui qui est auteur de \u00ab\u00a0<em>Histoire du Togo\u00a0: le coup de force permanent (2006-2011)<\/em>\u00a0\u00bb.<\/p>\n<p>\u00ab\u00a0<em>La r\u00e9conciliation ne peut aboutir \u00e0 la paix que lorsque tous s\u2019engagent dans une d\u00e9marche de conversion des c\u0153urs<\/em>\u00a0\u00bb, ont de leur c\u00f4t\u00e9 averti les clerg\u00e9s des \u00e9glises \u00e9vang\u00e9lique et m\u00e9thodiste dans une lettre pastorale le 30 juin. Pour ces responsables eccl\u00e9siastiques, la r\u00e9conciliation ne se r\u00e9duit pas \u00e0 \u00ab\u00a0<em>une simple op\u00e9ration de r\u00e9paration financi\u00e8re\u00a0\u00bb, <\/em>mais<em> \u00ab\u00a0se fait dans la douleur, \u00e0 travers les actes de contrition et de pardon des acteurs impliqu\u00e9s, \u00e0 savoir prioritairement l\u2019offenseur et l\u2019offens\u00e9<\/em>\u00a0\u00bb.<\/p>\n<p>Pour le Professeur et \u00e9crivain, Apedo-Amah Togoata, \u00ab\u00a0<em>toute l\u2019eau de l\u2019oc\u00e9an n\u2019arrivera pas \u00e0 purifier (les bourreaux) parce qu\u2019ils n\u2019ont jamais eu le courage d\u2019avouer leurs crimes abominables contre le peuple togolais\u00a0\u00bb. \u00ab\u00a0Pas de purification sans aveux et sans \u00a0jugements <\/em>\u00bb, conclut cet universitaire, \u00e9galement ancien secr\u00e9taire g\u00e9n\u00e9ral de la Ligue togolaise des droits de l\u2019Homme, une des principales organisations de la soci\u00e9t\u00e9 civile locale.<\/p>\n<p>Apedo-Amah Togoata relaie un constat unanime\u00a0: aucun suspect n\u2019a demand\u00e9 pardon, personne n\u2019a reconnu aucun des faits qui ont ensanglant\u00e9 le pays entre 1958 et 2015. Au contraire, les personnes soup\u00e7onn\u00e9es dans l\u2019opinion comme d\u2019illustres bourreaux et cit\u00e9es m\u00eame dans un rapport des Nations unies sur les massacres de 2005, sont rest\u00e9es aussi puissantes et prot\u00e9g\u00e9es au sein du pouvoir qui dirige le pays depuis un demi-si\u00e8cle.<\/p>\n<p>Ce qui fait dire au leader d\u2019opinion Kossi D. Oboeyaba, que les maux du Togo restent intacts, que sur le fond rien n\u2019a chang\u00e9 apr\u00e8s les violences de 2005. \u00ab\u00a0<em>L'injustice a encore repris. La libert\u00e9 d\u2019expression est de nouveau menac\u00e9e (\u2026) En r\u00e9alit\u00e9, la dictature a continu\u00e9. Seulement, elle s'est ''maquill\u00e9e'' d\u00e9mocratiquement et bien de personnes, de personnalit\u00e9s voire des pays sont tomb\u00e9s dans le pi\u00e8ge saluant les fameux ''efforts d\u00e9mocratiques''. Aujourd'hui, deux \u00e9l\u00e9ments de maquillage d\u00e9mocratique consistent dans les c\u00e9r\u00e9monies dites de ''purification'' et la commission des r\u00e9formes<\/em>\u00a0\u00bb, s\u2018exasp\u00e8re \u2013t-il sur facebook.<\/p>\n<\/div>\n","protected":false},"excerpt":{"rendered":"<p>Au Togo, le processus de justice transitionnelle, mis en \u0153uvre par le pouvoir, semble plus diviser qu\u2019il ne r\u00e9concilie. C\u2019est d\u2019ailleurs sur fond de controverses que le Haut-Commissariat \u00e0 la R\u00e9conciliation et au Renforcement de l\u2019Unit\u00e9 Nationale (HCRRUN) a organis\u00e9, du 3 au 9 juillet, une op\u00e9ration dite de \u00ab\u00a0purification\u00bb. Une semaine dite de purification [&hellip;]<\/p>\n","protected":false},"author":64,"featured_media":63400,"comment_status":"open","ping_status":"closed","sticky":false,"template":"","format":"standard","meta":{"_acf_changed":false,"footnotes":""},"categories":[548],"tags":[],"ji_location":[2512],"class_list":["post-33824","post","type-post","status-publish","format-standard","has-post-thumbnail","hentry","category-commissions-verite","ji_location-togo"],"acf":[],"yoast_head":"<!-- This site is optimized with the Yoast SEO Premium plugin v25.3.1 (Yoast SEO v25.3.1) - https:\/\/yoast.com\/wordpress\/plugins\/seo\/ -->\n<title>Au Togo, la purification religieuse nationale tourne \u00e0 la &quot;mystification&quot; - JusticeInfo.net<\/title>\n<meta name=\"robots\" content=\"index, follow, max-snippet:-1, max-image-preview:large, max-video-preview:-1\" \/>\n<link rel=\"canonical\" href=\"https:\/\/www.justiceinfo.net\/fr\/33824-au-togo-une-purification-nationale-vivement-contestee.html\" \/>\n<meta property=\"og:locale\" content=\"fr_FR\" \/>\n<meta property=\"og:type\" content=\"article\" \/>\n<meta property=\"og:title\" content=\"Au Togo, la purification religieuse nationale tourne \u00e0 la &quot;mystification&quot;\" \/>\n<meta property=\"og:description\" content=\"Au Togo, le processus de justice transitionnelle, mis en \u0153uvre par le pouvoir, semble plus diviser qu\u2019il ne r\u00e9concilie. C\u2019est d\u2019ailleurs sur fond de controverses que le Haut-Commissariat \u00e0 la R\u00e9conciliation et au Renforcement de l\u2019Unit\u00e9 Nationale (HCRRUN) a organis\u00e9, du 3 au 9 juillet, une op\u00e9ration dite de \u00ab\u00a0purification\u00bb. Une semaine dite de purification [&hellip;]\" \/>\n<meta property=\"og:url\" content=\"https:\/\/www.justiceinfo.net\/fr\/33824-au-togo-une-purification-nationale-vivement-contestee.html\" \/>\n<meta property=\"og:site_name\" content=\"JusticeInfo.net\" \/>\n<meta property=\"article:publisher\" content=\"https:\/\/www.facebook.com\/JusticeInfo\/\" \/>\n<meta property=\"article:published_time\" content=\"2017-07-11T01:43:40+00:00\" \/>\n<meta property=\"og:image\" content=\"https:\/\/www.justiceinfo.net\/wp-content\/uploads\/c7f7b631c9f32805a931665151f24121.jpg\" \/>\n\t<meta property=\"og:image:width\" content=\"768\" \/>\n\t<meta property=\"og:image:height\" content=\"548\" \/>\n\t<meta property=\"og:image:type\" content=\"image\/jpeg\" \/>\n<meta name=\"author\" content=\"Maxime Domegni, Correspondant en Afrique de l\u2019Ouest\" \/>\n<meta name=\"twitter:card\" content=\"summary_large_image\" \/>\n<meta name=\"twitter:creator\" content=\"@justiceinfonet\" \/>\n<meta name=\"twitter:site\" content=\"@justiceinfonet\" \/>\n<meta name=\"twitter:label1\" content=\"\u00c9crit par\" \/>\n\t<meta name=\"twitter:data1\" content=\"Maxime Domegni, Correspondant en Afrique de l\u2019Ouest\" \/>\n\t<meta name=\"twitter:label2\" content=\"Dur\u00e9e de lecture estim\u00e9e\" \/>\n\t<meta name=\"twitter:data2\" content=\"6 minutes\" \/>\n<script type=\"application\/ld+json\" class=\"yoast-schema-graph\">{\"@context\":\"https:\/\/schema.org\",\"@graph\":[{\"@type\":\"NewsArticle\",\"@id\":\"https:\/\/www.justiceinfo.net\/fr\/33824-au-togo-une-purification-nationale-vivement-contestee.html#article\",\"isPartOf\":{\"@id\":\"https:\/\/www.justiceinfo.net\/fr\/33824-au-togo-une-purification-nationale-vivement-contestee.html\"},\"author\":{\"name\":\"solivri\",\"@id\":\"https:\/\/www.justiceinfo.net\/fr#\/schema\/person\/6e53cba1629e2e66f3fc1821d3091865\"},\"headline\":\"Au Togo, la purification religieuse nationale tourne \u00e0 la \\\"mystification\\\"\",\"datePublished\":\"2017-07-11T01:43:40+00:00\",\"mainEntityOfPage\":{\"@id\":\"https:\/\/www.justiceinfo.net\/fr\/33824-au-togo-une-purification-nationale-vivement-contestee.html\"},\"wordCount\":1179,\"commentCount\":0,\"publisher\":{\"@id\":\"https:\/\/www.justiceinfo.net\/fr#organization\"},\"image\":{\"@id\":\"https:\/\/www.justiceinfo.net\/fr\/33824-au-togo-une-purification-nationale-vivement-contestee.html#primaryimage\"},\"thumbnailUrl\":\"https:\/\/www.justiceinfo.net\/wp-content\/uploads\/c7f7b631c9f32805a931665151f24121.jpg\",\"articleSection\":[\"Commissions v\u00e9rit\u00e9\"],\"inLanguage\":\"fr-FR\",\"potentialAction\":[{\"@type\":\"CommentAction\",\"name\":\"Comment\",\"target\":[\"https:\/\/www.justiceinfo.net\/fr\/33824-au-togo-une-purification-nationale-vivement-contestee.html#respond\"]}]},{\"@type\":\"WebPage\",\"@id\":\"https:\/\/www.justiceinfo.net\/fr\/33824-au-togo-une-purification-nationale-vivement-contestee.html\",\"url\":\"https:\/\/www.justiceinfo.net\/fr\/33824-au-togo-une-purification-nationale-vivement-contestee.html\",\"name\":\"Au Togo, la purification religieuse nationale tourne \u00e0 la \\\"mystification\\\" - JusticeInfo.net\",\"isPartOf\":{\"@id\":\"https:\/\/www.justiceinfo.net\/fr#website\"},\"primaryImageOfPage\":{\"@id\":\"https:\/\/www.justiceinfo.net\/fr\/33824-au-togo-une-purification-nationale-vivement-contestee.html#primaryimage\"},\"image\":{\"@id\":\"https:\/\/www.justiceinfo.net\/fr\/33824-au-togo-une-purification-nationale-vivement-contestee.html#primaryimage\"},\"thumbnailUrl\":\"https:\/\/www.justiceinfo.net\/wp-content\/uploads\/c7f7b631c9f32805a931665151f24121.jpg\",\"datePublished\":\"2017-07-11T01:43:40+00:00\",\"breadcrumb\":{\"@id\":\"https:\/\/www.justiceinfo.net\/fr\/33824-au-togo-une-purification-nationale-vivement-contestee.html#breadcrumb\"},\"inLanguage\":\"fr-FR\",\"potentialAction\":[{\"@type\":\"ReadAction\",\"target\":[\"https:\/\/www.justiceinfo.net\/fr\/33824-au-togo-une-purification-nationale-vivement-contestee.html\"]}]},{\"@type\":\"ImageObject\",\"inLanguage\":\"fr-FR\",\"@id\":\"https:\/\/www.justiceinfo.net\/fr\/33824-au-togo-une-purification-nationale-vivement-contestee.html#primaryimage\",\"url\":\"https:\/\/www.justiceinfo.net\/wp-content\/uploads\/c7f7b631c9f32805a931665151f24121.jpg\",\"contentUrl\":\"https:\/\/www.justiceinfo.net\/wp-content\/uploads\/c7f7b631c9f32805a931665151f24121.jpg\",\"width\":768,\"height\":548},{\"@type\":\"BreadcrumbList\",\"@id\":\"https:\/\/www.justiceinfo.net\/fr\/33824-au-togo-une-purification-nationale-vivement-contestee.html#breadcrumb\",\"itemListElement\":[{\"@type\":\"ListItem\",\"position\":1,\"name\":\"Home\",\"item\":\"https:\/\/www.justiceinfo.net\/fr\"},{\"@type\":\"ListItem\",\"position\":2,\"name\":\"Au Togo, la purification religieuse nationale tourne \u00e0 la \\\"mystification\\\"\"}]},{\"@type\":\"WebSite\",\"@id\":\"https:\/\/www.justiceinfo.net\/fr#website\",\"url\":\"https:\/\/www.justiceinfo.net\/fr\",\"name\":\"JusticeInfo.net\",\"description\":\"La justice doit \u00eatre vue pour \u00eatre rendue\",\"publisher\":{\"@id\":\"https:\/\/www.justiceinfo.net\/fr#organization\"},\"potentialAction\":[{\"@type\":\"SearchAction\",\"target\":{\"@type\":\"EntryPoint\",\"urlTemplate\":\"https:\/\/www.justiceinfo.net\/fr?s={search_term_string}\"},\"query-input\":{\"@type\":\"PropertyValueSpecification\",\"valueRequired\":true,\"valueName\":\"search_term_string\"}}],\"inLanguage\":\"fr-FR\"},{\"@type\":\"Organization\",\"@id\":\"https:\/\/www.justiceinfo.net\/fr#organization\",\"name\":\"Justice Info\",\"url\":\"https:\/\/www.justiceinfo.net\/fr\",\"logo\":{\"@type\":\"ImageObject\",\"inLanguage\":\"fr-FR\",\"@id\":\"https:\/\/www.justiceinfo.net\/fr#\/schema\/logo\/image\/\",\"url\":\"https:\/\/www.justiceinfo.net\/wp-content\/uploads\/justiceinfo_logo-trans_1200x1200px.png\",\"contentUrl\":\"https:\/\/www.justiceinfo.net\/wp-content\/uploads\/justiceinfo_logo-trans_1200x1200px.png\",\"width\":1199,\"height\":1200,\"caption\":\"Justice Info\"},\"image\":{\"@id\":\"https:\/\/www.justiceinfo.net\/fr#\/schema\/logo\/image\/\"},\"sameAs\":[\"https:\/\/www.facebook.com\/JusticeInfo\/\",\"https:\/\/x.com\/justiceinfonet\",\"https:\/\/www.linkedin.com\/company\/justice-info\",\"https:\/\/www.youtube.com\/channel\/UCyCEsARodyuWtkWyhn-e7pA\"]},{\"@type\":\"Person\",\"name\":\"Maxime Domegni, Correspondant en Afrique de l\u2019Ouest\",\"url\":\"\/fr\/?s=Maxime Domegni, Correspondant en Afrique de l\u2019Ouest\"}]}<\/script>\n<!-- \/ Yoast SEO Premium plugin. -->","yoast_head_json":{"title":"Au Togo, la purification religieuse nationale tourne \u00e0 la \"mystification\" - JusticeInfo.net","robots":{"index":"index","follow":"follow","max-snippet":"max-snippet:-1","max-image-preview":"max-image-preview:large","max-video-preview":"max-video-preview:-1"},"canonical":"https:\/\/www.justiceinfo.net\/fr\/33824-au-togo-une-purification-nationale-vivement-contestee.html","og_locale":"fr_FR","og_type":"article","og_title":"Au Togo, la purification religieuse nationale tourne \u00e0 la \"mystification\"","og_description":"Au Togo, le processus de justice transitionnelle, mis en \u0153uvre par le pouvoir, semble plus diviser qu\u2019il ne r\u00e9concilie. C\u2019est d\u2019ailleurs sur fond de controverses que le Haut-Commissariat \u00e0 la R\u00e9conciliation et au Renforcement de l\u2019Unit\u00e9 Nationale (HCRRUN) a organis\u00e9, du 3 au 9 juillet, une op\u00e9ration dite de \u00ab\u00a0purification\u00bb. Une semaine dite de purification [&hellip;]","og_url":"https:\/\/www.justiceinfo.net\/fr\/33824-au-togo-une-purification-nationale-vivement-contestee.html","og_site_name":"JusticeInfo.net","article_publisher":"https:\/\/www.facebook.com\/JusticeInfo\/","article_published_time":"2017-07-11T01:43:40+00:00","og_image":[{"width":768,"height":548,"url":"https:\/\/www.justiceinfo.net\/wp-content\/uploads\/c7f7b631c9f32805a931665151f24121.jpg","type":"image\/jpeg"}],"author":"Maxime Domegni, Correspondant en Afrique de l\u2019Ouest","twitter_card":"summary_large_image","twitter_creator":"@justiceinfonet","twitter_site":"@justiceinfonet","twitter_misc":{"\u00c9crit par":"Maxime Domegni, Correspondant en Afrique de l\u2019Ouest","Dur\u00e9e de lecture estim\u00e9e":"6 minutes"},"schema":{"@context":"https:\/\/schema.org","@graph":[{"@type":"NewsArticle","@id":"https:\/\/www.justiceinfo.net\/fr\/33824-au-togo-une-purification-nationale-vivement-contestee.html#article","isPartOf":{"@id":"https:\/\/www.justiceinfo.net\/fr\/33824-au-togo-une-purification-nationale-vivement-contestee.html"},"author":{"name":"solivri","@id":"https:\/\/www.justiceinfo.net\/fr#\/schema\/person\/6e53cba1629e2e66f3fc1821d3091865"},"headline":"Au Togo, la purification religieuse nationale tourne \u00e0 la \"mystification\"","datePublished":"2017-07-11T01:43:40+00:00","mainEntityOfPage":{"@id":"https:\/\/www.justiceinfo.net\/fr\/33824-au-togo-une-purification-nationale-vivement-contestee.html"},"wordCount":1179,"commentCount":0,"publisher":{"@id":"https:\/\/www.justiceinfo.net\/fr#organization"},"image":{"@id":"https:\/\/www.justiceinfo.net\/fr\/33824-au-togo-une-purification-nationale-vivement-contestee.html#primaryimage"},"thumbnailUrl":"https:\/\/www.justiceinfo.net\/wp-content\/uploads\/c7f7b631c9f32805a931665151f24121.jpg","articleSection":["Commissions v\u00e9rit\u00e9"],"inLanguage":"fr-FR","potentialAction":[{"@type":"CommentAction","name":"Comment","target":["https:\/\/www.justiceinfo.net\/fr\/33824-au-togo-une-purification-nationale-vivement-contestee.html#respond"]}]},{"@type":"WebPage","@id":"https:\/\/www.justiceinfo.net\/fr\/33824-au-togo-une-purification-nationale-vivement-contestee.html","url":"https:\/\/www.justiceinfo.net\/fr\/33824-au-togo-une-purification-nationale-vivement-contestee.html","name":"Au Togo, la purification religieuse nationale tourne \u00e0 la \"mystification\" - JusticeInfo.net","isPartOf":{"@id":"https:\/\/www.justiceinfo.net\/fr#website"},"primaryImageOfPage":{"@id":"https:\/\/www.justiceinfo.net\/fr\/33824-au-togo-une-purification-nationale-vivement-contestee.html#primaryimage"},"image":{"@id":"https:\/\/www.justiceinfo.net\/fr\/33824-au-togo-une-purification-nationale-vivement-contestee.html#primaryimage"},"thumbnailUrl":"https:\/\/www.justiceinfo.net\/wp-content\/uploads\/c7f7b631c9f32805a931665151f24121.jpg","datePublished":"2017-07-11T01:43:40+00:00","breadcrumb":{"@id":"https:\/\/www.justiceinfo.net\/fr\/33824-au-togo-une-purification-nationale-vivement-contestee.html#breadcrumb"},"inLanguage":"fr-FR","potentialAction":[{"@type":"ReadAction","target":["https:\/\/www.justiceinfo.net\/fr\/33824-au-togo-une-purification-nationale-vivement-contestee.html"]}]},{"@type":"ImageObject","inLanguage":"fr-FR","@id":"https:\/\/www.justiceinfo.net\/fr\/33824-au-togo-une-purification-nationale-vivement-contestee.html#primaryimage","url":"https:\/\/www.justiceinfo.net\/wp-content\/uploads\/c7f7b631c9f32805a931665151f24121.jpg","contentUrl":"https:\/\/www.justiceinfo.net\/wp-content\/uploads\/c7f7b631c9f32805a931665151f24121.jpg","width":768,"height":548},{"@type":"BreadcrumbList","@id":"https:\/\/www.justiceinfo.net\/fr\/33824-au-togo-une-purification-nationale-vivement-contestee.html#breadcrumb","itemListElement":[{"@type":"ListItem","position":1,"name":"Home","item":"https:\/\/www.justiceinfo.net\/fr"},{"@type":"ListItem","position":2,"name":"Au Togo, la purification religieuse nationale tourne \u00e0 la \"mystification\""}]},{"@type":"WebSite","@id":"https:\/\/www.justiceinfo.net\/fr#website","url":"https:\/\/www.justiceinfo.net\/fr","name":"JusticeInfo.net","description":"La justice doit \u00eatre vue pour \u00eatre rendue","publisher":{"@id":"https:\/\/www.justiceinfo.net\/fr#organization"},"potentialAction":[{"@type":"SearchAction","target":{"@type":"EntryPoint","urlTemplate":"https:\/\/www.justiceinfo.net\/fr?s={search_term_string}"},"query-input":{"@type":"PropertyValueSpecification","valueRequired":true,"valueName":"search_term_string"}}],"inLanguage":"fr-FR"},{"@type":"Organization","@id":"https:\/\/www.justiceinfo.net\/fr#organization","name":"Justice Info","url":"https:\/\/www.justiceinfo.net\/fr","logo":{"@type":"ImageObject","inLanguage":"fr-FR","@id":"https:\/\/www.justiceinfo.net\/fr#\/schema\/logo\/image\/","url":"https:\/\/www.justiceinfo.net\/wp-content\/uploads\/justiceinfo_logo-trans_1200x1200px.png","contentUrl":"https:\/\/www.justiceinfo.net\/wp-content\/uploads\/justiceinfo_logo-trans_1200x1200px.png","width":1199,"height":1200,"caption":"Justice Info"},"image":{"@id":"https:\/\/www.justiceinfo.net\/fr#\/schema\/logo\/image\/"},"sameAs":["https:\/\/www.facebook.com\/JusticeInfo\/","https:\/\/x.com\/justiceinfonet","https:\/\/www.linkedin.com\/company\/justice-info","https:\/\/www.youtube.com\/channel\/UCyCEsARodyuWtkWyhn-e7pA"]},{"@type":"Person","name":"Maxime Domegni, Correspondant en Afrique de l\u2019Ouest","url":"\/fr\/?s=Maxime Domegni, Correspondant en Afrique de l\u2019Ouest"}]}},"_links":{"self":[{"href":"https:\/\/www.justiceinfo.net\/fr\/wp-json\/wp\/v2\/posts\/33824","targetHints":{"allow":["GET"]}}],"collection":[{"href":"https:\/\/www.justiceinfo.net\/fr\/wp-json\/wp\/v2\/posts"}],"about":[{"href":"https:\/\/www.justiceinfo.net\/fr\/wp-json\/wp\/v2\/types\/post"}],"author":[{"embeddable":true,"href":"https:\/\/www.justiceinfo.net\/fr\/wp-json\/wp\/v2\/users\/64"}],"replies":[{"embeddable":true,"href":"https:\/\/www.justiceinfo.net\/fr\/wp-json\/wp\/v2\/comments?post=33824"}],"version-history":[{"count":0,"href":"https:\/\/www.justiceinfo.net\/fr\/wp-json\/wp\/v2\/posts\/33824\/revisions"}],"wp:featuredmedia":[{"embeddable":true,"href":"https:\/\/www.justiceinfo.net\/fr\/wp-json\/wp\/v2\/media\/63400"}],"wp:attachment":[{"href":"https:\/\/www.justiceinfo.net\/fr\/wp-json\/wp\/v2\/media?parent=33824"}],"wp:term":[{"taxonomy":"category","embeddable":true,"href":"https:\/\/www.justiceinfo.net\/fr\/wp-json\/wp\/v2\/categories?post=33824"},{"taxonomy":"post_tag","embeddable":true,"href":"https:\/\/www.justiceinfo.net\/fr\/wp-json\/wp\/v2\/tags?post=33824"},{"taxonomy":"ji_location","embeddable":true,"href":"https:\/\/www.justiceinfo.net\/fr\/wp-json\/wp\/v2\/ji_location?post=33824"}],"curies":[{"name":"wp","href":"https:\/\/api.w.org\/{rel}","templated":true}]}}