{"id":3391,"date":"2008-02-12T05:59:22","date_gmt":"2008-02-12T04:59:22","guid":{"rendered":"https:\/\/www.justiceinfo.net\/3391-110208-tpirkaremera-un-ex-responsable-du-mrnd-demande-a-ses-juges-de-se-recuser181.html"},"modified":"2008-02-12T05:59:22","modified_gmt":"2008-02-12T04:59:22","slug":"110208-tpirkaremera-un-ex-responsable-du-mrnd-demande-a-ses-juges-de-se-recuser181","status":"publish","type":"post","link":"https:\/\/www.justiceinfo.net\/fr\/3391-110208-tpirkaremera-un-ex-responsable-du-mrnd-demande-a-ses-juges-de-se-recuser181.html","title":{"rendered":"11.02.08 - TPIR\/KAREMERA  - UN EX- RESPONSABLE DU MRND DEMANDE A SES JUGES DE SE RECUSER"},"content":{"rendered":"<p  >\nArusha, 11 f\u00e9vrier 2008 (FH) - Poursuivi pour g\u00e9nocide et crimes contre l\u2019humanit\u00e9 devant le Tribunal p\u00e9nal international pour le Rwanda (TPIR), Joseph Nzirorera, un ancien responsable de l\u2019ex-parti pr\u00e9sidentiel rwandais, a demand\u00e9 \u00e0 ses juges de se r\u00e9cuser, les accusant de partialit\u00e9.  <\/p>\n<p>Pendant le g\u00e9nocide de 1994, Nzirorera \u00e9tait secr\u00e9taire g\u00e9n\u00e9ral du Mouvement r\u00e9publicain national pour la d\u00e9mocratie et le d\u00e9veloppement (MRND).\n<\/p>\n<p><!--more--><\/p>\n<p  >\nIl est jug\u00e9 avec deux autres anciens responsables de ce parti. <\/p>\n<p>\u00ab Joseph Nzirorera demande respectueusement que les juges se r\u00e9cusent d\u2019eux-m\u00eames de son proc\u00e8s \u00e0 cause d\u2019une r\u00e9elle partialit\u00e9 et d\u2019une apparence de partialit\u00e9 \u00bb, indique la d\u00e9fense de l\u2019accus\u00e9 dans une requ\u00eate dat\u00e9e de vendredi dernier. <\/p>\n<p>\u00abSi les juges refusent de se r\u00e9cuser d\u2019eux-m\u00eames, M.Nzirorera demande que l\u2019affaire soit port\u00e9e devant le bureau \u00bb du TPIR, une instance qui comprend le pr\u00e9sident et le vice-pr\u00e9sident du tribunal ainsi que les pr\u00e9sidents des chambres de premi\u00e8re instance. <\/p>\n<p>L\u2019un des juges vis\u00e9s par la requ\u00eate, Dennis Byron, est pr\u00e9sident du TPIR et ne peut donc pas si\u00e9ger au bureau pour ce cas pr\u00e9cis. <\/p>\n<p>Le conseil principal de Nzirorera, Me Peter Robinson, reproche aux trois juges de lui avoir cach\u00e9 des requ\u00eates secr\u00e8tes du procureur mettant directement en cause la d\u00e9fense. L\u2019avocat am\u00e9ricain affirme dans sa requ\u00eate, avoir eu acc\u00e8s, \u00ab fortuitement \u00bb \u00e0 une de ces \u00ab communications secr\u00e8tes \u00bb entre le procureur et la chambre. Selon le d\u00e9fenseur, ce document secret porte \u00ab de graves all\u00e9gations contre le conseil de la d\u00e9fense et les \u00e9quipes de d\u00e9fense \u00bb. <\/p>\n<p>Le procureur all\u00e8gue dans cette communication \u00ab  que beaucoup de ses t\u00e9moins ont \u00e9t\u00e9 intimid\u00e9s par les \u00e9quipes de d\u00e9fense dans cette affaire et que ces \u00e9quipes de d\u00e9fense ont divulgu\u00e9 leur identit\u00e9 ( des t\u00e9moins) dans leurs communaut\u00e9s, ce qui les fait craindre pour leur s\u00e9curit\u00e9 \u00bb, \u00e9crit Me Robinson. <\/p>\n<p>Pour lui, le refus de la chambre de divulguer ces all\u00e9gations et permettre \u00e0 la d\u00e9fense de s\u2019en expliquer d\u00e9montre la partialit\u00e9 des juges. \u00ab Aucune personne raisonnable ne peut croire que M.Nzirorera puisse b\u00e9n\u00e9ficier d\u2019un proc\u00e8s \u00e9quitable dans ces conditions \u00bb, estime l\u2019avocat. <\/p>\n<p>Nzirorera compara\u00eet avec l\u2019ex-pr\u00e9sident du MRND, Mathieu Ngirumpatse et l\u2019ancien vice- pr\u00e9sident, Edouard Karemera. <\/p>\n<p>Ouvert en septembre 2005, ce proc\u00e8s qui compte parmi les plus importants du TPIR, entrera le mois prochain dans la phase de la d\u00e9fense, le procureur ayant termin\u00e9 son accusation en d\u00e9cembre dernier. <\/p>\n<p>Nzirorera a annonc\u00e9 qu\u2019il entendait citer, \u00e0 lui seul, 180 t\u00e9moins, soit 7 fois plus que le procureur qui en a fait compara\u00eetre 25. <\/p>\n<p>ER\/AT\/GF<\/p>\n","protected":false},"excerpt":{"rendered":"<p>Arusha, 11 f\u00e9vrier 2008 (FH) - Poursuivi pour g\u00e9nocide et crimes contre l\u2019humanit\u00e9 devant le Tribunal p\u00e9nal international pour le Rwanda (TPIR), Joseph Nzirorera, un ancien responsable de l\u2019ex-parti pr\u00e9sidentiel rwandais, a demand\u00e9 \u00e0 ses juges de se r\u00e9cuser, les accusant de partialit\u00e9. Pendant le g\u00e9nocide de 1994, Nzirorera \u00e9tait secr\u00e9taire g\u00e9n\u00e9ral du Mouvement r\u00e9publicain [&hellip;]<\/p>\n","protected":false},"author":64,"featured_media":0,"comment_status":"open","ping_status":"closed","sticky":false,"template":"","format":"standard","meta":{"_acf_changed":false,"footnotes":""},"categories":[554],"tags":[],"ji_location":[],"class_list":["post-3391","post","type-post","status-publish","format-standard","hentry","category-hirondellenews"],"acf":[],"yoast_head":"<!-- This site is optimized with the Yoast SEO Premium plugin v25.3.1 (Yoast SEO v25.3.1) - https:\/\/yoast.com\/wordpress\/plugins\/seo\/ -->\n<title>11.02.08 - TPIR\/KAREMERA - UN EX- RESPONSABLE DU MRND DEMANDE A SES JUGES DE SE RECUSER - JusticeInfo.net<\/title>\n<meta name=\"robots\" content=\"index, follow, max-snippet:-1, max-image-preview:large, max-video-preview:-1\" \/>\n<link rel=\"canonical\" href=\"https:\/\/www.justiceinfo.net\/fr\/3391-110208-tpirkaremera-un-ex-responsable-du-mrnd-demande-a-ses-juges-de-se-recuser181.html\" \/>\n<meta property=\"og:locale\" content=\"fr_FR\" \/>\n<meta property=\"og:type\" content=\"article\" \/>\n<meta property=\"og:title\" content=\"11.02.08 - TPIR\/KAREMERA - UN EX- RESPONSABLE DU MRND DEMANDE A SES JUGES DE SE RECUSER\" \/>\n<meta property=\"og:description\" content=\"Arusha, 11 f\u00e9vrier 2008 (FH) - Poursuivi pour g\u00e9nocide et crimes contre l\u2019humanit\u00e9 devant le Tribunal p\u00e9nal international pour le Rwanda (TPIR), Joseph Nzirorera, un ancien responsable de l\u2019ex-parti pr\u00e9sidentiel rwandais, a demand\u00e9 \u00e0 ses juges de se r\u00e9cuser, les accusant de partialit\u00e9. Pendant le g\u00e9nocide de 1994, Nzirorera \u00e9tait secr\u00e9taire g\u00e9n\u00e9ral du Mouvement r\u00e9publicain [&hellip;]\" \/>\n<meta property=\"og:url\" content=\"https:\/\/www.justiceinfo.net\/fr\/3391-110208-tpirkaremera-un-ex-responsable-du-mrnd-demande-a-ses-juges-de-se-recuser181.html\" \/>\n<meta property=\"og:site_name\" content=\"JusticeInfo.net\" \/>\n<meta property=\"article:publisher\" content=\"https:\/\/www.facebook.com\/JusticeInfo\/\" \/>\n<meta property=\"article:published_time\" content=\"2008-02-12T04:59:22+00:00\" \/>\n<meta property=\"og:image\" content=\"https:\/\/www.justiceinfo.net\/wp-content\/uploads\/JusticeInfoNet_logo_1200x630px.jpg\" \/>\n\t<meta property=\"og:image:width\" content=\"1200\" \/>\n\t<meta property=\"og:image:height\" content=\"630\" \/>\n\t<meta property=\"og:image:type\" content=\"image\/jpeg\" \/>\n<meta name=\"author\" content=\"solivri\" \/>\n<meta name=\"twitter:card\" content=\"summary_large_image\" \/>\n<meta name=\"twitter:creator\" content=\"@justiceinfonet\" \/>\n<meta name=\"twitter:site\" content=\"@justiceinfonet\" \/>\n<meta name=\"twitter:label1\" content=\"\u00c9crit par\" \/>\n\t<meta name=\"twitter:data1\" content=\"solivri\" \/>\n\t<meta name=\"twitter:label2\" content=\"Dur\u00e9e de lecture estim\u00e9e\" \/>\n\t<meta name=\"twitter:data2\" content=\"2 minutes\" \/>\n<script type=\"application\/ld+json\" class=\"yoast-schema-graph\">{\"@context\":\"https:\/\/schema.org\",\"@graph\":[{\"@type\":\"NewsArticle\",\"@id\":\"https:\/\/www.justiceinfo.net\/fr\/3391-110208-tpirkaremera-un-ex-responsable-du-mrnd-demande-a-ses-juges-de-se-recuser181.html#article\",\"isPartOf\":{\"@id\":\"https:\/\/www.justiceinfo.net\/fr\/3391-110208-tpirkaremera-un-ex-responsable-du-mrnd-demande-a-ses-juges-de-se-recuser181.html\"},\"author\":{\"name\":\"solivri\",\"@id\":\"https:\/\/www.justiceinfo.net\/fr#\/schema\/person\/6e53cba1629e2e66f3fc1821d3091865\"},\"headline\":\"11.02.08 - TPIR\/KAREMERA - UN EX- RESPONSABLE DU MRND DEMANDE A SES JUGES DE SE RECUSER\",\"datePublished\":\"2008-02-12T04:59:22+00:00\",\"mainEntityOfPage\":{\"@id\":\"https:\/\/www.justiceinfo.net\/fr\/3391-110208-tpirkaremera-un-ex-responsable-du-mrnd-demande-a-ses-juges-de-se-recuser181.html\"},\"wordCount\":493,\"commentCount\":0,\"publisher\":{\"@id\":\"https:\/\/www.justiceinfo.net\/fr#organization\"},\"articleSection\":[\"Hirondelle News\"],\"inLanguage\":\"fr-FR\",\"potentialAction\":[{\"@type\":\"CommentAction\",\"name\":\"Comment\",\"target\":[\"https:\/\/www.justiceinfo.net\/fr\/3391-110208-tpirkaremera-un-ex-responsable-du-mrnd-demande-a-ses-juges-de-se-recuser181.html#respond\"]}]},{\"@type\":\"WebPage\",\"@id\":\"https:\/\/www.justiceinfo.net\/fr\/3391-110208-tpirkaremera-un-ex-responsable-du-mrnd-demande-a-ses-juges-de-se-recuser181.html\",\"url\":\"https:\/\/www.justiceinfo.net\/fr\/3391-110208-tpirkaremera-un-ex-responsable-du-mrnd-demande-a-ses-juges-de-se-recuser181.html\",\"name\":\"11.02.08 - TPIR\/KAREMERA - UN EX- RESPONSABLE DU MRND DEMANDE A SES JUGES DE SE RECUSER - JusticeInfo.net\",\"isPartOf\":{\"@id\":\"https:\/\/www.justiceinfo.net\/fr#website\"},\"datePublished\":\"2008-02-12T04:59:22+00:00\",\"breadcrumb\":{\"@id\":\"https:\/\/www.justiceinfo.net\/fr\/3391-110208-tpirkaremera-un-ex-responsable-du-mrnd-demande-a-ses-juges-de-se-recuser181.html#breadcrumb\"},\"inLanguage\":\"fr-FR\",\"potentialAction\":[{\"@type\":\"ReadAction\",\"target\":[\"https:\/\/www.justiceinfo.net\/fr\/3391-110208-tpirkaremera-un-ex-responsable-du-mrnd-demande-a-ses-juges-de-se-recuser181.html\"]}]},{\"@type\":\"BreadcrumbList\",\"@id\":\"https:\/\/www.justiceinfo.net\/fr\/3391-110208-tpirkaremera-un-ex-responsable-du-mrnd-demande-a-ses-juges-de-se-recuser181.html#breadcrumb\",\"itemListElement\":[{\"@type\":\"ListItem\",\"position\":1,\"name\":\"Home\",\"item\":\"https:\/\/www.justiceinfo.net\/fr\"},{\"@type\":\"ListItem\",\"position\":2,\"name\":\"11.02.08 - TPIR\/KAREMERA - UN EX- RESPONSABLE DU MRND DEMANDE A SES JUGES DE SE RECUSER\"}]},{\"@type\":\"WebSite\",\"@id\":\"https:\/\/www.justiceinfo.net\/fr#website\",\"url\":\"https:\/\/www.justiceinfo.net\/fr\",\"name\":\"JusticeInfo.net\",\"description\":\"La justice doit \u00eatre vue pour \u00eatre rendue\",\"publisher\":{\"@id\":\"https:\/\/www.justiceinfo.net\/fr#organization\"},\"potentialAction\":[{\"@type\":\"SearchAction\",\"target\":{\"@type\":\"EntryPoint\",\"urlTemplate\":\"https:\/\/www.justiceinfo.net\/fr?s={search_term_string}\"},\"query-input\":{\"@type\":\"PropertyValueSpecification\",\"valueRequired\":true,\"valueName\":\"search_term_string\"}}],\"inLanguage\":\"fr-FR\"},{\"@type\":\"Organization\",\"@id\":\"https:\/\/www.justiceinfo.net\/fr#organization\",\"name\":\"Justice Info\",\"url\":\"https:\/\/www.justiceinfo.net\/fr\",\"logo\":{\"@type\":\"ImageObject\",\"inLanguage\":\"fr-FR\",\"@id\":\"https:\/\/www.justiceinfo.net\/fr#\/schema\/logo\/image\/\",\"url\":\"https:\/\/www.justiceinfo.net\/wp-content\/uploads\/justiceinfo_logo-trans_1200x1200px.png\",\"contentUrl\":\"https:\/\/www.justiceinfo.net\/wp-content\/uploads\/justiceinfo_logo-trans_1200x1200px.png\",\"width\":1199,\"height\":1200,\"caption\":\"Justice Info\"},\"image\":{\"@id\":\"https:\/\/www.justiceinfo.net\/fr#\/schema\/logo\/image\/\"},\"sameAs\":[\"https:\/\/www.facebook.com\/JusticeInfo\/\",\"https:\/\/x.com\/justiceinfonet\",\"https:\/\/www.linkedin.com\/company\/justice-info\",\"https:\/\/www.youtube.com\/channel\/UCyCEsARodyuWtkWyhn-e7pA\"]},{\"@type\":\"Person\",\"name\":\"solivri\",\"url\":\"\/fr\/?s=solivri\"}]}<\/script>\n<!-- \/ Yoast SEO Premium plugin. -->","yoast_head_json":{"title":"11.02.08 - TPIR\/KAREMERA - UN EX- RESPONSABLE DU MRND DEMANDE A SES JUGES DE SE RECUSER - JusticeInfo.net","robots":{"index":"index","follow":"follow","max-snippet":"max-snippet:-1","max-image-preview":"max-image-preview:large","max-video-preview":"max-video-preview:-1"},"canonical":"https:\/\/www.justiceinfo.net\/fr\/3391-110208-tpirkaremera-un-ex-responsable-du-mrnd-demande-a-ses-juges-de-se-recuser181.html","og_locale":"fr_FR","og_type":"article","og_title":"11.02.08 - TPIR\/KAREMERA - UN EX- RESPONSABLE DU MRND DEMANDE A SES JUGES DE SE RECUSER","og_description":"Arusha, 11 f\u00e9vrier 2008 (FH) - Poursuivi pour g\u00e9nocide et crimes contre l\u2019humanit\u00e9 devant le Tribunal p\u00e9nal international pour le Rwanda (TPIR), Joseph Nzirorera, un ancien responsable de l\u2019ex-parti pr\u00e9sidentiel rwandais, a demand\u00e9 \u00e0 ses juges de se r\u00e9cuser, les accusant de partialit\u00e9. Pendant le g\u00e9nocide de 1994, Nzirorera \u00e9tait secr\u00e9taire g\u00e9n\u00e9ral du Mouvement r\u00e9publicain [&hellip;]","og_url":"https:\/\/www.justiceinfo.net\/fr\/3391-110208-tpirkaremera-un-ex-responsable-du-mrnd-demande-a-ses-juges-de-se-recuser181.html","og_site_name":"JusticeInfo.net","article_publisher":"https:\/\/www.facebook.com\/JusticeInfo\/","article_published_time":"2008-02-12T04:59:22+00:00","og_image":[{"width":1200,"height":630,"url":"https:\/\/www.justiceinfo.net\/wp-content\/uploads\/JusticeInfoNet_logo_1200x630px.jpg","type":"image\/jpeg"}],"author":"solivri","twitter_card":"summary_large_image","twitter_creator":"@justiceinfonet","twitter_site":"@justiceinfonet","twitter_misc":{"\u00c9crit par":"solivri","Dur\u00e9e de lecture estim\u00e9e":"2 minutes"},"schema":{"@context":"https:\/\/schema.org","@graph":[{"@type":"NewsArticle","@id":"https:\/\/www.justiceinfo.net\/fr\/3391-110208-tpirkaremera-un-ex-responsable-du-mrnd-demande-a-ses-juges-de-se-recuser181.html#article","isPartOf":{"@id":"https:\/\/www.justiceinfo.net\/fr\/3391-110208-tpirkaremera-un-ex-responsable-du-mrnd-demande-a-ses-juges-de-se-recuser181.html"},"author":{"name":"solivri","@id":"https:\/\/www.justiceinfo.net\/fr#\/schema\/person\/6e53cba1629e2e66f3fc1821d3091865"},"headline":"11.02.08 - TPIR\/KAREMERA - UN EX- RESPONSABLE DU MRND DEMANDE A SES JUGES DE SE RECUSER","datePublished":"2008-02-12T04:59:22+00:00","mainEntityOfPage":{"@id":"https:\/\/www.justiceinfo.net\/fr\/3391-110208-tpirkaremera-un-ex-responsable-du-mrnd-demande-a-ses-juges-de-se-recuser181.html"},"wordCount":493,"commentCount":0,"publisher":{"@id":"https:\/\/www.justiceinfo.net\/fr#organization"},"articleSection":["Hirondelle News"],"inLanguage":"fr-FR","potentialAction":[{"@type":"CommentAction","name":"Comment","target":["https:\/\/www.justiceinfo.net\/fr\/3391-110208-tpirkaremera-un-ex-responsable-du-mrnd-demande-a-ses-juges-de-se-recuser181.html#respond"]}]},{"@type":"WebPage","@id":"https:\/\/www.justiceinfo.net\/fr\/3391-110208-tpirkaremera-un-ex-responsable-du-mrnd-demande-a-ses-juges-de-se-recuser181.html","url":"https:\/\/www.justiceinfo.net\/fr\/3391-110208-tpirkaremera-un-ex-responsable-du-mrnd-demande-a-ses-juges-de-se-recuser181.html","name":"11.02.08 - TPIR\/KAREMERA - UN EX- RESPONSABLE DU MRND DEMANDE A SES JUGES DE SE RECUSER - JusticeInfo.net","isPartOf":{"@id":"https:\/\/www.justiceinfo.net\/fr#website"},"datePublished":"2008-02-12T04:59:22+00:00","breadcrumb":{"@id":"https:\/\/www.justiceinfo.net\/fr\/3391-110208-tpirkaremera-un-ex-responsable-du-mrnd-demande-a-ses-juges-de-se-recuser181.html#breadcrumb"},"inLanguage":"fr-FR","potentialAction":[{"@type":"ReadAction","target":["https:\/\/www.justiceinfo.net\/fr\/3391-110208-tpirkaremera-un-ex-responsable-du-mrnd-demande-a-ses-juges-de-se-recuser181.html"]}]},{"@type":"BreadcrumbList","@id":"https:\/\/www.justiceinfo.net\/fr\/3391-110208-tpirkaremera-un-ex-responsable-du-mrnd-demande-a-ses-juges-de-se-recuser181.html#breadcrumb","itemListElement":[{"@type":"ListItem","position":1,"name":"Home","item":"https:\/\/www.justiceinfo.net\/fr"},{"@type":"ListItem","position":2,"name":"11.02.08 - TPIR\/KAREMERA - UN EX- RESPONSABLE DU MRND DEMANDE A SES JUGES DE SE RECUSER"}]},{"@type":"WebSite","@id":"https:\/\/www.justiceinfo.net\/fr#website","url":"https:\/\/www.justiceinfo.net\/fr","name":"JusticeInfo.net","description":"La justice doit \u00eatre vue pour \u00eatre rendue","publisher":{"@id":"https:\/\/www.justiceinfo.net\/fr#organization"},"potentialAction":[{"@type":"SearchAction","target":{"@type":"EntryPoint","urlTemplate":"https:\/\/www.justiceinfo.net\/fr?s={search_term_string}"},"query-input":{"@type":"PropertyValueSpecification","valueRequired":true,"valueName":"search_term_string"}}],"inLanguage":"fr-FR"},{"@type":"Organization","@id":"https:\/\/www.justiceinfo.net\/fr#organization","name":"Justice Info","url":"https:\/\/www.justiceinfo.net\/fr","logo":{"@type":"ImageObject","inLanguage":"fr-FR","@id":"https:\/\/www.justiceinfo.net\/fr#\/schema\/logo\/image\/","url":"https:\/\/www.justiceinfo.net\/wp-content\/uploads\/justiceinfo_logo-trans_1200x1200px.png","contentUrl":"https:\/\/www.justiceinfo.net\/wp-content\/uploads\/justiceinfo_logo-trans_1200x1200px.png","width":1199,"height":1200,"caption":"Justice Info"},"image":{"@id":"https:\/\/www.justiceinfo.net\/fr#\/schema\/logo\/image\/"},"sameAs":["https:\/\/www.facebook.com\/JusticeInfo\/","https:\/\/x.com\/justiceinfonet","https:\/\/www.linkedin.com\/company\/justice-info","https:\/\/www.youtube.com\/channel\/UCyCEsARodyuWtkWyhn-e7pA"]},{"@type":"Person","name":"solivri","url":"\/fr\/?s=solivri"}]}},"_links":{"self":[{"href":"https:\/\/www.justiceinfo.net\/fr\/wp-json\/wp\/v2\/posts\/3391","targetHints":{"allow":["GET"]}}],"collection":[{"href":"https:\/\/www.justiceinfo.net\/fr\/wp-json\/wp\/v2\/posts"}],"about":[{"href":"https:\/\/www.justiceinfo.net\/fr\/wp-json\/wp\/v2\/types\/post"}],"author":[{"embeddable":true,"href":"https:\/\/www.justiceinfo.net\/fr\/wp-json\/wp\/v2\/users\/64"}],"replies":[{"embeddable":true,"href":"https:\/\/www.justiceinfo.net\/fr\/wp-json\/wp\/v2\/comments?post=3391"}],"version-history":[{"count":0,"href":"https:\/\/www.justiceinfo.net\/fr\/wp-json\/wp\/v2\/posts\/3391\/revisions"}],"wp:attachment":[{"href":"https:\/\/www.justiceinfo.net\/fr\/wp-json\/wp\/v2\/media?parent=3391"}],"wp:term":[{"taxonomy":"category","embeddable":true,"href":"https:\/\/www.justiceinfo.net\/fr\/wp-json\/wp\/v2\/categories?post=3391"},{"taxonomy":"post_tag","embeddable":true,"href":"https:\/\/www.justiceinfo.net\/fr\/wp-json\/wp\/v2\/tags?post=3391"},{"taxonomy":"ji_location","embeddable":true,"href":"https:\/\/www.justiceinfo.net\/fr\/wp-json\/wp\/v2\/ji_location?post=3391"}],"curies":[{"name":"wp","href":"https:\/\/api.w.org\/{rel}","templated":true}]}}