{"id":3395,"date":"2008-02-11T06:17:16","date_gmt":"2008-02-11T05:17:16","guid":{"rendered":"https:\/\/www.justiceinfo.net\/3395-080208-cpirdc-un-nouveau-chef-de-milice-congolais-arrete-proces-prevu-en-mars185.html"},"modified":"2008-02-11T06:17:16","modified_gmt":"2008-02-11T05:17:16","slug":"080208-cpirdc-un-nouveau-chef-de-milice-congolais-arrete-proces-prevu-en-mars185","status":"publish","type":"post","link":"https:\/\/www.justiceinfo.net\/fr\/3395-080208-cpirdc-un-nouveau-chef-de-milice-congolais-arrete-proces-prevu-en-mars185.html","title":{"rendered":"08.02.08 - CPI\/RDC  - UN NOUVEAU CHEF DE MILICE CONGOLAIS ARRETE, PROCES PREVU EN MARS"},"content":{"rendered":"<p  >\nLa Haye, 8 f\u00e9vrier 2008 (FH)- Mathieu Ngundjolo, le chef d\u2019\u00e9tat-major du Front des nationalistes et int\u00e9grationnistes (FNI), une milice de l\u2019Ituri, dans l\u2019est de la R\u00e9publique d\u00e9mocratique du Congo (RDC), a \u00e9t\u00e9 arr\u00eat\u00e9 et transf\u00e9r\u00e9 \u00e0 La Haye jeudi.  <\/p>\n<p>Suspect\u00e9 de crimes contre l\u2019humanit\u00e9 et crimes de guerre pour meurtres, actes inhumains, attaque de village, pillage, esclavage sexuel et enr\u00f4lement d\u2019enfants commis entre juillet 2002 et fin 2003, Mathieu Ngundjolo est particuli\u00e8rement vis\u00e9 pour l\u2019attaque du village de Bongolo.\n<\/p>\n<p><!--more--><\/p>\n<p  >\nC\u2019est le troisi\u00e8me accus\u00e9 incarc\u00e9r\u00e9 dans la prison de Scheveningen, en banlieue de La Haye, aux Pays-Bas. <\/p>\n<p>Thomas Lubanga, chef de l\u2019Union des patriotes congolais (UPC) est, lui, depuis plus de deux ans en d\u00e9tention pr\u00e9ventive. <\/p>\n<p>L\u2019ouverture de son proc\u00e8s, qui s\u2019annonce d\u00e9j\u00e0 comme un proc\u00e8s fleuve de dix-huit mois, est pr\u00e9vue pour le 31 mars. <\/p>\n<p>Quant \u00e0 Germain Katanga, ex-chef d\u2019\u00e9tat-major de la Force de r\u00e9sistance patriotique en Ituri (FPRI), alli\u00e9e au FNI, et qui pourrait \u00eatre jug\u00e9 au cot\u00e9 de Mathieu Ngundjolo - les mandats d\u2019arr\u00eats \u00e9mis contre les deux hommes sont quasiment similaires \u2013 il est incarc\u00e9r\u00e9 depuis l\u2019automne. <\/p>\n<p> Au cours d\u2019une conf\u00e9rence de presse \u00e0 La Haye, le parquet a annonc\u00e9 l\u2019ouverture d\u2019une troisi\u00e8me enqu\u00eate en RDC, sur les crimes commis cette fois dans la r\u00e9gion du Kivu. <\/p>\n<p>Le procureur Luis Moreno Ocampo, qui s\u2019exprimait par liaison satellite depuis Bangui, en Centrafrique - o\u00f9 apr\u00e8s la RDC, l\u2019Ouganda, et le Darfour, le parquet a ouvert sa quatri\u00e8me enqu\u00eate \u2013 a vis\u00e9 \u00ab les crimes commis par Laurent Nkunda [Conseil national pour la d\u00e9fense du peuple], les FDLR [Forces d\u00e9mocratiques de lib\u00e9ration du Rwanda, hutus extr\u00e9mistes] et l\u2019arm\u00e9e r\u00e9guli\u00e8re \u00bb. <\/p>\n<p> Le procureur a promis d\u2019\u00e9mettre de nouveaux mandats, saluant le fait que \u00ab l\u2019acte d\u2019engagement de Goma [accord de paix sign\u00e9 le 23 janvier 2008] a r\u00e9affirm\u00e9 le principe d\u2019impunit\u00e9 en excluant ces crimes du champ d\u2019amnistie envisag\u00e9\u00bb. <\/p>\n<p> Luis Moreno Ocampo a par ailleurs pr\u00e9cis\u00e9 que ses enqu\u00eates suivent \u00ab les individus qui ont pu jouer un r\u00f4le dans le soutien aux groupes arm\u00e9s \u00bb. <\/p>\n<p>Ces soutiens sont d\u00e9j\u00e0 particuli\u00e8rement document\u00e9s par plusieurs rapports des Nations unies, portant notamment sur le pillage des ressources de la RDC, principal objet d\u2019une guerre qui dure depuis 1997, des rapports d\u2019organisations humanitaires, ainsi que par une d\u00e9cision de la Cour internationale de Justice (CIJ) condamnant l\u2019Ouganda. Des rapports qui d\u00e9montrent, d\u2019une part, les soutiens clairs apport\u00e9s par le Rwanda et l\u2019Ouganda \u00e0 ces milices, et par ailleurs, la participation de soci\u00e9t\u00e9s priv\u00e9es, souvent occidentales, dans l\u2019exploitation des richesses de l\u2019est du Congo. <\/p>\n<p> Or, le procureur avance avec prudence dans le choix de ses cibles, et si les trois miliciens aujourd\u2019hui incarc\u00e9r\u00e9s \u00e0 La Haye sont soup\u00e7onn\u00e9s d'une multitude de crimes, ils ne figurent pas au rang des plus hauts responsables : les commanditaires. <\/p>\n<p>Le procureur annonce, du bout des l\u00e8vres, et quatre ans apr\u00e8s l\u2019ouverture de son enqu\u00eate en RDC, qu\u2019il visera ceux qui soutiennent et financent la guerre congolaise. <\/p>\n<p>Cependant, en fractionnant ses poursuites au Congo Kinshasa selon des crit\u00e8res g\u00e9ographiques, le parquet donne une vision minimaliste du conflit en cours.  <\/p>\n<p>SM\/GF<\/p>\n","protected":false},"excerpt":{"rendered":"<p>La Haye, 8 f\u00e9vrier 2008 (FH)- Mathieu Ngundjolo, le chef d\u2019\u00e9tat-major du Front des nationalistes et int\u00e9grationnistes (FNI), une milice de l\u2019Ituri, dans l\u2019est de la R\u00e9publique d\u00e9mocratique du Congo (RDC), a \u00e9t\u00e9 arr\u00eat\u00e9 et transf\u00e9r\u00e9 \u00e0 La Haye jeudi. Suspect\u00e9 de crimes contre l\u2019humanit\u00e9 et crimes de guerre pour meurtres, actes inhumains, attaque de [&hellip;]<\/p>\n","protected":false},"author":64,"featured_media":0,"comment_status":"open","ping_status":"closed","sticky":false,"template":"","format":"standard","meta":{"_acf_changed":false,"footnotes":""},"categories":[554],"tags":[],"ji_location":[],"class_list":["post-3395","post","type-post","status-publish","format-standard","hentry","category-hirondellenews"],"acf":[],"yoast_head":"<!-- This site is optimized with the Yoast SEO Premium plugin v25.3.1 (Yoast SEO v25.3.1) - https:\/\/yoast.com\/wordpress\/plugins\/seo\/ -->\n<title>08.02.08 - CPI\/RDC - UN NOUVEAU CHEF DE MILICE CONGOLAIS ARRETE, PROCES PREVU EN MARS - JusticeInfo.net<\/title>\n<meta name=\"robots\" content=\"index, follow, max-snippet:-1, max-image-preview:large, max-video-preview:-1\" \/>\n<link rel=\"canonical\" href=\"https:\/\/www.justiceinfo.net\/fr\/3395-080208-cpirdc-un-nouveau-chef-de-milice-congolais-arrete-proces-prevu-en-mars185.html\" \/>\n<meta property=\"og:locale\" content=\"fr_FR\" \/>\n<meta property=\"og:type\" content=\"article\" \/>\n<meta property=\"og:title\" content=\"08.02.08 - CPI\/RDC - UN NOUVEAU CHEF DE MILICE CONGOLAIS ARRETE, PROCES PREVU EN MARS\" \/>\n<meta property=\"og:description\" content=\"La Haye, 8 f\u00e9vrier 2008 (FH)- Mathieu Ngundjolo, le chef d\u2019\u00e9tat-major du Front des nationalistes et int\u00e9grationnistes (FNI), une milice de l\u2019Ituri, dans l\u2019est de la R\u00e9publique d\u00e9mocratique du Congo (RDC), a \u00e9t\u00e9 arr\u00eat\u00e9 et transf\u00e9r\u00e9 \u00e0 La Haye jeudi. Suspect\u00e9 de crimes contre l\u2019humanit\u00e9 et crimes de guerre pour meurtres, actes inhumains, attaque de [&hellip;]\" \/>\n<meta property=\"og:url\" content=\"https:\/\/www.justiceinfo.net\/fr\/3395-080208-cpirdc-un-nouveau-chef-de-milice-congolais-arrete-proces-prevu-en-mars185.html\" \/>\n<meta property=\"og:site_name\" content=\"JusticeInfo.net\" \/>\n<meta property=\"article:publisher\" content=\"https:\/\/www.facebook.com\/JusticeInfo\/\" \/>\n<meta property=\"article:published_time\" content=\"2008-02-11T05:17:16+00:00\" \/>\n<meta property=\"og:image\" content=\"https:\/\/www.justiceinfo.net\/wp-content\/uploads\/JusticeInfoNet_logo_1200x630px.jpg\" \/>\n\t<meta property=\"og:image:width\" content=\"1200\" \/>\n\t<meta property=\"og:image:height\" content=\"630\" \/>\n\t<meta property=\"og:image:type\" content=\"image\/jpeg\" \/>\n<meta name=\"author\" content=\"solivri\" \/>\n<meta name=\"twitter:card\" content=\"summary_large_image\" \/>\n<meta name=\"twitter:creator\" content=\"@justiceinfonet\" \/>\n<meta name=\"twitter:site\" content=\"@justiceinfonet\" \/>\n<meta name=\"twitter:label1\" content=\"\u00c9crit par\" \/>\n\t<meta name=\"twitter:data1\" content=\"solivri\" \/>\n\t<meta name=\"twitter:label2\" content=\"Dur\u00e9e de lecture estim\u00e9e\" \/>\n\t<meta name=\"twitter:data2\" content=\"3 minutes\" \/>\n<script type=\"application\/ld+json\" class=\"yoast-schema-graph\">{\"@context\":\"https:\/\/schema.org\",\"@graph\":[{\"@type\":\"NewsArticle\",\"@id\":\"https:\/\/www.justiceinfo.net\/fr\/3395-080208-cpirdc-un-nouveau-chef-de-milice-congolais-arrete-proces-prevu-en-mars185.html#article\",\"isPartOf\":{\"@id\":\"https:\/\/www.justiceinfo.net\/fr\/3395-080208-cpirdc-un-nouveau-chef-de-milice-congolais-arrete-proces-prevu-en-mars185.html\"},\"author\":{\"name\":\"solivri\",\"@id\":\"https:\/\/www.justiceinfo.net\/fr#\/schema\/person\/6e53cba1629e2e66f3fc1821d3091865\"},\"headline\":\"08.02.08 - CPI\/RDC - UN NOUVEAU CHEF DE MILICE CONGOLAIS ARRETE, PROCES PREVU EN MARS\",\"datePublished\":\"2008-02-11T05:17:16+00:00\",\"mainEntityOfPage\":{\"@id\":\"https:\/\/www.justiceinfo.net\/fr\/3395-080208-cpirdc-un-nouveau-chef-de-milice-congolais-arrete-proces-prevu-en-mars185.html\"},\"wordCount\":601,\"commentCount\":0,\"publisher\":{\"@id\":\"https:\/\/www.justiceinfo.net\/fr#organization\"},\"articleSection\":[\"Hirondelle News\"],\"inLanguage\":\"fr-FR\",\"potentialAction\":[{\"@type\":\"CommentAction\",\"name\":\"Comment\",\"target\":[\"https:\/\/www.justiceinfo.net\/fr\/3395-080208-cpirdc-un-nouveau-chef-de-milice-congolais-arrete-proces-prevu-en-mars185.html#respond\"]}]},{\"@type\":\"WebPage\",\"@id\":\"https:\/\/www.justiceinfo.net\/fr\/3395-080208-cpirdc-un-nouveau-chef-de-milice-congolais-arrete-proces-prevu-en-mars185.html\",\"url\":\"https:\/\/www.justiceinfo.net\/fr\/3395-080208-cpirdc-un-nouveau-chef-de-milice-congolais-arrete-proces-prevu-en-mars185.html\",\"name\":\"08.02.08 - CPI\/RDC - UN NOUVEAU CHEF DE MILICE CONGOLAIS ARRETE, PROCES PREVU EN MARS - JusticeInfo.net\",\"isPartOf\":{\"@id\":\"https:\/\/www.justiceinfo.net\/fr#website\"},\"datePublished\":\"2008-02-11T05:17:16+00:00\",\"breadcrumb\":{\"@id\":\"https:\/\/www.justiceinfo.net\/fr\/3395-080208-cpirdc-un-nouveau-chef-de-milice-congolais-arrete-proces-prevu-en-mars185.html#breadcrumb\"},\"inLanguage\":\"fr-FR\",\"potentialAction\":[{\"@type\":\"ReadAction\",\"target\":[\"https:\/\/www.justiceinfo.net\/fr\/3395-080208-cpirdc-un-nouveau-chef-de-milice-congolais-arrete-proces-prevu-en-mars185.html\"]}]},{\"@type\":\"BreadcrumbList\",\"@id\":\"https:\/\/www.justiceinfo.net\/fr\/3395-080208-cpirdc-un-nouveau-chef-de-milice-congolais-arrete-proces-prevu-en-mars185.html#breadcrumb\",\"itemListElement\":[{\"@type\":\"ListItem\",\"position\":1,\"name\":\"Home\",\"item\":\"https:\/\/www.justiceinfo.net\/fr\"},{\"@type\":\"ListItem\",\"position\":2,\"name\":\"08.02.08 - CPI\/RDC - UN NOUVEAU CHEF DE MILICE CONGOLAIS ARRETE, PROCES PREVU EN MARS\"}]},{\"@type\":\"WebSite\",\"@id\":\"https:\/\/www.justiceinfo.net\/fr#website\",\"url\":\"https:\/\/www.justiceinfo.net\/fr\",\"name\":\"JusticeInfo.net\",\"description\":\"La justice doit \u00eatre vue pour \u00eatre rendue\",\"publisher\":{\"@id\":\"https:\/\/www.justiceinfo.net\/fr#organization\"},\"potentialAction\":[{\"@type\":\"SearchAction\",\"target\":{\"@type\":\"EntryPoint\",\"urlTemplate\":\"https:\/\/www.justiceinfo.net\/fr?s={search_term_string}\"},\"query-input\":{\"@type\":\"PropertyValueSpecification\",\"valueRequired\":true,\"valueName\":\"search_term_string\"}}],\"inLanguage\":\"fr-FR\"},{\"@type\":\"Organization\",\"@id\":\"https:\/\/www.justiceinfo.net\/fr#organization\",\"name\":\"Justice Info\",\"url\":\"https:\/\/www.justiceinfo.net\/fr\",\"logo\":{\"@type\":\"ImageObject\",\"inLanguage\":\"fr-FR\",\"@id\":\"https:\/\/www.justiceinfo.net\/fr#\/schema\/logo\/image\/\",\"url\":\"https:\/\/www.justiceinfo.net\/wp-content\/uploads\/justiceinfo_logo-trans_1200x1200px.png\",\"contentUrl\":\"https:\/\/www.justiceinfo.net\/wp-content\/uploads\/justiceinfo_logo-trans_1200x1200px.png\",\"width\":1199,\"height\":1200,\"caption\":\"Justice Info\"},\"image\":{\"@id\":\"https:\/\/www.justiceinfo.net\/fr#\/schema\/logo\/image\/\"},\"sameAs\":[\"https:\/\/www.facebook.com\/JusticeInfo\/\",\"https:\/\/x.com\/justiceinfonet\",\"https:\/\/www.linkedin.com\/company\/justice-info\",\"https:\/\/www.youtube.com\/channel\/UCyCEsARodyuWtkWyhn-e7pA\"]},{\"@type\":\"Person\",\"name\":\"solivri\",\"url\":\"\/fr\/?s=solivri\"}]}<\/script>\n<!-- \/ Yoast SEO Premium plugin. -->","yoast_head_json":{"title":"08.02.08 - CPI\/RDC - UN NOUVEAU CHEF DE MILICE CONGOLAIS ARRETE, PROCES PREVU EN MARS - JusticeInfo.net","robots":{"index":"index","follow":"follow","max-snippet":"max-snippet:-1","max-image-preview":"max-image-preview:large","max-video-preview":"max-video-preview:-1"},"canonical":"https:\/\/www.justiceinfo.net\/fr\/3395-080208-cpirdc-un-nouveau-chef-de-milice-congolais-arrete-proces-prevu-en-mars185.html","og_locale":"fr_FR","og_type":"article","og_title":"08.02.08 - CPI\/RDC - UN NOUVEAU CHEF DE MILICE CONGOLAIS ARRETE, PROCES PREVU EN MARS","og_description":"La Haye, 8 f\u00e9vrier 2008 (FH)- Mathieu Ngundjolo, le chef d\u2019\u00e9tat-major du Front des nationalistes et int\u00e9grationnistes (FNI), une milice de l\u2019Ituri, dans l\u2019est de la R\u00e9publique d\u00e9mocratique du Congo (RDC), a \u00e9t\u00e9 arr\u00eat\u00e9 et transf\u00e9r\u00e9 \u00e0 La Haye jeudi. Suspect\u00e9 de crimes contre l\u2019humanit\u00e9 et crimes de guerre pour meurtres, actes inhumains, attaque de [&hellip;]","og_url":"https:\/\/www.justiceinfo.net\/fr\/3395-080208-cpirdc-un-nouveau-chef-de-milice-congolais-arrete-proces-prevu-en-mars185.html","og_site_name":"JusticeInfo.net","article_publisher":"https:\/\/www.facebook.com\/JusticeInfo\/","article_published_time":"2008-02-11T05:17:16+00:00","og_image":[{"width":1200,"height":630,"url":"https:\/\/www.justiceinfo.net\/wp-content\/uploads\/JusticeInfoNet_logo_1200x630px.jpg","type":"image\/jpeg"}],"author":"solivri","twitter_card":"summary_large_image","twitter_creator":"@justiceinfonet","twitter_site":"@justiceinfonet","twitter_misc":{"\u00c9crit par":"solivri","Dur\u00e9e de lecture estim\u00e9e":"3 minutes"},"schema":{"@context":"https:\/\/schema.org","@graph":[{"@type":"NewsArticle","@id":"https:\/\/www.justiceinfo.net\/fr\/3395-080208-cpirdc-un-nouveau-chef-de-milice-congolais-arrete-proces-prevu-en-mars185.html#article","isPartOf":{"@id":"https:\/\/www.justiceinfo.net\/fr\/3395-080208-cpirdc-un-nouveau-chef-de-milice-congolais-arrete-proces-prevu-en-mars185.html"},"author":{"name":"solivri","@id":"https:\/\/www.justiceinfo.net\/fr#\/schema\/person\/6e53cba1629e2e66f3fc1821d3091865"},"headline":"08.02.08 - CPI\/RDC - UN NOUVEAU CHEF DE MILICE CONGOLAIS ARRETE, PROCES PREVU EN MARS","datePublished":"2008-02-11T05:17:16+00:00","mainEntityOfPage":{"@id":"https:\/\/www.justiceinfo.net\/fr\/3395-080208-cpirdc-un-nouveau-chef-de-milice-congolais-arrete-proces-prevu-en-mars185.html"},"wordCount":601,"commentCount":0,"publisher":{"@id":"https:\/\/www.justiceinfo.net\/fr#organization"},"articleSection":["Hirondelle News"],"inLanguage":"fr-FR","potentialAction":[{"@type":"CommentAction","name":"Comment","target":["https:\/\/www.justiceinfo.net\/fr\/3395-080208-cpirdc-un-nouveau-chef-de-milice-congolais-arrete-proces-prevu-en-mars185.html#respond"]}]},{"@type":"WebPage","@id":"https:\/\/www.justiceinfo.net\/fr\/3395-080208-cpirdc-un-nouveau-chef-de-milice-congolais-arrete-proces-prevu-en-mars185.html","url":"https:\/\/www.justiceinfo.net\/fr\/3395-080208-cpirdc-un-nouveau-chef-de-milice-congolais-arrete-proces-prevu-en-mars185.html","name":"08.02.08 - CPI\/RDC - UN NOUVEAU CHEF DE MILICE CONGOLAIS ARRETE, PROCES PREVU EN MARS - JusticeInfo.net","isPartOf":{"@id":"https:\/\/www.justiceinfo.net\/fr#website"},"datePublished":"2008-02-11T05:17:16+00:00","breadcrumb":{"@id":"https:\/\/www.justiceinfo.net\/fr\/3395-080208-cpirdc-un-nouveau-chef-de-milice-congolais-arrete-proces-prevu-en-mars185.html#breadcrumb"},"inLanguage":"fr-FR","potentialAction":[{"@type":"ReadAction","target":["https:\/\/www.justiceinfo.net\/fr\/3395-080208-cpirdc-un-nouveau-chef-de-milice-congolais-arrete-proces-prevu-en-mars185.html"]}]},{"@type":"BreadcrumbList","@id":"https:\/\/www.justiceinfo.net\/fr\/3395-080208-cpirdc-un-nouveau-chef-de-milice-congolais-arrete-proces-prevu-en-mars185.html#breadcrumb","itemListElement":[{"@type":"ListItem","position":1,"name":"Home","item":"https:\/\/www.justiceinfo.net\/fr"},{"@type":"ListItem","position":2,"name":"08.02.08 - CPI\/RDC - UN NOUVEAU CHEF DE MILICE CONGOLAIS ARRETE, PROCES PREVU EN MARS"}]},{"@type":"WebSite","@id":"https:\/\/www.justiceinfo.net\/fr#website","url":"https:\/\/www.justiceinfo.net\/fr","name":"JusticeInfo.net","description":"La justice doit \u00eatre vue pour \u00eatre rendue","publisher":{"@id":"https:\/\/www.justiceinfo.net\/fr#organization"},"potentialAction":[{"@type":"SearchAction","target":{"@type":"EntryPoint","urlTemplate":"https:\/\/www.justiceinfo.net\/fr?s={search_term_string}"},"query-input":{"@type":"PropertyValueSpecification","valueRequired":true,"valueName":"search_term_string"}}],"inLanguage":"fr-FR"},{"@type":"Organization","@id":"https:\/\/www.justiceinfo.net\/fr#organization","name":"Justice Info","url":"https:\/\/www.justiceinfo.net\/fr","logo":{"@type":"ImageObject","inLanguage":"fr-FR","@id":"https:\/\/www.justiceinfo.net\/fr#\/schema\/logo\/image\/","url":"https:\/\/www.justiceinfo.net\/wp-content\/uploads\/justiceinfo_logo-trans_1200x1200px.png","contentUrl":"https:\/\/www.justiceinfo.net\/wp-content\/uploads\/justiceinfo_logo-trans_1200x1200px.png","width":1199,"height":1200,"caption":"Justice Info"},"image":{"@id":"https:\/\/www.justiceinfo.net\/fr#\/schema\/logo\/image\/"},"sameAs":["https:\/\/www.facebook.com\/JusticeInfo\/","https:\/\/x.com\/justiceinfonet","https:\/\/www.linkedin.com\/company\/justice-info","https:\/\/www.youtube.com\/channel\/UCyCEsARodyuWtkWyhn-e7pA"]},{"@type":"Person","name":"solivri","url":"\/fr\/?s=solivri"}]}},"_links":{"self":[{"href":"https:\/\/www.justiceinfo.net\/fr\/wp-json\/wp\/v2\/posts\/3395","targetHints":{"allow":["GET"]}}],"collection":[{"href":"https:\/\/www.justiceinfo.net\/fr\/wp-json\/wp\/v2\/posts"}],"about":[{"href":"https:\/\/www.justiceinfo.net\/fr\/wp-json\/wp\/v2\/types\/post"}],"author":[{"embeddable":true,"href":"https:\/\/www.justiceinfo.net\/fr\/wp-json\/wp\/v2\/users\/64"}],"replies":[{"embeddable":true,"href":"https:\/\/www.justiceinfo.net\/fr\/wp-json\/wp\/v2\/comments?post=3395"}],"version-history":[{"count":0,"href":"https:\/\/www.justiceinfo.net\/fr\/wp-json\/wp\/v2\/posts\/3395\/revisions"}],"wp:attachment":[{"href":"https:\/\/www.justiceinfo.net\/fr\/wp-json\/wp\/v2\/media?parent=3395"}],"wp:term":[{"taxonomy":"category","embeddable":true,"href":"https:\/\/www.justiceinfo.net\/fr\/wp-json\/wp\/v2\/categories?post=3395"},{"taxonomy":"post_tag","embeddable":true,"href":"https:\/\/www.justiceinfo.net\/fr\/wp-json\/wp\/v2\/tags?post=3395"},{"taxonomy":"ji_location","embeddable":true,"href":"https:\/\/www.justiceinfo.net\/fr\/wp-json\/wp\/v2\/ji_location?post=3395"}],"curies":[{"name":"wp","href":"https:\/\/api.w.org\/{rel}","templated":true}]}}