{"id":33959,"date":"2017-07-20T02:49:05","date_gmt":"2017-07-20T00:49:05","guid":{"rendered":"https:\/\/www.justiceinfo.net\/33959-cameroun-amnesty-accuse-les-forces-de-securite-de-torture-entrainant-la-mort.html"},"modified":"2017-07-20T02:49:05","modified_gmt":"2017-07-20T00:49:05","slug":"cameroun-amnesty-accuse-les-forces-de-securite-de-torture-entrainant-la-mort","status":"publish","type":"post","link":"https:\/\/www.justiceinfo.net\/fr\/33959-cameroun-amnesty-accuse-les-forces-de-securite-de-torture-entrainant-la-mort.html","title":{"rendered":"Cameroun: Amnesty accuse les forces de s\u00e9curit\u00e9 de torture entra\u00eenant la mort"},"content":{"rendered":"<div class=\"txt-textContent\">\n<div class=\"text fontsize_0 jq_Content jq_langdir\">\n<p>Des \"dizaines\" de prisonniers seraient morts au Cameroun dans des centres de d\u00e9tention o\u00f9 les forces de s\u00e9curit\u00e9 d\u00e9tiennent au secret et torturent des suspects dans la lutte contre le groupe jihadiste nig\u00e9rian Boko Haram, d\u00e9nonce Amnesty international dans un rapport publi\u00e9 jeudi.<\/p>\n<p>L'ONG a rencontr\u00e9 101 personnes affirmant avoir \u00e9t\u00e9 d\u00e9tenues au secret et tortur\u00e9es par le Bataillon d'intervention rapide (BIR, unit\u00e9 d'\u00e9lite de l'arm\u00e9e) et la Direction g\u00e9n\u00e9rale des renseignements ext\u00e9rieurs (DGRE) entre mars 2013 et mars 2017.<\/p>\n<p>Parmi ces 101 personnes, 32 ont expliqu\u00e9 \u00e0 l'ONG avoir \u00e9t\u00e9 t\u00e9moins de la mort d'un cod\u00e9tenu en d\u00e9tention.\u00a0<\/p>\n<p>\"Amnesty International estime que des dizaines de prisonniers sont d\u00e9c\u00e9d\u00e9s dans les centres de d\u00e9tention du BIR et de la DGRE entre mai 2013 et mai 2017 \u00e0 la suite d'actes de tortures et d'autres mauvais traitements\", affirme le rapport.<\/p>\n<p>La base de Salak du BIR et le centre non-officiel dit \"du Lac\" de la DGRE \u00e0 Yaound\u00e9 sont particuli\u00e8rement point\u00e9s du doigt par Amnesty International: sur 101 cas de torture r\u00e9pertori\u00e9s, plus de 80 s'y seraient produits.<\/p>\n<p>Selon le rapport, les Etats-Unis et la France auraient une pr\u00e9sence plus ou moins r\u00e9guli\u00e8re sur cette base de Salak.\u00a0<\/p>\n<p>\"Nous avons des preuves irr\u00e9futables qu'il y a une pr\u00e9sence internationale \u00e0 Salak. Des militaires am\u00e9ricains sont pr\u00e9sents r\u00e9guli\u00e8rement sur la base, et des d\u00e9l\u00e9gu\u00e9s d\u2019Amnesty International y ont vu des militaires fran\u00e7ais, mais rien ne nous permet d\u2019affirmer qu\u2019ils se trouvent en permanence sur le site\", explique \u00e0 l'AFP Ilaria Allegrozzi, une des auteurs du rapport.<\/p>\n<p>L'ONG dit avoir contact\u00e9 les ambassades am\u00e9ricaine et fran\u00e7aise au Cameroun demandant l'ouverture d'une enqu\u00eate sur \"la connaissance \u00e9ventuelle par leur personnel de pratiques de d\u00e9tention ill\u00e9gale et de torture\".<\/p>\n<p>\"Ils m'ont demand\u00e9 (...) si je connaissais des membres de Boko Haram. J'ai r\u00e9pondu que je connaissais aucun membre de Boko Haram. Ils m'ont dit de leur faciliter la t\u00e2che et d'avouer et que, sinon, ils allaient me tuer. Ils m'ont frapp\u00e9, me laissant quasiment pour mort, et m'ont ramen\u00e9 \u00e0 la cellule. Je suis rest\u00e9 l\u00e0-bas environ quatre mois\", explique dans le rapport et sous un nom d'emprunt\u00a0Samou, d\u00e9tenu sur la base du BIR \u00e0 Salak (Extr\u00eame-Nord) en 2016.<\/p>\n<p>\"La torture est une pratique routini\u00e8re par les forces de s\u00e9curit\u00e9, c'est syst\u00e9matique au Cameroun, on observe \u00e7a depuis le d\u00e9but des hostilit\u00e9s. Nous appelons le gouvernement \u00e0 prendre ses responsabilit\u00e9s\", indique Mme Allegrozzi. \u00a0<\/p>\n<p>Amnesty International explique par ailleurs avoir contact\u00e9 le gouvernement camerounais, sans avoir \u00e9t\u00e9 re\u00e7u ni eu de r\u00e9ponse avant publication du rapport.<\/p>\n<\/div>\n<\/div>\n","protected":false},"excerpt":{"rendered":"<p>Des \"dizaines\" de prisonniers seraient morts au Cameroun dans des centres de d\u00e9tention o\u00f9 les forces de s\u00e9curit\u00e9 d\u00e9tiennent au secret et torturent des suspects dans la lutte contre le groupe jihadiste nig\u00e9rian Boko Haram, d\u00e9nonce Amnesty international dans un rapport publi\u00e9 jeudi. L'ONG a rencontr\u00e9 101 personnes affirmant avoir \u00e9t\u00e9 d\u00e9tenues au secret et [&hellip;]<\/p>\n","protected":false},"author":60,"featured_media":0,"comment_status":"open","ping_status":"closed","sticky":false,"template":"","format":"standard","meta":{"_acf_changed":false,"footnotes":""},"categories":[2576],"tags":[],"ji_location":[2156],"class_list":["post-33959","post","type-post","status-publish","format-standard","hentry","category-fil-d-actualite","ji_location-cameroun"],"acf":[],"yoast_head":"<!-- This site is optimized with the Yoast SEO Premium plugin v25.3.1 (Yoast SEO v25.3.1) - https:\/\/yoast.com\/wordpress\/plugins\/seo\/ -->\n<title>Cameroun: Amnesty accuse les forces de s\u00e9curit\u00e9 de torture entra\u00eenant la mort - JusticeInfo.net<\/title>\n<meta name=\"robots\" content=\"index, follow, max-snippet:-1, max-image-preview:large, max-video-preview:-1\" \/>\n<link rel=\"canonical\" href=\"https:\/\/www.justiceinfo.net\/fr\/33959-cameroun-amnesty-accuse-les-forces-de-securite-de-torture-entrainant-la-mort.html\" \/>\n<meta property=\"og:locale\" content=\"fr_FR\" \/>\n<meta property=\"og:type\" content=\"article\" \/>\n<meta property=\"og:title\" content=\"Cameroun: Amnesty accuse les forces de s\u00e9curit\u00e9 de torture entra\u00eenant la mort\" \/>\n<meta property=\"og:description\" content=\"Des &quot;dizaines&quot; de prisonniers seraient morts au Cameroun dans des centres de d\u00e9tention o\u00f9 les forces de s\u00e9curit\u00e9 d\u00e9tiennent au secret et torturent des suspects dans la lutte contre le groupe jihadiste nig\u00e9rian Boko Haram, d\u00e9nonce Amnesty international dans un rapport publi\u00e9 jeudi. L&#039;ONG a rencontr\u00e9 101 personnes affirmant avoir \u00e9t\u00e9 d\u00e9tenues au secret et [&hellip;]\" \/>\n<meta property=\"og:url\" content=\"https:\/\/www.justiceinfo.net\/fr\/33959-cameroun-amnesty-accuse-les-forces-de-securite-de-torture-entrainant-la-mort.html\" \/>\n<meta property=\"og:site_name\" content=\"JusticeInfo.net\" \/>\n<meta property=\"article:publisher\" content=\"https:\/\/www.facebook.com\/JusticeInfo\/\" \/>\n<meta property=\"article:published_time\" content=\"2017-07-20T00:49:05+00:00\" \/>\n<meta property=\"og:image\" content=\"https:\/\/www.justiceinfo.net\/wp-content\/uploads\/JusticeInfoNet_logo_1200x630px.jpg\" \/>\n\t<meta property=\"og:image:width\" content=\"1200\" \/>\n\t<meta property=\"og:image:height\" content=\"630\" \/>\n\t<meta property=\"og:image:type\" content=\"image\/jpeg\" \/>\n<meta name=\"author\" content=\"AFP\" \/>\n<meta name=\"twitter:card\" content=\"summary_large_image\" \/>\n<meta name=\"twitter:creator\" content=\"@justiceinfonet\" \/>\n<meta name=\"twitter:site\" content=\"@justiceinfonet\" \/>\n<meta name=\"twitter:label1\" content=\"\u00c9crit par\" \/>\n\t<meta name=\"twitter:data1\" content=\"AFP\" \/>\n\t<meta name=\"twitter:label2\" content=\"Dur\u00e9e de lecture estim\u00e9e\" \/>\n\t<meta name=\"twitter:data2\" content=\"2 minutes\" \/>\n<script type=\"application\/ld+json\" class=\"yoast-schema-graph\">{\"@context\":\"https:\/\/schema.org\",\"@graph\":[{\"@type\":\"NewsArticle\",\"@id\":\"https:\/\/www.justiceinfo.net\/fr\/33959-cameroun-amnesty-accuse-les-forces-de-securite-de-torture-entrainant-la-mort.html#article\",\"isPartOf\":{\"@id\":\"https:\/\/www.justiceinfo.net\/fr\/33959-cameroun-amnesty-accuse-les-forces-de-securite-de-torture-entrainant-la-mort.html\"},\"author\":{\"name\":\"afp\",\"@id\":\"https:\/\/www.justiceinfo.net\/fr#\/schema\/person\/713d340ef5f218fc36ce9b4244364a7f\"},\"headline\":\"Cameroun: Amnesty accuse les forces de s\u00e9curit\u00e9 de torture entra\u00eenant la mort\",\"datePublished\":\"2017-07-20T00:49:05+00:00\",\"mainEntityOfPage\":{\"@id\":\"https:\/\/www.justiceinfo.net\/fr\/33959-cameroun-amnesty-accuse-les-forces-de-securite-de-torture-entrainant-la-mort.html\"},\"wordCount\":494,\"commentCount\":0,\"publisher\":{\"@id\":\"https:\/\/www.justiceinfo.net\/fr#organization\"},\"articleSection\":[\"Fil d'info AFP\"],\"inLanguage\":\"fr-FR\",\"potentialAction\":[{\"@type\":\"CommentAction\",\"name\":\"Comment\",\"target\":[\"https:\/\/www.justiceinfo.net\/fr\/33959-cameroun-amnesty-accuse-les-forces-de-securite-de-torture-entrainant-la-mort.html#respond\"]}]},{\"@type\":\"WebPage\",\"@id\":\"https:\/\/www.justiceinfo.net\/fr\/33959-cameroun-amnesty-accuse-les-forces-de-securite-de-torture-entrainant-la-mort.html\",\"url\":\"https:\/\/www.justiceinfo.net\/fr\/33959-cameroun-amnesty-accuse-les-forces-de-securite-de-torture-entrainant-la-mort.html\",\"name\":\"Cameroun: Amnesty accuse les forces de s\u00e9curit\u00e9 de torture entra\u00eenant la mort - JusticeInfo.net\",\"isPartOf\":{\"@id\":\"https:\/\/www.justiceinfo.net\/fr#website\"},\"datePublished\":\"2017-07-20T00:49:05+00:00\",\"breadcrumb\":{\"@id\":\"https:\/\/www.justiceinfo.net\/fr\/33959-cameroun-amnesty-accuse-les-forces-de-securite-de-torture-entrainant-la-mort.html#breadcrumb\"},\"inLanguage\":\"fr-FR\",\"potentialAction\":[{\"@type\":\"ReadAction\",\"target\":[\"https:\/\/www.justiceinfo.net\/fr\/33959-cameroun-amnesty-accuse-les-forces-de-securite-de-torture-entrainant-la-mort.html\"]}]},{\"@type\":\"BreadcrumbList\",\"@id\":\"https:\/\/www.justiceinfo.net\/fr\/33959-cameroun-amnesty-accuse-les-forces-de-securite-de-torture-entrainant-la-mort.html#breadcrumb\",\"itemListElement\":[{\"@type\":\"ListItem\",\"position\":1,\"name\":\"Home\",\"item\":\"https:\/\/www.justiceinfo.net\/fr\"},{\"@type\":\"ListItem\",\"position\":2,\"name\":\"Cameroun: Amnesty accuse les forces de s\u00e9curit\u00e9 de torture entra\u00eenant la mort\"}]},{\"@type\":\"WebSite\",\"@id\":\"https:\/\/www.justiceinfo.net\/fr#website\",\"url\":\"https:\/\/www.justiceinfo.net\/fr\",\"name\":\"JusticeInfo.net\",\"description\":\"La justice doit \u00eatre vue pour \u00eatre rendue\",\"publisher\":{\"@id\":\"https:\/\/www.justiceinfo.net\/fr#organization\"},\"potentialAction\":[{\"@type\":\"SearchAction\",\"target\":{\"@type\":\"EntryPoint\",\"urlTemplate\":\"https:\/\/www.justiceinfo.net\/fr?s={search_term_string}\"},\"query-input\":{\"@type\":\"PropertyValueSpecification\",\"valueRequired\":true,\"valueName\":\"search_term_string\"}}],\"inLanguage\":\"fr-FR\"},{\"@type\":\"Organization\",\"@id\":\"https:\/\/www.justiceinfo.net\/fr#organization\",\"name\":\"Justice Info\",\"url\":\"https:\/\/www.justiceinfo.net\/fr\",\"logo\":{\"@type\":\"ImageObject\",\"inLanguage\":\"fr-FR\",\"@id\":\"https:\/\/www.justiceinfo.net\/fr#\/schema\/logo\/image\/\",\"url\":\"https:\/\/www.justiceinfo.net\/wp-content\/uploads\/justiceinfo_logo-trans_1200x1200px.png\",\"contentUrl\":\"https:\/\/www.justiceinfo.net\/wp-content\/uploads\/justiceinfo_logo-trans_1200x1200px.png\",\"width\":1199,\"height\":1200,\"caption\":\"Justice Info\"},\"image\":{\"@id\":\"https:\/\/www.justiceinfo.net\/fr#\/schema\/logo\/image\/\"},\"sameAs\":[\"https:\/\/www.facebook.com\/JusticeInfo\/\",\"https:\/\/x.com\/justiceinfonet\",\"https:\/\/www.linkedin.com\/company\/justice-info\",\"https:\/\/www.youtube.com\/channel\/UCyCEsARodyuWtkWyhn-e7pA\"]},{\"@type\":\"Person\",\"name\":\"AFP\",\"url\":\"\/fr\/?s=AFP\"}]}<\/script>\n<!-- \/ Yoast SEO Premium plugin. -->","yoast_head_json":{"title":"Cameroun: Amnesty accuse les forces de s\u00e9curit\u00e9 de torture entra\u00eenant la mort - JusticeInfo.net","robots":{"index":"index","follow":"follow","max-snippet":"max-snippet:-1","max-image-preview":"max-image-preview:large","max-video-preview":"max-video-preview:-1"},"canonical":"https:\/\/www.justiceinfo.net\/fr\/33959-cameroun-amnesty-accuse-les-forces-de-securite-de-torture-entrainant-la-mort.html","og_locale":"fr_FR","og_type":"article","og_title":"Cameroun: Amnesty accuse les forces de s\u00e9curit\u00e9 de torture entra\u00eenant la mort","og_description":"Des \"dizaines\" de prisonniers seraient morts au Cameroun dans des centres de d\u00e9tention o\u00f9 les forces de s\u00e9curit\u00e9 d\u00e9tiennent au secret et torturent des suspects dans la lutte contre le groupe jihadiste nig\u00e9rian Boko Haram, d\u00e9nonce Amnesty international dans un rapport publi\u00e9 jeudi. L'ONG a rencontr\u00e9 101 personnes affirmant avoir \u00e9t\u00e9 d\u00e9tenues au secret et [&hellip;]","og_url":"https:\/\/www.justiceinfo.net\/fr\/33959-cameroun-amnesty-accuse-les-forces-de-securite-de-torture-entrainant-la-mort.html","og_site_name":"JusticeInfo.net","article_publisher":"https:\/\/www.facebook.com\/JusticeInfo\/","article_published_time":"2017-07-20T00:49:05+00:00","og_image":[{"width":1200,"height":630,"url":"https:\/\/www.justiceinfo.net\/wp-content\/uploads\/JusticeInfoNet_logo_1200x630px.jpg","type":"image\/jpeg"}],"author":"AFP","twitter_card":"summary_large_image","twitter_creator":"@justiceinfonet","twitter_site":"@justiceinfonet","twitter_misc":{"\u00c9crit par":"AFP","Dur\u00e9e de lecture estim\u00e9e":"2 minutes"},"schema":{"@context":"https:\/\/schema.org","@graph":[{"@type":"NewsArticle","@id":"https:\/\/www.justiceinfo.net\/fr\/33959-cameroun-amnesty-accuse-les-forces-de-securite-de-torture-entrainant-la-mort.html#article","isPartOf":{"@id":"https:\/\/www.justiceinfo.net\/fr\/33959-cameroun-amnesty-accuse-les-forces-de-securite-de-torture-entrainant-la-mort.html"},"author":{"name":"afp","@id":"https:\/\/www.justiceinfo.net\/fr#\/schema\/person\/713d340ef5f218fc36ce9b4244364a7f"},"headline":"Cameroun: Amnesty accuse les forces de s\u00e9curit\u00e9 de torture entra\u00eenant la mort","datePublished":"2017-07-20T00:49:05+00:00","mainEntityOfPage":{"@id":"https:\/\/www.justiceinfo.net\/fr\/33959-cameroun-amnesty-accuse-les-forces-de-securite-de-torture-entrainant-la-mort.html"},"wordCount":494,"commentCount":0,"publisher":{"@id":"https:\/\/www.justiceinfo.net\/fr#organization"},"articleSection":["Fil d'info AFP"],"inLanguage":"fr-FR","potentialAction":[{"@type":"CommentAction","name":"Comment","target":["https:\/\/www.justiceinfo.net\/fr\/33959-cameroun-amnesty-accuse-les-forces-de-securite-de-torture-entrainant-la-mort.html#respond"]}]},{"@type":"WebPage","@id":"https:\/\/www.justiceinfo.net\/fr\/33959-cameroun-amnesty-accuse-les-forces-de-securite-de-torture-entrainant-la-mort.html","url":"https:\/\/www.justiceinfo.net\/fr\/33959-cameroun-amnesty-accuse-les-forces-de-securite-de-torture-entrainant-la-mort.html","name":"Cameroun: Amnesty accuse les forces de s\u00e9curit\u00e9 de torture entra\u00eenant la mort - JusticeInfo.net","isPartOf":{"@id":"https:\/\/www.justiceinfo.net\/fr#website"},"datePublished":"2017-07-20T00:49:05+00:00","breadcrumb":{"@id":"https:\/\/www.justiceinfo.net\/fr\/33959-cameroun-amnesty-accuse-les-forces-de-securite-de-torture-entrainant-la-mort.html#breadcrumb"},"inLanguage":"fr-FR","potentialAction":[{"@type":"ReadAction","target":["https:\/\/www.justiceinfo.net\/fr\/33959-cameroun-amnesty-accuse-les-forces-de-securite-de-torture-entrainant-la-mort.html"]}]},{"@type":"BreadcrumbList","@id":"https:\/\/www.justiceinfo.net\/fr\/33959-cameroun-amnesty-accuse-les-forces-de-securite-de-torture-entrainant-la-mort.html#breadcrumb","itemListElement":[{"@type":"ListItem","position":1,"name":"Home","item":"https:\/\/www.justiceinfo.net\/fr"},{"@type":"ListItem","position":2,"name":"Cameroun: Amnesty accuse les forces de s\u00e9curit\u00e9 de torture entra\u00eenant la mort"}]},{"@type":"WebSite","@id":"https:\/\/www.justiceinfo.net\/fr#website","url":"https:\/\/www.justiceinfo.net\/fr","name":"JusticeInfo.net","description":"La justice doit \u00eatre vue pour \u00eatre rendue","publisher":{"@id":"https:\/\/www.justiceinfo.net\/fr#organization"},"potentialAction":[{"@type":"SearchAction","target":{"@type":"EntryPoint","urlTemplate":"https:\/\/www.justiceinfo.net\/fr?s={search_term_string}"},"query-input":{"@type":"PropertyValueSpecification","valueRequired":true,"valueName":"search_term_string"}}],"inLanguage":"fr-FR"},{"@type":"Organization","@id":"https:\/\/www.justiceinfo.net\/fr#organization","name":"Justice Info","url":"https:\/\/www.justiceinfo.net\/fr","logo":{"@type":"ImageObject","inLanguage":"fr-FR","@id":"https:\/\/www.justiceinfo.net\/fr#\/schema\/logo\/image\/","url":"https:\/\/www.justiceinfo.net\/wp-content\/uploads\/justiceinfo_logo-trans_1200x1200px.png","contentUrl":"https:\/\/www.justiceinfo.net\/wp-content\/uploads\/justiceinfo_logo-trans_1200x1200px.png","width":1199,"height":1200,"caption":"Justice Info"},"image":{"@id":"https:\/\/www.justiceinfo.net\/fr#\/schema\/logo\/image\/"},"sameAs":["https:\/\/www.facebook.com\/JusticeInfo\/","https:\/\/x.com\/justiceinfonet","https:\/\/www.linkedin.com\/company\/justice-info","https:\/\/www.youtube.com\/channel\/UCyCEsARodyuWtkWyhn-e7pA"]},{"@type":"Person","name":"AFP","url":"\/fr\/?s=AFP"}]}},"_links":{"self":[{"href":"https:\/\/www.justiceinfo.net\/fr\/wp-json\/wp\/v2\/posts\/33959","targetHints":{"allow":["GET"]}}],"collection":[{"href":"https:\/\/www.justiceinfo.net\/fr\/wp-json\/wp\/v2\/posts"}],"about":[{"href":"https:\/\/www.justiceinfo.net\/fr\/wp-json\/wp\/v2\/types\/post"}],"author":[{"embeddable":true,"href":"https:\/\/www.justiceinfo.net\/fr\/wp-json\/wp\/v2\/users\/60"}],"replies":[{"embeddable":true,"href":"https:\/\/www.justiceinfo.net\/fr\/wp-json\/wp\/v2\/comments?post=33959"}],"version-history":[{"count":0,"href":"https:\/\/www.justiceinfo.net\/fr\/wp-json\/wp\/v2\/posts\/33959\/revisions"}],"wp:attachment":[{"href":"https:\/\/www.justiceinfo.net\/fr\/wp-json\/wp\/v2\/media?parent=33959"}],"wp:term":[{"taxonomy":"category","embeddable":true,"href":"https:\/\/www.justiceinfo.net\/fr\/wp-json\/wp\/v2\/categories?post=33959"},{"taxonomy":"post_tag","embeddable":true,"href":"https:\/\/www.justiceinfo.net\/fr\/wp-json\/wp\/v2\/tags?post=33959"},{"taxonomy":"ji_location","embeddable":true,"href":"https:\/\/www.justiceinfo.net\/fr\/wp-json\/wp\/v2\/ji_location?post=33959"}],"curies":[{"name":"wp","href":"https:\/\/api.w.org\/{rel}","templated":true}]}}