{"id":3397,"date":"2008-02-11T06:13:42","date_gmt":"2008-02-11T05:13:42","guid":{"rendered":"https:\/\/www.justiceinfo.net\/3397-080208-tpirsynthese-hebdomadaire-laccusation-a-cloture-sa-preuve-dans-le-proces-dun-pretre187.html"},"modified":"2008-02-11T06:13:42","modified_gmt":"2008-02-11T05:13:42","slug":"080208-tpirsynthese-hebdomadaire-laccusation-a-cloture-sa-preuve-dans-le-proces-dun-pretre187","status":"publish","type":"post","link":"https:\/\/www.justiceinfo.net\/fr\/3397-080208-tpirsynthese-hebdomadaire-laccusation-a-cloture-sa-preuve-dans-le-proces-dun-pretre187.html","title":{"rendered":"08.02.08 - TPIR\/SYNTHESE HEBDOMADAIRE  - L\u2019ACCUSATION A CLOTURE SA PREUVE DANS LE PROCES D\u2019UN PR\u00caTRE"},"content":{"rendered":"<p  >\nArusha, 8 f\u00e9vrier 2008 (FH)- L\u2019accusation a  cl\u00f4tur\u00e9 sa preuve jeudi dans le proc\u00e8s d\u2019Hormisdas Nsengimana, un pr\u00eatre catholique accus\u00e9 de g\u00e9nocide et de crimes contre l\u2019humanit\u00e9 devant le Tribunal p\u00e9nal international pour le Rwanda (TPIR).  <\/p>\n<p>En 1994, Hormisdas Nsengimana \u00e9tait recteur du coll\u00e8ge du Christ-Roi de Nyanza dans le sud du Rwanda.\n<\/p>\n<p><!--more--><\/p>\n<p  >\nIl est poursuivi pour des massacres de Tutsis commis dans et autour de son \u00e9cole. Il plaide non coupable. <\/p>\n<p>Dans ce proc\u00e8s qui a commenc\u00e9 le 22 juin 2007, le procureur a cit\u00e9 19 t\u00e9moins. La d\u00e9fense pr\u00e9sentera sa th\u00e8se d\u00e8s le 2 juin. <\/p>\n<p>L\u2019\u00e9quipe de la poursuite est pilot\u00e9e par Wallace Kapaya (Tanzanie). La d\u00e9fense, pour sa part, est assur\u00e9e par Me Emmanuel Altit (France) et Me David Hooper (Grande Bretagne). <\/p>\n<p>Nsengimana, 54 ans, a \u00e9t\u00e9 arr\u00eat\u00e9 au Cameroun le 21 mars 2002. <\/p>\n<p>C\u2019est l'un des quatre pr\u00eatres catholiques mis en accusation par le TPIR. L\u2019un d\u2019un d\u2019eux, Athanase Seromba, vicaire \u00e0 la paroisse de Nyange \u00e0 l\u2019ouest du Rwanda, a \u00e9t\u00e9 condamn\u00e9 \u00e0 quinze ans de prison. Son proc\u00e8s est en appel. <\/p>\n<p>Pour sa part, l\u2019abb\u00e9 Emmanuel Rukundo, ancien aum\u00f4nier militaire, est en cours de jugement au TPIR. Son proc\u00e8s a commenc\u00e9 le 15 novembre 2006. Il arrive au stade des plaidoiries finales, fix\u00e9es au 20 f\u00e9vrier. <\/p>\n<p>Le quatri\u00e8me pr\u00eatre, l\u2019abb\u00e9 Wenceslas Munyeshyaka, ancien vicaire \u00e0 la paroisse Sainte-Famille \u00e0 Kigali, sera, quant \u00e0 lui, jug\u00e9 en France o\u00f9 il a \u00e9t\u00e9 arr\u00eat\u00e9. <\/p>\n<p>Le TPIR, qui termine tous ses proc\u00e8s en premi\u00e8re instance \u00e0 la fin de cette ann\u00e9e, pr\u00e9voit de transf\u00e9rer les affaires qui seront encore pendantes devant des juridictions nationales. <\/p>\n<p>Outre Nsengimana, trois autres affaires se sont poursuivies cette semaine devant le TPIR. Il s\u2019agit de Militaires II qui concerne quatre officiers dont deux chefs d\u2019\u00e9tat-major, Butare qui concerne six accus\u00e9s originaires de cette r\u00e9gion du sud du Rwanda dont une femme et Gouvernement II qui concerne quatre anciens ministres. <\/p>\n<p>Dans toutes les trois affaires, c\u2019est la d\u00e9fense qui pr\u00e9sente sa preuve. <\/p>\n<p>Dans Militaires II, c\u2019est l\u2019ancien chef d\u2019\u00e9tat-major de la gendarmerie, le g\u00e9n\u00e9ral Augustin Ndindiliyimana, qui cite des t\u00e9moins, dans Butare, c\u2019est l\u2019ancien maire de Ngoma Joseph Kanyabashi et dans Gouverment II, c\u2019est J\u00e9r\u00f4me Bicamumpaka, ministre des affaires \u00e9trang\u00e8res en 1994. <\/p>\n<p>La semaine prochaine, le calendrier pr\u00e9voit le r\u00e9quisitoire et la plaidoirie de la d\u00e9fense dans le proc\u00e8s du colonel Tharcisse Renzaho, pr\u00e9fet de la ville de Kigali en 1994. Les d\u00e9bats auront lieu jeudi et vendredi. <\/p>\n<p>Arr\u00eat\u00e9 en septembre 2002 en R\u00e9publique d\u00e9mocratique du Congo, Renzaho, 64 ans,  est jug\u00e9 depuis le 8 janvier 2007. <\/p>\n<p>AT\/GF<\/p>\n","protected":false},"excerpt":{"rendered":"<p>Arusha, 8 f\u00e9vrier 2008 (FH)- L\u2019accusation a cl\u00f4tur\u00e9 sa preuve jeudi dans le proc\u00e8s d\u2019Hormisdas Nsengimana, un pr\u00eatre catholique accus\u00e9 de g\u00e9nocide et de crimes contre l\u2019humanit\u00e9 devant le Tribunal p\u00e9nal international pour le Rwanda (TPIR). En 1994, Hormisdas Nsengimana \u00e9tait recteur du coll\u00e8ge du Christ-Roi de Nyanza dans le sud du Rwanda.<\/p>\n","protected":false},"author":64,"featured_media":0,"comment_status":"open","ping_status":"closed","sticky":false,"template":"","format":"standard","meta":{"_acf_changed":false,"footnotes":""},"categories":[554],"tags":[],"ji_location":[],"class_list":["post-3397","post","type-post","status-publish","format-standard","hentry","category-hirondellenews"],"acf":[],"yoast_head":"<!-- This site is optimized with the Yoast SEO Premium plugin v25.3.1 (Yoast SEO v25.3.1) - https:\/\/yoast.com\/wordpress\/plugins\/seo\/ -->\n<title>08.02.08 - TPIR\/SYNTHESE HEBDOMADAIRE - L\u2019ACCUSATION A CLOTURE SA PREUVE DANS LE PROCES D\u2019UN PR\u00caTRE - JusticeInfo.net<\/title>\n<meta name=\"robots\" content=\"index, follow, max-snippet:-1, max-image-preview:large, max-video-preview:-1\" \/>\n<link rel=\"canonical\" href=\"https:\/\/www.justiceinfo.net\/fr\/3397-080208-tpirsynthese-hebdomadaire-laccusation-a-cloture-sa-preuve-dans-le-proces-dun-pretre187.html\" \/>\n<meta property=\"og:locale\" content=\"fr_FR\" \/>\n<meta property=\"og:type\" content=\"article\" \/>\n<meta property=\"og:title\" content=\"08.02.08 - TPIR\/SYNTHESE HEBDOMADAIRE - L\u2019ACCUSATION A CLOTURE SA PREUVE DANS LE PROCES D\u2019UN PR\u00caTRE\" \/>\n<meta property=\"og:description\" content=\"Arusha, 8 f\u00e9vrier 2008 (FH)- L\u2019accusation a cl\u00f4tur\u00e9 sa preuve jeudi dans le proc\u00e8s d\u2019Hormisdas Nsengimana, un pr\u00eatre catholique accus\u00e9 de g\u00e9nocide et de crimes contre l\u2019humanit\u00e9 devant le Tribunal p\u00e9nal international pour le Rwanda (TPIR). En 1994, Hormisdas Nsengimana \u00e9tait recteur du coll\u00e8ge du Christ-Roi de Nyanza dans le sud du Rwanda.\" \/>\n<meta property=\"og:url\" content=\"https:\/\/www.justiceinfo.net\/fr\/3397-080208-tpirsynthese-hebdomadaire-laccusation-a-cloture-sa-preuve-dans-le-proces-dun-pretre187.html\" \/>\n<meta property=\"og:site_name\" content=\"JusticeInfo.net\" \/>\n<meta property=\"article:publisher\" content=\"https:\/\/www.facebook.com\/JusticeInfo\/\" \/>\n<meta property=\"article:published_time\" content=\"2008-02-11T05:13:42+00:00\" \/>\n<meta property=\"og:image\" content=\"https:\/\/www.justiceinfo.net\/wp-content\/uploads\/JusticeInfoNet_logo_1200x630px.jpg\" \/>\n\t<meta property=\"og:image:width\" content=\"1200\" \/>\n\t<meta property=\"og:image:height\" content=\"630\" \/>\n\t<meta property=\"og:image:type\" content=\"image\/jpeg\" \/>\n<meta name=\"author\" content=\"solivri\" \/>\n<meta name=\"twitter:card\" content=\"summary_large_image\" \/>\n<meta name=\"twitter:creator\" content=\"@justiceinfonet\" \/>\n<meta name=\"twitter:site\" content=\"@justiceinfonet\" \/>\n<meta name=\"twitter:label1\" content=\"\u00c9crit par\" \/>\n\t<meta name=\"twitter:data1\" content=\"solivri\" \/>\n\t<meta name=\"twitter:label2\" content=\"Dur\u00e9e de lecture estim\u00e9e\" \/>\n\t<meta name=\"twitter:data2\" content=\"2 minutes\" \/>\n<script type=\"application\/ld+json\" class=\"yoast-schema-graph\">{\"@context\":\"https:\/\/schema.org\",\"@graph\":[{\"@type\":\"NewsArticle\",\"@id\":\"https:\/\/www.justiceinfo.net\/fr\/3397-080208-tpirsynthese-hebdomadaire-laccusation-a-cloture-sa-preuve-dans-le-proces-dun-pretre187.html#article\",\"isPartOf\":{\"@id\":\"https:\/\/www.justiceinfo.net\/fr\/3397-080208-tpirsynthese-hebdomadaire-laccusation-a-cloture-sa-preuve-dans-le-proces-dun-pretre187.html\"},\"author\":{\"name\":\"solivri\",\"@id\":\"https:\/\/www.justiceinfo.net\/fr#\/schema\/person\/6e53cba1629e2e66f3fc1821d3091865\"},\"headline\":\"08.02.08 - TPIR\/SYNTHESE HEBDOMADAIRE - L\u2019ACCUSATION A CLOTURE SA PREUVE DANS LE PROCES D\u2019UN PR\u00caTRE\",\"datePublished\":\"2008-02-11T05:13:42+00:00\",\"mainEntityOfPage\":{\"@id\":\"https:\/\/www.justiceinfo.net\/fr\/3397-080208-tpirsynthese-hebdomadaire-laccusation-a-cloture-sa-preuve-dans-le-proces-dun-pretre187.html\"},\"wordCount\":490,\"commentCount\":0,\"publisher\":{\"@id\":\"https:\/\/www.justiceinfo.net\/fr#organization\"},\"articleSection\":[\"Hirondelle News\"],\"inLanguage\":\"fr-FR\",\"potentialAction\":[{\"@type\":\"CommentAction\",\"name\":\"Comment\",\"target\":[\"https:\/\/www.justiceinfo.net\/fr\/3397-080208-tpirsynthese-hebdomadaire-laccusation-a-cloture-sa-preuve-dans-le-proces-dun-pretre187.html#respond\"]}]},{\"@type\":\"WebPage\",\"@id\":\"https:\/\/www.justiceinfo.net\/fr\/3397-080208-tpirsynthese-hebdomadaire-laccusation-a-cloture-sa-preuve-dans-le-proces-dun-pretre187.html\",\"url\":\"https:\/\/www.justiceinfo.net\/fr\/3397-080208-tpirsynthese-hebdomadaire-laccusation-a-cloture-sa-preuve-dans-le-proces-dun-pretre187.html\",\"name\":\"08.02.08 - TPIR\/SYNTHESE HEBDOMADAIRE - L\u2019ACCUSATION A CLOTURE SA PREUVE DANS LE PROCES D\u2019UN PR\u00caTRE - JusticeInfo.net\",\"isPartOf\":{\"@id\":\"https:\/\/www.justiceinfo.net\/fr#website\"},\"datePublished\":\"2008-02-11T05:13:42+00:00\",\"breadcrumb\":{\"@id\":\"https:\/\/www.justiceinfo.net\/fr\/3397-080208-tpirsynthese-hebdomadaire-laccusation-a-cloture-sa-preuve-dans-le-proces-dun-pretre187.html#breadcrumb\"},\"inLanguage\":\"fr-FR\",\"potentialAction\":[{\"@type\":\"ReadAction\",\"target\":[\"https:\/\/www.justiceinfo.net\/fr\/3397-080208-tpirsynthese-hebdomadaire-laccusation-a-cloture-sa-preuve-dans-le-proces-dun-pretre187.html\"]}]},{\"@type\":\"BreadcrumbList\",\"@id\":\"https:\/\/www.justiceinfo.net\/fr\/3397-080208-tpirsynthese-hebdomadaire-laccusation-a-cloture-sa-preuve-dans-le-proces-dun-pretre187.html#breadcrumb\",\"itemListElement\":[{\"@type\":\"ListItem\",\"position\":1,\"name\":\"Home\",\"item\":\"https:\/\/www.justiceinfo.net\/fr\"},{\"@type\":\"ListItem\",\"position\":2,\"name\":\"08.02.08 - TPIR\/SYNTHESE HEBDOMADAIRE - L\u2019ACCUSATION A CLOTURE SA PREUVE DANS LE PROCES D\u2019UN PR\u00caTRE\"}]},{\"@type\":\"WebSite\",\"@id\":\"https:\/\/www.justiceinfo.net\/fr#website\",\"url\":\"https:\/\/www.justiceinfo.net\/fr\",\"name\":\"JusticeInfo.net\",\"description\":\"La justice doit \u00eatre vue pour \u00eatre rendue\",\"publisher\":{\"@id\":\"https:\/\/www.justiceinfo.net\/fr#organization\"},\"potentialAction\":[{\"@type\":\"SearchAction\",\"target\":{\"@type\":\"EntryPoint\",\"urlTemplate\":\"https:\/\/www.justiceinfo.net\/fr?s={search_term_string}\"},\"query-input\":{\"@type\":\"PropertyValueSpecification\",\"valueRequired\":true,\"valueName\":\"search_term_string\"}}],\"inLanguage\":\"fr-FR\"},{\"@type\":\"Organization\",\"@id\":\"https:\/\/www.justiceinfo.net\/fr#organization\",\"name\":\"Justice Info\",\"url\":\"https:\/\/www.justiceinfo.net\/fr\",\"logo\":{\"@type\":\"ImageObject\",\"inLanguage\":\"fr-FR\",\"@id\":\"https:\/\/www.justiceinfo.net\/fr#\/schema\/logo\/image\/\",\"url\":\"https:\/\/www.justiceinfo.net\/wp-content\/uploads\/justiceinfo_logo-trans_1200x1200px.png\",\"contentUrl\":\"https:\/\/www.justiceinfo.net\/wp-content\/uploads\/justiceinfo_logo-trans_1200x1200px.png\",\"width\":1199,\"height\":1200,\"caption\":\"Justice Info\"},\"image\":{\"@id\":\"https:\/\/www.justiceinfo.net\/fr#\/schema\/logo\/image\/\"},\"sameAs\":[\"https:\/\/www.facebook.com\/JusticeInfo\/\",\"https:\/\/x.com\/justiceinfonet\",\"https:\/\/www.linkedin.com\/company\/justice-info\",\"https:\/\/www.youtube.com\/channel\/UCyCEsARodyuWtkWyhn-e7pA\"]},{\"@type\":\"Person\",\"name\":\"solivri\",\"url\":\"\/fr\/?s=solivri\"}]}<\/script>\n<!-- \/ Yoast SEO Premium plugin. -->","yoast_head_json":{"title":"08.02.08 - TPIR\/SYNTHESE HEBDOMADAIRE - L\u2019ACCUSATION A CLOTURE SA PREUVE DANS LE PROCES D\u2019UN PR\u00caTRE - JusticeInfo.net","robots":{"index":"index","follow":"follow","max-snippet":"max-snippet:-1","max-image-preview":"max-image-preview:large","max-video-preview":"max-video-preview:-1"},"canonical":"https:\/\/www.justiceinfo.net\/fr\/3397-080208-tpirsynthese-hebdomadaire-laccusation-a-cloture-sa-preuve-dans-le-proces-dun-pretre187.html","og_locale":"fr_FR","og_type":"article","og_title":"08.02.08 - TPIR\/SYNTHESE HEBDOMADAIRE - L\u2019ACCUSATION A CLOTURE SA PREUVE DANS LE PROCES D\u2019UN PR\u00caTRE","og_description":"Arusha, 8 f\u00e9vrier 2008 (FH)- L\u2019accusation a cl\u00f4tur\u00e9 sa preuve jeudi dans le proc\u00e8s d\u2019Hormisdas Nsengimana, un pr\u00eatre catholique accus\u00e9 de g\u00e9nocide et de crimes contre l\u2019humanit\u00e9 devant le Tribunal p\u00e9nal international pour le Rwanda (TPIR). En 1994, Hormisdas Nsengimana \u00e9tait recteur du coll\u00e8ge du Christ-Roi de Nyanza dans le sud du Rwanda.","og_url":"https:\/\/www.justiceinfo.net\/fr\/3397-080208-tpirsynthese-hebdomadaire-laccusation-a-cloture-sa-preuve-dans-le-proces-dun-pretre187.html","og_site_name":"JusticeInfo.net","article_publisher":"https:\/\/www.facebook.com\/JusticeInfo\/","article_published_time":"2008-02-11T05:13:42+00:00","og_image":[{"width":1200,"height":630,"url":"https:\/\/www.justiceinfo.net\/wp-content\/uploads\/JusticeInfoNet_logo_1200x630px.jpg","type":"image\/jpeg"}],"author":"solivri","twitter_card":"summary_large_image","twitter_creator":"@justiceinfonet","twitter_site":"@justiceinfonet","twitter_misc":{"\u00c9crit par":"solivri","Dur\u00e9e de lecture estim\u00e9e":"2 minutes"},"schema":{"@context":"https:\/\/schema.org","@graph":[{"@type":"NewsArticle","@id":"https:\/\/www.justiceinfo.net\/fr\/3397-080208-tpirsynthese-hebdomadaire-laccusation-a-cloture-sa-preuve-dans-le-proces-dun-pretre187.html#article","isPartOf":{"@id":"https:\/\/www.justiceinfo.net\/fr\/3397-080208-tpirsynthese-hebdomadaire-laccusation-a-cloture-sa-preuve-dans-le-proces-dun-pretre187.html"},"author":{"name":"solivri","@id":"https:\/\/www.justiceinfo.net\/fr#\/schema\/person\/6e53cba1629e2e66f3fc1821d3091865"},"headline":"08.02.08 - TPIR\/SYNTHESE HEBDOMADAIRE - L\u2019ACCUSATION A CLOTURE SA PREUVE DANS LE PROCES D\u2019UN PR\u00caTRE","datePublished":"2008-02-11T05:13:42+00:00","mainEntityOfPage":{"@id":"https:\/\/www.justiceinfo.net\/fr\/3397-080208-tpirsynthese-hebdomadaire-laccusation-a-cloture-sa-preuve-dans-le-proces-dun-pretre187.html"},"wordCount":490,"commentCount":0,"publisher":{"@id":"https:\/\/www.justiceinfo.net\/fr#organization"},"articleSection":["Hirondelle News"],"inLanguage":"fr-FR","potentialAction":[{"@type":"CommentAction","name":"Comment","target":["https:\/\/www.justiceinfo.net\/fr\/3397-080208-tpirsynthese-hebdomadaire-laccusation-a-cloture-sa-preuve-dans-le-proces-dun-pretre187.html#respond"]}]},{"@type":"WebPage","@id":"https:\/\/www.justiceinfo.net\/fr\/3397-080208-tpirsynthese-hebdomadaire-laccusation-a-cloture-sa-preuve-dans-le-proces-dun-pretre187.html","url":"https:\/\/www.justiceinfo.net\/fr\/3397-080208-tpirsynthese-hebdomadaire-laccusation-a-cloture-sa-preuve-dans-le-proces-dun-pretre187.html","name":"08.02.08 - TPIR\/SYNTHESE HEBDOMADAIRE - L\u2019ACCUSATION A CLOTURE SA PREUVE DANS LE PROCES D\u2019UN PR\u00caTRE - JusticeInfo.net","isPartOf":{"@id":"https:\/\/www.justiceinfo.net\/fr#website"},"datePublished":"2008-02-11T05:13:42+00:00","breadcrumb":{"@id":"https:\/\/www.justiceinfo.net\/fr\/3397-080208-tpirsynthese-hebdomadaire-laccusation-a-cloture-sa-preuve-dans-le-proces-dun-pretre187.html#breadcrumb"},"inLanguage":"fr-FR","potentialAction":[{"@type":"ReadAction","target":["https:\/\/www.justiceinfo.net\/fr\/3397-080208-tpirsynthese-hebdomadaire-laccusation-a-cloture-sa-preuve-dans-le-proces-dun-pretre187.html"]}]},{"@type":"BreadcrumbList","@id":"https:\/\/www.justiceinfo.net\/fr\/3397-080208-tpirsynthese-hebdomadaire-laccusation-a-cloture-sa-preuve-dans-le-proces-dun-pretre187.html#breadcrumb","itemListElement":[{"@type":"ListItem","position":1,"name":"Home","item":"https:\/\/www.justiceinfo.net\/fr"},{"@type":"ListItem","position":2,"name":"08.02.08 - TPIR\/SYNTHESE HEBDOMADAIRE - L\u2019ACCUSATION A CLOTURE SA PREUVE DANS LE PROCES D\u2019UN PR\u00caTRE"}]},{"@type":"WebSite","@id":"https:\/\/www.justiceinfo.net\/fr#website","url":"https:\/\/www.justiceinfo.net\/fr","name":"JusticeInfo.net","description":"La justice doit \u00eatre vue pour \u00eatre rendue","publisher":{"@id":"https:\/\/www.justiceinfo.net\/fr#organization"},"potentialAction":[{"@type":"SearchAction","target":{"@type":"EntryPoint","urlTemplate":"https:\/\/www.justiceinfo.net\/fr?s={search_term_string}"},"query-input":{"@type":"PropertyValueSpecification","valueRequired":true,"valueName":"search_term_string"}}],"inLanguage":"fr-FR"},{"@type":"Organization","@id":"https:\/\/www.justiceinfo.net\/fr#organization","name":"Justice Info","url":"https:\/\/www.justiceinfo.net\/fr","logo":{"@type":"ImageObject","inLanguage":"fr-FR","@id":"https:\/\/www.justiceinfo.net\/fr#\/schema\/logo\/image\/","url":"https:\/\/www.justiceinfo.net\/wp-content\/uploads\/justiceinfo_logo-trans_1200x1200px.png","contentUrl":"https:\/\/www.justiceinfo.net\/wp-content\/uploads\/justiceinfo_logo-trans_1200x1200px.png","width":1199,"height":1200,"caption":"Justice Info"},"image":{"@id":"https:\/\/www.justiceinfo.net\/fr#\/schema\/logo\/image\/"},"sameAs":["https:\/\/www.facebook.com\/JusticeInfo\/","https:\/\/x.com\/justiceinfonet","https:\/\/www.linkedin.com\/company\/justice-info","https:\/\/www.youtube.com\/channel\/UCyCEsARodyuWtkWyhn-e7pA"]},{"@type":"Person","name":"solivri","url":"\/fr\/?s=solivri"}]}},"_links":{"self":[{"href":"https:\/\/www.justiceinfo.net\/fr\/wp-json\/wp\/v2\/posts\/3397","targetHints":{"allow":["GET"]}}],"collection":[{"href":"https:\/\/www.justiceinfo.net\/fr\/wp-json\/wp\/v2\/posts"}],"about":[{"href":"https:\/\/www.justiceinfo.net\/fr\/wp-json\/wp\/v2\/types\/post"}],"author":[{"embeddable":true,"href":"https:\/\/www.justiceinfo.net\/fr\/wp-json\/wp\/v2\/users\/64"}],"replies":[{"embeddable":true,"href":"https:\/\/www.justiceinfo.net\/fr\/wp-json\/wp\/v2\/comments?post=3397"}],"version-history":[{"count":0,"href":"https:\/\/www.justiceinfo.net\/fr\/wp-json\/wp\/v2\/posts\/3397\/revisions"}],"wp:attachment":[{"href":"https:\/\/www.justiceinfo.net\/fr\/wp-json\/wp\/v2\/media?parent=3397"}],"wp:term":[{"taxonomy":"category","embeddable":true,"href":"https:\/\/www.justiceinfo.net\/fr\/wp-json\/wp\/v2\/categories?post=3397"},{"taxonomy":"post_tag","embeddable":true,"href":"https:\/\/www.justiceinfo.net\/fr\/wp-json\/wp\/v2\/tags?post=3397"},{"taxonomy":"ji_location","embeddable":true,"href":"https:\/\/www.justiceinfo.net\/fr\/wp-json\/wp\/v2\/ji_location?post=3397"}],"curies":[{"name":"wp","href":"https:\/\/api.w.org\/{rel}","templated":true}]}}