{"id":3399,"date":"2008-02-12T05:58:26","date_gmt":"2008-02-12T04:58:26","guid":{"rendered":"https:\/\/www.justiceinfo.net\/3399-110208-tpirmilitaires-ii-l-un-acte-daccusation-espagnol-ne-nous-est-pas-opposable-r-procur189.html"},"modified":"2008-02-12T05:58:26","modified_gmt":"2008-02-12T04:58:26","slug":"110208-tpirmilitaires-ii-l-un-acte-daccusation-espagnol-ne-nous-est-pas-opposable-r-procur189","status":"publish","type":"post","link":"https:\/\/www.justiceinfo.net\/fr\/3399-110208-tpirmilitaires-ii-l-un-acte-daccusation-espagnol-ne-nous-est-pas-opposable-r-procur189.html","title":{"rendered":"11.02.08 - TPIR\/MILITAIRES II  - \u00ab UN ACTE D\u2019ACCUSATION ESPAGNOL NE NOUS EST PAS OPPOSABLE \u00bb (PROCUR"},"content":{"rendered":"<p  >\nArusha, 11 f\u00e9vrier 2008 (FH)- Le procureur n\u2019est pas li\u00e9 par un acte d\u2019accusation \u00e9tabli en Espagne contre quarante officiers de l\u2019arm\u00e9e rwandaise actuelle , a d\u00e9clar\u00e9 un membre de son \u00e9quipe lundi devant le Tribunal p\u00e9nal international pour le Rwanda (TPIR).  <\/p>\n<p>\u00ab Un acte d\u2019accusation espagnol ne nous est pas opposable.\n<\/p>\n<p><!--more--><\/p>\n<p  >\nNous n\u2019en connaissons pas les sources \u00bb, a indiqu\u00e9 l\u2019Ivoirien Alphonse Van, qui repr\u00e9sente le procureur du TPIR dans le proc\u00e8s Militaires II dans lequel comparaissent quatre officiers de l\u2019ancienne arm\u00e9e rwandaise. <\/p>\n<p>Alphonse Van \u00e9tait interpell\u00e9 par l\u2019avocat canadien Me Christopher Black, qui d\u00e9fend le g\u00e9n\u00e9ral Augustin Ndindiliyimana, chef d\u2019Etat-major de la gendarmerie rwandaise en 1994, un des quatre accus\u00e9s dans Militaires II. <\/p>\n<p>Me Black affirmait que l\u2019acte d\u2019accusation et les mandats d\u2019arr\u00eats \u00e9mis en Espagne la semaine derni\u00e8re \u00ab confirment notre point de vue que le procureur cache des documents sur le FPR (ex-rebelles actuellement au pouvoir \u00e9 Kigali) en 1994 qui doivent \u00eatre disculpatoires pour notre client \u00bb. <\/p>\n<p>L\u2019avocat canadien a accus\u00e9 le procureur de manquer de courage pour poursuivre les membres du FPR \u00abalors que d\u2019autres pays le font \u00bb. <\/p>\n<p  >\nLe juge espagnol Fernando Andreu Merelles estime que les quarante officiers rwandais  sont suspects de g\u00e9nocide, crimes contre l\u2019humanit\u00e9, crimes de guerre et terrorisme commis entre le 1er octobre 1990 et fin 2002 au Rwanda et en R\u00e9publique d\u00e9mocratique du Congo. <\/p>\n<p>Me Gilles Saint-Laurent, l\u2019avocat canadien qui repr\u00e9sente l\u2019ancien chef d\u2019Etat-major de l\u2019arm\u00e9e rwandaise, le g\u00e9n\u00e9ral Augustin Bizimungu, a pour sa part demand\u00e9 : \u00abest-ce que le procureur lui-m\u00eame sur cette base cherche \u00e0 savoir la v\u00e9rit\u00e9 ou se confine, se restreint \u00e0 ne pas recevoir ou \u00e0 ne pas divulguer les crimes ?\u00bb du FPR. <\/p>\n<p>Il a \u00e0 ce propos exig\u00e9 \u00ab un sommaire ou une indication sur les enqu\u00eates men\u00e9es sur le FPR entre avril et juillet 1994 \u00bb <\/p>\n<p>L\u2019avocate am\u00e9ricaine Me Betty Lyons, qui repr\u00e9sente l\u2019ancien commandant du bataillon de reconnaissance, le major Fran\u00e7ois-Xavier Nzuwonemeye, a expliqu\u00e9 que le r\u00e8glement int\u00e9rieur du procureur l\u2019oblige \u00e0 assister le tribunal pour rendre  justice et conna\u00eetre la v\u00e9rit\u00e9. <\/p>\n<p>Aphonse Van a r\u00e9torqu\u00e9 qu\u2019il n\u2019allait pas s\u2019attarder sur les questions soulev\u00e9es par les avocats \u00ab parce que ce n\u2019est pas l\u2019objet de ce proc\u00e8s \u00bb. <\/p>\n<p>Il a soulign\u00e9 que le procureur est un organe ind\u00e9pendant qui ne re\u00e7oit d\u2019injonctions de personne. Il ne poursuit que lorsqu\u2019il est convaincu qu\u2019il y a des indices s\u00e9rieux de culpabilit\u00e9, a-t-il dit. <\/p>\n<p>\u00ab Je ne peux en dire davantage en ce qui concerne les enqu\u00eates au sujet du FPR parce qu\u2019elles sont en cours. Le moment viendra o\u00f9 les r\u00e9sultats seront communiqu\u00e9s \u00e0 qui de droit \u00bb, a-t-il conclu. <\/p>\n<p>Le procureur en chef du TPIR, Hassan Bubacar Jallow, a souvent r\u00e9p\u00e9t\u00e9 qu\u2019il \u00e9tait en train d\u2019\u00e9valuer les \u00e9l\u00e9ments recueillis par ses enqu\u00eateurs sur le dossier FPR. <\/p>\n<p>Ndindiliyimana, Bizimungu et Nzuwonemeye sont jug\u00e9s depuis le 20 septembre 2004 avec l\u2019adjoint de ce dernier, le capitaine Innocent Sagahutu. <\/p>\n<p>AT\/GF<\/p>\n","protected":false},"excerpt":{"rendered":"<p>Arusha, 11 f\u00e9vrier 2008 (FH)- Le procureur n\u2019est pas li\u00e9 par un acte d\u2019accusation \u00e9tabli en Espagne contre quarante officiers de l\u2019arm\u00e9e rwandaise actuelle , a d\u00e9clar\u00e9 un membre de son \u00e9quipe lundi devant le Tribunal p\u00e9nal international pour le Rwanda (TPIR). \u00ab Un acte d\u2019accusation espagnol ne nous est pas opposable.<\/p>\n","protected":false},"author":64,"featured_media":0,"comment_status":"open","ping_status":"closed","sticky":false,"template":"","format":"standard","meta":{"_acf_changed":false,"footnotes":""},"categories":[554],"tags":[],"ji_location":[],"class_list":["post-3399","post","type-post","status-publish","format-standard","hentry","category-hirondellenews"],"acf":[],"yoast_head":"<!-- This site is optimized with the Yoast SEO Premium plugin v25.3.1 (Yoast SEO v25.3.1) - https:\/\/yoast.com\/wordpress\/plugins\/seo\/ -->\n<title>11.02.08 - TPIR\/MILITAIRES II - \u00ab UN ACTE D\u2019ACCUSATION ESPAGNOL NE NOUS EST PAS OPPOSABLE \u00bb (PROCUR - JusticeInfo.net<\/title>\n<meta name=\"robots\" content=\"index, follow, max-snippet:-1, max-image-preview:large, max-video-preview:-1\" \/>\n<link rel=\"canonical\" href=\"https:\/\/www.justiceinfo.net\/fr\/3399-110208-tpirmilitaires-ii-l-un-acte-daccusation-espagnol-ne-nous-est-pas-opposable-r-procur189.html\" \/>\n<meta property=\"og:locale\" content=\"fr_FR\" \/>\n<meta property=\"og:type\" content=\"article\" \/>\n<meta property=\"og:title\" content=\"11.02.08 - TPIR\/MILITAIRES II - \u00ab UN ACTE D\u2019ACCUSATION ESPAGNOL NE NOUS EST PAS OPPOSABLE \u00bb (PROCUR\" \/>\n<meta property=\"og:description\" content=\"Arusha, 11 f\u00e9vrier 2008 (FH)- Le procureur n\u2019est pas li\u00e9 par un acte d\u2019accusation \u00e9tabli en Espagne contre quarante officiers de l\u2019arm\u00e9e rwandaise actuelle , a d\u00e9clar\u00e9 un membre de son \u00e9quipe lundi devant le Tribunal p\u00e9nal international pour le Rwanda (TPIR). \u00ab Un acte d\u2019accusation espagnol ne nous est pas opposable.\" \/>\n<meta property=\"og:url\" content=\"https:\/\/www.justiceinfo.net\/fr\/3399-110208-tpirmilitaires-ii-l-un-acte-daccusation-espagnol-ne-nous-est-pas-opposable-r-procur189.html\" \/>\n<meta property=\"og:site_name\" content=\"JusticeInfo.net\" \/>\n<meta property=\"article:publisher\" content=\"https:\/\/www.facebook.com\/JusticeInfo\/\" \/>\n<meta property=\"article:published_time\" content=\"2008-02-12T04:58:26+00:00\" \/>\n<meta property=\"og:image\" content=\"https:\/\/www.justiceinfo.net\/wp-content\/uploads\/JusticeInfoNet_logo_1200x630px.jpg\" \/>\n\t<meta property=\"og:image:width\" content=\"1200\" \/>\n\t<meta property=\"og:image:height\" content=\"630\" \/>\n\t<meta property=\"og:image:type\" content=\"image\/jpeg\" \/>\n<meta name=\"author\" content=\"solivri\" \/>\n<meta name=\"twitter:card\" content=\"summary_large_image\" \/>\n<meta name=\"twitter:creator\" content=\"@justiceinfonet\" \/>\n<meta name=\"twitter:site\" content=\"@justiceinfonet\" \/>\n<meta name=\"twitter:label1\" content=\"\u00c9crit par\" \/>\n\t<meta name=\"twitter:data1\" content=\"solivri\" \/>\n\t<meta name=\"twitter:label2\" content=\"Dur\u00e9e de lecture estim\u00e9e\" \/>\n\t<meta name=\"twitter:data2\" content=\"3 minutes\" \/>\n<script type=\"application\/ld+json\" class=\"yoast-schema-graph\">{\"@context\":\"https:\/\/schema.org\",\"@graph\":[{\"@type\":\"NewsArticle\",\"@id\":\"https:\/\/www.justiceinfo.net\/fr\/3399-110208-tpirmilitaires-ii-l-un-acte-daccusation-espagnol-ne-nous-est-pas-opposable-r-procur189.html#article\",\"isPartOf\":{\"@id\":\"https:\/\/www.justiceinfo.net\/fr\/3399-110208-tpirmilitaires-ii-l-un-acte-daccusation-espagnol-ne-nous-est-pas-opposable-r-procur189.html\"},\"author\":{\"name\":\"solivri\",\"@id\":\"https:\/\/www.justiceinfo.net\/fr#\/schema\/person\/6e53cba1629e2e66f3fc1821d3091865\"},\"headline\":\"11.02.08 - TPIR\/MILITAIRES II - \u00ab UN ACTE D\u2019ACCUSATION ESPAGNOL NE NOUS EST PAS OPPOSABLE \u00bb (PROCUR\",\"datePublished\":\"2008-02-12T04:58:26+00:00\",\"mainEntityOfPage\":{\"@id\":\"https:\/\/www.justiceinfo.net\/fr\/3399-110208-tpirmilitaires-ii-l-un-acte-daccusation-espagnol-ne-nous-est-pas-opposable-r-procur189.html\"},\"wordCount\":554,\"commentCount\":0,\"publisher\":{\"@id\":\"https:\/\/www.justiceinfo.net\/fr#organization\"},\"articleSection\":[\"Hirondelle News\"],\"inLanguage\":\"fr-FR\",\"potentialAction\":[{\"@type\":\"CommentAction\",\"name\":\"Comment\",\"target\":[\"https:\/\/www.justiceinfo.net\/fr\/3399-110208-tpirmilitaires-ii-l-un-acte-daccusation-espagnol-ne-nous-est-pas-opposable-r-procur189.html#respond\"]}]},{\"@type\":\"WebPage\",\"@id\":\"https:\/\/www.justiceinfo.net\/fr\/3399-110208-tpirmilitaires-ii-l-un-acte-daccusation-espagnol-ne-nous-est-pas-opposable-r-procur189.html\",\"url\":\"https:\/\/www.justiceinfo.net\/fr\/3399-110208-tpirmilitaires-ii-l-un-acte-daccusation-espagnol-ne-nous-est-pas-opposable-r-procur189.html\",\"name\":\"11.02.08 - TPIR\/MILITAIRES II - \u00ab UN ACTE D\u2019ACCUSATION ESPAGNOL NE NOUS EST PAS OPPOSABLE \u00bb (PROCUR - JusticeInfo.net\",\"isPartOf\":{\"@id\":\"https:\/\/www.justiceinfo.net\/fr#website\"},\"datePublished\":\"2008-02-12T04:58:26+00:00\",\"breadcrumb\":{\"@id\":\"https:\/\/www.justiceinfo.net\/fr\/3399-110208-tpirmilitaires-ii-l-un-acte-daccusation-espagnol-ne-nous-est-pas-opposable-r-procur189.html#breadcrumb\"},\"inLanguage\":\"fr-FR\",\"potentialAction\":[{\"@type\":\"ReadAction\",\"target\":[\"https:\/\/www.justiceinfo.net\/fr\/3399-110208-tpirmilitaires-ii-l-un-acte-daccusation-espagnol-ne-nous-est-pas-opposable-r-procur189.html\"]}]},{\"@type\":\"BreadcrumbList\",\"@id\":\"https:\/\/www.justiceinfo.net\/fr\/3399-110208-tpirmilitaires-ii-l-un-acte-daccusation-espagnol-ne-nous-est-pas-opposable-r-procur189.html#breadcrumb\",\"itemListElement\":[{\"@type\":\"ListItem\",\"position\":1,\"name\":\"Home\",\"item\":\"https:\/\/www.justiceinfo.net\/fr\"},{\"@type\":\"ListItem\",\"position\":2,\"name\":\"11.02.08 - TPIR\/MILITAIRES II - \u00ab UN ACTE D\u2019ACCUSATION ESPAGNOL NE NOUS EST PAS OPPOSABLE \u00bb (PROCUR\"}]},{\"@type\":\"WebSite\",\"@id\":\"https:\/\/www.justiceinfo.net\/fr#website\",\"url\":\"https:\/\/www.justiceinfo.net\/fr\",\"name\":\"JusticeInfo.net\",\"description\":\"La justice doit \u00eatre vue pour \u00eatre rendue\",\"publisher\":{\"@id\":\"https:\/\/www.justiceinfo.net\/fr#organization\"},\"potentialAction\":[{\"@type\":\"SearchAction\",\"target\":{\"@type\":\"EntryPoint\",\"urlTemplate\":\"https:\/\/www.justiceinfo.net\/fr?s={search_term_string}\"},\"query-input\":{\"@type\":\"PropertyValueSpecification\",\"valueRequired\":true,\"valueName\":\"search_term_string\"}}],\"inLanguage\":\"fr-FR\"},{\"@type\":\"Organization\",\"@id\":\"https:\/\/www.justiceinfo.net\/fr#organization\",\"name\":\"Justice Info\",\"url\":\"https:\/\/www.justiceinfo.net\/fr\",\"logo\":{\"@type\":\"ImageObject\",\"inLanguage\":\"fr-FR\",\"@id\":\"https:\/\/www.justiceinfo.net\/fr#\/schema\/logo\/image\/\",\"url\":\"https:\/\/www.justiceinfo.net\/wp-content\/uploads\/justiceinfo_logo-trans_1200x1200px.png\",\"contentUrl\":\"https:\/\/www.justiceinfo.net\/wp-content\/uploads\/justiceinfo_logo-trans_1200x1200px.png\",\"width\":1199,\"height\":1200,\"caption\":\"Justice Info\"},\"image\":{\"@id\":\"https:\/\/www.justiceinfo.net\/fr#\/schema\/logo\/image\/\"},\"sameAs\":[\"https:\/\/www.facebook.com\/JusticeInfo\/\",\"https:\/\/x.com\/justiceinfonet\",\"https:\/\/www.linkedin.com\/company\/justice-info\",\"https:\/\/www.youtube.com\/channel\/UCyCEsARodyuWtkWyhn-e7pA\"]},{\"@type\":\"Person\",\"name\":\"solivri\",\"url\":\"\/fr\/?s=solivri\"}]}<\/script>\n<!-- \/ Yoast SEO Premium plugin. -->","yoast_head_json":{"title":"11.02.08 - TPIR\/MILITAIRES II - \u00ab UN ACTE D\u2019ACCUSATION ESPAGNOL NE NOUS EST PAS OPPOSABLE \u00bb (PROCUR - JusticeInfo.net","robots":{"index":"index","follow":"follow","max-snippet":"max-snippet:-1","max-image-preview":"max-image-preview:large","max-video-preview":"max-video-preview:-1"},"canonical":"https:\/\/www.justiceinfo.net\/fr\/3399-110208-tpirmilitaires-ii-l-un-acte-daccusation-espagnol-ne-nous-est-pas-opposable-r-procur189.html","og_locale":"fr_FR","og_type":"article","og_title":"11.02.08 - TPIR\/MILITAIRES II - \u00ab UN ACTE D\u2019ACCUSATION ESPAGNOL NE NOUS EST PAS OPPOSABLE \u00bb (PROCUR","og_description":"Arusha, 11 f\u00e9vrier 2008 (FH)- Le procureur n\u2019est pas li\u00e9 par un acte d\u2019accusation \u00e9tabli en Espagne contre quarante officiers de l\u2019arm\u00e9e rwandaise actuelle , a d\u00e9clar\u00e9 un membre de son \u00e9quipe lundi devant le Tribunal p\u00e9nal international pour le Rwanda (TPIR). \u00ab Un acte d\u2019accusation espagnol ne nous est pas opposable.","og_url":"https:\/\/www.justiceinfo.net\/fr\/3399-110208-tpirmilitaires-ii-l-un-acte-daccusation-espagnol-ne-nous-est-pas-opposable-r-procur189.html","og_site_name":"JusticeInfo.net","article_publisher":"https:\/\/www.facebook.com\/JusticeInfo\/","article_published_time":"2008-02-12T04:58:26+00:00","og_image":[{"width":1200,"height":630,"url":"https:\/\/www.justiceinfo.net\/wp-content\/uploads\/JusticeInfoNet_logo_1200x630px.jpg","type":"image\/jpeg"}],"author":"solivri","twitter_card":"summary_large_image","twitter_creator":"@justiceinfonet","twitter_site":"@justiceinfonet","twitter_misc":{"\u00c9crit par":"solivri","Dur\u00e9e de lecture estim\u00e9e":"3 minutes"},"schema":{"@context":"https:\/\/schema.org","@graph":[{"@type":"NewsArticle","@id":"https:\/\/www.justiceinfo.net\/fr\/3399-110208-tpirmilitaires-ii-l-un-acte-daccusation-espagnol-ne-nous-est-pas-opposable-r-procur189.html#article","isPartOf":{"@id":"https:\/\/www.justiceinfo.net\/fr\/3399-110208-tpirmilitaires-ii-l-un-acte-daccusation-espagnol-ne-nous-est-pas-opposable-r-procur189.html"},"author":{"name":"solivri","@id":"https:\/\/www.justiceinfo.net\/fr#\/schema\/person\/6e53cba1629e2e66f3fc1821d3091865"},"headline":"11.02.08 - TPIR\/MILITAIRES II - \u00ab UN ACTE D\u2019ACCUSATION ESPAGNOL NE NOUS EST PAS OPPOSABLE \u00bb (PROCUR","datePublished":"2008-02-12T04:58:26+00:00","mainEntityOfPage":{"@id":"https:\/\/www.justiceinfo.net\/fr\/3399-110208-tpirmilitaires-ii-l-un-acte-daccusation-espagnol-ne-nous-est-pas-opposable-r-procur189.html"},"wordCount":554,"commentCount":0,"publisher":{"@id":"https:\/\/www.justiceinfo.net\/fr#organization"},"articleSection":["Hirondelle News"],"inLanguage":"fr-FR","potentialAction":[{"@type":"CommentAction","name":"Comment","target":["https:\/\/www.justiceinfo.net\/fr\/3399-110208-tpirmilitaires-ii-l-un-acte-daccusation-espagnol-ne-nous-est-pas-opposable-r-procur189.html#respond"]}]},{"@type":"WebPage","@id":"https:\/\/www.justiceinfo.net\/fr\/3399-110208-tpirmilitaires-ii-l-un-acte-daccusation-espagnol-ne-nous-est-pas-opposable-r-procur189.html","url":"https:\/\/www.justiceinfo.net\/fr\/3399-110208-tpirmilitaires-ii-l-un-acte-daccusation-espagnol-ne-nous-est-pas-opposable-r-procur189.html","name":"11.02.08 - TPIR\/MILITAIRES II - \u00ab UN ACTE D\u2019ACCUSATION ESPAGNOL NE NOUS EST PAS OPPOSABLE \u00bb (PROCUR - JusticeInfo.net","isPartOf":{"@id":"https:\/\/www.justiceinfo.net\/fr#website"},"datePublished":"2008-02-12T04:58:26+00:00","breadcrumb":{"@id":"https:\/\/www.justiceinfo.net\/fr\/3399-110208-tpirmilitaires-ii-l-un-acte-daccusation-espagnol-ne-nous-est-pas-opposable-r-procur189.html#breadcrumb"},"inLanguage":"fr-FR","potentialAction":[{"@type":"ReadAction","target":["https:\/\/www.justiceinfo.net\/fr\/3399-110208-tpirmilitaires-ii-l-un-acte-daccusation-espagnol-ne-nous-est-pas-opposable-r-procur189.html"]}]},{"@type":"BreadcrumbList","@id":"https:\/\/www.justiceinfo.net\/fr\/3399-110208-tpirmilitaires-ii-l-un-acte-daccusation-espagnol-ne-nous-est-pas-opposable-r-procur189.html#breadcrumb","itemListElement":[{"@type":"ListItem","position":1,"name":"Home","item":"https:\/\/www.justiceinfo.net\/fr"},{"@type":"ListItem","position":2,"name":"11.02.08 - TPIR\/MILITAIRES II - \u00ab UN ACTE D\u2019ACCUSATION ESPAGNOL NE NOUS EST PAS OPPOSABLE \u00bb (PROCUR"}]},{"@type":"WebSite","@id":"https:\/\/www.justiceinfo.net\/fr#website","url":"https:\/\/www.justiceinfo.net\/fr","name":"JusticeInfo.net","description":"La justice doit \u00eatre vue pour \u00eatre rendue","publisher":{"@id":"https:\/\/www.justiceinfo.net\/fr#organization"},"potentialAction":[{"@type":"SearchAction","target":{"@type":"EntryPoint","urlTemplate":"https:\/\/www.justiceinfo.net\/fr?s={search_term_string}"},"query-input":{"@type":"PropertyValueSpecification","valueRequired":true,"valueName":"search_term_string"}}],"inLanguage":"fr-FR"},{"@type":"Organization","@id":"https:\/\/www.justiceinfo.net\/fr#organization","name":"Justice Info","url":"https:\/\/www.justiceinfo.net\/fr","logo":{"@type":"ImageObject","inLanguage":"fr-FR","@id":"https:\/\/www.justiceinfo.net\/fr#\/schema\/logo\/image\/","url":"https:\/\/www.justiceinfo.net\/wp-content\/uploads\/justiceinfo_logo-trans_1200x1200px.png","contentUrl":"https:\/\/www.justiceinfo.net\/wp-content\/uploads\/justiceinfo_logo-trans_1200x1200px.png","width":1199,"height":1200,"caption":"Justice Info"},"image":{"@id":"https:\/\/www.justiceinfo.net\/fr#\/schema\/logo\/image\/"},"sameAs":["https:\/\/www.facebook.com\/JusticeInfo\/","https:\/\/x.com\/justiceinfonet","https:\/\/www.linkedin.com\/company\/justice-info","https:\/\/www.youtube.com\/channel\/UCyCEsARodyuWtkWyhn-e7pA"]},{"@type":"Person","name":"solivri","url":"\/fr\/?s=solivri"}]}},"_links":{"self":[{"href":"https:\/\/www.justiceinfo.net\/fr\/wp-json\/wp\/v2\/posts\/3399","targetHints":{"allow":["GET"]}}],"collection":[{"href":"https:\/\/www.justiceinfo.net\/fr\/wp-json\/wp\/v2\/posts"}],"about":[{"href":"https:\/\/www.justiceinfo.net\/fr\/wp-json\/wp\/v2\/types\/post"}],"author":[{"embeddable":true,"href":"https:\/\/www.justiceinfo.net\/fr\/wp-json\/wp\/v2\/users\/64"}],"replies":[{"embeddable":true,"href":"https:\/\/www.justiceinfo.net\/fr\/wp-json\/wp\/v2\/comments?post=3399"}],"version-history":[{"count":0,"href":"https:\/\/www.justiceinfo.net\/fr\/wp-json\/wp\/v2\/posts\/3399\/revisions"}],"wp:attachment":[{"href":"https:\/\/www.justiceinfo.net\/fr\/wp-json\/wp\/v2\/media?parent=3399"}],"wp:term":[{"taxonomy":"category","embeddable":true,"href":"https:\/\/www.justiceinfo.net\/fr\/wp-json\/wp\/v2\/categories?post=3399"},{"taxonomy":"post_tag","embeddable":true,"href":"https:\/\/www.justiceinfo.net\/fr\/wp-json\/wp\/v2\/tags?post=3399"},{"taxonomy":"ji_location","embeddable":true,"href":"https:\/\/www.justiceinfo.net\/fr\/wp-json\/wp\/v2\/ji_location?post=3399"}],"curies":[{"name":"wp","href":"https:\/\/api.w.org\/{rel}","templated":true}]}}