{"id":33990,"date":"2017-07-21T06:36:15","date_gmt":"2017-07-21T04:36:15","guid":{"rendered":"https:\/\/www.justiceinfo.net\/33990-jerusalem-les-hommes-de-moins-de-50-ans-interdits-d-acces-a-la-vieille-ville-police.html"},"modified":"2017-07-21T06:36:15","modified_gmt":"2017-07-21T04:36:15","slug":"jerusalem-les-hommes-de-moins-de-50-ans-interdits-d-acces-a-la-vieille-ville-police","status":"publish","type":"post","link":"https:\/\/www.justiceinfo.net\/fr\/33990-jerusalem-les-hommes-de-moins-de-50-ans-interdits-d-acces-a-la-vieille-ville-police.html","title":{"rendered":"J\u00e9rusalem: les hommes de moins de 50 ans interdits d'acc\u00e8s \u00e0 la vieille ville (police)"},"content":{"rendered":"<div class=\"txt-textContent\">\n<div class=\"text fontsize_0 jq_Content jq_langdir\">\n<p>La police isra\u00e9lienne a annonc\u00e9 qu'elle interdisait aux hommes de moins de 50 ans d'acc\u00e9der \u00e0 la vieille ville de J\u00e9rusalem vendredi pour la grande pri\u00e8re musulmane, dans un contexte de vives tensions autour de l'esplanade des Mosqu\u00e9es.<\/p>\n<p>\"L'entr\u00e9e dans la vieille ville et au Mont du Temple (ndlr: l'esplanade des Mosqu\u00e9es pour les musulmans) sera r\u00e9serv\u00e9e aux hommes de 50 ans et plus. Les femmes de tout \u00e2ge seront admises\", a dit la police dans un communiqu\u00e9.<\/p>\n<p>Les Palestiniens d\u00e9noncent depuis dimanche les d\u00e9tecteurs de m\u00e9taux qui ont \u00e9t\u00e9 install\u00e9s aux entr\u00e9es de l'esplanade apr\u00e8s une attaque meurtri\u00e8re contre des policiers isra\u00e9liens pr\u00e8s de ce site ultra-sensible.<\/p>\n<p>En signe de protestation, ils ont d\u00e9cid\u00e9 de ne plus aller prier sur l'esplanade des Mosqu\u00e9es et des centaines de Palestiniens effectuent depuis dimanche leurs pri\u00e8res dans la vieille ville. Des affrontements avec la police isra\u00e9lienne ont eu lieu quasi quotidiennement.<\/p>\n<p>A l'approche de la grande pri\u00e8re du vendredi, qui rassemble g\u00e9n\u00e9ralement des milliers de fid\u00e8les, les m\u00e9dias isra\u00e9liens rapportaient jeudi que le Premier ministre Benjamin Netanyahu allait peut-\u00eatre faire retirer ces portiques de s\u00e9curit\u00e9 pour \u00e9viter des \u00e9meutes.<\/p>\n<p>Mais apr\u00e8s consultations avec les forces de s\u00e9curit\u00e9 et son cabinet de s\u00e9curit\u00e9, M. Netanyahu a finalement d\u00e9cid\u00e9 de maintenir les d\u00e9tecteurs de m\u00e9taux.<\/p>\n<p>Un responsable isra\u00e9lien a indiqu\u00e9 vendredi que le cabinet de s\u00e9curit\u00e9 \"avait donn\u00e9 \u00e0 la police l'autorit\u00e9 de prendre toutes les d\u00e9cisions pour permettre un acc\u00e8s libre aux lieux saints tout en maintenant la s\u00e9curit\u00e9 et l'ordre public\".<\/p>\n<p>Les nouvelles mesures de s\u00e9curit\u00e9 ont raviv\u00e9 les craintes des Palestiniens de voir Isra\u00ebl prendre le contr\u00f4le exclusif de l'esplanade des Mosqu\u00e9es, troisi\u00e8me lieu saint de l'islam, o\u00f9 se trouvent le d\u00f4me du Rocher et la mosqu\u00e9e al-Aqsa.<\/p>\n<p>Mais Isra\u00ebl assure ne pas avoir l'intention de modifier les r\u00e8gles tacites d'un statu quo aux termes duquel les musulmans peuvent\u00a0monter \u00e0 toute heure sur l'esplanade et les juifs y p\u00e9n\u00e9trer \u00e0 certaines heures, sans pouvoir y prier.<\/p>\n<p>Isra\u00ebl contr\u00f4le les acc\u00e8s au site mais sa gestion revient \u00e0 la Jordanie.<\/p>\n<p>L'esplanade des Mosqu\u00e9es est situ\u00e9e \u00e0 J\u00e9rusalem-Est, partie palestinienne de la ville dont l'annexion par Isra\u00ebl n'a jamais \u00e9t\u00e9 reconnue par la communaut\u00e9 internationale.<\/p>\n<\/div>\n<\/div>\n","protected":false},"excerpt":{"rendered":"<p>La police isra\u00e9lienne a annonc\u00e9 qu'elle interdisait aux hommes de moins de 50 ans d'acc\u00e9der \u00e0 la vieille ville de J\u00e9rusalem vendredi pour la grande pri\u00e8re musulmane, dans un contexte de vives tensions autour de l'esplanade des Mosqu\u00e9es. \"L'entr\u00e9e dans la vieille ville et au Mont du Temple (ndlr: l'esplanade des Mosqu\u00e9es pour les musulmans) [&hellip;]<\/p>\n","protected":false},"author":60,"featured_media":0,"comment_status":"open","ping_status":"closed","sticky":false,"template":"","format":"standard","meta":{"_acf_changed":false,"footnotes":""},"categories":[2576],"tags":[],"ji_location":[2402],"class_list":["post-33990","post","type-post","status-publish","format-standard","hentry","category-fil-d-actualite","ji_location-palestine"],"acf":[],"yoast_head":"<!-- This site is optimized with the Yoast SEO Premium plugin v25.3.1 (Yoast SEO v25.3.1) - https:\/\/yoast.com\/wordpress\/plugins\/seo\/ -->\n<title>J\u00e9rusalem: les hommes de moins de 50 ans interdits d&#039;acc\u00e8s \u00e0 la vieille ville (police) - JusticeInfo.net<\/title>\n<meta name=\"robots\" content=\"index, follow, max-snippet:-1, max-image-preview:large, max-video-preview:-1\" \/>\n<link rel=\"canonical\" href=\"https:\/\/www.justiceinfo.net\/fr\/33990-jerusalem-les-hommes-de-moins-de-50-ans-interdits-d-acces-a-la-vieille-ville-police.html\" \/>\n<meta property=\"og:locale\" content=\"fr_FR\" \/>\n<meta property=\"og:type\" content=\"article\" \/>\n<meta property=\"og:title\" content=\"J\u00e9rusalem: les hommes de moins de 50 ans interdits d&#039;acc\u00e8s \u00e0 la vieille ville (police)\" \/>\n<meta property=\"og:description\" content=\"La police isra\u00e9lienne a annonc\u00e9 qu&#039;elle interdisait aux hommes de moins de 50 ans d&#039;acc\u00e9der \u00e0 la vieille ville de J\u00e9rusalem vendredi pour la grande pri\u00e8re musulmane, dans un contexte de vives tensions autour de l&#039;esplanade des Mosqu\u00e9es. &quot;L&#039;entr\u00e9e dans la vieille ville et au Mont du Temple (ndlr: l&#039;esplanade des Mosqu\u00e9es pour les musulmans) [&hellip;]\" \/>\n<meta property=\"og:url\" content=\"https:\/\/www.justiceinfo.net\/fr\/33990-jerusalem-les-hommes-de-moins-de-50-ans-interdits-d-acces-a-la-vieille-ville-police.html\" \/>\n<meta property=\"og:site_name\" content=\"JusticeInfo.net\" \/>\n<meta property=\"article:publisher\" content=\"https:\/\/www.facebook.com\/JusticeInfo\/\" \/>\n<meta property=\"article:published_time\" content=\"2017-07-21T04:36:15+00:00\" \/>\n<meta property=\"og:image\" content=\"https:\/\/www.justiceinfo.net\/wp-content\/uploads\/JusticeInfoNet_logo_1200x630px.jpg\" \/>\n\t<meta property=\"og:image:width\" content=\"1200\" \/>\n\t<meta property=\"og:image:height\" content=\"630\" \/>\n\t<meta property=\"og:image:type\" content=\"image\/jpeg\" \/>\n<meta name=\"author\" content=\"AFP\" \/>\n<meta name=\"twitter:card\" content=\"summary_large_image\" \/>\n<meta name=\"twitter:creator\" content=\"@justiceinfonet\" \/>\n<meta name=\"twitter:site\" content=\"@justiceinfonet\" \/>\n<meta name=\"twitter:label1\" content=\"\u00c9crit par\" \/>\n\t<meta name=\"twitter:data1\" content=\"AFP\" \/>\n\t<meta name=\"twitter:label2\" content=\"Dur\u00e9e de lecture estim\u00e9e\" \/>\n\t<meta name=\"twitter:data2\" content=\"2 minutes\" \/>\n<script type=\"application\/ld+json\" class=\"yoast-schema-graph\">{\"@context\":\"https:\/\/schema.org\",\"@graph\":[{\"@type\":\"NewsArticle\",\"@id\":\"https:\/\/www.justiceinfo.net\/fr\/33990-jerusalem-les-hommes-de-moins-de-50-ans-interdits-d-acces-a-la-vieille-ville-police.html#article\",\"isPartOf\":{\"@id\":\"https:\/\/www.justiceinfo.net\/fr\/33990-jerusalem-les-hommes-de-moins-de-50-ans-interdits-d-acces-a-la-vieille-ville-police.html\"},\"author\":{\"name\":\"afp\",\"@id\":\"https:\/\/www.justiceinfo.net\/fr#\/schema\/person\/713d340ef5f218fc36ce9b4244364a7f\"},\"headline\":\"J\u00e9rusalem: les hommes de moins de 50 ans interdits d'acc\u00e8s \u00e0 la vieille ville (police)\",\"datePublished\":\"2017-07-21T04:36:15+00:00\",\"mainEntityOfPage\":{\"@id\":\"https:\/\/www.justiceinfo.net\/fr\/33990-jerusalem-les-hommes-de-moins-de-50-ans-interdits-d-acces-a-la-vieille-ville-police.html\"},\"wordCount\":448,\"commentCount\":0,\"publisher\":{\"@id\":\"https:\/\/www.justiceinfo.net\/fr#organization\"},\"articleSection\":[\"Fil d'info AFP\"],\"inLanguage\":\"fr-FR\",\"potentialAction\":[{\"@type\":\"CommentAction\",\"name\":\"Comment\",\"target\":[\"https:\/\/www.justiceinfo.net\/fr\/33990-jerusalem-les-hommes-de-moins-de-50-ans-interdits-d-acces-a-la-vieille-ville-police.html#respond\"]}]},{\"@type\":\"WebPage\",\"@id\":\"https:\/\/www.justiceinfo.net\/fr\/33990-jerusalem-les-hommes-de-moins-de-50-ans-interdits-d-acces-a-la-vieille-ville-police.html\",\"url\":\"https:\/\/www.justiceinfo.net\/fr\/33990-jerusalem-les-hommes-de-moins-de-50-ans-interdits-d-acces-a-la-vieille-ville-police.html\",\"name\":\"J\u00e9rusalem: les hommes de moins de 50 ans interdits d'acc\u00e8s \u00e0 la vieille ville (police) - JusticeInfo.net\",\"isPartOf\":{\"@id\":\"https:\/\/www.justiceinfo.net\/fr#website\"},\"datePublished\":\"2017-07-21T04:36:15+00:00\",\"breadcrumb\":{\"@id\":\"https:\/\/www.justiceinfo.net\/fr\/33990-jerusalem-les-hommes-de-moins-de-50-ans-interdits-d-acces-a-la-vieille-ville-police.html#breadcrumb\"},\"inLanguage\":\"fr-FR\",\"potentialAction\":[{\"@type\":\"ReadAction\",\"target\":[\"https:\/\/www.justiceinfo.net\/fr\/33990-jerusalem-les-hommes-de-moins-de-50-ans-interdits-d-acces-a-la-vieille-ville-police.html\"]}]},{\"@type\":\"BreadcrumbList\",\"@id\":\"https:\/\/www.justiceinfo.net\/fr\/33990-jerusalem-les-hommes-de-moins-de-50-ans-interdits-d-acces-a-la-vieille-ville-police.html#breadcrumb\",\"itemListElement\":[{\"@type\":\"ListItem\",\"position\":1,\"name\":\"Home\",\"item\":\"https:\/\/www.justiceinfo.net\/fr\"},{\"@type\":\"ListItem\",\"position\":2,\"name\":\"J\u00e9rusalem: les hommes de moins de 50 ans interdits d'acc\u00e8s \u00e0 la vieille ville (police)\"}]},{\"@type\":\"WebSite\",\"@id\":\"https:\/\/www.justiceinfo.net\/fr#website\",\"url\":\"https:\/\/www.justiceinfo.net\/fr\",\"name\":\"JusticeInfo.net\",\"description\":\"La justice doit \u00eatre vue pour \u00eatre rendue\",\"publisher\":{\"@id\":\"https:\/\/www.justiceinfo.net\/fr#organization\"},\"potentialAction\":[{\"@type\":\"SearchAction\",\"target\":{\"@type\":\"EntryPoint\",\"urlTemplate\":\"https:\/\/www.justiceinfo.net\/fr?s={search_term_string}\"},\"query-input\":{\"@type\":\"PropertyValueSpecification\",\"valueRequired\":true,\"valueName\":\"search_term_string\"}}],\"inLanguage\":\"fr-FR\"},{\"@type\":\"Organization\",\"@id\":\"https:\/\/www.justiceinfo.net\/fr#organization\",\"name\":\"Justice Info\",\"url\":\"https:\/\/www.justiceinfo.net\/fr\",\"logo\":{\"@type\":\"ImageObject\",\"inLanguage\":\"fr-FR\",\"@id\":\"https:\/\/www.justiceinfo.net\/fr#\/schema\/logo\/image\/\",\"url\":\"https:\/\/www.justiceinfo.net\/wp-content\/uploads\/justiceinfo_logo-trans_1200x1200px.png\",\"contentUrl\":\"https:\/\/www.justiceinfo.net\/wp-content\/uploads\/justiceinfo_logo-trans_1200x1200px.png\",\"width\":1199,\"height\":1200,\"caption\":\"Justice Info\"},\"image\":{\"@id\":\"https:\/\/www.justiceinfo.net\/fr#\/schema\/logo\/image\/\"},\"sameAs\":[\"https:\/\/www.facebook.com\/JusticeInfo\/\",\"https:\/\/x.com\/justiceinfonet\",\"https:\/\/www.linkedin.com\/company\/justice-info\",\"https:\/\/www.youtube.com\/channel\/UCyCEsARodyuWtkWyhn-e7pA\"]},{\"@type\":\"Person\",\"name\":\"AFP\",\"url\":\"\/fr\/?s=AFP\"}]}<\/script>\n<!-- \/ Yoast SEO Premium plugin. -->","yoast_head_json":{"title":"J\u00e9rusalem: les hommes de moins de 50 ans interdits d'acc\u00e8s \u00e0 la vieille ville (police) - JusticeInfo.net","robots":{"index":"index","follow":"follow","max-snippet":"max-snippet:-1","max-image-preview":"max-image-preview:large","max-video-preview":"max-video-preview:-1"},"canonical":"https:\/\/www.justiceinfo.net\/fr\/33990-jerusalem-les-hommes-de-moins-de-50-ans-interdits-d-acces-a-la-vieille-ville-police.html","og_locale":"fr_FR","og_type":"article","og_title":"J\u00e9rusalem: les hommes de moins de 50 ans interdits d'acc\u00e8s \u00e0 la vieille ville (police)","og_description":"La police isra\u00e9lienne a annonc\u00e9 qu'elle interdisait aux hommes de moins de 50 ans d'acc\u00e9der \u00e0 la vieille ville de J\u00e9rusalem vendredi pour la grande pri\u00e8re musulmane, dans un contexte de vives tensions autour de l'esplanade des Mosqu\u00e9es. \"L'entr\u00e9e dans la vieille ville et au Mont du Temple (ndlr: l'esplanade des Mosqu\u00e9es pour les musulmans) [&hellip;]","og_url":"https:\/\/www.justiceinfo.net\/fr\/33990-jerusalem-les-hommes-de-moins-de-50-ans-interdits-d-acces-a-la-vieille-ville-police.html","og_site_name":"JusticeInfo.net","article_publisher":"https:\/\/www.facebook.com\/JusticeInfo\/","article_published_time":"2017-07-21T04:36:15+00:00","og_image":[{"width":1200,"height":630,"url":"https:\/\/www.justiceinfo.net\/wp-content\/uploads\/JusticeInfoNet_logo_1200x630px.jpg","type":"image\/jpeg"}],"author":"AFP","twitter_card":"summary_large_image","twitter_creator":"@justiceinfonet","twitter_site":"@justiceinfonet","twitter_misc":{"\u00c9crit par":"AFP","Dur\u00e9e de lecture estim\u00e9e":"2 minutes"},"schema":{"@context":"https:\/\/schema.org","@graph":[{"@type":"NewsArticle","@id":"https:\/\/www.justiceinfo.net\/fr\/33990-jerusalem-les-hommes-de-moins-de-50-ans-interdits-d-acces-a-la-vieille-ville-police.html#article","isPartOf":{"@id":"https:\/\/www.justiceinfo.net\/fr\/33990-jerusalem-les-hommes-de-moins-de-50-ans-interdits-d-acces-a-la-vieille-ville-police.html"},"author":{"name":"afp","@id":"https:\/\/www.justiceinfo.net\/fr#\/schema\/person\/713d340ef5f218fc36ce9b4244364a7f"},"headline":"J\u00e9rusalem: les hommes de moins de 50 ans interdits d'acc\u00e8s \u00e0 la vieille ville (police)","datePublished":"2017-07-21T04:36:15+00:00","mainEntityOfPage":{"@id":"https:\/\/www.justiceinfo.net\/fr\/33990-jerusalem-les-hommes-de-moins-de-50-ans-interdits-d-acces-a-la-vieille-ville-police.html"},"wordCount":448,"commentCount":0,"publisher":{"@id":"https:\/\/www.justiceinfo.net\/fr#organization"},"articleSection":["Fil d'info AFP"],"inLanguage":"fr-FR","potentialAction":[{"@type":"CommentAction","name":"Comment","target":["https:\/\/www.justiceinfo.net\/fr\/33990-jerusalem-les-hommes-de-moins-de-50-ans-interdits-d-acces-a-la-vieille-ville-police.html#respond"]}]},{"@type":"WebPage","@id":"https:\/\/www.justiceinfo.net\/fr\/33990-jerusalem-les-hommes-de-moins-de-50-ans-interdits-d-acces-a-la-vieille-ville-police.html","url":"https:\/\/www.justiceinfo.net\/fr\/33990-jerusalem-les-hommes-de-moins-de-50-ans-interdits-d-acces-a-la-vieille-ville-police.html","name":"J\u00e9rusalem: les hommes de moins de 50 ans interdits d'acc\u00e8s \u00e0 la vieille ville (police) - JusticeInfo.net","isPartOf":{"@id":"https:\/\/www.justiceinfo.net\/fr#website"},"datePublished":"2017-07-21T04:36:15+00:00","breadcrumb":{"@id":"https:\/\/www.justiceinfo.net\/fr\/33990-jerusalem-les-hommes-de-moins-de-50-ans-interdits-d-acces-a-la-vieille-ville-police.html#breadcrumb"},"inLanguage":"fr-FR","potentialAction":[{"@type":"ReadAction","target":["https:\/\/www.justiceinfo.net\/fr\/33990-jerusalem-les-hommes-de-moins-de-50-ans-interdits-d-acces-a-la-vieille-ville-police.html"]}]},{"@type":"BreadcrumbList","@id":"https:\/\/www.justiceinfo.net\/fr\/33990-jerusalem-les-hommes-de-moins-de-50-ans-interdits-d-acces-a-la-vieille-ville-police.html#breadcrumb","itemListElement":[{"@type":"ListItem","position":1,"name":"Home","item":"https:\/\/www.justiceinfo.net\/fr"},{"@type":"ListItem","position":2,"name":"J\u00e9rusalem: les hommes de moins de 50 ans interdits d'acc\u00e8s \u00e0 la vieille ville (police)"}]},{"@type":"WebSite","@id":"https:\/\/www.justiceinfo.net\/fr#website","url":"https:\/\/www.justiceinfo.net\/fr","name":"JusticeInfo.net","description":"La justice doit \u00eatre vue pour \u00eatre rendue","publisher":{"@id":"https:\/\/www.justiceinfo.net\/fr#organization"},"potentialAction":[{"@type":"SearchAction","target":{"@type":"EntryPoint","urlTemplate":"https:\/\/www.justiceinfo.net\/fr?s={search_term_string}"},"query-input":{"@type":"PropertyValueSpecification","valueRequired":true,"valueName":"search_term_string"}}],"inLanguage":"fr-FR"},{"@type":"Organization","@id":"https:\/\/www.justiceinfo.net\/fr#organization","name":"Justice Info","url":"https:\/\/www.justiceinfo.net\/fr","logo":{"@type":"ImageObject","inLanguage":"fr-FR","@id":"https:\/\/www.justiceinfo.net\/fr#\/schema\/logo\/image\/","url":"https:\/\/www.justiceinfo.net\/wp-content\/uploads\/justiceinfo_logo-trans_1200x1200px.png","contentUrl":"https:\/\/www.justiceinfo.net\/wp-content\/uploads\/justiceinfo_logo-trans_1200x1200px.png","width":1199,"height":1200,"caption":"Justice Info"},"image":{"@id":"https:\/\/www.justiceinfo.net\/fr#\/schema\/logo\/image\/"},"sameAs":["https:\/\/www.facebook.com\/JusticeInfo\/","https:\/\/x.com\/justiceinfonet","https:\/\/www.linkedin.com\/company\/justice-info","https:\/\/www.youtube.com\/channel\/UCyCEsARodyuWtkWyhn-e7pA"]},{"@type":"Person","name":"AFP","url":"\/fr\/?s=AFP"}]}},"_links":{"self":[{"href":"https:\/\/www.justiceinfo.net\/fr\/wp-json\/wp\/v2\/posts\/33990","targetHints":{"allow":["GET"]}}],"collection":[{"href":"https:\/\/www.justiceinfo.net\/fr\/wp-json\/wp\/v2\/posts"}],"about":[{"href":"https:\/\/www.justiceinfo.net\/fr\/wp-json\/wp\/v2\/types\/post"}],"author":[{"embeddable":true,"href":"https:\/\/www.justiceinfo.net\/fr\/wp-json\/wp\/v2\/users\/60"}],"replies":[{"embeddable":true,"href":"https:\/\/www.justiceinfo.net\/fr\/wp-json\/wp\/v2\/comments?post=33990"}],"version-history":[{"count":0,"href":"https:\/\/www.justiceinfo.net\/fr\/wp-json\/wp\/v2\/posts\/33990\/revisions"}],"wp:attachment":[{"href":"https:\/\/www.justiceinfo.net\/fr\/wp-json\/wp\/v2\/media?parent=33990"}],"wp:term":[{"taxonomy":"category","embeddable":true,"href":"https:\/\/www.justiceinfo.net\/fr\/wp-json\/wp\/v2\/categories?post=33990"},{"taxonomy":"post_tag","embeddable":true,"href":"https:\/\/www.justiceinfo.net\/fr\/wp-json\/wp\/v2\/tags?post=33990"},{"taxonomy":"ji_location","embeddable":true,"href":"https:\/\/www.justiceinfo.net\/fr\/wp-json\/wp\/v2\/ji_location?post=33990"}],"curies":[{"name":"wp","href":"https:\/\/api.w.org\/{rel}","templated":true}]}}