{"id":34074,"date":"2017-07-26T18:00:03","date_gmt":"2017-07-26T16:00:03","guid":{"rendered":"https:\/\/www.justiceinfo.net\/34074-rdc-reddition-d-un-chef-de-guerre-poursuivi-pour-crime-contre-l-humanite.html"},"modified":"2017-07-26T18:00:03","modified_gmt":"2017-07-26T16:00:03","slug":"rdc-reddition-d-un-chef-de-guerre-poursuivi-pour-crime-contre-l-humanite","status":"publish","type":"post","link":"https:\/\/www.justiceinfo.net\/fr\/34074-rdc-reddition-d-un-chef-de-guerre-poursuivi-pour-crime-contre-l-humanite.html","title":{"rendered":"RDC: reddition d'un chef de guerre poursuivi pour \"crime contre l'humanit\u00e9\""},"content":{"rendered":"<div class=\"content-excerpt\">\n<p>Les Nations unies ont annonc\u00e9 mercredi en R\u00e9publique d\u00e9mocratique du Congo la reddition d'un chef rebelle, Sheka Ntabo Ntaberi, poursuivi pour crime contre l'humanit\u00e9 et viols massifs avec sa milice en 2010 dans l'est du pays ravag\u00e9 par les affrontements.<\/p>\n<\/div>\n<p>Sheka \"s'est rendu aujourd'hui \u00e0 Mutongo\", dans le Nord-Kivu, aupr\u00e8s des Casques bleus de la Mission de l'ONU en RDC (Monusco), a d\u00e9clar\u00e9 \u00e0 l'AFP Fabienne Pompey, sa porte-parole.<\/p>\n<p>\"Il a \u00e9t\u00e9 transf\u00e9r\u00e9 \u00e0 Goma\" et est \"toujours entre les mains des Casques bleus\", a-t-elle pr\u00e9cis\u00e9, ajoutant que Sheka \u00e9tait le seul milicien \u00e0 se rendre.<\/p>\n<p>Selon Mme Pompey, Sheka s'est rendu en sachant qu'il fait l'objet \"d'un mandat d'arr\u00eat national pour crime contre l'humanit\u00e9\" \u00e9mis contre lui par les autorit\u00e9s congolaises en janvier 2011.<\/p>\n<p>En juin 2015, la Monusco avait lanc\u00e9 des op\u00e9rations militaires contre Nduma Defense of Congo (NDC, le groupe rebelle de Sheka) apr\u00e8s que cette milice eut incendi\u00e9 pendant plusieurs jours des villages dans l'est du pays.<\/p>\n<p>\"Des milliers de civils vivant dans l'est de la RDC ont \u00e9t\u00e9 affect\u00e9s par les crimes commis par les forces sous le commandement de Ntabo Ntaberi Sheka, et beaucoup continuent de craindre la prochaine attaque\", a r\u00e9agi aupr\u00e8s de l'AFP Ida Sawyer, directrice pour l'Afrique centrale de l'ONG am\u00e9ricaine Human Rights Watch (HRW).<\/p>\n<p>\"Sa reddition aujourd'hui permet d'esp\u00e9rer que justice sera rendue et que les violences cesseront\", a-t-elle souhait\u00e9.<\/p>\n<p>Pour HRW, \"les autorit\u00e9s congolaises, avec le soutien des Nations unies, devraient garantir la s\u00e9curit\u00e9 de Sheka en d\u00e9tention et le traduire rapidement en justice, au cours d'un proc\u00e8s \u00e9quitable et cr\u00e9dible\".<\/p>\n<p>La milice NDC a \u00e9t\u00e9 cr\u00e9\u00e9e en 2009 par Sheka Ntabo Ntaberi mais une partie de ses troupes, \u00e9valu\u00e9e \u00e0 300 hommes, a fait dissidence et a form\u00e9 le NDC-Renouveau.<\/p>\n<p>Le NDC-Sheka, qui compterait moins de cent hommes, affronte r\u00e9guli\u00e8rement sa rivale dans l'Est, r\u00e9gion d\u00e9chir\u00e9e par plus de vingt ans de conflits arm\u00e9s.<\/p>\n<p>Dot\u00e9e de quelque 17.000 hommes en uniforme, la Monusco est l'une des plus importantes missions de maintien de la paix au monde.<\/p>\n","protected":false},"excerpt":{"rendered":"<p>Les Nations unies ont annonc\u00e9 mercredi en R\u00e9publique d\u00e9mocratique du Congo la reddition d'un chef rebelle, Sheka Ntabo Ntaberi, poursuivi pour crime contre l'humanit\u00e9 et viols massifs avec sa milice en 2010 dans l'est du pays ravag\u00e9 par les affrontements. Sheka \"s'est rendu aujourd'hui \u00e0 Mutongo\", dans le Nord-Kivu, aupr\u00e8s des Casques bleus de la [&hellip;]<\/p>\n","protected":false},"author":60,"featured_media":66704,"comment_status":"open","ping_status":"closed","sticky":false,"template":"","format":"standard","meta":{"_acf_changed":false,"footnotes":""},"categories":[574],"tags":[],"ji_location":[2196],"class_list":["post-34074","post","type-post","status-publish","format-standard","has-post-thumbnail","hentry","category-tribunaux-nationaux","ji_location-republique-democratique-du-congo"],"acf":[],"yoast_head":"<!-- This site is optimized with the Yoast SEO Premium plugin v25.3.1 (Yoast SEO v25.3.1) - https:\/\/yoast.com\/wordpress\/plugins\/seo\/ -->\n<title>RDC: reddition d&#039;un chef de guerre poursuivi pour &quot;crime contre l&#039;humanit\u00e9&quot; - JusticeInfo.net<\/title>\n<meta name=\"robots\" content=\"index, follow, max-snippet:-1, max-image-preview:large, max-video-preview:-1\" \/>\n<link rel=\"canonical\" href=\"https:\/\/www.justiceinfo.net\/fr\/34074-rdc-reddition-d-un-chef-de-guerre-poursuivi-pour-crime-contre-l-humanite.html\" \/>\n<meta property=\"og:locale\" content=\"fr_FR\" \/>\n<meta property=\"og:type\" content=\"article\" \/>\n<meta property=\"og:title\" content=\"RDC: reddition d&#039;un chef de guerre poursuivi pour &quot;crime contre l&#039;humanit\u00e9&quot;\" \/>\n<meta property=\"og:description\" content=\"Les Nations unies ont annonc\u00e9 mercredi en R\u00e9publique d\u00e9mocratique du Congo la reddition d&#039;un chef rebelle, Sheka Ntabo Ntaberi, poursuivi pour crime contre l&#039;humanit\u00e9 et viols massifs avec sa milice en 2010 dans l&#039;est du pays ravag\u00e9 par les affrontements. Sheka &quot;s&#039;est rendu aujourd&#039;hui \u00e0 Mutongo&quot;, dans le Nord-Kivu, aupr\u00e8s des Casques bleus de la [&hellip;]\" \/>\n<meta property=\"og:url\" content=\"https:\/\/www.justiceinfo.net\/fr\/34074-rdc-reddition-d-un-chef-de-guerre-poursuivi-pour-crime-contre-l-humanite.html\" \/>\n<meta property=\"og:site_name\" content=\"JusticeInfo.net\" \/>\n<meta property=\"article:publisher\" content=\"https:\/\/www.facebook.com\/JusticeInfo\/\" \/>\n<meta property=\"article:published_time\" content=\"2017-07-26T16:00:03+00:00\" \/>\n<meta property=\"og:image\" content=\"https:\/\/www.justiceinfo.net\/wp-content\/uploads\/8f86b5de36447484ba7243eac133b9ae.jpg\" \/>\n\t<meta property=\"og:image:width\" content=\"1200\" \/>\n\t<meta property=\"og:image:height\" content=\"695\" \/>\n\t<meta property=\"og:image:type\" content=\"image\/jpeg\" \/>\n<meta name=\"author\" content=\"AFP\" \/>\n<meta name=\"twitter:card\" content=\"summary_large_image\" \/>\n<meta name=\"twitter:creator\" content=\"@justiceinfonet\" \/>\n<meta name=\"twitter:site\" content=\"@justiceinfonet\" \/>\n<meta name=\"twitter:label1\" content=\"\u00c9crit par\" \/>\n\t<meta name=\"twitter:data1\" content=\"AFP\" \/>\n\t<meta name=\"twitter:label2\" content=\"Dur\u00e9e de lecture estim\u00e9e\" \/>\n\t<meta name=\"twitter:data2\" content=\"2 minutes\" \/>\n<script type=\"application\/ld+json\" class=\"yoast-schema-graph\">{\"@context\":\"https:\/\/schema.org\",\"@graph\":[{\"@type\":\"NewsArticle\",\"@id\":\"https:\/\/www.justiceinfo.net\/fr\/34074-rdc-reddition-d-un-chef-de-guerre-poursuivi-pour-crime-contre-l-humanite.html#article\",\"isPartOf\":{\"@id\":\"https:\/\/www.justiceinfo.net\/fr\/34074-rdc-reddition-d-un-chef-de-guerre-poursuivi-pour-crime-contre-l-humanite.html\"},\"author\":{\"name\":\"afp\",\"@id\":\"https:\/\/www.justiceinfo.net\/fr#\/schema\/person\/713d340ef5f218fc36ce9b4244364a7f\"},\"headline\":\"RDC: reddition d'un chef de guerre poursuivi pour \\\"crime contre l'humanit\u00e9\\\"\",\"datePublished\":\"2017-07-26T16:00:03+00:00\",\"mainEntityOfPage\":{\"@id\":\"https:\/\/www.justiceinfo.net\/fr\/34074-rdc-reddition-d-un-chef-de-guerre-poursuivi-pour-crime-contre-l-humanite.html\"},\"wordCount\":392,\"commentCount\":0,\"publisher\":{\"@id\":\"https:\/\/www.justiceinfo.net\/fr#organization\"},\"image\":{\"@id\":\"https:\/\/www.justiceinfo.net\/fr\/34074-rdc-reddition-d-un-chef-de-guerre-poursuivi-pour-crime-contre-l-humanite.html#primaryimage\"},\"thumbnailUrl\":\"https:\/\/www.justiceinfo.net\/wp-content\/uploads\/8f86b5de36447484ba7243eac133b9ae.jpg\",\"articleSection\":[\"Tribunaux nationaux\"],\"inLanguage\":\"fr-FR\",\"potentialAction\":[{\"@type\":\"CommentAction\",\"name\":\"Comment\",\"target\":[\"https:\/\/www.justiceinfo.net\/fr\/34074-rdc-reddition-d-un-chef-de-guerre-poursuivi-pour-crime-contre-l-humanite.html#respond\"]}]},{\"@type\":\"WebPage\",\"@id\":\"https:\/\/www.justiceinfo.net\/fr\/34074-rdc-reddition-d-un-chef-de-guerre-poursuivi-pour-crime-contre-l-humanite.html\",\"url\":\"https:\/\/www.justiceinfo.net\/fr\/34074-rdc-reddition-d-un-chef-de-guerre-poursuivi-pour-crime-contre-l-humanite.html\",\"name\":\"RDC: reddition d'un chef de guerre poursuivi pour \\\"crime contre l'humanit\u00e9\\\" - JusticeInfo.net\",\"isPartOf\":{\"@id\":\"https:\/\/www.justiceinfo.net\/fr#website\"},\"primaryImageOfPage\":{\"@id\":\"https:\/\/www.justiceinfo.net\/fr\/34074-rdc-reddition-d-un-chef-de-guerre-poursuivi-pour-crime-contre-l-humanite.html#primaryimage\"},\"image\":{\"@id\":\"https:\/\/www.justiceinfo.net\/fr\/34074-rdc-reddition-d-un-chef-de-guerre-poursuivi-pour-crime-contre-l-humanite.html#primaryimage\"},\"thumbnailUrl\":\"https:\/\/www.justiceinfo.net\/wp-content\/uploads\/8f86b5de36447484ba7243eac133b9ae.jpg\",\"datePublished\":\"2017-07-26T16:00:03+00:00\",\"breadcrumb\":{\"@id\":\"https:\/\/www.justiceinfo.net\/fr\/34074-rdc-reddition-d-un-chef-de-guerre-poursuivi-pour-crime-contre-l-humanite.html#breadcrumb\"},\"inLanguage\":\"fr-FR\",\"potentialAction\":[{\"@type\":\"ReadAction\",\"target\":[\"https:\/\/www.justiceinfo.net\/fr\/34074-rdc-reddition-d-un-chef-de-guerre-poursuivi-pour-crime-contre-l-humanite.html\"]}]},{\"@type\":\"ImageObject\",\"inLanguage\":\"fr-FR\",\"@id\":\"https:\/\/www.justiceinfo.net\/fr\/34074-rdc-reddition-d-un-chef-de-guerre-poursuivi-pour-crime-contre-l-humanite.html#primaryimage\",\"url\":\"https:\/\/www.justiceinfo.net\/wp-content\/uploads\/8f86b5de36447484ba7243eac133b9ae.jpg\",\"contentUrl\":\"https:\/\/www.justiceinfo.net\/wp-content\/uploads\/8f86b5de36447484ba7243eac133b9ae.jpg\",\"width\":1200,\"height\":695},{\"@type\":\"BreadcrumbList\",\"@id\":\"https:\/\/www.justiceinfo.net\/fr\/34074-rdc-reddition-d-un-chef-de-guerre-poursuivi-pour-crime-contre-l-humanite.html#breadcrumb\",\"itemListElement\":[{\"@type\":\"ListItem\",\"position\":1,\"name\":\"Home\",\"item\":\"https:\/\/www.justiceinfo.net\/fr\"},{\"@type\":\"ListItem\",\"position\":2,\"name\":\"RDC: reddition d'un chef de guerre poursuivi pour \\\"crime contre l'humanit\u00e9\\\"\"}]},{\"@type\":\"WebSite\",\"@id\":\"https:\/\/www.justiceinfo.net\/fr#website\",\"url\":\"https:\/\/www.justiceinfo.net\/fr\",\"name\":\"JusticeInfo.net\",\"description\":\"La justice doit \u00eatre vue pour \u00eatre rendue\",\"publisher\":{\"@id\":\"https:\/\/www.justiceinfo.net\/fr#organization\"},\"potentialAction\":[{\"@type\":\"SearchAction\",\"target\":{\"@type\":\"EntryPoint\",\"urlTemplate\":\"https:\/\/www.justiceinfo.net\/fr?s={search_term_string}\"},\"query-input\":{\"@type\":\"PropertyValueSpecification\",\"valueRequired\":true,\"valueName\":\"search_term_string\"}}],\"inLanguage\":\"fr-FR\"},{\"@type\":\"Organization\",\"@id\":\"https:\/\/www.justiceinfo.net\/fr#organization\",\"name\":\"Justice Info\",\"url\":\"https:\/\/www.justiceinfo.net\/fr\",\"logo\":{\"@type\":\"ImageObject\",\"inLanguage\":\"fr-FR\",\"@id\":\"https:\/\/www.justiceinfo.net\/fr#\/schema\/logo\/image\/\",\"url\":\"https:\/\/www.justiceinfo.net\/wp-content\/uploads\/justiceinfo_logo-trans_1200x1200px.png\",\"contentUrl\":\"https:\/\/www.justiceinfo.net\/wp-content\/uploads\/justiceinfo_logo-trans_1200x1200px.png\",\"width\":1199,\"height\":1200,\"caption\":\"Justice Info\"},\"image\":{\"@id\":\"https:\/\/www.justiceinfo.net\/fr#\/schema\/logo\/image\/\"},\"sameAs\":[\"https:\/\/www.facebook.com\/JusticeInfo\/\",\"https:\/\/x.com\/justiceinfonet\",\"https:\/\/www.linkedin.com\/company\/justice-info\",\"https:\/\/www.youtube.com\/channel\/UCyCEsARodyuWtkWyhn-e7pA\"]},{\"@type\":\"Person\",\"name\":\"AFP\",\"url\":\"\/fr\/?s=AFP\"}]}<\/script>\n<!-- \/ Yoast SEO Premium plugin. -->","yoast_head_json":{"title":"RDC: reddition d'un chef de guerre poursuivi pour \"crime contre l'humanit\u00e9\" - JusticeInfo.net","robots":{"index":"index","follow":"follow","max-snippet":"max-snippet:-1","max-image-preview":"max-image-preview:large","max-video-preview":"max-video-preview:-1"},"canonical":"https:\/\/www.justiceinfo.net\/fr\/34074-rdc-reddition-d-un-chef-de-guerre-poursuivi-pour-crime-contre-l-humanite.html","og_locale":"fr_FR","og_type":"article","og_title":"RDC: reddition d'un chef de guerre poursuivi pour \"crime contre l'humanit\u00e9\"","og_description":"Les Nations unies ont annonc\u00e9 mercredi en R\u00e9publique d\u00e9mocratique du Congo la reddition d'un chef rebelle, Sheka Ntabo Ntaberi, poursuivi pour crime contre l'humanit\u00e9 et viols massifs avec sa milice en 2010 dans l'est du pays ravag\u00e9 par les affrontements. Sheka \"s'est rendu aujourd'hui \u00e0 Mutongo\", dans le Nord-Kivu, aupr\u00e8s des Casques bleus de la [&hellip;]","og_url":"https:\/\/www.justiceinfo.net\/fr\/34074-rdc-reddition-d-un-chef-de-guerre-poursuivi-pour-crime-contre-l-humanite.html","og_site_name":"JusticeInfo.net","article_publisher":"https:\/\/www.facebook.com\/JusticeInfo\/","article_published_time":"2017-07-26T16:00:03+00:00","og_image":[{"width":1200,"height":695,"url":"https:\/\/www.justiceinfo.net\/wp-content\/uploads\/8f86b5de36447484ba7243eac133b9ae.jpg","type":"image\/jpeg"}],"author":"AFP","twitter_card":"summary_large_image","twitter_creator":"@justiceinfonet","twitter_site":"@justiceinfonet","twitter_misc":{"\u00c9crit par":"AFP","Dur\u00e9e de lecture estim\u00e9e":"2 minutes"},"schema":{"@context":"https:\/\/schema.org","@graph":[{"@type":"NewsArticle","@id":"https:\/\/www.justiceinfo.net\/fr\/34074-rdc-reddition-d-un-chef-de-guerre-poursuivi-pour-crime-contre-l-humanite.html#article","isPartOf":{"@id":"https:\/\/www.justiceinfo.net\/fr\/34074-rdc-reddition-d-un-chef-de-guerre-poursuivi-pour-crime-contre-l-humanite.html"},"author":{"name":"afp","@id":"https:\/\/www.justiceinfo.net\/fr#\/schema\/person\/713d340ef5f218fc36ce9b4244364a7f"},"headline":"RDC: reddition d'un chef de guerre poursuivi pour \"crime contre l'humanit\u00e9\"","datePublished":"2017-07-26T16:00:03+00:00","mainEntityOfPage":{"@id":"https:\/\/www.justiceinfo.net\/fr\/34074-rdc-reddition-d-un-chef-de-guerre-poursuivi-pour-crime-contre-l-humanite.html"},"wordCount":392,"commentCount":0,"publisher":{"@id":"https:\/\/www.justiceinfo.net\/fr#organization"},"image":{"@id":"https:\/\/www.justiceinfo.net\/fr\/34074-rdc-reddition-d-un-chef-de-guerre-poursuivi-pour-crime-contre-l-humanite.html#primaryimage"},"thumbnailUrl":"https:\/\/www.justiceinfo.net\/wp-content\/uploads\/8f86b5de36447484ba7243eac133b9ae.jpg","articleSection":["Tribunaux nationaux"],"inLanguage":"fr-FR","potentialAction":[{"@type":"CommentAction","name":"Comment","target":["https:\/\/www.justiceinfo.net\/fr\/34074-rdc-reddition-d-un-chef-de-guerre-poursuivi-pour-crime-contre-l-humanite.html#respond"]}]},{"@type":"WebPage","@id":"https:\/\/www.justiceinfo.net\/fr\/34074-rdc-reddition-d-un-chef-de-guerre-poursuivi-pour-crime-contre-l-humanite.html","url":"https:\/\/www.justiceinfo.net\/fr\/34074-rdc-reddition-d-un-chef-de-guerre-poursuivi-pour-crime-contre-l-humanite.html","name":"RDC: reddition d'un chef de guerre poursuivi pour \"crime contre l'humanit\u00e9\" - JusticeInfo.net","isPartOf":{"@id":"https:\/\/www.justiceinfo.net\/fr#website"},"primaryImageOfPage":{"@id":"https:\/\/www.justiceinfo.net\/fr\/34074-rdc-reddition-d-un-chef-de-guerre-poursuivi-pour-crime-contre-l-humanite.html#primaryimage"},"image":{"@id":"https:\/\/www.justiceinfo.net\/fr\/34074-rdc-reddition-d-un-chef-de-guerre-poursuivi-pour-crime-contre-l-humanite.html#primaryimage"},"thumbnailUrl":"https:\/\/www.justiceinfo.net\/wp-content\/uploads\/8f86b5de36447484ba7243eac133b9ae.jpg","datePublished":"2017-07-26T16:00:03+00:00","breadcrumb":{"@id":"https:\/\/www.justiceinfo.net\/fr\/34074-rdc-reddition-d-un-chef-de-guerre-poursuivi-pour-crime-contre-l-humanite.html#breadcrumb"},"inLanguage":"fr-FR","potentialAction":[{"@type":"ReadAction","target":["https:\/\/www.justiceinfo.net\/fr\/34074-rdc-reddition-d-un-chef-de-guerre-poursuivi-pour-crime-contre-l-humanite.html"]}]},{"@type":"ImageObject","inLanguage":"fr-FR","@id":"https:\/\/www.justiceinfo.net\/fr\/34074-rdc-reddition-d-un-chef-de-guerre-poursuivi-pour-crime-contre-l-humanite.html#primaryimage","url":"https:\/\/www.justiceinfo.net\/wp-content\/uploads\/8f86b5de36447484ba7243eac133b9ae.jpg","contentUrl":"https:\/\/www.justiceinfo.net\/wp-content\/uploads\/8f86b5de36447484ba7243eac133b9ae.jpg","width":1200,"height":695},{"@type":"BreadcrumbList","@id":"https:\/\/www.justiceinfo.net\/fr\/34074-rdc-reddition-d-un-chef-de-guerre-poursuivi-pour-crime-contre-l-humanite.html#breadcrumb","itemListElement":[{"@type":"ListItem","position":1,"name":"Home","item":"https:\/\/www.justiceinfo.net\/fr"},{"@type":"ListItem","position":2,"name":"RDC: reddition d'un chef de guerre poursuivi pour \"crime contre l'humanit\u00e9\""}]},{"@type":"WebSite","@id":"https:\/\/www.justiceinfo.net\/fr#website","url":"https:\/\/www.justiceinfo.net\/fr","name":"JusticeInfo.net","description":"La justice doit \u00eatre vue pour \u00eatre rendue","publisher":{"@id":"https:\/\/www.justiceinfo.net\/fr#organization"},"potentialAction":[{"@type":"SearchAction","target":{"@type":"EntryPoint","urlTemplate":"https:\/\/www.justiceinfo.net\/fr?s={search_term_string}"},"query-input":{"@type":"PropertyValueSpecification","valueRequired":true,"valueName":"search_term_string"}}],"inLanguage":"fr-FR"},{"@type":"Organization","@id":"https:\/\/www.justiceinfo.net\/fr#organization","name":"Justice Info","url":"https:\/\/www.justiceinfo.net\/fr","logo":{"@type":"ImageObject","inLanguage":"fr-FR","@id":"https:\/\/www.justiceinfo.net\/fr#\/schema\/logo\/image\/","url":"https:\/\/www.justiceinfo.net\/wp-content\/uploads\/justiceinfo_logo-trans_1200x1200px.png","contentUrl":"https:\/\/www.justiceinfo.net\/wp-content\/uploads\/justiceinfo_logo-trans_1200x1200px.png","width":1199,"height":1200,"caption":"Justice Info"},"image":{"@id":"https:\/\/www.justiceinfo.net\/fr#\/schema\/logo\/image\/"},"sameAs":["https:\/\/www.facebook.com\/JusticeInfo\/","https:\/\/x.com\/justiceinfonet","https:\/\/www.linkedin.com\/company\/justice-info","https:\/\/www.youtube.com\/channel\/UCyCEsARodyuWtkWyhn-e7pA"]},{"@type":"Person","name":"AFP","url":"\/fr\/?s=AFP"}]}},"_links":{"self":[{"href":"https:\/\/www.justiceinfo.net\/fr\/wp-json\/wp\/v2\/posts\/34074","targetHints":{"allow":["GET"]}}],"collection":[{"href":"https:\/\/www.justiceinfo.net\/fr\/wp-json\/wp\/v2\/posts"}],"about":[{"href":"https:\/\/www.justiceinfo.net\/fr\/wp-json\/wp\/v2\/types\/post"}],"author":[{"embeddable":true,"href":"https:\/\/www.justiceinfo.net\/fr\/wp-json\/wp\/v2\/users\/60"}],"replies":[{"embeddable":true,"href":"https:\/\/www.justiceinfo.net\/fr\/wp-json\/wp\/v2\/comments?post=34074"}],"version-history":[{"count":0,"href":"https:\/\/www.justiceinfo.net\/fr\/wp-json\/wp\/v2\/posts\/34074\/revisions"}],"wp:featuredmedia":[{"embeddable":true,"href":"https:\/\/www.justiceinfo.net\/fr\/wp-json\/wp\/v2\/media\/66704"}],"wp:attachment":[{"href":"https:\/\/www.justiceinfo.net\/fr\/wp-json\/wp\/v2\/media?parent=34074"}],"wp:term":[{"taxonomy":"category","embeddable":true,"href":"https:\/\/www.justiceinfo.net\/fr\/wp-json\/wp\/v2\/categories?post=34074"},{"taxonomy":"post_tag","embeddable":true,"href":"https:\/\/www.justiceinfo.net\/fr\/wp-json\/wp\/v2\/tags?post=34074"},{"taxonomy":"ji_location","embeddable":true,"href":"https:\/\/www.justiceinfo.net\/fr\/wp-json\/wp\/v2\/ji_location?post=34074"}],"curies":[{"name":"wp","href":"https:\/\/api.w.org\/{rel}","templated":true}]}}