{"id":3415,"date":"2008-02-20T05:30:26","date_gmt":"2008-02-20T04:30:26","guid":{"rendered":"https:\/\/www.justiceinfo.net\/3415-190208-rwandaetats-unis-george-bush-rend-hommage-aux-victimes-du-genocide-au-rwanda205.html"},"modified":"2008-02-20T05:30:26","modified_gmt":"2008-02-20T04:30:26","slug":"190208-rwandaetats-unis-george-bush-rend-hommage-aux-victimes-du-genocide-au-rwanda205","status":"publish","type":"post","link":"https:\/\/www.justiceinfo.net\/fr\/3415-190208-rwandaetats-unis-george-bush-rend-hommage-aux-victimes-du-genocide-au-rwanda205.html","title":{"rendered":"19.02.08 - RWANDA\/ETATS UNIS  - GEORGE BUSH REND HOMMAGE AUX VICTIMES DU GENOCIDE AU RWANDA"},"content":{"rendered":"<p  >\nKigali, 19 fevrier 2008 (FH) -  Le pr\u00e9sident am\u00e9ricain George W Bush qui effectuait mardi une br\u00e8ve visite au Rwanda a rendu un vibrant hommage aux victimes du g\u00e9nocide de 1994 au Rwanda, d\u00e9non\u00e7ant l\u2019inertie de la communaut\u00e9 internationale qui n\u2019a pas agi pour stopper les massacres.  <\/p>\n<p>\u00ab C\u2019est une erreur monumentale que tous les pays du monde entier devraient reconna\u00eetre \u00bb, a d\u00e9clar\u00e9 M.\n<\/p>\n<p><!--more--><\/p>\n<p  >\nBush lors du d\u00e9p\u00f4t d\u2019une gerbe de fleurs au m\u00e9morial du g\u00e9nocide de Gisozi, une colline surplombant la ville de Kigali o\u00f9 sont inhum\u00e9s quelques 250 000 victimes massacr\u00e9es durant les 100 jours de la trag\u00e9die de 1994 au Rwanda. <\/p>\n<p>\u00ab Nous devons reconna\u00eetre ce tort, et qu\u2019on convienne que ce qui s\u2019est pass\u00e9 au Rwanda ne se reproduise plus ailleurs au monde \u00bb, a soulign\u00e9 le pr\u00e9sident am\u00e9ricain, plaidant pour l\u2019unit\u00e9 et la r\u00e9conciliation des Rwandais afin d\u2019\u00e9viter tout ce qui pourra faire sombrer le pays dans une trag\u00e9die similaire \u00e0 1994. <\/p>\n<p>Le Rwanda a connu un g\u00e9nocide en 1994 au cours duquel, selon l'ONU, plus de 800 000 victimes essentiellement de la communaut\u00e9 tutsie ont \u00e9t\u00e9 tu\u00e9es durant les 3 mois, massacr\u00e9es par des extr\u00e9mistes Hutus qui contr\u00f4laient le pouvoir \u00e0 l\u2019\u00e9poque au Rwanda. <\/p>\n<p>TA\/PB\/GF<\/p>\n","protected":false},"excerpt":{"rendered":"<p>Kigali, 19 fevrier 2008 (FH) - Le pr\u00e9sident am\u00e9ricain George W Bush qui effectuait mardi une br\u00e8ve visite au Rwanda a rendu un vibrant hommage aux victimes du g\u00e9nocide de 1994 au Rwanda, d\u00e9non\u00e7ant l\u2019inertie de la communaut\u00e9 internationale qui n\u2019a pas agi pour stopper les massacres. \u00ab C\u2019est une erreur monumentale que tous les [&hellip;]<\/p>\n","protected":false},"author":64,"featured_media":0,"comment_status":"open","ping_status":"closed","sticky":false,"template":"","format":"standard","meta":{"_acf_changed":false,"footnotes":""},"categories":[554],"tags":[],"ji_location":[],"class_list":["post-3415","post","type-post","status-publish","format-standard","hentry","category-hirondellenews"],"acf":[],"yoast_head":"<!-- This site is optimized with the Yoast SEO Premium plugin v25.3.1 (Yoast SEO v25.3.1) - https:\/\/yoast.com\/wordpress\/plugins\/seo\/ -->\n<title>19.02.08 - RWANDA\/ETATS UNIS - GEORGE BUSH REND HOMMAGE AUX VICTIMES DU GENOCIDE AU RWANDA - JusticeInfo.net<\/title>\n<meta name=\"robots\" content=\"index, follow, max-snippet:-1, max-image-preview:large, max-video-preview:-1\" \/>\n<link rel=\"canonical\" href=\"https:\/\/www.justiceinfo.net\/fr\/3415-190208-rwandaetats-unis-george-bush-rend-hommage-aux-victimes-du-genocide-au-rwanda205.html\" \/>\n<meta property=\"og:locale\" content=\"fr_FR\" \/>\n<meta property=\"og:type\" content=\"article\" \/>\n<meta property=\"og:title\" content=\"19.02.08 - RWANDA\/ETATS UNIS - GEORGE BUSH REND HOMMAGE AUX VICTIMES DU GENOCIDE AU RWANDA\" \/>\n<meta property=\"og:description\" content=\"Kigali, 19 fevrier 2008 (FH) - Le pr\u00e9sident am\u00e9ricain George W Bush qui effectuait mardi une br\u00e8ve visite au Rwanda a rendu un vibrant hommage aux victimes du g\u00e9nocide de 1994 au Rwanda, d\u00e9non\u00e7ant l\u2019inertie de la communaut\u00e9 internationale qui n\u2019a pas agi pour stopper les massacres. \u00ab C\u2019est une erreur monumentale que tous les [&hellip;]\" \/>\n<meta property=\"og:url\" content=\"https:\/\/www.justiceinfo.net\/fr\/3415-190208-rwandaetats-unis-george-bush-rend-hommage-aux-victimes-du-genocide-au-rwanda205.html\" \/>\n<meta property=\"og:site_name\" content=\"JusticeInfo.net\" \/>\n<meta property=\"article:publisher\" content=\"https:\/\/www.facebook.com\/JusticeInfo\/\" \/>\n<meta property=\"article:published_time\" content=\"2008-02-20T04:30:26+00:00\" \/>\n<meta property=\"og:image\" content=\"https:\/\/www.justiceinfo.net\/wp-content\/uploads\/JusticeInfoNet_logo_1200x630px.jpg\" \/>\n\t<meta property=\"og:image:width\" content=\"1200\" \/>\n\t<meta property=\"og:image:height\" content=\"630\" \/>\n\t<meta property=\"og:image:type\" content=\"image\/jpeg\" \/>\n<meta name=\"author\" content=\"solivri\" \/>\n<meta name=\"twitter:card\" content=\"summary_large_image\" \/>\n<meta name=\"twitter:creator\" content=\"@justiceinfonet\" \/>\n<meta name=\"twitter:site\" content=\"@justiceinfonet\" \/>\n<meta name=\"twitter:label1\" content=\"\u00c9crit par\" \/>\n\t<meta name=\"twitter:data1\" content=\"solivri\" \/>\n\t<meta name=\"twitter:label2\" content=\"Dur\u00e9e de lecture estim\u00e9e\" \/>\n\t<meta name=\"twitter:data2\" content=\"1 minute\" \/>\n<script type=\"application\/ld+json\" class=\"yoast-schema-graph\">{\"@context\":\"https:\/\/schema.org\",\"@graph\":[{\"@type\":\"NewsArticle\",\"@id\":\"https:\/\/www.justiceinfo.net\/fr\/3415-190208-rwandaetats-unis-george-bush-rend-hommage-aux-victimes-du-genocide-au-rwanda205.html#article\",\"isPartOf\":{\"@id\":\"https:\/\/www.justiceinfo.net\/fr\/3415-190208-rwandaetats-unis-george-bush-rend-hommage-aux-victimes-du-genocide-au-rwanda205.html\"},\"author\":{\"name\":\"solivri\",\"@id\":\"https:\/\/www.justiceinfo.net\/fr#\/schema\/person\/6e53cba1629e2e66f3fc1821d3091865\"},\"headline\":\"19.02.08 - RWANDA\/ETATS UNIS - GEORGE BUSH REND HOMMAGE AUX VICTIMES DU GENOCIDE AU RWANDA\",\"datePublished\":\"2008-02-20T04:30:26+00:00\",\"mainEntityOfPage\":{\"@id\":\"https:\/\/www.justiceinfo.net\/fr\/3415-190208-rwandaetats-unis-george-bush-rend-hommage-aux-victimes-du-genocide-au-rwanda205.html\"},\"wordCount\":236,\"commentCount\":0,\"publisher\":{\"@id\":\"https:\/\/www.justiceinfo.net\/fr#organization\"},\"articleSection\":[\"Hirondelle News\"],\"inLanguage\":\"fr-FR\",\"potentialAction\":[{\"@type\":\"CommentAction\",\"name\":\"Comment\",\"target\":[\"https:\/\/www.justiceinfo.net\/fr\/3415-190208-rwandaetats-unis-george-bush-rend-hommage-aux-victimes-du-genocide-au-rwanda205.html#respond\"]}]},{\"@type\":\"WebPage\",\"@id\":\"https:\/\/www.justiceinfo.net\/fr\/3415-190208-rwandaetats-unis-george-bush-rend-hommage-aux-victimes-du-genocide-au-rwanda205.html\",\"url\":\"https:\/\/www.justiceinfo.net\/fr\/3415-190208-rwandaetats-unis-george-bush-rend-hommage-aux-victimes-du-genocide-au-rwanda205.html\",\"name\":\"19.02.08 - RWANDA\/ETATS UNIS - GEORGE BUSH REND HOMMAGE AUX VICTIMES DU GENOCIDE AU RWANDA - JusticeInfo.net\",\"isPartOf\":{\"@id\":\"https:\/\/www.justiceinfo.net\/fr#website\"},\"datePublished\":\"2008-02-20T04:30:26+00:00\",\"breadcrumb\":{\"@id\":\"https:\/\/www.justiceinfo.net\/fr\/3415-190208-rwandaetats-unis-george-bush-rend-hommage-aux-victimes-du-genocide-au-rwanda205.html#breadcrumb\"},\"inLanguage\":\"fr-FR\",\"potentialAction\":[{\"@type\":\"ReadAction\",\"target\":[\"https:\/\/www.justiceinfo.net\/fr\/3415-190208-rwandaetats-unis-george-bush-rend-hommage-aux-victimes-du-genocide-au-rwanda205.html\"]}]},{\"@type\":\"BreadcrumbList\",\"@id\":\"https:\/\/www.justiceinfo.net\/fr\/3415-190208-rwandaetats-unis-george-bush-rend-hommage-aux-victimes-du-genocide-au-rwanda205.html#breadcrumb\",\"itemListElement\":[{\"@type\":\"ListItem\",\"position\":1,\"name\":\"Home\",\"item\":\"https:\/\/www.justiceinfo.net\/fr\"},{\"@type\":\"ListItem\",\"position\":2,\"name\":\"19.02.08 - RWANDA\/ETATS UNIS - GEORGE BUSH REND HOMMAGE AUX VICTIMES DU GENOCIDE AU RWANDA\"}]},{\"@type\":\"WebSite\",\"@id\":\"https:\/\/www.justiceinfo.net\/fr#website\",\"url\":\"https:\/\/www.justiceinfo.net\/fr\",\"name\":\"JusticeInfo.net\",\"description\":\"La justice doit \u00eatre vue pour \u00eatre rendue\",\"publisher\":{\"@id\":\"https:\/\/www.justiceinfo.net\/fr#organization\"},\"potentialAction\":[{\"@type\":\"SearchAction\",\"target\":{\"@type\":\"EntryPoint\",\"urlTemplate\":\"https:\/\/www.justiceinfo.net\/fr?s={search_term_string}\"},\"query-input\":{\"@type\":\"PropertyValueSpecification\",\"valueRequired\":true,\"valueName\":\"search_term_string\"}}],\"inLanguage\":\"fr-FR\"},{\"@type\":\"Organization\",\"@id\":\"https:\/\/www.justiceinfo.net\/fr#organization\",\"name\":\"Justice Info\",\"url\":\"https:\/\/www.justiceinfo.net\/fr\",\"logo\":{\"@type\":\"ImageObject\",\"inLanguage\":\"fr-FR\",\"@id\":\"https:\/\/www.justiceinfo.net\/fr#\/schema\/logo\/image\/\",\"url\":\"https:\/\/www.justiceinfo.net\/wp-content\/uploads\/justiceinfo_logo-trans_1200x1200px.png\",\"contentUrl\":\"https:\/\/www.justiceinfo.net\/wp-content\/uploads\/justiceinfo_logo-trans_1200x1200px.png\",\"width\":1199,\"height\":1200,\"caption\":\"Justice Info\"},\"image\":{\"@id\":\"https:\/\/www.justiceinfo.net\/fr#\/schema\/logo\/image\/\"},\"sameAs\":[\"https:\/\/www.facebook.com\/JusticeInfo\/\",\"https:\/\/x.com\/justiceinfonet\",\"https:\/\/www.linkedin.com\/company\/justice-info\",\"https:\/\/www.youtube.com\/channel\/UCyCEsARodyuWtkWyhn-e7pA\"]},{\"@type\":\"Person\",\"name\":\"solivri\",\"url\":\"\/fr\/?s=solivri\"}]}<\/script>\n<!-- \/ Yoast SEO Premium plugin. -->","yoast_head_json":{"title":"19.02.08 - RWANDA\/ETATS UNIS - GEORGE BUSH REND HOMMAGE AUX VICTIMES DU GENOCIDE AU RWANDA - JusticeInfo.net","robots":{"index":"index","follow":"follow","max-snippet":"max-snippet:-1","max-image-preview":"max-image-preview:large","max-video-preview":"max-video-preview:-1"},"canonical":"https:\/\/www.justiceinfo.net\/fr\/3415-190208-rwandaetats-unis-george-bush-rend-hommage-aux-victimes-du-genocide-au-rwanda205.html","og_locale":"fr_FR","og_type":"article","og_title":"19.02.08 - RWANDA\/ETATS UNIS - GEORGE BUSH REND HOMMAGE AUX VICTIMES DU GENOCIDE AU RWANDA","og_description":"Kigali, 19 fevrier 2008 (FH) - Le pr\u00e9sident am\u00e9ricain George W Bush qui effectuait mardi une br\u00e8ve visite au Rwanda a rendu un vibrant hommage aux victimes du g\u00e9nocide de 1994 au Rwanda, d\u00e9non\u00e7ant l\u2019inertie de la communaut\u00e9 internationale qui n\u2019a pas agi pour stopper les massacres. \u00ab C\u2019est une erreur monumentale que tous les [&hellip;]","og_url":"https:\/\/www.justiceinfo.net\/fr\/3415-190208-rwandaetats-unis-george-bush-rend-hommage-aux-victimes-du-genocide-au-rwanda205.html","og_site_name":"JusticeInfo.net","article_publisher":"https:\/\/www.facebook.com\/JusticeInfo\/","article_published_time":"2008-02-20T04:30:26+00:00","og_image":[{"width":1200,"height":630,"url":"https:\/\/www.justiceinfo.net\/wp-content\/uploads\/JusticeInfoNet_logo_1200x630px.jpg","type":"image\/jpeg"}],"author":"solivri","twitter_card":"summary_large_image","twitter_creator":"@justiceinfonet","twitter_site":"@justiceinfonet","twitter_misc":{"\u00c9crit par":"solivri","Dur\u00e9e de lecture estim\u00e9e":"1 minute"},"schema":{"@context":"https:\/\/schema.org","@graph":[{"@type":"NewsArticle","@id":"https:\/\/www.justiceinfo.net\/fr\/3415-190208-rwandaetats-unis-george-bush-rend-hommage-aux-victimes-du-genocide-au-rwanda205.html#article","isPartOf":{"@id":"https:\/\/www.justiceinfo.net\/fr\/3415-190208-rwandaetats-unis-george-bush-rend-hommage-aux-victimes-du-genocide-au-rwanda205.html"},"author":{"name":"solivri","@id":"https:\/\/www.justiceinfo.net\/fr#\/schema\/person\/6e53cba1629e2e66f3fc1821d3091865"},"headline":"19.02.08 - RWANDA\/ETATS UNIS - GEORGE BUSH REND HOMMAGE AUX VICTIMES DU GENOCIDE AU RWANDA","datePublished":"2008-02-20T04:30:26+00:00","mainEntityOfPage":{"@id":"https:\/\/www.justiceinfo.net\/fr\/3415-190208-rwandaetats-unis-george-bush-rend-hommage-aux-victimes-du-genocide-au-rwanda205.html"},"wordCount":236,"commentCount":0,"publisher":{"@id":"https:\/\/www.justiceinfo.net\/fr#organization"},"articleSection":["Hirondelle News"],"inLanguage":"fr-FR","potentialAction":[{"@type":"CommentAction","name":"Comment","target":["https:\/\/www.justiceinfo.net\/fr\/3415-190208-rwandaetats-unis-george-bush-rend-hommage-aux-victimes-du-genocide-au-rwanda205.html#respond"]}]},{"@type":"WebPage","@id":"https:\/\/www.justiceinfo.net\/fr\/3415-190208-rwandaetats-unis-george-bush-rend-hommage-aux-victimes-du-genocide-au-rwanda205.html","url":"https:\/\/www.justiceinfo.net\/fr\/3415-190208-rwandaetats-unis-george-bush-rend-hommage-aux-victimes-du-genocide-au-rwanda205.html","name":"19.02.08 - RWANDA\/ETATS UNIS - GEORGE BUSH REND HOMMAGE AUX VICTIMES DU GENOCIDE AU RWANDA - JusticeInfo.net","isPartOf":{"@id":"https:\/\/www.justiceinfo.net\/fr#website"},"datePublished":"2008-02-20T04:30:26+00:00","breadcrumb":{"@id":"https:\/\/www.justiceinfo.net\/fr\/3415-190208-rwandaetats-unis-george-bush-rend-hommage-aux-victimes-du-genocide-au-rwanda205.html#breadcrumb"},"inLanguage":"fr-FR","potentialAction":[{"@type":"ReadAction","target":["https:\/\/www.justiceinfo.net\/fr\/3415-190208-rwandaetats-unis-george-bush-rend-hommage-aux-victimes-du-genocide-au-rwanda205.html"]}]},{"@type":"BreadcrumbList","@id":"https:\/\/www.justiceinfo.net\/fr\/3415-190208-rwandaetats-unis-george-bush-rend-hommage-aux-victimes-du-genocide-au-rwanda205.html#breadcrumb","itemListElement":[{"@type":"ListItem","position":1,"name":"Home","item":"https:\/\/www.justiceinfo.net\/fr"},{"@type":"ListItem","position":2,"name":"19.02.08 - RWANDA\/ETATS UNIS - GEORGE BUSH REND HOMMAGE AUX VICTIMES DU GENOCIDE AU RWANDA"}]},{"@type":"WebSite","@id":"https:\/\/www.justiceinfo.net\/fr#website","url":"https:\/\/www.justiceinfo.net\/fr","name":"JusticeInfo.net","description":"La justice doit \u00eatre vue pour \u00eatre rendue","publisher":{"@id":"https:\/\/www.justiceinfo.net\/fr#organization"},"potentialAction":[{"@type":"SearchAction","target":{"@type":"EntryPoint","urlTemplate":"https:\/\/www.justiceinfo.net\/fr?s={search_term_string}"},"query-input":{"@type":"PropertyValueSpecification","valueRequired":true,"valueName":"search_term_string"}}],"inLanguage":"fr-FR"},{"@type":"Organization","@id":"https:\/\/www.justiceinfo.net\/fr#organization","name":"Justice Info","url":"https:\/\/www.justiceinfo.net\/fr","logo":{"@type":"ImageObject","inLanguage":"fr-FR","@id":"https:\/\/www.justiceinfo.net\/fr#\/schema\/logo\/image\/","url":"https:\/\/www.justiceinfo.net\/wp-content\/uploads\/justiceinfo_logo-trans_1200x1200px.png","contentUrl":"https:\/\/www.justiceinfo.net\/wp-content\/uploads\/justiceinfo_logo-trans_1200x1200px.png","width":1199,"height":1200,"caption":"Justice Info"},"image":{"@id":"https:\/\/www.justiceinfo.net\/fr#\/schema\/logo\/image\/"},"sameAs":["https:\/\/www.facebook.com\/JusticeInfo\/","https:\/\/x.com\/justiceinfonet","https:\/\/www.linkedin.com\/company\/justice-info","https:\/\/www.youtube.com\/channel\/UCyCEsARodyuWtkWyhn-e7pA"]},{"@type":"Person","name":"solivri","url":"\/fr\/?s=solivri"}]}},"_links":{"self":[{"href":"https:\/\/www.justiceinfo.net\/fr\/wp-json\/wp\/v2\/posts\/3415","targetHints":{"allow":["GET"]}}],"collection":[{"href":"https:\/\/www.justiceinfo.net\/fr\/wp-json\/wp\/v2\/posts"}],"about":[{"href":"https:\/\/www.justiceinfo.net\/fr\/wp-json\/wp\/v2\/types\/post"}],"author":[{"embeddable":true,"href":"https:\/\/www.justiceinfo.net\/fr\/wp-json\/wp\/v2\/users\/64"}],"replies":[{"embeddable":true,"href":"https:\/\/www.justiceinfo.net\/fr\/wp-json\/wp\/v2\/comments?post=3415"}],"version-history":[{"count":0,"href":"https:\/\/www.justiceinfo.net\/fr\/wp-json\/wp\/v2\/posts\/3415\/revisions"}],"wp:attachment":[{"href":"https:\/\/www.justiceinfo.net\/fr\/wp-json\/wp\/v2\/media?parent=3415"}],"wp:term":[{"taxonomy":"category","embeddable":true,"href":"https:\/\/www.justiceinfo.net\/fr\/wp-json\/wp\/v2\/categories?post=3415"},{"taxonomy":"post_tag","embeddable":true,"href":"https:\/\/www.justiceinfo.net\/fr\/wp-json\/wp\/v2\/tags?post=3415"},{"taxonomy":"ji_location","embeddable":true,"href":"https:\/\/www.justiceinfo.net\/fr\/wp-json\/wp\/v2\/ji_location?post=3415"}],"curies":[{"name":"wp","href":"https:\/\/api.w.org\/{rel}","templated":true}]}}