{"id":34167,"date":"2017-08-01T16:11:58","date_gmt":"2017-08-01T14:11:58","guid":{"rendered":"https:\/\/www.justiceinfo.net\/34167-un-responsable-palestinien-critique-le-silence-des-usa-sur-la-colonisation.html"},"modified":"2017-08-01T16:11:58","modified_gmt":"2017-08-01T14:11:58","slug":"un-responsable-palestinien-critique-le-silence-des-usa-sur-la-colonisation","status":"publish","type":"post","link":"https:\/\/www.justiceinfo.net\/fr\/34167-un-responsable-palestinien-critique-le-silence-des-usa-sur-la-colonisation.html","title":{"rendered":"Un responsable palestinien critique le \"silence\" des USA sur la colonisation"},"content":{"rendered":"<div class=\"txt-textContent\">\n<div class=\"text fontsize_0 jq_Content jq_langdir\">\n<p>Le num\u00e9ro deux de l'Organisation de lib\u00e9ration de la Palestine (OLP) Sa\u00ebb Erakat a critiqu\u00e9 mardi le \"silence\" de l'administration am\u00e9ricaine sur la colonisation isra\u00e9lienne et son absence de soutien \u00e0 la solution \u00e0 deux Etats.<\/p>\n<p>Le communiqu\u00e9 de Sa\u00ebb Erakat est le plus critique de la part d'un haut responsable palestinien \u00e0 l'encontre de l'administration am\u00e9ricaine, m\u00e9nag\u00e9e depuis l'accession de Donald Trump au pouvoir il y a sept mois.<\/p>\n<p>\"Le fait que l'administration am\u00e9ricaine n'ait pas d\u00e9clar\u00e9 que l'objectif final du processus de paix est de parvenir \u00e0 deux Etats sur la base des fronti\u00e8res de 1967, ainsi que son silence sur l'intensification des activit\u00e9s coloniales isra\u00e9liennes sont consid\u00e9r\u00e9s par le gouvernement isra\u00e9lien comme une opportunit\u00e9 pour r\u00e9duire \u00e0 n\u00e9ant la solution \u00e0 deux Etats et la remplacer par une solution \u00e0 un seul Etat\", a d\u00e9plor\u00e9 Sa\u00ebb Erakat, ajoutant que cette derni\u00e8re solution \u00e9quivalait \u00e0 \"l'apartheid\".<\/p>\n<p>Isra\u00ebl occupe la Cisjordanie et J\u00e9rusalem-Est depuis la guerre de juin 1967, et a ensuite annex\u00e9 la partie arabe de J\u00e9rusalem. La communaut\u00e9 internationale n'a jamais reconnu l'annexion de J\u00e9rusalem-Est.<\/p>\n<p>L'administration Trump tente de cr\u00e9er les conditions d'une reprise des n\u00e9gociations entre Isra\u00e9liens et Palestiniens, au point mort depuis 2014.<\/p>\n<p>Le silence de l'administration am\u00e9ricaine fait \"obstacle\" \u00e0 la reprise de ces discussions, a dit M. Erakat.<\/p>\n<p>La colonisation est l'un des sujets les plus \u00e9pineux. Elle s'est poursuivie sous tous les gouvernements isra\u00e9liens depuis 1967 et plus de 600.000 colons isra\u00e9liens vivent une coexistence souvent conflictuelle avec environ trois millions de Palestiniens en Cisjordanie et \u00e0 J\u00e9rusalem-Est.<\/p>\n<p>Les colonies isra\u00e9liennes rognent les territoires sur lesquels les Palestiniens souhaitent cr\u00e9er leur Etat ou compromettent la continuit\u00e9 territoriale, donc la viabilit\u00e9 d'un tel Etat.<\/p>\n<p>Depuis l'arriv\u00e9e au pouvoir de Donald Trump, consid\u00e9r\u00e9 comme plus favorable aux positions isra\u00e9liennes que son pr\u00e9d\u00e9cesseur Barack Obama, Isra\u00ebl a proc\u00e9d\u00e9 \u00e0 plusieurs annonces de colonisation repr\u00e9sentant des milliers de logements nouveaux en Cisjordanie et \u00e0 J\u00e9rusalem-Est.<\/p>\n<p>Donald Trump a pris ses distances avec la solution \u00e0 deux Etats pour r\u00e9gler l'un des plus vieux conflits du globe. Il a ainsi rompu avec un principe directeur de la diplomatie am\u00e9ricaine officiellement adopt\u00e9 par les pr\u00e9sidents depuis au moins 2001. La solution \u00e0 deux Etats est aussi la r\u00e9f\u00e9rence d'une grande partie de la communaut\u00e9 internationale, de l'ONU \u00e0 la Ligue arabe, en passant par l'Union europ\u00e9enne.<\/p>\n<\/div>\n<\/div>\n","protected":false},"excerpt":{"rendered":"<p>Le num\u00e9ro deux de l'Organisation de lib\u00e9ration de la Palestine (OLP) Sa\u00ebb Erakat a critiqu\u00e9 mardi le \"silence\" de l'administration am\u00e9ricaine sur la colonisation isra\u00e9lienne et son absence de soutien \u00e0 la solution \u00e0 deux Etats. Le communiqu\u00e9 de Sa\u00ebb Erakat est le plus critique de la part d'un haut responsable palestinien \u00e0 l'encontre de [&hellip;]<\/p>\n","protected":false},"author":60,"featured_media":0,"comment_status":"open","ping_status":"closed","sticky":false,"template":"","format":"standard","meta":{"_acf_changed":false,"footnotes":""},"categories":[2576],"tags":[],"ji_location":[2402],"class_list":["post-34167","post","type-post","status-publish","format-standard","hentry","category-fil-d-actualite","ji_location-palestine"],"acf":[],"yoast_head":"<!-- This site is optimized with the Yoast SEO Premium plugin v25.3.1 (Yoast SEO v25.3.1) - https:\/\/yoast.com\/wordpress\/plugins\/seo\/ -->\n<title>Un responsable palestinien critique le &quot;silence&quot; des USA sur la colonisation - JusticeInfo.net<\/title>\n<meta name=\"robots\" content=\"index, follow, max-snippet:-1, max-image-preview:large, max-video-preview:-1\" \/>\n<link rel=\"canonical\" href=\"https:\/\/www.justiceinfo.net\/fr\/34167-un-responsable-palestinien-critique-le-silence-des-usa-sur-la-colonisation.html\" \/>\n<meta property=\"og:locale\" content=\"fr_FR\" \/>\n<meta property=\"og:type\" content=\"article\" \/>\n<meta property=\"og:title\" content=\"Un responsable palestinien critique le &quot;silence&quot; des USA sur la colonisation\" \/>\n<meta property=\"og:description\" content=\"Le num\u00e9ro deux de l&#039;Organisation de lib\u00e9ration de la Palestine (OLP) Sa\u00ebb Erakat a critiqu\u00e9 mardi le &quot;silence&quot; de l&#039;administration am\u00e9ricaine sur la colonisation isra\u00e9lienne et son absence de soutien \u00e0 la solution \u00e0 deux Etats. Le communiqu\u00e9 de Sa\u00ebb Erakat est le plus critique de la part d&#039;un haut responsable palestinien \u00e0 l&#039;encontre de [&hellip;]\" \/>\n<meta property=\"og:url\" content=\"https:\/\/www.justiceinfo.net\/fr\/34167-un-responsable-palestinien-critique-le-silence-des-usa-sur-la-colonisation.html\" \/>\n<meta property=\"og:site_name\" content=\"JusticeInfo.net\" \/>\n<meta property=\"article:publisher\" content=\"https:\/\/www.facebook.com\/JusticeInfo\/\" \/>\n<meta property=\"article:published_time\" content=\"2017-08-01T14:11:58+00:00\" \/>\n<meta property=\"og:image\" content=\"https:\/\/www.justiceinfo.net\/wp-content\/uploads\/JusticeInfoNet_logo_1200x630px.jpg\" \/>\n\t<meta property=\"og:image:width\" content=\"1200\" \/>\n\t<meta property=\"og:image:height\" content=\"630\" \/>\n\t<meta property=\"og:image:type\" content=\"image\/jpeg\" \/>\n<meta name=\"author\" content=\"AFP\" \/>\n<meta name=\"twitter:card\" content=\"summary_large_image\" \/>\n<meta name=\"twitter:creator\" content=\"@justiceinfonet\" \/>\n<meta name=\"twitter:site\" content=\"@justiceinfonet\" \/>\n<meta name=\"twitter:label1\" content=\"\u00c9crit par\" \/>\n\t<meta name=\"twitter:data1\" content=\"AFP\" \/>\n\t<meta name=\"twitter:label2\" content=\"Dur\u00e9e de lecture estim\u00e9e\" \/>\n\t<meta name=\"twitter:data2\" content=\"2 minutes\" \/>\n<script type=\"application\/ld+json\" class=\"yoast-schema-graph\">{\"@context\":\"https:\/\/schema.org\",\"@graph\":[{\"@type\":\"NewsArticle\",\"@id\":\"https:\/\/www.justiceinfo.net\/fr\/34167-un-responsable-palestinien-critique-le-silence-des-usa-sur-la-colonisation.html#article\",\"isPartOf\":{\"@id\":\"https:\/\/www.justiceinfo.net\/fr\/34167-un-responsable-palestinien-critique-le-silence-des-usa-sur-la-colonisation.html\"},\"author\":{\"name\":\"afp\",\"@id\":\"https:\/\/www.justiceinfo.net\/fr#\/schema\/person\/713d340ef5f218fc36ce9b4244364a7f\"},\"headline\":\"Un responsable palestinien critique le \\\"silence\\\" des USA sur la colonisation\",\"datePublished\":\"2017-08-01T14:11:58+00:00\",\"mainEntityOfPage\":{\"@id\":\"https:\/\/www.justiceinfo.net\/fr\/34167-un-responsable-palestinien-critique-le-silence-des-usa-sur-la-colonisation.html\"},\"wordCount\":452,\"commentCount\":0,\"publisher\":{\"@id\":\"https:\/\/www.justiceinfo.net\/fr#organization\"},\"articleSection\":[\"Fil d'info AFP\"],\"inLanguage\":\"fr-FR\",\"potentialAction\":[{\"@type\":\"CommentAction\",\"name\":\"Comment\",\"target\":[\"https:\/\/www.justiceinfo.net\/fr\/34167-un-responsable-palestinien-critique-le-silence-des-usa-sur-la-colonisation.html#respond\"]}]},{\"@type\":\"WebPage\",\"@id\":\"https:\/\/www.justiceinfo.net\/fr\/34167-un-responsable-palestinien-critique-le-silence-des-usa-sur-la-colonisation.html\",\"url\":\"https:\/\/www.justiceinfo.net\/fr\/34167-un-responsable-palestinien-critique-le-silence-des-usa-sur-la-colonisation.html\",\"name\":\"Un responsable palestinien critique le \\\"silence\\\" des USA sur la colonisation - JusticeInfo.net\",\"isPartOf\":{\"@id\":\"https:\/\/www.justiceinfo.net\/fr#website\"},\"datePublished\":\"2017-08-01T14:11:58+00:00\",\"breadcrumb\":{\"@id\":\"https:\/\/www.justiceinfo.net\/fr\/34167-un-responsable-palestinien-critique-le-silence-des-usa-sur-la-colonisation.html#breadcrumb\"},\"inLanguage\":\"fr-FR\",\"potentialAction\":[{\"@type\":\"ReadAction\",\"target\":[\"https:\/\/www.justiceinfo.net\/fr\/34167-un-responsable-palestinien-critique-le-silence-des-usa-sur-la-colonisation.html\"]}]},{\"@type\":\"BreadcrumbList\",\"@id\":\"https:\/\/www.justiceinfo.net\/fr\/34167-un-responsable-palestinien-critique-le-silence-des-usa-sur-la-colonisation.html#breadcrumb\",\"itemListElement\":[{\"@type\":\"ListItem\",\"position\":1,\"name\":\"Home\",\"item\":\"https:\/\/www.justiceinfo.net\/fr\"},{\"@type\":\"ListItem\",\"position\":2,\"name\":\"Un responsable palestinien critique le \\\"silence\\\" des USA sur la colonisation\"}]},{\"@type\":\"WebSite\",\"@id\":\"https:\/\/www.justiceinfo.net\/fr#website\",\"url\":\"https:\/\/www.justiceinfo.net\/fr\",\"name\":\"JusticeInfo.net\",\"description\":\"La justice doit \u00eatre vue pour \u00eatre rendue\",\"publisher\":{\"@id\":\"https:\/\/www.justiceinfo.net\/fr#organization\"},\"potentialAction\":[{\"@type\":\"SearchAction\",\"target\":{\"@type\":\"EntryPoint\",\"urlTemplate\":\"https:\/\/www.justiceinfo.net\/fr?s={search_term_string}\"},\"query-input\":{\"@type\":\"PropertyValueSpecification\",\"valueRequired\":true,\"valueName\":\"search_term_string\"}}],\"inLanguage\":\"fr-FR\"},{\"@type\":\"Organization\",\"@id\":\"https:\/\/www.justiceinfo.net\/fr#organization\",\"name\":\"Justice Info\",\"url\":\"https:\/\/www.justiceinfo.net\/fr\",\"logo\":{\"@type\":\"ImageObject\",\"inLanguage\":\"fr-FR\",\"@id\":\"https:\/\/www.justiceinfo.net\/fr#\/schema\/logo\/image\/\",\"url\":\"https:\/\/www.justiceinfo.net\/wp-content\/uploads\/justiceinfo_logo-trans_1200x1200px.png\",\"contentUrl\":\"https:\/\/www.justiceinfo.net\/wp-content\/uploads\/justiceinfo_logo-trans_1200x1200px.png\",\"width\":1199,\"height\":1200,\"caption\":\"Justice Info\"},\"image\":{\"@id\":\"https:\/\/www.justiceinfo.net\/fr#\/schema\/logo\/image\/\"},\"sameAs\":[\"https:\/\/www.facebook.com\/JusticeInfo\/\",\"https:\/\/x.com\/justiceinfonet\",\"https:\/\/www.linkedin.com\/company\/justice-info\",\"https:\/\/www.youtube.com\/channel\/UCyCEsARodyuWtkWyhn-e7pA\"]},{\"@type\":\"Person\",\"name\":\"AFP\",\"url\":\"\/fr\/?s=AFP\"}]}<\/script>\n<!-- \/ Yoast SEO Premium plugin. -->","yoast_head_json":{"title":"Un responsable palestinien critique le \"silence\" des USA sur la colonisation - JusticeInfo.net","robots":{"index":"index","follow":"follow","max-snippet":"max-snippet:-1","max-image-preview":"max-image-preview:large","max-video-preview":"max-video-preview:-1"},"canonical":"https:\/\/www.justiceinfo.net\/fr\/34167-un-responsable-palestinien-critique-le-silence-des-usa-sur-la-colonisation.html","og_locale":"fr_FR","og_type":"article","og_title":"Un responsable palestinien critique le \"silence\" des USA sur la colonisation","og_description":"Le num\u00e9ro deux de l'Organisation de lib\u00e9ration de la Palestine (OLP) Sa\u00ebb Erakat a critiqu\u00e9 mardi le \"silence\" de l'administration am\u00e9ricaine sur la colonisation isra\u00e9lienne et son absence de soutien \u00e0 la solution \u00e0 deux Etats. Le communiqu\u00e9 de Sa\u00ebb Erakat est le plus critique de la part d'un haut responsable palestinien \u00e0 l'encontre de [&hellip;]","og_url":"https:\/\/www.justiceinfo.net\/fr\/34167-un-responsable-palestinien-critique-le-silence-des-usa-sur-la-colonisation.html","og_site_name":"JusticeInfo.net","article_publisher":"https:\/\/www.facebook.com\/JusticeInfo\/","article_published_time":"2017-08-01T14:11:58+00:00","og_image":[{"width":1200,"height":630,"url":"https:\/\/www.justiceinfo.net\/wp-content\/uploads\/JusticeInfoNet_logo_1200x630px.jpg","type":"image\/jpeg"}],"author":"AFP","twitter_card":"summary_large_image","twitter_creator":"@justiceinfonet","twitter_site":"@justiceinfonet","twitter_misc":{"\u00c9crit par":"AFP","Dur\u00e9e de lecture estim\u00e9e":"2 minutes"},"schema":{"@context":"https:\/\/schema.org","@graph":[{"@type":"NewsArticle","@id":"https:\/\/www.justiceinfo.net\/fr\/34167-un-responsable-palestinien-critique-le-silence-des-usa-sur-la-colonisation.html#article","isPartOf":{"@id":"https:\/\/www.justiceinfo.net\/fr\/34167-un-responsable-palestinien-critique-le-silence-des-usa-sur-la-colonisation.html"},"author":{"name":"afp","@id":"https:\/\/www.justiceinfo.net\/fr#\/schema\/person\/713d340ef5f218fc36ce9b4244364a7f"},"headline":"Un responsable palestinien critique le \"silence\" des USA sur la colonisation","datePublished":"2017-08-01T14:11:58+00:00","mainEntityOfPage":{"@id":"https:\/\/www.justiceinfo.net\/fr\/34167-un-responsable-palestinien-critique-le-silence-des-usa-sur-la-colonisation.html"},"wordCount":452,"commentCount":0,"publisher":{"@id":"https:\/\/www.justiceinfo.net\/fr#organization"},"articleSection":["Fil d'info AFP"],"inLanguage":"fr-FR","potentialAction":[{"@type":"CommentAction","name":"Comment","target":["https:\/\/www.justiceinfo.net\/fr\/34167-un-responsable-palestinien-critique-le-silence-des-usa-sur-la-colonisation.html#respond"]}]},{"@type":"WebPage","@id":"https:\/\/www.justiceinfo.net\/fr\/34167-un-responsable-palestinien-critique-le-silence-des-usa-sur-la-colonisation.html","url":"https:\/\/www.justiceinfo.net\/fr\/34167-un-responsable-palestinien-critique-le-silence-des-usa-sur-la-colonisation.html","name":"Un responsable palestinien critique le \"silence\" des USA sur la colonisation - JusticeInfo.net","isPartOf":{"@id":"https:\/\/www.justiceinfo.net\/fr#website"},"datePublished":"2017-08-01T14:11:58+00:00","breadcrumb":{"@id":"https:\/\/www.justiceinfo.net\/fr\/34167-un-responsable-palestinien-critique-le-silence-des-usa-sur-la-colonisation.html#breadcrumb"},"inLanguage":"fr-FR","potentialAction":[{"@type":"ReadAction","target":["https:\/\/www.justiceinfo.net\/fr\/34167-un-responsable-palestinien-critique-le-silence-des-usa-sur-la-colonisation.html"]}]},{"@type":"BreadcrumbList","@id":"https:\/\/www.justiceinfo.net\/fr\/34167-un-responsable-palestinien-critique-le-silence-des-usa-sur-la-colonisation.html#breadcrumb","itemListElement":[{"@type":"ListItem","position":1,"name":"Home","item":"https:\/\/www.justiceinfo.net\/fr"},{"@type":"ListItem","position":2,"name":"Un responsable palestinien critique le \"silence\" des USA sur la colonisation"}]},{"@type":"WebSite","@id":"https:\/\/www.justiceinfo.net\/fr#website","url":"https:\/\/www.justiceinfo.net\/fr","name":"JusticeInfo.net","description":"La justice doit \u00eatre vue pour \u00eatre rendue","publisher":{"@id":"https:\/\/www.justiceinfo.net\/fr#organization"},"potentialAction":[{"@type":"SearchAction","target":{"@type":"EntryPoint","urlTemplate":"https:\/\/www.justiceinfo.net\/fr?s={search_term_string}"},"query-input":{"@type":"PropertyValueSpecification","valueRequired":true,"valueName":"search_term_string"}}],"inLanguage":"fr-FR"},{"@type":"Organization","@id":"https:\/\/www.justiceinfo.net\/fr#organization","name":"Justice Info","url":"https:\/\/www.justiceinfo.net\/fr","logo":{"@type":"ImageObject","inLanguage":"fr-FR","@id":"https:\/\/www.justiceinfo.net\/fr#\/schema\/logo\/image\/","url":"https:\/\/www.justiceinfo.net\/wp-content\/uploads\/justiceinfo_logo-trans_1200x1200px.png","contentUrl":"https:\/\/www.justiceinfo.net\/wp-content\/uploads\/justiceinfo_logo-trans_1200x1200px.png","width":1199,"height":1200,"caption":"Justice Info"},"image":{"@id":"https:\/\/www.justiceinfo.net\/fr#\/schema\/logo\/image\/"},"sameAs":["https:\/\/www.facebook.com\/JusticeInfo\/","https:\/\/x.com\/justiceinfonet","https:\/\/www.linkedin.com\/company\/justice-info","https:\/\/www.youtube.com\/channel\/UCyCEsARodyuWtkWyhn-e7pA"]},{"@type":"Person","name":"AFP","url":"\/fr\/?s=AFP"}]}},"_links":{"self":[{"href":"https:\/\/www.justiceinfo.net\/fr\/wp-json\/wp\/v2\/posts\/34167","targetHints":{"allow":["GET"]}}],"collection":[{"href":"https:\/\/www.justiceinfo.net\/fr\/wp-json\/wp\/v2\/posts"}],"about":[{"href":"https:\/\/www.justiceinfo.net\/fr\/wp-json\/wp\/v2\/types\/post"}],"author":[{"embeddable":true,"href":"https:\/\/www.justiceinfo.net\/fr\/wp-json\/wp\/v2\/users\/60"}],"replies":[{"embeddable":true,"href":"https:\/\/www.justiceinfo.net\/fr\/wp-json\/wp\/v2\/comments?post=34167"}],"version-history":[{"count":0,"href":"https:\/\/www.justiceinfo.net\/fr\/wp-json\/wp\/v2\/posts\/34167\/revisions"}],"wp:attachment":[{"href":"https:\/\/www.justiceinfo.net\/fr\/wp-json\/wp\/v2\/media?parent=34167"}],"wp:term":[{"taxonomy":"category","embeddable":true,"href":"https:\/\/www.justiceinfo.net\/fr\/wp-json\/wp\/v2\/categories?post=34167"},{"taxonomy":"post_tag","embeddable":true,"href":"https:\/\/www.justiceinfo.net\/fr\/wp-json\/wp\/v2\/tags?post=34167"},{"taxonomy":"ji_location","embeddable":true,"href":"https:\/\/www.justiceinfo.net\/fr\/wp-json\/wp\/v2\/ji_location?post=34167"}],"curies":[{"name":"wp","href":"https:\/\/api.w.org\/{rel}","templated":true}]}}