{"id":34186,"date":"2017-08-02T14:34:49","date_gmt":"2017-08-02T12:34:49","guid":{"rendered":"https:\/\/www.justiceinfo.net\/34186-elections-au-liberia-la-presidente-sirleaf-fera-campagne-pour-les-femmes-candidates.html"},"modified":"2017-08-02T14:34:49","modified_gmt":"2017-08-02T12:34:49","slug":"elections-au-liberia-la-presidente-sirleaf-fera-campagne-pour-les-femmes-candidates","status":"publish","type":"post","link":"https:\/\/www.justiceinfo.net\/fr\/34186-elections-au-liberia-la-presidente-sirleaf-fera-campagne-pour-les-femmes-candidates.html","title":{"rendered":"\u00c9lections au Liberia: la pr\u00e9sidente Sirleaf fera campagne pour les femmes candidates"},"content":{"rendered":"<div class=\"txt-textContent\">\n<div class=\"text fontsize_0 jq_Content jq_langdir\">\n<p>La pr\u00e9sidente sortante du Liberia, Ellen Johnson Sirleaf, premi\u00e8re femme \u00e9lue chef de l'Etat en Afrique, a annonc\u00e9 qu'elle ferait activement campagne pour les femmes en course pour les scrutins pr\u00e9sidentiel et l\u00e9gislatif du 10 octobre, selon un communiqu\u00e9.<\/p>\n<p>Mme Sirleaf, 78 ans, \u00e9lue en 2005, puis r\u00e9\u00e9lue en 2011 apr\u00e8s avoir obtenu le Prix Nobel de la Paix, atteinte par la limite de deux mandats, a fait cette d\u00e9claration mardi, lors d'une r\u00e9union sur la repr\u00e9sentation des femmes aux fonctions \u00e9lectives, selon un communiqu\u00e9 de la pr\u00e9sidence.<\/p>\n<p>Une seule femme, l'ex-mannequin MacDella Cooper, figure parmi les 20 candidats qui briguent officiellement sa succession depuis lundi, bien que six autres figurent sur des \"tickets\" comme aspirantes \u00e0 la vice-pr\u00e9sidence. Parmi les candidats \u00e0 l'Assembl\u00e9e nationale, seules 15,9% sont des femmes, selon la Commission \u00e9lectorale nationale.<\/p>\n<p>\"Je ferai partout campagne \u00e0 ma modeste \u00e9chelle pour les femmes\" candidates \u00e0 ces deux scrutins simultan\u00e9s, a dit Mme Sirleaf, expliquant vouloir payer sa dette aux femmes qui ont massivement vot\u00e9 pour elle en 2005 et en 2011.<\/p>\n<p>Elle a annonc\u00e9 son soutien \u00e0 son vice-pr\u00e9sident, Joseph Boakai, candidat \u00e0 la magistrature supr\u00eame investi par le parti pr\u00e9sidentiel, mais n'a pas pr\u00e9cis\u00e9 si elle participerait \u00e0 sa campagne.<\/p>\n<p>Un des principaux rivaux de M. Boakai devrait \u00eatre la l\u00e9gende du football et s\u00e9nateur George Weah, battu par Mme Sirleaf en 2005, puis de nouveau en 2011 comme candidat \u00e0 la vice-pr\u00e9sidence, qui se pr\u00e9sente sur un ticket avec la s\u00e9natrice Jewel Taylor,\u00a0ex-\u00e9pouse de l'ancien pr\u00e9sident (1997-2003) Charles Taylor.<\/p>\n<p>En d\u00e9cembre, la pr\u00e9sidente sortante avait d\u00e9j\u00e0 exhort\u00e9 ses concitoyennes \u00e0 se pr\u00e9senter aux prochaines \u00e9lections, en particulier aux l\u00e9gislatives, jugeant peu probable que l'une d'entre elles lui succ\u00e8de \u00e0 la t\u00eate de l'Etat.<\/p>\n<p>\"Nous n'allons probablement pas obtenir une femme \u00e0 la pr\u00e9sidence cette fois-ci, mais nous devons noyauter le Parlement\", avait\u00a0lanc\u00e9 Mme Sirleaf.<\/p>\n<\/div>\n<\/div>\n","protected":false},"excerpt":{"rendered":"<p>La pr\u00e9sidente sortante du Liberia, Ellen Johnson Sirleaf, premi\u00e8re femme \u00e9lue chef de l'Etat en Afrique, a annonc\u00e9 qu'elle ferait activement campagne pour les femmes en course pour les scrutins pr\u00e9sidentiel et l\u00e9gislatif du 10 octobre, selon un communiqu\u00e9. Mme Sirleaf, 78 ans, \u00e9lue en 2005, puis r\u00e9\u00e9lue en 2011 apr\u00e8s avoir obtenu le Prix [&hellip;]<\/p>\n","protected":false},"author":60,"featured_media":0,"comment_status":"open","ping_status":"closed","sticky":false,"template":"","format":"standard","meta":{"_acf_changed":false,"footnotes":""},"categories":[2576],"tags":[],"ji_location":[2316],"class_list":["post-34186","post","type-post","status-publish","format-standard","hentry","category-fil-d-actualite","ji_location-liberia"],"acf":[],"yoast_head":"<!-- This site is optimized with the Yoast SEO Premium plugin v25.3.1 (Yoast SEO v25.3.1) - https:\/\/yoast.com\/wordpress\/plugins\/seo\/ -->\n<title>\u00c9lections au Liberia: la pr\u00e9sidente Sirleaf fera campagne pour les femmes candidates - JusticeInfo.net<\/title>\n<meta name=\"robots\" content=\"index, follow, max-snippet:-1, max-image-preview:large, max-video-preview:-1\" \/>\n<link rel=\"canonical\" href=\"https:\/\/www.justiceinfo.net\/fr\/34186-elections-au-liberia-la-presidente-sirleaf-fera-campagne-pour-les-femmes-candidates.html\" \/>\n<meta property=\"og:locale\" content=\"fr_FR\" \/>\n<meta property=\"og:type\" content=\"article\" \/>\n<meta property=\"og:title\" content=\"\u00c9lections au Liberia: la pr\u00e9sidente Sirleaf fera campagne pour les femmes candidates\" \/>\n<meta property=\"og:description\" content=\"La pr\u00e9sidente sortante du Liberia, Ellen Johnson Sirleaf, premi\u00e8re femme \u00e9lue chef de l&#039;Etat en Afrique, a annonc\u00e9 qu&#039;elle ferait activement campagne pour les femmes en course pour les scrutins pr\u00e9sidentiel et l\u00e9gislatif du 10 octobre, selon un communiqu\u00e9. Mme Sirleaf, 78 ans, \u00e9lue en 2005, puis r\u00e9\u00e9lue en 2011 apr\u00e8s avoir obtenu le Prix [&hellip;]\" \/>\n<meta property=\"og:url\" content=\"https:\/\/www.justiceinfo.net\/fr\/34186-elections-au-liberia-la-presidente-sirleaf-fera-campagne-pour-les-femmes-candidates.html\" \/>\n<meta property=\"og:site_name\" content=\"JusticeInfo.net\" \/>\n<meta property=\"article:publisher\" content=\"https:\/\/www.facebook.com\/JusticeInfo\/\" \/>\n<meta property=\"article:published_time\" content=\"2017-08-02T12:34:49+00:00\" \/>\n<meta property=\"og:image\" content=\"https:\/\/www.justiceinfo.net\/wp-content\/uploads\/JusticeInfoNet_logo_1200x630px.jpg\" \/>\n\t<meta property=\"og:image:width\" content=\"1200\" \/>\n\t<meta property=\"og:image:height\" content=\"630\" \/>\n\t<meta property=\"og:image:type\" content=\"image\/jpeg\" \/>\n<meta name=\"author\" content=\"AFP\" \/>\n<meta name=\"twitter:card\" content=\"summary_large_image\" \/>\n<meta name=\"twitter:creator\" content=\"@justiceinfonet\" \/>\n<meta name=\"twitter:site\" content=\"@justiceinfonet\" \/>\n<meta name=\"twitter:label1\" content=\"\u00c9crit par\" \/>\n\t<meta name=\"twitter:data1\" content=\"AFP\" \/>\n\t<meta name=\"twitter:label2\" content=\"Dur\u00e9e de lecture estim\u00e9e\" \/>\n\t<meta name=\"twitter:data2\" content=\"2 minutes\" \/>\n<script type=\"application\/ld+json\" class=\"yoast-schema-graph\">{\"@context\":\"https:\/\/schema.org\",\"@graph\":[{\"@type\":\"NewsArticle\",\"@id\":\"https:\/\/www.justiceinfo.net\/fr\/34186-elections-au-liberia-la-presidente-sirleaf-fera-campagne-pour-les-femmes-candidates.html#article\",\"isPartOf\":{\"@id\":\"https:\/\/www.justiceinfo.net\/fr\/34186-elections-au-liberia-la-presidente-sirleaf-fera-campagne-pour-les-femmes-candidates.html\"},\"author\":{\"name\":\"afp\",\"@id\":\"https:\/\/www.justiceinfo.net\/fr#\/schema\/person\/713d340ef5f218fc36ce9b4244364a7f\"},\"headline\":\"\u00c9lections au Liberia: la pr\u00e9sidente Sirleaf fera campagne pour les femmes candidates\",\"datePublished\":\"2017-08-02T12:34:49+00:00\",\"mainEntityOfPage\":{\"@id\":\"https:\/\/www.justiceinfo.net\/fr\/34186-elections-au-liberia-la-presidente-sirleaf-fera-campagne-pour-les-femmes-candidates.html\"},\"wordCount\":346,\"commentCount\":0,\"publisher\":{\"@id\":\"https:\/\/www.justiceinfo.net\/fr#organization\"},\"articleSection\":[\"Fil d'info AFP\"],\"inLanguage\":\"fr-FR\",\"potentialAction\":[{\"@type\":\"CommentAction\",\"name\":\"Comment\",\"target\":[\"https:\/\/www.justiceinfo.net\/fr\/34186-elections-au-liberia-la-presidente-sirleaf-fera-campagne-pour-les-femmes-candidates.html#respond\"]}]},{\"@type\":\"WebPage\",\"@id\":\"https:\/\/www.justiceinfo.net\/fr\/34186-elections-au-liberia-la-presidente-sirleaf-fera-campagne-pour-les-femmes-candidates.html\",\"url\":\"https:\/\/www.justiceinfo.net\/fr\/34186-elections-au-liberia-la-presidente-sirleaf-fera-campagne-pour-les-femmes-candidates.html\",\"name\":\"\u00c9lections au Liberia: la pr\u00e9sidente Sirleaf fera campagne pour les femmes candidates - JusticeInfo.net\",\"isPartOf\":{\"@id\":\"https:\/\/www.justiceinfo.net\/fr#website\"},\"datePublished\":\"2017-08-02T12:34:49+00:00\",\"breadcrumb\":{\"@id\":\"https:\/\/www.justiceinfo.net\/fr\/34186-elections-au-liberia-la-presidente-sirleaf-fera-campagne-pour-les-femmes-candidates.html#breadcrumb\"},\"inLanguage\":\"fr-FR\",\"potentialAction\":[{\"@type\":\"ReadAction\",\"target\":[\"https:\/\/www.justiceinfo.net\/fr\/34186-elections-au-liberia-la-presidente-sirleaf-fera-campagne-pour-les-femmes-candidates.html\"]}]},{\"@type\":\"BreadcrumbList\",\"@id\":\"https:\/\/www.justiceinfo.net\/fr\/34186-elections-au-liberia-la-presidente-sirleaf-fera-campagne-pour-les-femmes-candidates.html#breadcrumb\",\"itemListElement\":[{\"@type\":\"ListItem\",\"position\":1,\"name\":\"Home\",\"item\":\"https:\/\/www.justiceinfo.net\/fr\"},{\"@type\":\"ListItem\",\"position\":2,\"name\":\"\u00c9lections au Liberia: la pr\u00e9sidente Sirleaf fera campagne pour les femmes candidates\"}]},{\"@type\":\"WebSite\",\"@id\":\"https:\/\/www.justiceinfo.net\/fr#website\",\"url\":\"https:\/\/www.justiceinfo.net\/fr\",\"name\":\"JusticeInfo.net\",\"description\":\"La justice doit \u00eatre vue pour \u00eatre rendue\",\"publisher\":{\"@id\":\"https:\/\/www.justiceinfo.net\/fr#organization\"},\"potentialAction\":[{\"@type\":\"SearchAction\",\"target\":{\"@type\":\"EntryPoint\",\"urlTemplate\":\"https:\/\/www.justiceinfo.net\/fr?s={search_term_string}\"},\"query-input\":{\"@type\":\"PropertyValueSpecification\",\"valueRequired\":true,\"valueName\":\"search_term_string\"}}],\"inLanguage\":\"fr-FR\"},{\"@type\":\"Organization\",\"@id\":\"https:\/\/www.justiceinfo.net\/fr#organization\",\"name\":\"Justice Info\",\"url\":\"https:\/\/www.justiceinfo.net\/fr\",\"logo\":{\"@type\":\"ImageObject\",\"inLanguage\":\"fr-FR\",\"@id\":\"https:\/\/www.justiceinfo.net\/fr#\/schema\/logo\/image\/\",\"url\":\"https:\/\/www.justiceinfo.net\/wp-content\/uploads\/justiceinfo_logo-trans_1200x1200px.png\",\"contentUrl\":\"https:\/\/www.justiceinfo.net\/wp-content\/uploads\/justiceinfo_logo-trans_1200x1200px.png\",\"width\":1199,\"height\":1200,\"caption\":\"Justice Info\"},\"image\":{\"@id\":\"https:\/\/www.justiceinfo.net\/fr#\/schema\/logo\/image\/\"},\"sameAs\":[\"https:\/\/www.facebook.com\/JusticeInfo\/\",\"https:\/\/x.com\/justiceinfonet\",\"https:\/\/www.linkedin.com\/company\/justice-info\",\"https:\/\/www.youtube.com\/channel\/UCyCEsARodyuWtkWyhn-e7pA\"]},{\"@type\":\"Person\",\"name\":\"AFP\",\"url\":\"\/fr\/?s=AFP\"}]}<\/script>\n<!-- \/ Yoast SEO Premium plugin. -->","yoast_head_json":{"title":"\u00c9lections au Liberia: la pr\u00e9sidente Sirleaf fera campagne pour les femmes candidates - JusticeInfo.net","robots":{"index":"index","follow":"follow","max-snippet":"max-snippet:-1","max-image-preview":"max-image-preview:large","max-video-preview":"max-video-preview:-1"},"canonical":"https:\/\/www.justiceinfo.net\/fr\/34186-elections-au-liberia-la-presidente-sirleaf-fera-campagne-pour-les-femmes-candidates.html","og_locale":"fr_FR","og_type":"article","og_title":"\u00c9lections au Liberia: la pr\u00e9sidente Sirleaf fera campagne pour les femmes candidates","og_description":"La pr\u00e9sidente sortante du Liberia, Ellen Johnson Sirleaf, premi\u00e8re femme \u00e9lue chef de l'Etat en Afrique, a annonc\u00e9 qu'elle ferait activement campagne pour les femmes en course pour les scrutins pr\u00e9sidentiel et l\u00e9gislatif du 10 octobre, selon un communiqu\u00e9. Mme Sirleaf, 78 ans, \u00e9lue en 2005, puis r\u00e9\u00e9lue en 2011 apr\u00e8s avoir obtenu le Prix [&hellip;]","og_url":"https:\/\/www.justiceinfo.net\/fr\/34186-elections-au-liberia-la-presidente-sirleaf-fera-campagne-pour-les-femmes-candidates.html","og_site_name":"JusticeInfo.net","article_publisher":"https:\/\/www.facebook.com\/JusticeInfo\/","article_published_time":"2017-08-02T12:34:49+00:00","og_image":[{"width":1200,"height":630,"url":"https:\/\/www.justiceinfo.net\/wp-content\/uploads\/JusticeInfoNet_logo_1200x630px.jpg","type":"image\/jpeg"}],"author":"AFP","twitter_card":"summary_large_image","twitter_creator":"@justiceinfonet","twitter_site":"@justiceinfonet","twitter_misc":{"\u00c9crit par":"AFP","Dur\u00e9e de lecture estim\u00e9e":"2 minutes"},"schema":{"@context":"https:\/\/schema.org","@graph":[{"@type":"NewsArticle","@id":"https:\/\/www.justiceinfo.net\/fr\/34186-elections-au-liberia-la-presidente-sirleaf-fera-campagne-pour-les-femmes-candidates.html#article","isPartOf":{"@id":"https:\/\/www.justiceinfo.net\/fr\/34186-elections-au-liberia-la-presidente-sirleaf-fera-campagne-pour-les-femmes-candidates.html"},"author":{"name":"afp","@id":"https:\/\/www.justiceinfo.net\/fr#\/schema\/person\/713d340ef5f218fc36ce9b4244364a7f"},"headline":"\u00c9lections au Liberia: la pr\u00e9sidente Sirleaf fera campagne pour les femmes candidates","datePublished":"2017-08-02T12:34:49+00:00","mainEntityOfPage":{"@id":"https:\/\/www.justiceinfo.net\/fr\/34186-elections-au-liberia-la-presidente-sirleaf-fera-campagne-pour-les-femmes-candidates.html"},"wordCount":346,"commentCount":0,"publisher":{"@id":"https:\/\/www.justiceinfo.net\/fr#organization"},"articleSection":["Fil d'info AFP"],"inLanguage":"fr-FR","potentialAction":[{"@type":"CommentAction","name":"Comment","target":["https:\/\/www.justiceinfo.net\/fr\/34186-elections-au-liberia-la-presidente-sirleaf-fera-campagne-pour-les-femmes-candidates.html#respond"]}]},{"@type":"WebPage","@id":"https:\/\/www.justiceinfo.net\/fr\/34186-elections-au-liberia-la-presidente-sirleaf-fera-campagne-pour-les-femmes-candidates.html","url":"https:\/\/www.justiceinfo.net\/fr\/34186-elections-au-liberia-la-presidente-sirleaf-fera-campagne-pour-les-femmes-candidates.html","name":"\u00c9lections au Liberia: la pr\u00e9sidente Sirleaf fera campagne pour les femmes candidates - JusticeInfo.net","isPartOf":{"@id":"https:\/\/www.justiceinfo.net\/fr#website"},"datePublished":"2017-08-02T12:34:49+00:00","breadcrumb":{"@id":"https:\/\/www.justiceinfo.net\/fr\/34186-elections-au-liberia-la-presidente-sirleaf-fera-campagne-pour-les-femmes-candidates.html#breadcrumb"},"inLanguage":"fr-FR","potentialAction":[{"@type":"ReadAction","target":["https:\/\/www.justiceinfo.net\/fr\/34186-elections-au-liberia-la-presidente-sirleaf-fera-campagne-pour-les-femmes-candidates.html"]}]},{"@type":"BreadcrumbList","@id":"https:\/\/www.justiceinfo.net\/fr\/34186-elections-au-liberia-la-presidente-sirleaf-fera-campagne-pour-les-femmes-candidates.html#breadcrumb","itemListElement":[{"@type":"ListItem","position":1,"name":"Home","item":"https:\/\/www.justiceinfo.net\/fr"},{"@type":"ListItem","position":2,"name":"\u00c9lections au Liberia: la pr\u00e9sidente Sirleaf fera campagne pour les femmes candidates"}]},{"@type":"WebSite","@id":"https:\/\/www.justiceinfo.net\/fr#website","url":"https:\/\/www.justiceinfo.net\/fr","name":"JusticeInfo.net","description":"La justice doit \u00eatre vue pour \u00eatre rendue","publisher":{"@id":"https:\/\/www.justiceinfo.net\/fr#organization"},"potentialAction":[{"@type":"SearchAction","target":{"@type":"EntryPoint","urlTemplate":"https:\/\/www.justiceinfo.net\/fr?s={search_term_string}"},"query-input":{"@type":"PropertyValueSpecification","valueRequired":true,"valueName":"search_term_string"}}],"inLanguage":"fr-FR"},{"@type":"Organization","@id":"https:\/\/www.justiceinfo.net\/fr#organization","name":"Justice Info","url":"https:\/\/www.justiceinfo.net\/fr","logo":{"@type":"ImageObject","inLanguage":"fr-FR","@id":"https:\/\/www.justiceinfo.net\/fr#\/schema\/logo\/image\/","url":"https:\/\/www.justiceinfo.net\/wp-content\/uploads\/justiceinfo_logo-trans_1200x1200px.png","contentUrl":"https:\/\/www.justiceinfo.net\/wp-content\/uploads\/justiceinfo_logo-trans_1200x1200px.png","width":1199,"height":1200,"caption":"Justice Info"},"image":{"@id":"https:\/\/www.justiceinfo.net\/fr#\/schema\/logo\/image\/"},"sameAs":["https:\/\/www.facebook.com\/JusticeInfo\/","https:\/\/x.com\/justiceinfonet","https:\/\/www.linkedin.com\/company\/justice-info","https:\/\/www.youtube.com\/channel\/UCyCEsARodyuWtkWyhn-e7pA"]},{"@type":"Person","name":"AFP","url":"\/fr\/?s=AFP"}]}},"_links":{"self":[{"href":"https:\/\/www.justiceinfo.net\/fr\/wp-json\/wp\/v2\/posts\/34186","targetHints":{"allow":["GET"]}}],"collection":[{"href":"https:\/\/www.justiceinfo.net\/fr\/wp-json\/wp\/v2\/posts"}],"about":[{"href":"https:\/\/www.justiceinfo.net\/fr\/wp-json\/wp\/v2\/types\/post"}],"author":[{"embeddable":true,"href":"https:\/\/www.justiceinfo.net\/fr\/wp-json\/wp\/v2\/users\/60"}],"replies":[{"embeddable":true,"href":"https:\/\/www.justiceinfo.net\/fr\/wp-json\/wp\/v2\/comments?post=34186"}],"version-history":[{"count":0,"href":"https:\/\/www.justiceinfo.net\/fr\/wp-json\/wp\/v2\/posts\/34186\/revisions"}],"wp:attachment":[{"href":"https:\/\/www.justiceinfo.net\/fr\/wp-json\/wp\/v2\/media?parent=34186"}],"wp:term":[{"taxonomy":"category","embeddable":true,"href":"https:\/\/www.justiceinfo.net\/fr\/wp-json\/wp\/v2\/categories?post=34186"},{"taxonomy":"post_tag","embeddable":true,"href":"https:\/\/www.justiceinfo.net\/fr\/wp-json\/wp\/v2\/tags?post=34186"},{"taxonomy":"ji_location","embeddable":true,"href":"https:\/\/www.justiceinfo.net\/fr\/wp-json\/wp\/v2\/ji_location?post=34186"}],"curies":[{"name":"wp","href":"https:\/\/api.w.org\/{rel}","templated":true}]}}