{"id":34316,"date":"2017-08-11T15:25:03","date_gmt":"2017-08-11T13:25:03","guid":{"rendered":"https:\/\/www.justiceinfo.net\/34316-gb-maintien-en-detention-d-une-ex-epouse-de-charles-taylor-inculpee-pour-torture.html"},"modified":"2017-08-11T15:25:03","modified_gmt":"2017-08-11T13:25:03","slug":"gb-maintien-en-detention-d-une-ex-epouse-de-charles-taylor-inculpee-pour-torture","status":"publish","type":"post","link":"https:\/\/www.justiceinfo.net\/fr\/34316-gb-maintien-en-detention-d-une-ex-epouse-de-charles-taylor-inculpee-pour-torture.html","title":{"rendered":"GB: Maintien en d\u00e9tention d'une ex-\u00e9pouse de Charles Taylor, inculp\u00e9e pour torture"},"content":{"rendered":"<p>\n             Un tribunal londonien a rejet\u00e9 vendredi la demande de remise en libert\u00e9 provisoire d'Agnes Reeves Taylor, ex-\u00e9pouse de l'ancien pr\u00e9sident lib\u00e9rien Charles Taylor, avant l'ouverture de son proc\u00e8s pour des faits pr\u00e9sum\u00e9s de torture commis pendant la guerre civile au Liberia.\n<\/p>\n<p>\n            Les faits qui lui sont reproch\u00e9s remontent \u00e0 une p\u00e9riode allant de d\u00e9cembre 1989, date \u00e0 laquelle Charles Taylor, chef du Front national patriotique du Liberia (NPFL), avait d\u00e9clench\u00e9 au Liberia une des plus atroces guerres civiles du continent africain, \u00e0 1991.\n<\/p>\n<p>\n            Agnes Reeves Taylor est notamment soup\u00e7onn\u00e9e d'avoir, entre le 23 d\u00e9cembre 1989 et le 1er janvier 1991, \"intentionnellement inflig\u00e9 de graves douleurs ou souffrances \u00e0 une personne dans l'exercice ou le pr\u00e9tendu exercice de ses fonctions officielles\" \u00e0 Gbarnga, ancien fief rebelle des forces de Charles Taylor dans le centre du pays, et \u00e0 Gborplay (nord-est), selon les chefs d'accusation.\n<\/p>\n<p>\n            Elle est \u00e9galement soup\u00e7onn\u00e9e de s'\u00eatre mise d'accord avec des tierces personnes sur le recours \u00e0 la torture.\n<\/p>\n<p>\n            Charles et Agnes Reeves Taylor avaient divorc\u00e9 en 1996. Le chef rebelle \u00e9tait ensuite devenu pr\u00e9sident du Liberia, entre 1997 et 2003. Il a \u00e9t\u00e9 condamn\u00e9 par le Tribunal sp\u00e9cial pour la Sierra Leone (TSSL) en 2012 \u00e0 50 ans de prison pour crimes contre l'humanit\u00e9 et crimes de guerre commis dans ce pays voisin du Liberia.\n<\/p>\n<p>\n            Agnes Reeves Taylor, qui habite Dagenham, dans l'est de Londres, est actuellement en d\u00e9tention provisoire \u00e0 la prison de Bronzefield, dans le sud-est de l'Angleterre. Elle est apparue, via vid\u00e9o-conf\u00e9rence, \u00e0 la cour criminelle de l'Old Bailey, et n'a pris la parole que pour confirmer son identit\u00e9.\n<\/p>\n<p>\n            Le proc\u00e8s devrait s'ouvrir en octobre, \u00e0 une date non encore pr\u00e9cis\u00e9e.<\/p>\n","protected":false},"excerpt":{"rendered":"<p>Un tribunal londonien a rejet\u00e9 vendredi la demande de remise en libert\u00e9 provisoire d'Agnes Reeves Taylor, ex-\u00e9pouse de l'ancien pr\u00e9sident lib\u00e9rien Charles Taylor, avant l'ouverture de son proc\u00e8s pour des faits pr\u00e9sum\u00e9s de torture commis pendant la guerre civile au Liberia. Les faits qui lui sont reproch\u00e9s remontent \u00e0 une p\u00e9riode allant de d\u00e9cembre 1989, [&hellip;]<\/p>\n","protected":false},"author":60,"featured_media":0,"comment_status":"open","ping_status":"closed","sticky":false,"template":"","format":"standard","meta":{"_acf_changed":false,"footnotes":""},"categories":[2576],"tags":[],"ji_location":[],"class_list":["post-34316","post","type-post","status-publish","format-standard","hentry","category-fil-d-actualite"],"acf":[],"yoast_head":"<!-- This site is optimized with the Yoast SEO Premium plugin v25.3.1 (Yoast SEO v25.3.1) - https:\/\/yoast.com\/wordpress\/plugins\/seo\/ -->\n<title>GB: Maintien en d\u00e9tention d&#039;une ex-\u00e9pouse de Charles Taylor, inculp\u00e9e pour torture - JusticeInfo.net<\/title>\n<meta name=\"robots\" content=\"index, follow, max-snippet:-1, max-image-preview:large, max-video-preview:-1\" \/>\n<link rel=\"canonical\" href=\"https:\/\/www.justiceinfo.net\/fr\/34316-gb-maintien-en-detention-d-une-ex-epouse-de-charles-taylor-inculpee-pour-torture.html\" \/>\n<meta property=\"og:locale\" content=\"fr_FR\" \/>\n<meta property=\"og:type\" content=\"article\" \/>\n<meta property=\"og:title\" content=\"GB: Maintien en d\u00e9tention d&#039;une ex-\u00e9pouse de Charles Taylor, inculp\u00e9e pour torture\" \/>\n<meta property=\"og:description\" content=\"Un tribunal londonien a rejet\u00e9 vendredi la demande de remise en libert\u00e9 provisoire d&#039;Agnes Reeves Taylor, ex-\u00e9pouse de l&#039;ancien pr\u00e9sident lib\u00e9rien Charles Taylor, avant l&#039;ouverture de son proc\u00e8s pour des faits pr\u00e9sum\u00e9s de torture commis pendant la guerre civile au Liberia. Les faits qui lui sont reproch\u00e9s remontent \u00e0 une p\u00e9riode allant de d\u00e9cembre 1989, [&hellip;]\" \/>\n<meta property=\"og:url\" content=\"https:\/\/www.justiceinfo.net\/fr\/34316-gb-maintien-en-detention-d-une-ex-epouse-de-charles-taylor-inculpee-pour-torture.html\" \/>\n<meta property=\"og:site_name\" content=\"JusticeInfo.net\" \/>\n<meta property=\"article:publisher\" content=\"https:\/\/www.facebook.com\/JusticeInfo\/\" \/>\n<meta property=\"article:published_time\" content=\"2017-08-11T13:25:03+00:00\" \/>\n<meta property=\"og:image\" content=\"https:\/\/www.justiceinfo.net\/wp-content\/uploads\/JusticeInfoNet_logo_1200x630px.jpg\" \/>\n\t<meta property=\"og:image:width\" content=\"1200\" \/>\n\t<meta property=\"og:image:height\" content=\"630\" \/>\n\t<meta property=\"og:image:type\" content=\"image\/jpeg\" \/>\n<meta name=\"author\" content=\"AFP\" \/>\n<meta name=\"twitter:card\" content=\"summary_large_image\" \/>\n<meta name=\"twitter:creator\" content=\"@justiceinfonet\" \/>\n<meta name=\"twitter:site\" content=\"@justiceinfonet\" \/>\n<meta name=\"twitter:label1\" content=\"\u00c9crit par\" \/>\n\t<meta name=\"twitter:data1\" content=\"AFP\" \/>\n\t<meta name=\"twitter:label2\" content=\"Dur\u00e9e de lecture estim\u00e9e\" \/>\n\t<meta name=\"twitter:data2\" content=\"1 minute\" \/>\n<script type=\"application\/ld+json\" class=\"yoast-schema-graph\">{\"@context\":\"https:\/\/schema.org\",\"@graph\":[{\"@type\":\"NewsArticle\",\"@id\":\"https:\/\/www.justiceinfo.net\/fr\/34316-gb-maintien-en-detention-d-une-ex-epouse-de-charles-taylor-inculpee-pour-torture.html#article\",\"isPartOf\":{\"@id\":\"https:\/\/www.justiceinfo.net\/fr\/34316-gb-maintien-en-detention-d-une-ex-epouse-de-charles-taylor-inculpee-pour-torture.html\"},\"author\":{\"name\":\"afp\",\"@id\":\"https:\/\/www.justiceinfo.net\/fr#\/schema\/person\/713d340ef5f218fc36ce9b4244364a7f\"},\"headline\":\"GB: Maintien en d\u00e9tention d'une ex-\u00e9pouse de Charles Taylor, inculp\u00e9e pour torture\",\"datePublished\":\"2017-08-11T13:25:03+00:00\",\"mainEntityOfPage\":{\"@id\":\"https:\/\/www.justiceinfo.net\/fr\/34316-gb-maintien-en-detention-d-une-ex-epouse-de-charles-taylor-inculpee-pour-torture.html\"},\"wordCount\":310,\"commentCount\":0,\"publisher\":{\"@id\":\"https:\/\/www.justiceinfo.net\/fr#organization\"},\"articleSection\":[\"Fil d'info AFP\"],\"inLanguage\":\"fr-FR\",\"potentialAction\":[{\"@type\":\"CommentAction\",\"name\":\"Comment\",\"target\":[\"https:\/\/www.justiceinfo.net\/fr\/34316-gb-maintien-en-detention-d-une-ex-epouse-de-charles-taylor-inculpee-pour-torture.html#respond\"]}]},{\"@type\":\"WebPage\",\"@id\":\"https:\/\/www.justiceinfo.net\/fr\/34316-gb-maintien-en-detention-d-une-ex-epouse-de-charles-taylor-inculpee-pour-torture.html\",\"url\":\"https:\/\/www.justiceinfo.net\/fr\/34316-gb-maintien-en-detention-d-une-ex-epouse-de-charles-taylor-inculpee-pour-torture.html\",\"name\":\"GB: Maintien en d\u00e9tention d'une ex-\u00e9pouse de Charles Taylor, inculp\u00e9e pour torture - JusticeInfo.net\",\"isPartOf\":{\"@id\":\"https:\/\/www.justiceinfo.net\/fr#website\"},\"datePublished\":\"2017-08-11T13:25:03+00:00\",\"breadcrumb\":{\"@id\":\"https:\/\/www.justiceinfo.net\/fr\/34316-gb-maintien-en-detention-d-une-ex-epouse-de-charles-taylor-inculpee-pour-torture.html#breadcrumb\"},\"inLanguage\":\"fr-FR\",\"potentialAction\":[{\"@type\":\"ReadAction\",\"target\":[\"https:\/\/www.justiceinfo.net\/fr\/34316-gb-maintien-en-detention-d-une-ex-epouse-de-charles-taylor-inculpee-pour-torture.html\"]}]},{\"@type\":\"BreadcrumbList\",\"@id\":\"https:\/\/www.justiceinfo.net\/fr\/34316-gb-maintien-en-detention-d-une-ex-epouse-de-charles-taylor-inculpee-pour-torture.html#breadcrumb\",\"itemListElement\":[{\"@type\":\"ListItem\",\"position\":1,\"name\":\"Home\",\"item\":\"https:\/\/www.justiceinfo.net\/fr\"},{\"@type\":\"ListItem\",\"position\":2,\"name\":\"GB: Maintien en d\u00e9tention d'une ex-\u00e9pouse de Charles Taylor, inculp\u00e9e pour torture\"}]},{\"@type\":\"WebSite\",\"@id\":\"https:\/\/www.justiceinfo.net\/fr#website\",\"url\":\"https:\/\/www.justiceinfo.net\/fr\",\"name\":\"JusticeInfo.net\",\"description\":\"La justice doit \u00eatre vue pour \u00eatre rendue\",\"publisher\":{\"@id\":\"https:\/\/www.justiceinfo.net\/fr#organization\"},\"potentialAction\":[{\"@type\":\"SearchAction\",\"target\":{\"@type\":\"EntryPoint\",\"urlTemplate\":\"https:\/\/www.justiceinfo.net\/fr?s={search_term_string}\"},\"query-input\":{\"@type\":\"PropertyValueSpecification\",\"valueRequired\":true,\"valueName\":\"search_term_string\"}}],\"inLanguage\":\"fr-FR\"},{\"@type\":\"Organization\",\"@id\":\"https:\/\/www.justiceinfo.net\/fr#organization\",\"name\":\"Justice Info\",\"url\":\"https:\/\/www.justiceinfo.net\/fr\",\"logo\":{\"@type\":\"ImageObject\",\"inLanguage\":\"fr-FR\",\"@id\":\"https:\/\/www.justiceinfo.net\/fr#\/schema\/logo\/image\/\",\"url\":\"https:\/\/www.justiceinfo.net\/wp-content\/uploads\/justiceinfo_logo-trans_1200x1200px.png\",\"contentUrl\":\"https:\/\/www.justiceinfo.net\/wp-content\/uploads\/justiceinfo_logo-trans_1200x1200px.png\",\"width\":1199,\"height\":1200,\"caption\":\"Justice Info\"},\"image\":{\"@id\":\"https:\/\/www.justiceinfo.net\/fr#\/schema\/logo\/image\/\"},\"sameAs\":[\"https:\/\/www.facebook.com\/JusticeInfo\/\",\"https:\/\/x.com\/justiceinfonet\",\"https:\/\/www.linkedin.com\/company\/justice-info\",\"https:\/\/www.youtube.com\/channel\/UCyCEsARodyuWtkWyhn-e7pA\"]},{\"@type\":\"Person\",\"name\":\"AFP\",\"url\":\"\/fr\/?s=AFP\"}]}<\/script>\n<!-- \/ Yoast SEO Premium plugin. -->","yoast_head_json":{"title":"GB: Maintien en d\u00e9tention d'une ex-\u00e9pouse de Charles Taylor, inculp\u00e9e pour torture - JusticeInfo.net","robots":{"index":"index","follow":"follow","max-snippet":"max-snippet:-1","max-image-preview":"max-image-preview:large","max-video-preview":"max-video-preview:-1"},"canonical":"https:\/\/www.justiceinfo.net\/fr\/34316-gb-maintien-en-detention-d-une-ex-epouse-de-charles-taylor-inculpee-pour-torture.html","og_locale":"fr_FR","og_type":"article","og_title":"GB: Maintien en d\u00e9tention d'une ex-\u00e9pouse de Charles Taylor, inculp\u00e9e pour torture","og_description":"Un tribunal londonien a rejet\u00e9 vendredi la demande de remise en libert\u00e9 provisoire d'Agnes Reeves Taylor, ex-\u00e9pouse de l'ancien pr\u00e9sident lib\u00e9rien Charles Taylor, avant l'ouverture de son proc\u00e8s pour des faits pr\u00e9sum\u00e9s de torture commis pendant la guerre civile au Liberia. Les faits qui lui sont reproch\u00e9s remontent \u00e0 une p\u00e9riode allant de d\u00e9cembre 1989, [&hellip;]","og_url":"https:\/\/www.justiceinfo.net\/fr\/34316-gb-maintien-en-detention-d-une-ex-epouse-de-charles-taylor-inculpee-pour-torture.html","og_site_name":"JusticeInfo.net","article_publisher":"https:\/\/www.facebook.com\/JusticeInfo\/","article_published_time":"2017-08-11T13:25:03+00:00","og_image":[{"width":1200,"height":630,"url":"https:\/\/www.justiceinfo.net\/wp-content\/uploads\/JusticeInfoNet_logo_1200x630px.jpg","type":"image\/jpeg"}],"author":"AFP","twitter_card":"summary_large_image","twitter_creator":"@justiceinfonet","twitter_site":"@justiceinfonet","twitter_misc":{"\u00c9crit par":"AFP","Dur\u00e9e de lecture estim\u00e9e":"1 minute"},"schema":{"@context":"https:\/\/schema.org","@graph":[{"@type":"NewsArticle","@id":"https:\/\/www.justiceinfo.net\/fr\/34316-gb-maintien-en-detention-d-une-ex-epouse-de-charles-taylor-inculpee-pour-torture.html#article","isPartOf":{"@id":"https:\/\/www.justiceinfo.net\/fr\/34316-gb-maintien-en-detention-d-une-ex-epouse-de-charles-taylor-inculpee-pour-torture.html"},"author":{"name":"afp","@id":"https:\/\/www.justiceinfo.net\/fr#\/schema\/person\/713d340ef5f218fc36ce9b4244364a7f"},"headline":"GB: Maintien en d\u00e9tention d'une ex-\u00e9pouse de Charles Taylor, inculp\u00e9e pour torture","datePublished":"2017-08-11T13:25:03+00:00","mainEntityOfPage":{"@id":"https:\/\/www.justiceinfo.net\/fr\/34316-gb-maintien-en-detention-d-une-ex-epouse-de-charles-taylor-inculpee-pour-torture.html"},"wordCount":310,"commentCount":0,"publisher":{"@id":"https:\/\/www.justiceinfo.net\/fr#organization"},"articleSection":["Fil d'info AFP"],"inLanguage":"fr-FR","potentialAction":[{"@type":"CommentAction","name":"Comment","target":["https:\/\/www.justiceinfo.net\/fr\/34316-gb-maintien-en-detention-d-une-ex-epouse-de-charles-taylor-inculpee-pour-torture.html#respond"]}]},{"@type":"WebPage","@id":"https:\/\/www.justiceinfo.net\/fr\/34316-gb-maintien-en-detention-d-une-ex-epouse-de-charles-taylor-inculpee-pour-torture.html","url":"https:\/\/www.justiceinfo.net\/fr\/34316-gb-maintien-en-detention-d-une-ex-epouse-de-charles-taylor-inculpee-pour-torture.html","name":"GB: Maintien en d\u00e9tention d'une ex-\u00e9pouse de Charles Taylor, inculp\u00e9e pour torture - JusticeInfo.net","isPartOf":{"@id":"https:\/\/www.justiceinfo.net\/fr#website"},"datePublished":"2017-08-11T13:25:03+00:00","breadcrumb":{"@id":"https:\/\/www.justiceinfo.net\/fr\/34316-gb-maintien-en-detention-d-une-ex-epouse-de-charles-taylor-inculpee-pour-torture.html#breadcrumb"},"inLanguage":"fr-FR","potentialAction":[{"@type":"ReadAction","target":["https:\/\/www.justiceinfo.net\/fr\/34316-gb-maintien-en-detention-d-une-ex-epouse-de-charles-taylor-inculpee-pour-torture.html"]}]},{"@type":"BreadcrumbList","@id":"https:\/\/www.justiceinfo.net\/fr\/34316-gb-maintien-en-detention-d-une-ex-epouse-de-charles-taylor-inculpee-pour-torture.html#breadcrumb","itemListElement":[{"@type":"ListItem","position":1,"name":"Home","item":"https:\/\/www.justiceinfo.net\/fr"},{"@type":"ListItem","position":2,"name":"GB: Maintien en d\u00e9tention d'une ex-\u00e9pouse de Charles Taylor, inculp\u00e9e pour torture"}]},{"@type":"WebSite","@id":"https:\/\/www.justiceinfo.net\/fr#website","url":"https:\/\/www.justiceinfo.net\/fr","name":"JusticeInfo.net","description":"La justice doit \u00eatre vue pour \u00eatre rendue","publisher":{"@id":"https:\/\/www.justiceinfo.net\/fr#organization"},"potentialAction":[{"@type":"SearchAction","target":{"@type":"EntryPoint","urlTemplate":"https:\/\/www.justiceinfo.net\/fr?s={search_term_string}"},"query-input":{"@type":"PropertyValueSpecification","valueRequired":true,"valueName":"search_term_string"}}],"inLanguage":"fr-FR"},{"@type":"Organization","@id":"https:\/\/www.justiceinfo.net\/fr#organization","name":"Justice Info","url":"https:\/\/www.justiceinfo.net\/fr","logo":{"@type":"ImageObject","inLanguage":"fr-FR","@id":"https:\/\/www.justiceinfo.net\/fr#\/schema\/logo\/image\/","url":"https:\/\/www.justiceinfo.net\/wp-content\/uploads\/justiceinfo_logo-trans_1200x1200px.png","contentUrl":"https:\/\/www.justiceinfo.net\/wp-content\/uploads\/justiceinfo_logo-trans_1200x1200px.png","width":1199,"height":1200,"caption":"Justice Info"},"image":{"@id":"https:\/\/www.justiceinfo.net\/fr#\/schema\/logo\/image\/"},"sameAs":["https:\/\/www.facebook.com\/JusticeInfo\/","https:\/\/x.com\/justiceinfonet","https:\/\/www.linkedin.com\/company\/justice-info","https:\/\/www.youtube.com\/channel\/UCyCEsARodyuWtkWyhn-e7pA"]},{"@type":"Person","name":"AFP","url":"\/fr\/?s=AFP"}]}},"_links":{"self":[{"href":"https:\/\/www.justiceinfo.net\/fr\/wp-json\/wp\/v2\/posts\/34316","targetHints":{"allow":["GET"]}}],"collection":[{"href":"https:\/\/www.justiceinfo.net\/fr\/wp-json\/wp\/v2\/posts"}],"about":[{"href":"https:\/\/www.justiceinfo.net\/fr\/wp-json\/wp\/v2\/types\/post"}],"author":[{"embeddable":true,"href":"https:\/\/www.justiceinfo.net\/fr\/wp-json\/wp\/v2\/users\/60"}],"replies":[{"embeddable":true,"href":"https:\/\/www.justiceinfo.net\/fr\/wp-json\/wp\/v2\/comments?post=34316"}],"version-history":[{"count":0,"href":"https:\/\/www.justiceinfo.net\/fr\/wp-json\/wp\/v2\/posts\/34316\/revisions"}],"wp:attachment":[{"href":"https:\/\/www.justiceinfo.net\/fr\/wp-json\/wp\/v2\/media?parent=34316"}],"wp:term":[{"taxonomy":"category","embeddable":true,"href":"https:\/\/www.justiceinfo.net\/fr\/wp-json\/wp\/v2\/categories?post=34316"},{"taxonomy":"post_tag","embeddable":true,"href":"https:\/\/www.justiceinfo.net\/fr\/wp-json\/wp\/v2\/tags?post=34316"},{"taxonomy":"ji_location","embeddable":true,"href":"https:\/\/www.justiceinfo.net\/fr\/wp-json\/wp\/v2\/ji_location?post=34316"}],"curies":[{"name":"wp","href":"https:\/\/api.w.org\/{rel}","templated":true}]}}