{"id":34378,"date":"2014-12-17T14:00:00","date_gmt":"2014-12-17T13:00:00","guid":{"rendered":"https:\/\/www.justiceinfo.net\/34378-mali-les-mausolees-remparts-protecteurs-de-tombouctou.html"},"modified":"2014-12-17T14:00:00","modified_gmt":"2014-12-17T13:00:00","slug":"mali-les-mausolees-remparts-protecteurs-de-tombouctou","status":"publish","type":"post","link":"https:\/\/www.justiceinfo.net\/fr\/34378-mali-les-mausolees-remparts-protecteurs-de-tombouctou.html","title":{"rendered":"Mali: les mausol\u00e9es protecteurs de Tombouctou"},"content":{"rendered":"<div class=\"content-excerpt\">\n<p>Les mausol\u00e9es de saints musulmans de Tombouctou (nord du Mali), per\u00e7us par la population comme des protecteurs contre les dangers dans cette ville mythique, ont \u00e9t\u00e9 en grande partie d\u00e9truits par des jihadistes en 2012 et reconstruits gr\u00e2ce \u00e0 l'Unesco.<\/p>\n<\/div>\n<p>Jeudi, la Cour p\u00e9nale internationale (CPI) a d\u00e9clar\u00e9 que le jihadiste malien Ahmad al Faqi al Mahdi avait provoqu\u00e9 pour 2,7 millions d'euros de d\u00e9g\u00e2ts et ordonn\u00e9 le versement de d\u00e9dommagements aux victimes. Ce Touareg avait \u00e9t\u00e9 condamn\u00e9 \u00e0 neuf ans de d\u00e9tention apr\u00e8s avoir \u00e9t\u00e9 reconnu coupable d'avoir d\u00e9moli des mausol\u00e9es, lors du premier proc\u00e8s d'un jihadiste devant la CPI.<\/p>\n<h3>- 'La cit\u00e9 des 333 saints' -<\/h3>\n<p>Les mausol\u00e9es sont des tombeaux de personnalit\u00e9s v\u00e9n\u00e9r\u00e9es, dites \"saints\" \u00e0 Tombouctou, ville inscrite par l'Unesco en 1988 sur sa liste du patrimoine mondial de l'humanit\u00e9, puis reclass\u00e9e en 2012 comme patrimoine mondial en p\u00e9ril.<\/p>\n<p>Selon l'Unesco, Tombouctou compte \"16 cimeti\u00e8res et mausol\u00e9es qui \u00e9taient des composantes essentielles du syst\u00e8me religieux dans la mesure o\u00f9, selon la croyance populaire, ils \u00e9taient le rempart qui prot\u00e9geait la ville de tous les dangers\".<\/p>\n<p>Ces mausol\u00e9es se trouvent en ville ou dans des cimeti\u00e8res en p\u00e9riph\u00e9rie de la cit\u00e9 avec des tombes portant des st\u00e8les et autres insignes fun\u00e9raires. Les plus anciens remontent au XIVe si\u00e8cle, d'apr\u00e8s les sp\u00e9cialistes.<\/p>\n<p>Fond\u00e9e \u00e0 partir du Ve si\u00e8cle par des tribus touareg, la ville est surnomm\u00e9e notamment \"la Cit\u00e9 des 333 saints\" qui, selon un mus\u00e9ologue malien, sont les \u00e9quivalents de saints patrons chez les chr\u00e9tiens. Ils sont consid\u00e9r\u00e9s comme les protecteurs de la ville, susceptibles d'\u00eatre sollicit\u00e9s pour des mariages, pour implorer la pluie ou lutter contre la disette, etc...<\/p>\n<h3>- Centre intellectuel de l'islam -<\/h3>\n<p>La ville de Tombouctou a \u00e9t\u00e9 un grand centre intellectuel de l'islam et une ancienne cit\u00e9 marchande prosp\u00e8re de caravanes. Elle a connu son apog\u00e9e \u00e9conomique et culturelle aux XVe et XVIe si\u00e8cles.<\/p>\n<p>La cit\u00e9 compte trois grandes mosqu\u00e9es historiques - Djingareyber, Sankor\u00e9 et Sidi Yahia -, la prestigieuse universit\u00e9 coranique de Sankor\u00e9 et d'autres madrassa (\u00e9coles coraniques), t\u00e9moins de son rayonnement spirituel d'antan. Bien que restaur\u00e9es, les trois mosqu\u00e9es sont aujourd'hui menac\u00e9es par l'avanc\u00e9e du sable.<\/p>\n<p>La cit\u00e9 est \u00e9galement c\u00e9l\u00e8bre pour ses dizaines de milliers de manuscrits, dont certains remontent au XIIe si\u00e8cle, et d'autres de l'\u00e8re pr\u00e9-islamique.<\/p>\n<h3>- Destruction et reconstruction -<\/h3>\n<p>Quatorze des mausol\u00e9es ont \u00e9t\u00e9 d\u00e9truits, \u00e0 coups de pioche, houe et burin, par des groupes jihadistes li\u00e9s \u00e0 Al-Qa\u00efda, dont Ansar Dine, au nom de la lutte contre \"l'idol\u00e2trie\" en 2012.<\/p>\n<p>Ces groupes ont dict\u00e9 leur loi dans le nord du Mali de mars-avril 2012 jusqu'au d\u00e9clenchement, en janvier 2013, d'une op\u00e9ration militaire internationale \u00e0 l'initiative de la France.<\/p>\n<p>De mars 2014 \u00e0 juillet 2015, des travaux de reconstruction ont \u00e9t\u00e9 r\u00e9alis\u00e9s dans le cadre d'un programme mis en oeuvre par l'Unesco et financ\u00e9 par plusieurs pays et institutions. En f\u00e9vrier 2016, la cit\u00e9 a repris possession de ses sanctuaires reconstruits \u00e0 l'identique.<\/p>\n","protected":false},"excerpt":{"rendered":"<p>Les mausol\u00e9es de saints musulmans de Tombouctou (nord du Mali), per\u00e7us par la population comme des protecteurs contre les dangers dans cette ville mythique, ont \u00e9t\u00e9 en grande partie d\u00e9truits par des jihadistes en 2012 et reconstruits gr\u00e2ce \u00e0 l'Unesco. Jeudi, la Cour p\u00e9nale internationale (CPI) a d\u00e9clar\u00e9 que le jihadiste malien Ahmad al Faqi [&hellip;]<\/p>\n","protected":false},"author":60,"featured_media":64569,"comment_status":"open","ping_status":"closed","sticky":false,"template":"","format":"standard","meta":{"_acf_changed":false,"footnotes":""},"categories":[556],"tags":[],"ji_location":[2338],"class_list":["post-34378","post","type-post","status-publish","format-standard","has-post-thumbnail","hentry","category-divers","ji_location-mali"],"acf":[],"yoast_head":"<!-- This site is optimized with the Yoast SEO Premium plugin v25.3.1 (Yoast SEO v25.3.1) - https:\/\/yoast.com\/wordpress\/plugins\/seo\/ -->\n<title>Mali: les mausol\u00e9es protecteurs de Tombouctou - JusticeInfo.net<\/title>\n<meta name=\"robots\" content=\"index, follow, max-snippet:-1, max-image-preview:large, max-video-preview:-1\" \/>\n<link rel=\"canonical\" href=\"https:\/\/www.justiceinfo.net\/fr\/34378-mali-les-mausolees-remparts-protecteurs-de-tombouctou.html\" \/>\n<meta property=\"og:locale\" content=\"fr_FR\" \/>\n<meta property=\"og:type\" content=\"article\" \/>\n<meta property=\"og:title\" content=\"Mali: les mausol\u00e9es protecteurs de Tombouctou\" \/>\n<meta property=\"og:description\" content=\"Les mausol\u00e9es de saints musulmans de Tombouctou (nord du Mali), per\u00e7us par la population comme des protecteurs contre les dangers dans cette ville mythique, ont \u00e9t\u00e9 en grande partie d\u00e9truits par des jihadistes en 2012 et reconstruits gr\u00e2ce \u00e0 l&#039;Unesco. Jeudi, la Cour p\u00e9nale internationale (CPI) a d\u00e9clar\u00e9 que le jihadiste malien Ahmad al Faqi [&hellip;]\" \/>\n<meta property=\"og:url\" content=\"https:\/\/www.justiceinfo.net\/fr\/34378-mali-les-mausolees-remparts-protecteurs-de-tombouctou.html\" \/>\n<meta property=\"og:site_name\" content=\"JusticeInfo.net\" \/>\n<meta property=\"article:publisher\" content=\"https:\/\/www.facebook.com\/JusticeInfo\/\" \/>\n<meta property=\"article:published_time\" content=\"2014-12-17T13:00:00+00:00\" \/>\n<meta property=\"og:image\" content=\"https:\/\/www.justiceinfo.net\/wp-content\/uploads\/09737d47089644e6018d345097277065-scaled.jpg\" \/>\n\t<meta property=\"og:image:width\" content=\"2560\" \/>\n\t<meta property=\"og:image:height\" content=\"1652\" \/>\n\t<meta property=\"og:image:type\" content=\"image\/jpeg\" \/>\n<meta name=\"author\" content=\"AFP\" \/>\n<meta name=\"twitter:card\" content=\"summary_large_image\" \/>\n<meta name=\"twitter:creator\" content=\"@justiceinfonet\" \/>\n<meta name=\"twitter:site\" content=\"@justiceinfonet\" \/>\n<meta name=\"twitter:label1\" content=\"\u00c9crit par\" \/>\n\t<meta name=\"twitter:data1\" content=\"AFP\" \/>\n\t<meta name=\"twitter:label2\" content=\"Dur\u00e9e de lecture estim\u00e9e\" \/>\n\t<meta name=\"twitter:data2\" content=\"3 minutes\" \/>\n<script type=\"application\/ld+json\" class=\"yoast-schema-graph\">{\"@context\":\"https:\/\/schema.org\",\"@graph\":[{\"@type\":\"NewsArticle\",\"@id\":\"https:\/\/www.justiceinfo.net\/fr\/34378-mali-les-mausolees-remparts-protecteurs-de-tombouctou.html#article\",\"isPartOf\":{\"@id\":\"https:\/\/www.justiceinfo.net\/fr\/34378-mali-les-mausolees-remparts-protecteurs-de-tombouctou.html\"},\"author\":{\"name\":\"afp\",\"@id\":\"https:\/\/www.justiceinfo.net\/fr#\/schema\/person\/713d340ef5f218fc36ce9b4244364a7f\"},\"headline\":\"Mali: les mausol\u00e9es protecteurs de Tombouctou\",\"datePublished\":\"2014-12-17T13:00:00+00:00\",\"mainEntityOfPage\":{\"@id\":\"https:\/\/www.justiceinfo.net\/fr\/34378-mali-les-mausolees-remparts-protecteurs-de-tombouctou.html\"},\"wordCount\":562,\"commentCount\":0,\"publisher\":{\"@id\":\"https:\/\/www.justiceinfo.net\/fr#organization\"},\"image\":{\"@id\":\"https:\/\/www.justiceinfo.net\/fr\/34378-mali-les-mausolees-remparts-protecteurs-de-tombouctou.html#primaryimage\"},\"thumbnailUrl\":\"https:\/\/www.justiceinfo.net\/wp-content\/uploads\/09737d47089644e6018d345097277065-scaled.jpg\",\"articleSection\":[\"Divers\"],\"inLanguage\":\"fr-FR\",\"potentialAction\":[{\"@type\":\"CommentAction\",\"name\":\"Comment\",\"target\":[\"https:\/\/www.justiceinfo.net\/fr\/34378-mali-les-mausolees-remparts-protecteurs-de-tombouctou.html#respond\"]}]},{\"@type\":\"WebPage\",\"@id\":\"https:\/\/www.justiceinfo.net\/fr\/34378-mali-les-mausolees-remparts-protecteurs-de-tombouctou.html\",\"url\":\"https:\/\/www.justiceinfo.net\/fr\/34378-mali-les-mausolees-remparts-protecteurs-de-tombouctou.html\",\"name\":\"Mali: les mausol\u00e9es protecteurs de Tombouctou - JusticeInfo.net\",\"isPartOf\":{\"@id\":\"https:\/\/www.justiceinfo.net\/fr#website\"},\"primaryImageOfPage\":{\"@id\":\"https:\/\/www.justiceinfo.net\/fr\/34378-mali-les-mausolees-remparts-protecteurs-de-tombouctou.html#primaryimage\"},\"image\":{\"@id\":\"https:\/\/www.justiceinfo.net\/fr\/34378-mali-les-mausolees-remparts-protecteurs-de-tombouctou.html#primaryimage\"},\"thumbnailUrl\":\"https:\/\/www.justiceinfo.net\/wp-content\/uploads\/09737d47089644e6018d345097277065-scaled.jpg\",\"datePublished\":\"2014-12-17T13:00:00+00:00\",\"breadcrumb\":{\"@id\":\"https:\/\/www.justiceinfo.net\/fr\/34378-mali-les-mausolees-remparts-protecteurs-de-tombouctou.html#breadcrumb\"},\"inLanguage\":\"fr-FR\",\"potentialAction\":[{\"@type\":\"ReadAction\",\"target\":[\"https:\/\/www.justiceinfo.net\/fr\/34378-mali-les-mausolees-remparts-protecteurs-de-tombouctou.html\"]}]},{\"@type\":\"ImageObject\",\"inLanguage\":\"fr-FR\",\"@id\":\"https:\/\/www.justiceinfo.net\/fr\/34378-mali-les-mausolees-remparts-protecteurs-de-tombouctou.html#primaryimage\",\"url\":\"https:\/\/www.justiceinfo.net\/wp-content\/uploads\/09737d47089644e6018d345097277065-scaled.jpg\",\"contentUrl\":\"https:\/\/www.justiceinfo.net\/wp-content\/uploads\/09737d47089644e6018d345097277065-scaled.jpg\",\"width\":2560,\"height\":1652},{\"@type\":\"BreadcrumbList\",\"@id\":\"https:\/\/www.justiceinfo.net\/fr\/34378-mali-les-mausolees-remparts-protecteurs-de-tombouctou.html#breadcrumb\",\"itemListElement\":[{\"@type\":\"ListItem\",\"position\":1,\"name\":\"Home\",\"item\":\"https:\/\/www.justiceinfo.net\/fr\"},{\"@type\":\"ListItem\",\"position\":2,\"name\":\"Mali: les mausol\u00e9es protecteurs de Tombouctou\"}]},{\"@type\":\"WebSite\",\"@id\":\"https:\/\/www.justiceinfo.net\/fr#website\",\"url\":\"https:\/\/www.justiceinfo.net\/fr\",\"name\":\"JusticeInfo.net\",\"description\":\"La justice doit \u00eatre vue pour \u00eatre rendue\",\"publisher\":{\"@id\":\"https:\/\/www.justiceinfo.net\/fr#organization\"},\"potentialAction\":[{\"@type\":\"SearchAction\",\"target\":{\"@type\":\"EntryPoint\",\"urlTemplate\":\"https:\/\/www.justiceinfo.net\/fr?s={search_term_string}\"},\"query-input\":{\"@type\":\"PropertyValueSpecification\",\"valueRequired\":true,\"valueName\":\"search_term_string\"}}],\"inLanguage\":\"fr-FR\"},{\"@type\":\"Organization\",\"@id\":\"https:\/\/www.justiceinfo.net\/fr#organization\",\"name\":\"Justice Info\",\"url\":\"https:\/\/www.justiceinfo.net\/fr\",\"logo\":{\"@type\":\"ImageObject\",\"inLanguage\":\"fr-FR\",\"@id\":\"https:\/\/www.justiceinfo.net\/fr#\/schema\/logo\/image\/\",\"url\":\"https:\/\/www.justiceinfo.net\/wp-content\/uploads\/justiceinfo_logo-trans_1200x1200px.png\",\"contentUrl\":\"https:\/\/www.justiceinfo.net\/wp-content\/uploads\/justiceinfo_logo-trans_1200x1200px.png\",\"width\":1199,\"height\":1200,\"caption\":\"Justice Info\"},\"image\":{\"@id\":\"https:\/\/www.justiceinfo.net\/fr#\/schema\/logo\/image\/\"},\"sameAs\":[\"https:\/\/www.facebook.com\/JusticeInfo\/\",\"https:\/\/x.com\/justiceinfonet\",\"https:\/\/www.linkedin.com\/company\/justice-info\",\"https:\/\/www.youtube.com\/channel\/UCyCEsARodyuWtkWyhn-e7pA\"]},{\"@type\":\"Person\",\"name\":\"AFP\",\"url\":\"\/fr\/?s=AFP\"}]}<\/script>\n<!-- \/ Yoast SEO Premium plugin. -->","yoast_head_json":{"title":"Mali: les mausol\u00e9es protecteurs de Tombouctou - JusticeInfo.net","robots":{"index":"index","follow":"follow","max-snippet":"max-snippet:-1","max-image-preview":"max-image-preview:large","max-video-preview":"max-video-preview:-1"},"canonical":"https:\/\/www.justiceinfo.net\/fr\/34378-mali-les-mausolees-remparts-protecteurs-de-tombouctou.html","og_locale":"fr_FR","og_type":"article","og_title":"Mali: les mausol\u00e9es protecteurs de Tombouctou","og_description":"Les mausol\u00e9es de saints musulmans de Tombouctou (nord du Mali), per\u00e7us par la population comme des protecteurs contre les dangers dans cette ville mythique, ont \u00e9t\u00e9 en grande partie d\u00e9truits par des jihadistes en 2012 et reconstruits gr\u00e2ce \u00e0 l'Unesco. Jeudi, la Cour p\u00e9nale internationale (CPI) a d\u00e9clar\u00e9 que le jihadiste malien Ahmad al Faqi [&hellip;]","og_url":"https:\/\/www.justiceinfo.net\/fr\/34378-mali-les-mausolees-remparts-protecteurs-de-tombouctou.html","og_site_name":"JusticeInfo.net","article_publisher":"https:\/\/www.facebook.com\/JusticeInfo\/","article_published_time":"2014-12-17T13:00:00+00:00","og_image":[{"width":2560,"height":1652,"url":"https:\/\/www.justiceinfo.net\/wp-content\/uploads\/09737d47089644e6018d345097277065-scaled.jpg","type":"image\/jpeg"}],"author":"AFP","twitter_card":"summary_large_image","twitter_creator":"@justiceinfonet","twitter_site":"@justiceinfonet","twitter_misc":{"\u00c9crit par":"AFP","Dur\u00e9e de lecture estim\u00e9e":"3 minutes"},"schema":{"@context":"https:\/\/schema.org","@graph":[{"@type":"NewsArticle","@id":"https:\/\/www.justiceinfo.net\/fr\/34378-mali-les-mausolees-remparts-protecteurs-de-tombouctou.html#article","isPartOf":{"@id":"https:\/\/www.justiceinfo.net\/fr\/34378-mali-les-mausolees-remparts-protecteurs-de-tombouctou.html"},"author":{"name":"afp","@id":"https:\/\/www.justiceinfo.net\/fr#\/schema\/person\/713d340ef5f218fc36ce9b4244364a7f"},"headline":"Mali: les mausol\u00e9es protecteurs de Tombouctou","datePublished":"2014-12-17T13:00:00+00:00","mainEntityOfPage":{"@id":"https:\/\/www.justiceinfo.net\/fr\/34378-mali-les-mausolees-remparts-protecteurs-de-tombouctou.html"},"wordCount":562,"commentCount":0,"publisher":{"@id":"https:\/\/www.justiceinfo.net\/fr#organization"},"image":{"@id":"https:\/\/www.justiceinfo.net\/fr\/34378-mali-les-mausolees-remparts-protecteurs-de-tombouctou.html#primaryimage"},"thumbnailUrl":"https:\/\/www.justiceinfo.net\/wp-content\/uploads\/09737d47089644e6018d345097277065-scaled.jpg","articleSection":["Divers"],"inLanguage":"fr-FR","potentialAction":[{"@type":"CommentAction","name":"Comment","target":["https:\/\/www.justiceinfo.net\/fr\/34378-mali-les-mausolees-remparts-protecteurs-de-tombouctou.html#respond"]}]},{"@type":"WebPage","@id":"https:\/\/www.justiceinfo.net\/fr\/34378-mali-les-mausolees-remparts-protecteurs-de-tombouctou.html","url":"https:\/\/www.justiceinfo.net\/fr\/34378-mali-les-mausolees-remparts-protecteurs-de-tombouctou.html","name":"Mali: les mausol\u00e9es protecteurs de Tombouctou - JusticeInfo.net","isPartOf":{"@id":"https:\/\/www.justiceinfo.net\/fr#website"},"primaryImageOfPage":{"@id":"https:\/\/www.justiceinfo.net\/fr\/34378-mali-les-mausolees-remparts-protecteurs-de-tombouctou.html#primaryimage"},"image":{"@id":"https:\/\/www.justiceinfo.net\/fr\/34378-mali-les-mausolees-remparts-protecteurs-de-tombouctou.html#primaryimage"},"thumbnailUrl":"https:\/\/www.justiceinfo.net\/wp-content\/uploads\/09737d47089644e6018d345097277065-scaled.jpg","datePublished":"2014-12-17T13:00:00+00:00","breadcrumb":{"@id":"https:\/\/www.justiceinfo.net\/fr\/34378-mali-les-mausolees-remparts-protecteurs-de-tombouctou.html#breadcrumb"},"inLanguage":"fr-FR","potentialAction":[{"@type":"ReadAction","target":["https:\/\/www.justiceinfo.net\/fr\/34378-mali-les-mausolees-remparts-protecteurs-de-tombouctou.html"]}]},{"@type":"ImageObject","inLanguage":"fr-FR","@id":"https:\/\/www.justiceinfo.net\/fr\/34378-mali-les-mausolees-remparts-protecteurs-de-tombouctou.html#primaryimage","url":"https:\/\/www.justiceinfo.net\/wp-content\/uploads\/09737d47089644e6018d345097277065-scaled.jpg","contentUrl":"https:\/\/www.justiceinfo.net\/wp-content\/uploads\/09737d47089644e6018d345097277065-scaled.jpg","width":2560,"height":1652},{"@type":"BreadcrumbList","@id":"https:\/\/www.justiceinfo.net\/fr\/34378-mali-les-mausolees-remparts-protecteurs-de-tombouctou.html#breadcrumb","itemListElement":[{"@type":"ListItem","position":1,"name":"Home","item":"https:\/\/www.justiceinfo.net\/fr"},{"@type":"ListItem","position":2,"name":"Mali: les mausol\u00e9es protecteurs de Tombouctou"}]},{"@type":"WebSite","@id":"https:\/\/www.justiceinfo.net\/fr#website","url":"https:\/\/www.justiceinfo.net\/fr","name":"JusticeInfo.net","description":"La justice doit \u00eatre vue pour \u00eatre rendue","publisher":{"@id":"https:\/\/www.justiceinfo.net\/fr#organization"},"potentialAction":[{"@type":"SearchAction","target":{"@type":"EntryPoint","urlTemplate":"https:\/\/www.justiceinfo.net\/fr?s={search_term_string}"},"query-input":{"@type":"PropertyValueSpecification","valueRequired":true,"valueName":"search_term_string"}}],"inLanguage":"fr-FR"},{"@type":"Organization","@id":"https:\/\/www.justiceinfo.net\/fr#organization","name":"Justice Info","url":"https:\/\/www.justiceinfo.net\/fr","logo":{"@type":"ImageObject","inLanguage":"fr-FR","@id":"https:\/\/www.justiceinfo.net\/fr#\/schema\/logo\/image\/","url":"https:\/\/www.justiceinfo.net\/wp-content\/uploads\/justiceinfo_logo-trans_1200x1200px.png","contentUrl":"https:\/\/www.justiceinfo.net\/wp-content\/uploads\/justiceinfo_logo-trans_1200x1200px.png","width":1199,"height":1200,"caption":"Justice Info"},"image":{"@id":"https:\/\/www.justiceinfo.net\/fr#\/schema\/logo\/image\/"},"sameAs":["https:\/\/www.facebook.com\/JusticeInfo\/","https:\/\/x.com\/justiceinfonet","https:\/\/www.linkedin.com\/company\/justice-info","https:\/\/www.youtube.com\/channel\/UCyCEsARodyuWtkWyhn-e7pA"]},{"@type":"Person","name":"AFP","url":"\/fr\/?s=AFP"}]}},"_links":{"self":[{"href":"https:\/\/www.justiceinfo.net\/fr\/wp-json\/wp\/v2\/posts\/34378","targetHints":{"allow":["GET"]}}],"collection":[{"href":"https:\/\/www.justiceinfo.net\/fr\/wp-json\/wp\/v2\/posts"}],"about":[{"href":"https:\/\/www.justiceinfo.net\/fr\/wp-json\/wp\/v2\/types\/post"}],"author":[{"embeddable":true,"href":"https:\/\/www.justiceinfo.net\/fr\/wp-json\/wp\/v2\/users\/60"}],"replies":[{"embeddable":true,"href":"https:\/\/www.justiceinfo.net\/fr\/wp-json\/wp\/v2\/comments?post=34378"}],"version-history":[{"count":0,"href":"https:\/\/www.justiceinfo.net\/fr\/wp-json\/wp\/v2\/posts\/34378\/revisions"}],"wp:featuredmedia":[{"embeddable":true,"href":"https:\/\/www.justiceinfo.net\/fr\/wp-json\/wp\/v2\/media\/64569"}],"wp:attachment":[{"href":"https:\/\/www.justiceinfo.net\/fr\/wp-json\/wp\/v2\/media?parent=34378"}],"wp:term":[{"taxonomy":"category","embeddable":true,"href":"https:\/\/www.justiceinfo.net\/fr\/wp-json\/wp\/v2\/categories?post=34378"},{"taxonomy":"post_tag","embeddable":true,"href":"https:\/\/www.justiceinfo.net\/fr\/wp-json\/wp\/v2\/tags?post=34378"},{"taxonomy":"ji_location","embeddable":true,"href":"https:\/\/www.justiceinfo.net\/fr\/wp-json\/wp\/v2\/ji_location?post=34378"}],"curies":[{"name":"wp","href":"https:\/\/api.w.org\/{rel}","templated":true}]}}