{"id":34380,"date":"2017-08-17T14:33:11","date_gmt":"2017-08-17T12:33:11","guid":{"rendered":"https:\/\/www.justiceinfo.net\/34380-cpi-ahmed-al-mahdi-condamne-a-verser-27-millions-d-euros-aux-victimes-de-tombouctou.html"},"modified":"2017-08-17T14:33:11","modified_gmt":"2017-08-17T12:33:11","slug":"cpi-ahmed-al-mahdi-condamne-a-verser-27-millions-d-euros-aux-victimes-de-tombouctou","status":"publish","type":"post","link":"https:\/\/www.justiceinfo.net\/fr\/34380-cpi-ahmed-al-mahdi-condamne-a-verser-27-millions-d-euros-aux-victimes-de-tombouctou.html","title":{"rendered":"CPI : Ahmed Al Mahdi condamn\u00e9 \u00e0 verser 2,7 millions d\u2019euros aux victimes de Tombouctou"},"content":{"rendered":"<div class=\"content-excerpt\">\n<p><strong><em>Les juges de la Cour p\u00e9nale internationale (CPI) ont rendu, jeudi 17 ao\u00fbt, leur ordonnance sur les r\u00e9parations aux victimes d\u2019Ahmed Al Mahdi. Le condamn\u00e9 avait plaid\u00e9 \u00ab\u00a0coupable\u00a0\u00bb de crimes de guerre pour la destruction de neuf des Mausol\u00e9es de Tombouctou et de la porte de la Mosqu\u00e9e Sidi Yahia, lors de l\u2019occupation du nord du Mali par les djihadistes d\u2019Al Qaida au Maghreb islamique (AQMI) et d\u2019Ansar Eddine en 2012. <\/em><\/strong><\/p>\n<\/div>\n<p>Au-del\u00e0 de l\u2019histoire des crimes commis \u00e0 Tombouctou en 2012, <a href=\"https:\/\/www.icc-cpi.int\/mali\/al-mahdi?ln=fr\">l\u2019affaire Al Mahdi<\/a> aura surtout \u00e9t\u00e9 celle de la punition des auteurs de destructions du patrimoine de l\u2019humanit\u00e9. Lors de son proc\u00e8s, il y a un an, le djihadiste avait reconnu avoir supervis\u00e9 l\u2019attaque des Mausol\u00e9es de \u00ab\u00a0la ville aux 333 Saints\u00a0\u00bb, et de la porte de la mosqu\u00e9e Sidi Yahia, qui selon la l\u00e9gende, ne pouvait \u00eatre ouverte sans attirer la mis\u00e8re sur ses habitants. \u00ab\u00a0Leur destruction porte un message de terreur et d\u2019impuissance\u00a0\u00bb, ont d\u00e9clar\u00e9 les juges en ordonnant des r\u00e9parations. Elle \u00ab\u00a0annihile une partie de la m\u00e9moire partag\u00e9e et de la conscience collective de l\u2019humanit\u00e9 et emp\u00eache celle-ci de transmettre ses valeurs et ses connaissances aux g\u00e9n\u00e9rations futures\u00a0\u00bb poursuit l\u2019ordonnance.<\/p>\n<p>Ahmed Al Mahdi a \u00e9t\u00e9 condamn\u00e9 \u00e0 verser 2,7 millions d\u2019euros \u00e0 ses victimes. Mais il y a peu de chance que le djihadiste s\u2019acquitte de la facture. Lors de son arriv\u00e9e \u00e0 La Haye en septembre 2015, il avait \u00e9t\u00e9 d\u00e9clar\u00e9 indigent et ses frais de d\u00e9fense ont en cons\u00e9quence \u00e9taient pris en charge par la Cour. Sa situation ne devrait pas s\u2019am\u00e9liorer au cours des prochaines ann\u00e9es, avaient soulign\u00e9 ses avocats lors de la proc\u00e9dure. Ahmed Al Mahdi doit encore purger sept ans de prison. C\u2019est <a href=\"http:\/\/www.trustfundforvictims.org\/fr\/page-d%E2%80%99accueil-du-site-web-du-fonds\">le Fonds pour les victimes de la Cour<\/a> qui devra donc compl\u00e9ter les r\u00e9parations. Les juges ont n\u00e9anmoins rejet\u00e9 une requ\u00eate des avocats demandant \u00e0 ce que cette dette soit limit\u00e9e dans le temps et que leur client puisse, un jour, en \u00eatre lib\u00e9r\u00e9.<\/p>\n<p><iframe loading=\"lazy\" src=\"\/\/www.youtube.com\/embed\/r31zrF8sSr8\" width=\"560\" height=\"314\" allowfullscreen=\"allowfullscreen\"><\/iframe><\/p>\n<h3><strong>Tombouctou, le Mali et la communaut\u00e9 internationale<\/strong><\/h3>\n<p>Pour la CPI, les victimes sont les habitants de Tombouctou, les Maliens dans leur ensemble et la communaut\u00e9 internationale. Ils ont ordonn\u00e9 qu\u2019un euro symbolique soit vers\u00e9 \u00e0 l\u2019Unesco, qui, peu de temps apr\u00e8s le d\u00e9but de l\u2019occupation de la ville par les djihadistes d\u2019Ansar Eddine et d\u2019Al Qaida au Maghreb Islamique (AQMI), en avril 2012, avait d\u00e9clar\u00e9 les monuments, dont plusieurs \u00e9taient inscrits au patrimoine mondial, comme patrimoine prot\u00e9g\u00e9. Apr\u00e8s la fuite des djihadistes face aux militaires de l\u2019op\u00e9ration fran\u00e7aise Serval d\u00e9but 2013, l\u2019Unesco avait supervis\u00e9 la reconstruction des Mausol\u00e9es \u00e0 l\u2019identique. Mais pour l\u2019avocat des 137 victimes, Mayombo Kassongo, \u00ab\u00a0les esprits ne sont jamais rentr\u00e9s dans les Mausol\u00e9es apr\u00e8s leur destruction, et depuis, le miracle n\u2019op\u00e8re plus\u00a0\u00bb. Le dommage est donc irr\u00e9parable, avait-il estim\u00e9 au cours de la proc\u00e9dure.<\/p>\n<p>La chambre de premi\u00e8re instance a enregistr\u00e9 trois formes de pr\u00e9judices\u00a0: celui relatif aux b\u00e2timents historiques et religieux attaqu\u00e9s, les pertes \u00e9conomiques et le pr\u00e9judice moral. Si 137 victimes et deux organisations li\u00e9es au patrimoine de Tombouctou ont \u00e9t\u00e9 admises dans l\u2019affaire, les juges ont demand\u00e9 \u00e0 ce que tous les b\u00e9n\u00e9ficiaires soient identifi\u00e9s, estimant que les 137 ne refl\u00e9taient pas l\u2019int\u00e9gralit\u00e9 des souffrances subies par cette ville de 7000 habitants \u00e0 l\u2019\u00e9poque des crimes. La CPI a ordonn\u00e9 que des r\u00e9parations collectives soient octroy\u00e9es sous la forme de m\u00e9moriaux et de c\u00e9r\u00e9monie de comm\u00e9moration. Les juges ont aussi estim\u00e9 que des fonds devraient \u00eatre affect\u00e9s \u00e0 la s\u00e9curit\u00e9 et l\u2019entretien des Mausol\u00e9es. Et ont, symboliquement, ordonn\u00e9 que la vid\u00e9o des excuses pr\u00e9sent\u00e9es par Al Mahdi aux victimes lorsqu\u2019il avait plaid\u00e9 \u00ab\u00a0coupable\u00a0\u00bb devant la CPI il y a un an - excuses consid\u00e9r\u00e9es comme \u00ab\u00a0sinc\u00e8res, sans \u00e9quivoque et empreintes d\u2019empathie\u00a0\u00bb - soit diffus\u00e9e sur le site internet de la Cour. Suite \u00e0 des expertises, les juges ont n\u00e9anmoins rejet\u00e9 toute r\u00e9paration sous forme de justice traditionnelle, estimant que si certains y voyaient un m\u00e9canisme de r\u00e9conciliation, d\u2019autres ont identifi\u00e9 \u00ab\u00a0des discriminations contre les femmes\u00a0\u00bb.<\/p>\n<h3><strong>R\u00e9parations individuelles limit\u00e9es<\/strong><\/h3>\n<p>Les r\u00e9parations individuelles seront octroy\u00e9es aux victimes ayant subi un pr\u00e9judice \u00e9conomique. La nature exacte de ces r\u00e9parations n\u2019a pas encore \u00e9t\u00e9 d\u00e9cid\u00e9e, mais elles pourraient prendre la forme d\u2019aide \u00e0 l\u2019activit\u00e9 \u00e9conomique, ou au retour dans la ville pour ceux toujours exil\u00e9s. Le Fonds pour les victimes doit pr\u00e9senter un rapport d\u2019ici le 16 f\u00e9vrier 2018. Des r\u00e9parations individuelles seront aussi accord\u00e9es aux descendants des personnes reposant dans les Mausol\u00e9es, m\u00eame si leurs s\u00e9pultures n\u2019avaient pas \u00e9t\u00e9 attaqu\u00e9es, avait assur\u00e9 Al Mahdi devant la Cour lors de son proc\u00e8s. Seuls les b\u00e2timents les entourant avaient \u00e9t\u00e9 d\u00e9truits sous sa supervision, car ils repr\u00e9sentaient, pour les djihadistes dont l\u2019accus\u00e9, une pratique idol\u00e2tre interdite selon leur propre lecture de la charia. Si Al Mahdi avait plaid\u00e9 coupable, c\u2019est parce qu\u2019il jugeait que la destruction des Mausol\u00e9es serait source de d\u00e9solation pour la population et qu\u2019elle \u00e9tait donc inutile et risqu\u00e9e, mais il restait, sur le fond, d\u2019accord avec la d\u00e9cision de son chef, Iyad Ag Ghaly, touareg du nord du Mali et chef d\u2019Ansar Eddine.<\/p>\n<h3><strong>Des accusations limit\u00e9es<\/strong><\/h3>\n<p>L\u2019ordonnance rendue par la Cour a \u00e9t\u00e9 salu\u00e9e mais l\u2019affaire Al Mahdi et la justice pour Tombouctou continuent de susciter des critiques. Dans un communiqu\u00e9, le pr\u00e9sident de l\u2019Association malienne de d\u00e9fense des droits de l\u2019homme (AMDH), Moctar Mariko, regrette ainsi que le proc\u00e8s Al Mahdi se soit \u00ab\u00a0born\u00e9 \u00e0 punir la destruction du patrimoine culturel de Tombouctou, lui \u00e9vitant de rendre compte des autres crimes contre l\u2019humanit\u00e9 dont ses hommes et lui se sont pourtant rendus coupables\u00a0\u00bb. L\u2019Association, membre du r\u00e9seau de la F\u00e9d\u00e9ration internationale des ligues des droits de l\u2019Homme (FIDH), avait port\u00e9 plainte contre lui \u00e0 Bamako pour crimes contre l\u2019humanit\u00e9 pour les meurtres et les viols de 2012. <a href=\"https:\/\/www.fidh.org\/fr\/regions\/afrique\/mali\/octroi-de-reparations-pour-crimes-culturels-une-etape-insuffisante\">La FIDH rappelle d\u2019ailleurs<\/a> que le proc\u00e8s de l\u2019ex commissaire de la police islamique de Gao, Aliou Mahamane Tour\u00e9, s\u2019ouvrira devant les Assises de Bamako le 18 ao\u00fbt. Mais souligne que les charges de \u00ab\u00a0coups et blessures aggrav\u00e9s\u00a0\u00bb dont il doit r\u00e9pondre ne refl\u00e8tent par les crimes de guerre commis. A La Haye, la procureure poursuit ses enqu\u00eates, ouvertes en janvier 2013, sur les crimes commis au Mali. Fatou Bensouda doit se rendre \u00e0 Bamako en septembre.<\/p>\n<p>\u00a0<\/p>\n<p>\u00a0<\/p>\n","protected":false},"excerpt":{"rendered":"<p>Les juges de la Cour p\u00e9nale internationale (CPI) ont rendu, jeudi 17 ao\u00fbt, leur ordonnance sur les r\u00e9parations aux victimes d\u2019Ahmed Al Mahdi. Le condamn\u00e9 avait plaid\u00e9 \u00ab\u00a0coupable\u00a0\u00bb de crimes de guerre pour la destruction de neuf des Mausol\u00e9es de Tombouctou et de la porte de la Mosqu\u00e9e Sidi Yahia, lors de l\u2019occupation du nord [&hellip;]<\/p>\n","protected":false},"author":64,"featured_media":64752,"comment_status":"open","ping_status":"closed","sticky":false,"template":"","format":"standard","meta":{"_acf_changed":false,"footnotes":""},"categories":[570],"tags":[],"ji_location":[2338],"class_list":["post-34380","post","type-post","status-publish","format-standard","has-post-thumbnail","hentry","category-cpi","ji_location-mali"],"acf":[],"yoast_head":"<!-- This site is optimized with the Yoast SEO Premium plugin v25.3.1 (Yoast SEO v25.3.1) - https:\/\/yoast.com\/wordpress\/plugins\/seo\/ -->\n<title>CPI : Ahmed Al Mahdi condamn\u00e9 \u00e0 verser 2,7 millions d\u2019euros aux victimes de Tombouctou - JusticeInfo.net<\/title>\n<meta name=\"robots\" content=\"index, follow, max-snippet:-1, max-image-preview:large, max-video-preview:-1\" \/>\n<link rel=\"canonical\" href=\"https:\/\/www.justiceinfo.net\/fr\/34380-cpi-ahmed-al-mahdi-condamne-a-verser-27-millions-d-euros-aux-victimes-de-tombouctou.html\" \/>\n<meta property=\"og:locale\" content=\"fr_FR\" \/>\n<meta property=\"og:type\" content=\"article\" \/>\n<meta property=\"og:title\" content=\"CPI : Ahmed Al Mahdi condamn\u00e9 \u00e0 verser 2,7 millions d\u2019euros aux victimes de Tombouctou\" \/>\n<meta property=\"og:description\" content=\"Les juges de la Cour p\u00e9nale internationale (CPI) ont rendu, jeudi 17 ao\u00fbt, leur ordonnance sur les r\u00e9parations aux victimes d\u2019Ahmed Al Mahdi. Le condamn\u00e9 avait plaid\u00e9 \u00ab\u00a0coupable\u00a0\u00bb de crimes de guerre pour la destruction de neuf des Mausol\u00e9es de Tombouctou et de la porte de la Mosqu\u00e9e Sidi Yahia, lors de l\u2019occupation du nord [&hellip;]\" \/>\n<meta property=\"og:url\" content=\"https:\/\/www.justiceinfo.net\/fr\/34380-cpi-ahmed-al-mahdi-condamne-a-verser-27-millions-d-euros-aux-victimes-de-tombouctou.html\" \/>\n<meta property=\"og:site_name\" content=\"JusticeInfo.net\" \/>\n<meta property=\"article:publisher\" content=\"https:\/\/www.facebook.com\/JusticeInfo\/\" \/>\n<meta property=\"article:published_time\" content=\"2017-08-17T12:33:11+00:00\" \/>\n<meta property=\"og:image\" content=\"https:\/\/www.justiceinfo.net\/wp-content\/uploads\/1c9ec97f9d22d546ffed6eb180c8a627.jpg\" \/>\n\t<meta property=\"og:image:width\" content=\"640\" \/>\n\t<meta property=\"og:image:height\" content=\"372\" \/>\n\t<meta property=\"og:image:type\" content=\"image\/jpeg\" \/>\n<meta name=\"author\" content=\"St\u00e9phanie Maupas, La Haye (de notre correspondante)\" \/>\n<meta name=\"twitter:card\" content=\"summary_large_image\" \/>\n<meta name=\"twitter:creator\" content=\"@justiceinfonet\" \/>\n<meta name=\"twitter:site\" content=\"@justiceinfonet\" \/>\n<meta name=\"twitter:label1\" content=\"\u00c9crit par\" \/>\n\t<meta name=\"twitter:data1\" content=\"St\u00e9phanie Maupas, La Haye (de notre correspondante)\" \/>\n\t<meta name=\"twitter:label2\" content=\"Dur\u00e9e de lecture estim\u00e9e\" \/>\n\t<meta name=\"twitter:data2\" content=\"6 minutes\" \/>\n<script type=\"application\/ld+json\" class=\"yoast-schema-graph\">{\"@context\":\"https:\/\/schema.org\",\"@graph\":[{\"@type\":\"NewsArticle\",\"@id\":\"https:\/\/www.justiceinfo.net\/fr\/34380-cpi-ahmed-al-mahdi-condamne-a-verser-27-millions-d-euros-aux-victimes-de-tombouctou.html#article\",\"isPartOf\":{\"@id\":\"https:\/\/www.justiceinfo.net\/fr\/34380-cpi-ahmed-al-mahdi-condamne-a-verser-27-millions-d-euros-aux-victimes-de-tombouctou.html\"},\"author\":{\"name\":\"solivri\",\"@id\":\"https:\/\/www.justiceinfo.net\/fr#\/schema\/person\/6e53cba1629e2e66f3fc1821d3091865\"},\"headline\":\"CPI : Ahmed Al Mahdi condamn\u00e9 \u00e0 verser 2,7 millions d\u2019euros aux victimes de Tombouctou\",\"datePublished\":\"2017-08-17T12:33:11+00:00\",\"mainEntityOfPage\":{\"@id\":\"https:\/\/www.justiceinfo.net\/fr\/34380-cpi-ahmed-al-mahdi-condamne-a-verser-27-millions-d-euros-aux-victimes-de-tombouctou.html\"},\"wordCount\":1178,\"commentCount\":0,\"publisher\":{\"@id\":\"https:\/\/www.justiceinfo.net\/fr#organization\"},\"image\":{\"@id\":\"https:\/\/www.justiceinfo.net\/fr\/34380-cpi-ahmed-al-mahdi-condamne-a-verser-27-millions-d-euros-aux-victimes-de-tombouctou.html#primaryimage\"},\"thumbnailUrl\":\"https:\/\/www.justiceinfo.net\/wp-content\/uploads\/1c9ec97f9d22d546ffed6eb180c8a627.jpg\",\"articleSection\":[\"CPI\"],\"inLanguage\":\"fr-FR\",\"potentialAction\":[{\"@type\":\"CommentAction\",\"name\":\"Comment\",\"target\":[\"https:\/\/www.justiceinfo.net\/fr\/34380-cpi-ahmed-al-mahdi-condamne-a-verser-27-millions-d-euros-aux-victimes-de-tombouctou.html#respond\"]}]},{\"@type\":\"WebPage\",\"@id\":\"https:\/\/www.justiceinfo.net\/fr\/34380-cpi-ahmed-al-mahdi-condamne-a-verser-27-millions-d-euros-aux-victimes-de-tombouctou.html\",\"url\":\"https:\/\/www.justiceinfo.net\/fr\/34380-cpi-ahmed-al-mahdi-condamne-a-verser-27-millions-d-euros-aux-victimes-de-tombouctou.html\",\"name\":\"CPI : Ahmed Al Mahdi condamn\u00e9 \u00e0 verser 2,7 millions d\u2019euros aux victimes de Tombouctou - JusticeInfo.net\",\"isPartOf\":{\"@id\":\"https:\/\/www.justiceinfo.net\/fr#website\"},\"primaryImageOfPage\":{\"@id\":\"https:\/\/www.justiceinfo.net\/fr\/34380-cpi-ahmed-al-mahdi-condamne-a-verser-27-millions-d-euros-aux-victimes-de-tombouctou.html#primaryimage\"},\"image\":{\"@id\":\"https:\/\/www.justiceinfo.net\/fr\/34380-cpi-ahmed-al-mahdi-condamne-a-verser-27-millions-d-euros-aux-victimes-de-tombouctou.html#primaryimage\"},\"thumbnailUrl\":\"https:\/\/www.justiceinfo.net\/wp-content\/uploads\/1c9ec97f9d22d546ffed6eb180c8a627.jpg\",\"datePublished\":\"2017-08-17T12:33:11+00:00\",\"breadcrumb\":{\"@id\":\"https:\/\/www.justiceinfo.net\/fr\/34380-cpi-ahmed-al-mahdi-condamne-a-verser-27-millions-d-euros-aux-victimes-de-tombouctou.html#breadcrumb\"},\"inLanguage\":\"fr-FR\",\"potentialAction\":[{\"@type\":\"ReadAction\",\"target\":[\"https:\/\/www.justiceinfo.net\/fr\/34380-cpi-ahmed-al-mahdi-condamne-a-verser-27-millions-d-euros-aux-victimes-de-tombouctou.html\"]}]},{\"@type\":\"ImageObject\",\"inLanguage\":\"fr-FR\",\"@id\":\"https:\/\/www.justiceinfo.net\/fr\/34380-cpi-ahmed-al-mahdi-condamne-a-verser-27-millions-d-euros-aux-victimes-de-tombouctou.html#primaryimage\",\"url\":\"https:\/\/www.justiceinfo.net\/wp-content\/uploads\/1c9ec97f9d22d546ffed6eb180c8a627.jpg\",\"contentUrl\":\"https:\/\/www.justiceinfo.net\/wp-content\/uploads\/1c9ec97f9d22d546ffed6eb180c8a627.jpg\",\"width\":640,\"height\":372},{\"@type\":\"BreadcrumbList\",\"@id\":\"https:\/\/www.justiceinfo.net\/fr\/34380-cpi-ahmed-al-mahdi-condamne-a-verser-27-millions-d-euros-aux-victimes-de-tombouctou.html#breadcrumb\",\"itemListElement\":[{\"@type\":\"ListItem\",\"position\":1,\"name\":\"Home\",\"item\":\"https:\/\/www.justiceinfo.net\/fr\"},{\"@type\":\"ListItem\",\"position\":2,\"name\":\"CPI : Ahmed Al Mahdi condamn\u00e9 \u00e0 verser 2,7 millions d\u2019euros aux victimes de Tombouctou\"}]},{\"@type\":\"WebSite\",\"@id\":\"https:\/\/www.justiceinfo.net\/fr#website\",\"url\":\"https:\/\/www.justiceinfo.net\/fr\",\"name\":\"JusticeInfo.net\",\"description\":\"La justice doit \u00eatre vue pour \u00eatre rendue\",\"publisher\":{\"@id\":\"https:\/\/www.justiceinfo.net\/fr#organization\"},\"potentialAction\":[{\"@type\":\"SearchAction\",\"target\":{\"@type\":\"EntryPoint\",\"urlTemplate\":\"https:\/\/www.justiceinfo.net\/fr?s={search_term_string}\"},\"query-input\":{\"@type\":\"PropertyValueSpecification\",\"valueRequired\":true,\"valueName\":\"search_term_string\"}}],\"inLanguage\":\"fr-FR\"},{\"@type\":\"Organization\",\"@id\":\"https:\/\/www.justiceinfo.net\/fr#organization\",\"name\":\"Justice Info\",\"url\":\"https:\/\/www.justiceinfo.net\/fr\",\"logo\":{\"@type\":\"ImageObject\",\"inLanguage\":\"fr-FR\",\"@id\":\"https:\/\/www.justiceinfo.net\/fr#\/schema\/logo\/image\/\",\"url\":\"https:\/\/www.justiceinfo.net\/wp-content\/uploads\/justiceinfo_logo-trans_1200x1200px.png\",\"contentUrl\":\"https:\/\/www.justiceinfo.net\/wp-content\/uploads\/justiceinfo_logo-trans_1200x1200px.png\",\"width\":1199,\"height\":1200,\"caption\":\"Justice Info\"},\"image\":{\"@id\":\"https:\/\/www.justiceinfo.net\/fr#\/schema\/logo\/image\/\"},\"sameAs\":[\"https:\/\/www.facebook.com\/JusticeInfo\/\",\"https:\/\/x.com\/justiceinfonet\",\"https:\/\/www.linkedin.com\/company\/justice-info\",\"https:\/\/www.youtube.com\/channel\/UCyCEsARodyuWtkWyhn-e7pA\"]},{\"@type\":\"Person\",\"name\":\"St\u00e9phanie Maupas, La Haye (de notre correspondante)\",\"url\":\"\/fr\/?s=St\u00e9phanie Maupas, La Haye (de notre correspondante)\"}]}<\/script>\n<!-- \/ Yoast SEO Premium plugin. -->","yoast_head_json":{"title":"CPI : Ahmed Al Mahdi condamn\u00e9 \u00e0 verser 2,7 millions d\u2019euros aux victimes de Tombouctou - JusticeInfo.net","robots":{"index":"index","follow":"follow","max-snippet":"max-snippet:-1","max-image-preview":"max-image-preview:large","max-video-preview":"max-video-preview:-1"},"canonical":"https:\/\/www.justiceinfo.net\/fr\/34380-cpi-ahmed-al-mahdi-condamne-a-verser-27-millions-d-euros-aux-victimes-de-tombouctou.html","og_locale":"fr_FR","og_type":"article","og_title":"CPI : Ahmed Al Mahdi condamn\u00e9 \u00e0 verser 2,7 millions d\u2019euros aux victimes de Tombouctou","og_description":"Les juges de la Cour p\u00e9nale internationale (CPI) ont rendu, jeudi 17 ao\u00fbt, leur ordonnance sur les r\u00e9parations aux victimes d\u2019Ahmed Al Mahdi. Le condamn\u00e9 avait plaid\u00e9 \u00ab\u00a0coupable\u00a0\u00bb de crimes de guerre pour la destruction de neuf des Mausol\u00e9es de Tombouctou et de la porte de la Mosqu\u00e9e Sidi Yahia, lors de l\u2019occupation du nord [&hellip;]","og_url":"https:\/\/www.justiceinfo.net\/fr\/34380-cpi-ahmed-al-mahdi-condamne-a-verser-27-millions-d-euros-aux-victimes-de-tombouctou.html","og_site_name":"JusticeInfo.net","article_publisher":"https:\/\/www.facebook.com\/JusticeInfo\/","article_published_time":"2017-08-17T12:33:11+00:00","og_image":[{"width":640,"height":372,"url":"https:\/\/www.justiceinfo.net\/wp-content\/uploads\/1c9ec97f9d22d546ffed6eb180c8a627.jpg","type":"image\/jpeg"}],"author":"St\u00e9phanie Maupas, La Haye (de notre correspondante)","twitter_card":"summary_large_image","twitter_creator":"@justiceinfonet","twitter_site":"@justiceinfonet","twitter_misc":{"\u00c9crit par":"St\u00e9phanie Maupas, La Haye (de notre correspondante)","Dur\u00e9e de lecture estim\u00e9e":"6 minutes"},"schema":{"@context":"https:\/\/schema.org","@graph":[{"@type":"NewsArticle","@id":"https:\/\/www.justiceinfo.net\/fr\/34380-cpi-ahmed-al-mahdi-condamne-a-verser-27-millions-d-euros-aux-victimes-de-tombouctou.html#article","isPartOf":{"@id":"https:\/\/www.justiceinfo.net\/fr\/34380-cpi-ahmed-al-mahdi-condamne-a-verser-27-millions-d-euros-aux-victimes-de-tombouctou.html"},"author":{"name":"solivri","@id":"https:\/\/www.justiceinfo.net\/fr#\/schema\/person\/6e53cba1629e2e66f3fc1821d3091865"},"headline":"CPI : Ahmed Al Mahdi condamn\u00e9 \u00e0 verser 2,7 millions d\u2019euros aux victimes de Tombouctou","datePublished":"2017-08-17T12:33:11+00:00","mainEntityOfPage":{"@id":"https:\/\/www.justiceinfo.net\/fr\/34380-cpi-ahmed-al-mahdi-condamne-a-verser-27-millions-d-euros-aux-victimes-de-tombouctou.html"},"wordCount":1178,"commentCount":0,"publisher":{"@id":"https:\/\/www.justiceinfo.net\/fr#organization"},"image":{"@id":"https:\/\/www.justiceinfo.net\/fr\/34380-cpi-ahmed-al-mahdi-condamne-a-verser-27-millions-d-euros-aux-victimes-de-tombouctou.html#primaryimage"},"thumbnailUrl":"https:\/\/www.justiceinfo.net\/wp-content\/uploads\/1c9ec97f9d22d546ffed6eb180c8a627.jpg","articleSection":["CPI"],"inLanguage":"fr-FR","potentialAction":[{"@type":"CommentAction","name":"Comment","target":["https:\/\/www.justiceinfo.net\/fr\/34380-cpi-ahmed-al-mahdi-condamne-a-verser-27-millions-d-euros-aux-victimes-de-tombouctou.html#respond"]}]},{"@type":"WebPage","@id":"https:\/\/www.justiceinfo.net\/fr\/34380-cpi-ahmed-al-mahdi-condamne-a-verser-27-millions-d-euros-aux-victimes-de-tombouctou.html","url":"https:\/\/www.justiceinfo.net\/fr\/34380-cpi-ahmed-al-mahdi-condamne-a-verser-27-millions-d-euros-aux-victimes-de-tombouctou.html","name":"CPI : Ahmed Al Mahdi condamn\u00e9 \u00e0 verser 2,7 millions d\u2019euros aux victimes de Tombouctou - JusticeInfo.net","isPartOf":{"@id":"https:\/\/www.justiceinfo.net\/fr#website"},"primaryImageOfPage":{"@id":"https:\/\/www.justiceinfo.net\/fr\/34380-cpi-ahmed-al-mahdi-condamne-a-verser-27-millions-d-euros-aux-victimes-de-tombouctou.html#primaryimage"},"image":{"@id":"https:\/\/www.justiceinfo.net\/fr\/34380-cpi-ahmed-al-mahdi-condamne-a-verser-27-millions-d-euros-aux-victimes-de-tombouctou.html#primaryimage"},"thumbnailUrl":"https:\/\/www.justiceinfo.net\/wp-content\/uploads\/1c9ec97f9d22d546ffed6eb180c8a627.jpg","datePublished":"2017-08-17T12:33:11+00:00","breadcrumb":{"@id":"https:\/\/www.justiceinfo.net\/fr\/34380-cpi-ahmed-al-mahdi-condamne-a-verser-27-millions-d-euros-aux-victimes-de-tombouctou.html#breadcrumb"},"inLanguage":"fr-FR","potentialAction":[{"@type":"ReadAction","target":["https:\/\/www.justiceinfo.net\/fr\/34380-cpi-ahmed-al-mahdi-condamne-a-verser-27-millions-d-euros-aux-victimes-de-tombouctou.html"]}]},{"@type":"ImageObject","inLanguage":"fr-FR","@id":"https:\/\/www.justiceinfo.net\/fr\/34380-cpi-ahmed-al-mahdi-condamne-a-verser-27-millions-d-euros-aux-victimes-de-tombouctou.html#primaryimage","url":"https:\/\/www.justiceinfo.net\/wp-content\/uploads\/1c9ec97f9d22d546ffed6eb180c8a627.jpg","contentUrl":"https:\/\/www.justiceinfo.net\/wp-content\/uploads\/1c9ec97f9d22d546ffed6eb180c8a627.jpg","width":640,"height":372},{"@type":"BreadcrumbList","@id":"https:\/\/www.justiceinfo.net\/fr\/34380-cpi-ahmed-al-mahdi-condamne-a-verser-27-millions-d-euros-aux-victimes-de-tombouctou.html#breadcrumb","itemListElement":[{"@type":"ListItem","position":1,"name":"Home","item":"https:\/\/www.justiceinfo.net\/fr"},{"@type":"ListItem","position":2,"name":"CPI : Ahmed Al Mahdi condamn\u00e9 \u00e0 verser 2,7 millions d\u2019euros aux victimes de Tombouctou"}]},{"@type":"WebSite","@id":"https:\/\/www.justiceinfo.net\/fr#website","url":"https:\/\/www.justiceinfo.net\/fr","name":"JusticeInfo.net","description":"La justice doit \u00eatre vue pour \u00eatre rendue","publisher":{"@id":"https:\/\/www.justiceinfo.net\/fr#organization"},"potentialAction":[{"@type":"SearchAction","target":{"@type":"EntryPoint","urlTemplate":"https:\/\/www.justiceinfo.net\/fr?s={search_term_string}"},"query-input":{"@type":"PropertyValueSpecification","valueRequired":true,"valueName":"search_term_string"}}],"inLanguage":"fr-FR"},{"@type":"Organization","@id":"https:\/\/www.justiceinfo.net\/fr#organization","name":"Justice Info","url":"https:\/\/www.justiceinfo.net\/fr","logo":{"@type":"ImageObject","inLanguage":"fr-FR","@id":"https:\/\/www.justiceinfo.net\/fr#\/schema\/logo\/image\/","url":"https:\/\/www.justiceinfo.net\/wp-content\/uploads\/justiceinfo_logo-trans_1200x1200px.png","contentUrl":"https:\/\/www.justiceinfo.net\/wp-content\/uploads\/justiceinfo_logo-trans_1200x1200px.png","width":1199,"height":1200,"caption":"Justice Info"},"image":{"@id":"https:\/\/www.justiceinfo.net\/fr#\/schema\/logo\/image\/"},"sameAs":["https:\/\/www.facebook.com\/JusticeInfo\/","https:\/\/x.com\/justiceinfonet","https:\/\/www.linkedin.com\/company\/justice-info","https:\/\/www.youtube.com\/channel\/UCyCEsARodyuWtkWyhn-e7pA"]},{"@type":"Person","name":"St\u00e9phanie Maupas, La Haye (de notre correspondante)","url":"\/fr\/?s=St\u00e9phanie Maupas, La Haye (de notre correspondante)"}]}},"_links":{"self":[{"href":"https:\/\/www.justiceinfo.net\/fr\/wp-json\/wp\/v2\/posts\/34380","targetHints":{"allow":["GET"]}}],"collection":[{"href":"https:\/\/www.justiceinfo.net\/fr\/wp-json\/wp\/v2\/posts"}],"about":[{"href":"https:\/\/www.justiceinfo.net\/fr\/wp-json\/wp\/v2\/types\/post"}],"author":[{"embeddable":true,"href":"https:\/\/www.justiceinfo.net\/fr\/wp-json\/wp\/v2\/users\/64"}],"replies":[{"embeddable":true,"href":"https:\/\/www.justiceinfo.net\/fr\/wp-json\/wp\/v2\/comments?post=34380"}],"version-history":[{"count":0,"href":"https:\/\/www.justiceinfo.net\/fr\/wp-json\/wp\/v2\/posts\/34380\/revisions"}],"wp:featuredmedia":[{"embeddable":true,"href":"https:\/\/www.justiceinfo.net\/fr\/wp-json\/wp\/v2\/media\/64752"}],"wp:attachment":[{"href":"https:\/\/www.justiceinfo.net\/fr\/wp-json\/wp\/v2\/media?parent=34380"}],"wp:term":[{"taxonomy":"category","embeddable":true,"href":"https:\/\/www.justiceinfo.net\/fr\/wp-json\/wp\/v2\/categories?post=34380"},{"taxonomy":"post_tag","embeddable":true,"href":"https:\/\/www.justiceinfo.net\/fr\/wp-json\/wp\/v2\/tags?post=34380"},{"taxonomy":"ji_location","embeddable":true,"href":"https:\/\/www.justiceinfo.net\/fr\/wp-json\/wp\/v2\/ji_location?post=34380"}],"curies":[{"name":"wp","href":"https:\/\/api.w.org\/{rel}","templated":true}]}}