{"id":34388,"date":"2017-08-18T09:12:15","date_gmt":"2017-08-18T07:12:15","guid":{"rendered":"https:\/\/www.justiceinfo.net\/34388-la-semaine-de-la-justice-transitionnelle-comment-reparer-un-crime.html"},"modified":"2017-08-18T09:12:15","modified_gmt":"2017-08-18T07:12:15","slug":"la-semaine-de-la-justice-transitionnelle-comment-reparer-un-crime","status":"publish","type":"post","link":"https:\/\/www.justiceinfo.net\/fr\/34388-la-semaine-de-la-justice-transitionnelle-comment-reparer-un-crime.html","title":{"rendered":"La semaine de la justice transitionnelle : comment r\u00e9parer un crime"},"content":{"rendered":"<div class=\"content-excerpt\">\n<p>La semaine de la justice transitionnelle a \u00e9t\u00e9 marqu\u00e9e par la <a href=\"fr\/component\/k2\/34380-cpi-ahmed-al-mahdi-condamn%C3%A9-%C3%A0-verser-2,7-millions-d-euros-aux-victimes-de-tombouctou.html\">d\u00e9cision<\/a> de la Cour P\u00e9nale Internationale (CPI) sur les r\u00e9parations \u00e0 verser apr\u00e8s la destruction des mausol\u00e9es de Tombouctou au Mali.<\/p>\n<\/div>\n<p>La somme est symbolique, 2,7 millions d\u2019euros, et <em>Ahmed Al Mahdi<\/em> le condamn\u00e9 indigent. Mais la CPI veut par ce jugement souligner la gravit\u00e9 de la destruction de biens culturels et religieux pour les communaut\u00e9s victimes et la communaut\u00e9 internationale tout enti\u00e8re.<\/p>\n<p>Lors de son proc\u00e8s, il y a un an, Al Mahdi avait \u00e9t\u00e9 reconnu coupable d\u2019avoir supervis\u00e9 l\u2019attaque durant l\u2019occupation de la ville par les djihadistes des Mausol\u00e9es de \u00ab la ville aux 333 Saints \u00bb, et de la porte de la mosqu\u00e9e Sidi Yahia, qui selon la l\u00e9gende, ne pouvait \u00eatre ouverte sans attirer la mis\u00e8re sur ses habitants.<\/p>\n<p>Il avait \u00e9t\u00e9 condamn\u00e9 en septembre dernier \u00e0 neuf ans de prison.<\/p>\n<p>\u00ab Leur destruction annihile une partie de la m\u00e9moire partag\u00e9e et de la conscience collective de l\u2019humanit\u00e9 et emp\u00eache celle-ci de transmettre ses valeurs et ses connaissances aux g\u00e9n\u00e9rations futures \u00bb, ont estim\u00e9 les juges dans leur ordonnance de r\u00e9parations.<\/p>\n<p>Ces mausol\u00e9es qui <a href=\"fr\/component\/k2\/34378.html?Itemid=102\">prot\u00e8gent<\/a> la ville selon les croyances de ses habitants ont \u00e9t\u00e9 reconstruits par l\u2019UNESCO.<\/p>\n<p>Mais selon l\u2019avocat des victimes, Mayombo Kassongo, \u00ab les esprits ne sont jamais rentr\u00e9s dans les Mausol\u00e9es apr\u00e8s leur destruction, et depuis, le miracle n\u2019op\u00e8re plus \u00bb.<\/p>\n<p>Autre critique faite \u00e0 la Cour, la part (trop) belle faite \u00e0 ces biens culturels alors que restent impunis et non jug\u00e9s les crimes de guerre pr\u00e9sum\u00e9s commis par les djihadistes contre des personnes durant leur occupation. Le Mali qui continue de vivre une transition difficile et fragile tente lui-m\u00eame de mener des proc\u00e8s pour ces crimes. Ainsi, s\u2019est ouvert \u00e0 Bamako celui d\u2019 Aliou Mahamar Tour\u00e9, l\u2019 'ancien chef de la \"police islamique\" de Gao mais les associations de victimes estiment que les processus de justice transitionnelle sont trop lents et trop limit\u00e9s au Mali.<\/p>\n<h3>Libye et Tunisie<\/h3>\n<p>Autre <a href=\"fr\/component\/k2\/34363-crimes-en-libye-un-alli%C3%A9-du-mar%C3%A9chal-haftar-recherch%C3%A9-par-la-cpi.html\">d\u00e9cision<\/a> de la CPI, l\u2019inculpation de Mahmoud al Werfalli, un alli\u00e9 du mar\u00e9chal Khalifa Haftar, l'homme fort du pays, suspect\u00e9 de crimes de guerre pour des meurtres commis dans la r\u00e9gion de Benghazi en 2016 et 2017 dans la r\u00e9gion de Benghazi, au nord-est de la Libye. Ce pays est l\u2019une des <a href=\"fr\/component\/k2\/libye-cpi-crimes-de-guerre.html?Itemid=102\">priorit\u00e9s<\/a> annonc\u00e9es par la procureure de la CPI Fatou Bensouda qui avait promis \u00e0 l\u2019ONU en novembre dernier de multiplier les proc\u00e9dures contre les pr\u00e9sum\u00e9s coupables durant la crise libyenne dont l\u2019un des fils de Kadhafi Sa\u00eff Al Islam. Mais, ces actions d\u00e9pendent du bon vouloir des multiples factions qui se partagent le pouvoir en Libye et qui toutes ont des int\u00e9r\u00eats tr\u00e8s politiques pour ces poursuites. Enfin, ces pouvoirs n\u2019entendent pas que soient poursuivis les crimes commis contre les migrants comme l\u2019avait promis Fatou Bensouda.<\/p>\n<p>Dernier volet de la semaine, la loi vot\u00e9e en Tunisie sur l\u2019\u00e9limination de la violence faite aux femmes. Ce <a href=\"fr\/component\/k2\/tunisie-seul-pays-arabe-legislation-violences-femmes.html?Itemid=102\">texte<\/a> , unique dans le monde arabe, est l\u2019aboutissement d\u2019une longue bataille entam\u00e9e par les f\u00e9ministes tunisiennes il y a pr\u00e8s de vingt ans. Mais, leur combat reste inachev\u00e9. Les Tunisiennes h\u00e9ritent toujours de la moiti\u00e9 de la part des hommes. Mais, le Pr\u00e9sident B\u00e9ji Caied Essebsi a lanc\u00e9 dans son discours pr\u00e9sent\u00e9 \u00e0 l\u2019occasion du 13 aout, f\u00eate de la femme tunisienne, un d\u00e9bat sur l\u2019\u00e9galit\u00e9 successorale.<\/p>\n<p>\u00a0<\/p>\n<p>\u00a0<\/p>\n<p>\u00a0<\/p>\n","protected":false},"excerpt":{"rendered":"<p>La semaine de la justice transitionnelle a \u00e9t\u00e9 marqu\u00e9e par la d\u00e9cision de la Cour P\u00e9nale Internationale (CPI) sur les r\u00e9parations \u00e0 verser apr\u00e8s la destruction des mausol\u00e9es de Tombouctou au Mali. La somme est symbolique, 2,7 millions d\u2019euros, et Ahmed Al Mahdi le condamn\u00e9 indigent. Mais la CPI veut par ce jugement souligner la [&hellip;]<\/p>\n","protected":false},"author":58,"featured_media":68001,"comment_status":"open","ping_status":"closed","sticky":false,"template":"","format":"standard","meta":{"_acf_changed":false,"footnotes":""},"categories":[575],"tags":[],"ji_location":[2566],"class_list":["post-34388","post","type-post","status-publish","format-standard","has-post-thumbnail","hentry","category-opinions","ji_location-international"],"acf":[],"yoast_head":"<!-- This site is optimized with the Yoast SEO Premium plugin v25.3.1 (Yoast SEO v25.3.1) - https:\/\/yoast.com\/wordpress\/plugins\/seo\/ -->\n<title>La semaine de la justice transitionnelle : comment r\u00e9parer un crime - JusticeInfo.net<\/title>\n<meta name=\"robots\" content=\"index, follow, max-snippet:-1, max-image-preview:large, max-video-preview:-1\" \/>\n<link rel=\"canonical\" href=\"https:\/\/www.justiceinfo.net\/fr\/34388-la-semaine-de-la-justice-transitionnelle-comment-reparer-un-crime.html\" \/>\n<meta property=\"og:locale\" content=\"fr_FR\" \/>\n<meta property=\"og:type\" content=\"article\" \/>\n<meta property=\"og:title\" content=\"La semaine de la justice transitionnelle : comment r\u00e9parer un crime\" \/>\n<meta property=\"og:description\" content=\"La semaine de la justice transitionnelle a \u00e9t\u00e9 marqu\u00e9e par la d\u00e9cision de la Cour P\u00e9nale Internationale (CPI) sur les r\u00e9parations \u00e0 verser apr\u00e8s la destruction des mausol\u00e9es de Tombouctou au Mali. La somme est symbolique, 2,7 millions d\u2019euros, et Ahmed Al Mahdi le condamn\u00e9 indigent. Mais la CPI veut par ce jugement souligner la [&hellip;]\" \/>\n<meta property=\"og:url\" content=\"https:\/\/www.justiceinfo.net\/fr\/34388-la-semaine-de-la-justice-transitionnelle-comment-reparer-un-crime.html\" \/>\n<meta property=\"og:site_name\" content=\"JusticeInfo.net\" \/>\n<meta property=\"article:publisher\" content=\"https:\/\/www.facebook.com\/JusticeInfo\/\" \/>\n<meta property=\"article:author\" content=\"https:\/\/www.facebook.com\/profile.php?id=100004809918727\" \/>\n<meta property=\"article:published_time\" content=\"2017-08-18T07:12:15+00:00\" \/>\n<meta property=\"og:image\" content=\"https:\/\/www.justiceinfo.net\/wp-content\/uploads\/3db050fe99190168742722ff397ca7d6-scaled.jpg\" \/>\n\t<meta property=\"og:image:width\" content=\"2560\" \/>\n\t<meta property=\"og:image:height\" content=\"1652\" \/>\n\t<meta property=\"og:image:type\" content=\"image\/jpeg\" \/>\n<meta name=\"author\" content=\"Fran\u00e7ois Sergent (JusticeInfo.net)\" \/>\n<meta name=\"twitter:card\" content=\"summary_large_image\" \/>\n<meta name=\"twitter:creator\" content=\"@FrancoisSergent\" \/>\n<meta name=\"twitter:site\" content=\"@justiceinfonet\" \/>\n<meta name=\"twitter:label1\" content=\"\u00c9crit par\" \/>\n\t<meta name=\"twitter:data1\" content=\"Fran\u00e7ois Sergent (JusticeInfo.net)\" \/>\n\t<meta name=\"twitter:label2\" content=\"Dur\u00e9e de lecture estim\u00e9e\" \/>\n\t<meta name=\"twitter:data2\" content=\"3 minutes\" \/>\n<script type=\"application\/ld+json\" class=\"yoast-schema-graph\">{\"@context\":\"https:\/\/schema.org\",\"@graph\":[{\"@type\":\"NewsArticle\",\"@id\":\"https:\/\/www.justiceinfo.net\/fr\/34388-la-semaine-de-la-justice-transitionnelle-comment-reparer-un-crime.html#article\",\"isPartOf\":{\"@id\":\"https:\/\/www.justiceinfo.net\/fr\/34388-la-semaine-de-la-justice-transitionnelle-comment-reparer-un-crime.html\"},\"author\":{\"name\":\"fsergent\",\"@id\":\"https:\/\/www.justiceinfo.net\/fr#\/schema\/person\/724414fc3a7779fc189a73a27563e5e1\"},\"headline\":\"La semaine de la justice transitionnelle : comment r\u00e9parer un crime\",\"datePublished\":\"2017-08-18T07:12:15+00:00\",\"mainEntityOfPage\":{\"@id\":\"https:\/\/www.justiceinfo.net\/fr\/34388-la-semaine-de-la-justice-transitionnelle-comment-reparer-un-crime.html\"},\"wordCount\":623,\"commentCount\":0,\"publisher\":{\"@id\":\"https:\/\/www.justiceinfo.net\/fr#organization\"},\"image\":{\"@id\":\"https:\/\/www.justiceinfo.net\/fr\/34388-la-semaine-de-la-justice-transitionnelle-comment-reparer-un-crime.html#primaryimage\"},\"thumbnailUrl\":\"https:\/\/www.justiceinfo.net\/wp-content\/uploads\/3db050fe99190168742722ff397ca7d6-scaled.jpg\",\"articleSection\":[\"Opinions\"],\"inLanguage\":\"fr-FR\",\"potentialAction\":[{\"@type\":\"CommentAction\",\"name\":\"Comment\",\"target\":[\"https:\/\/www.justiceinfo.net\/fr\/34388-la-semaine-de-la-justice-transitionnelle-comment-reparer-un-crime.html#respond\"]}]},{\"@type\":\"WebPage\",\"@id\":\"https:\/\/www.justiceinfo.net\/fr\/34388-la-semaine-de-la-justice-transitionnelle-comment-reparer-un-crime.html\",\"url\":\"https:\/\/www.justiceinfo.net\/fr\/34388-la-semaine-de-la-justice-transitionnelle-comment-reparer-un-crime.html\",\"name\":\"La semaine de la justice transitionnelle : comment r\u00e9parer un crime - JusticeInfo.net\",\"isPartOf\":{\"@id\":\"https:\/\/www.justiceinfo.net\/fr#website\"},\"primaryImageOfPage\":{\"@id\":\"https:\/\/www.justiceinfo.net\/fr\/34388-la-semaine-de-la-justice-transitionnelle-comment-reparer-un-crime.html#primaryimage\"},\"image\":{\"@id\":\"https:\/\/www.justiceinfo.net\/fr\/34388-la-semaine-de-la-justice-transitionnelle-comment-reparer-un-crime.html#primaryimage\"},\"thumbnailUrl\":\"https:\/\/www.justiceinfo.net\/wp-content\/uploads\/3db050fe99190168742722ff397ca7d6-scaled.jpg\",\"datePublished\":\"2017-08-18T07:12:15+00:00\",\"breadcrumb\":{\"@id\":\"https:\/\/www.justiceinfo.net\/fr\/34388-la-semaine-de-la-justice-transitionnelle-comment-reparer-un-crime.html#breadcrumb\"},\"inLanguage\":\"fr-FR\",\"potentialAction\":[{\"@type\":\"ReadAction\",\"target\":[\"https:\/\/www.justiceinfo.net\/fr\/34388-la-semaine-de-la-justice-transitionnelle-comment-reparer-un-crime.html\"]}]},{\"@type\":\"ImageObject\",\"inLanguage\":\"fr-FR\",\"@id\":\"https:\/\/www.justiceinfo.net\/fr\/34388-la-semaine-de-la-justice-transitionnelle-comment-reparer-un-crime.html#primaryimage\",\"url\":\"https:\/\/www.justiceinfo.net\/wp-content\/uploads\/3db050fe99190168742722ff397ca7d6-scaled.jpg\",\"contentUrl\":\"https:\/\/www.justiceinfo.net\/wp-content\/uploads\/3db050fe99190168742722ff397ca7d6-scaled.jpg\",\"width\":2560,\"height\":1652},{\"@type\":\"BreadcrumbList\",\"@id\":\"https:\/\/www.justiceinfo.net\/fr\/34388-la-semaine-de-la-justice-transitionnelle-comment-reparer-un-crime.html#breadcrumb\",\"itemListElement\":[{\"@type\":\"ListItem\",\"position\":1,\"name\":\"Home\",\"item\":\"https:\/\/www.justiceinfo.net\/fr\"},{\"@type\":\"ListItem\",\"position\":2,\"name\":\"La semaine de la justice transitionnelle : comment r\u00e9parer un crime\"}]},{\"@type\":\"WebSite\",\"@id\":\"https:\/\/www.justiceinfo.net\/fr#website\",\"url\":\"https:\/\/www.justiceinfo.net\/fr\",\"name\":\"JusticeInfo.net\",\"description\":\"La justice doit \u00eatre vue pour \u00eatre rendue\",\"publisher\":{\"@id\":\"https:\/\/www.justiceinfo.net\/fr#organization\"},\"potentialAction\":[{\"@type\":\"SearchAction\",\"target\":{\"@type\":\"EntryPoint\",\"urlTemplate\":\"https:\/\/www.justiceinfo.net\/fr?s={search_term_string}\"},\"query-input\":{\"@type\":\"PropertyValueSpecification\",\"valueRequired\":true,\"valueName\":\"search_term_string\"}}],\"inLanguage\":\"fr-FR\"},{\"@type\":\"Organization\",\"@id\":\"https:\/\/www.justiceinfo.net\/fr#organization\",\"name\":\"Justice Info\",\"url\":\"https:\/\/www.justiceinfo.net\/fr\",\"logo\":{\"@type\":\"ImageObject\",\"inLanguage\":\"fr-FR\",\"@id\":\"https:\/\/www.justiceinfo.net\/fr#\/schema\/logo\/image\/\",\"url\":\"https:\/\/www.justiceinfo.net\/wp-content\/uploads\/justiceinfo_logo-trans_1200x1200px.png\",\"contentUrl\":\"https:\/\/www.justiceinfo.net\/wp-content\/uploads\/justiceinfo_logo-trans_1200x1200px.png\",\"width\":1199,\"height\":1200,\"caption\":\"Justice Info\"},\"image\":{\"@id\":\"https:\/\/www.justiceinfo.net\/fr#\/schema\/logo\/image\/\"},\"sameAs\":[\"https:\/\/www.facebook.com\/JusticeInfo\/\",\"https:\/\/x.com\/justiceinfonet\",\"https:\/\/www.linkedin.com\/company\/justice-info\",\"https:\/\/www.youtube.com\/channel\/UCyCEsARodyuWtkWyhn-e7pA\"]},{\"@type\":\"Person\",\"name\":\"Fran\u00e7ois Sergent (JusticeInfo.net)\",\"sameAs\":[\"https:\/\/www.facebook.com\/profile.php?id=100004809918727\",\"https:\/\/x.com\/FrancoisSergent\"],\"url\":\"https:\/\/www.justiceinfo.net\/fr\/auteur\/fsergent\"}]}<\/script>\n<!-- \/ Yoast SEO Premium plugin. -->","yoast_head_json":{"title":"La semaine de la justice transitionnelle : comment r\u00e9parer un crime - JusticeInfo.net","robots":{"index":"index","follow":"follow","max-snippet":"max-snippet:-1","max-image-preview":"max-image-preview:large","max-video-preview":"max-video-preview:-1"},"canonical":"https:\/\/www.justiceinfo.net\/fr\/34388-la-semaine-de-la-justice-transitionnelle-comment-reparer-un-crime.html","og_locale":"fr_FR","og_type":"article","og_title":"La semaine de la justice transitionnelle : comment r\u00e9parer un crime","og_description":"La semaine de la justice transitionnelle a \u00e9t\u00e9 marqu\u00e9e par la d\u00e9cision de la Cour P\u00e9nale Internationale (CPI) sur les r\u00e9parations \u00e0 verser apr\u00e8s la destruction des mausol\u00e9es de Tombouctou au Mali. La somme est symbolique, 2,7 millions d\u2019euros, et Ahmed Al Mahdi le condamn\u00e9 indigent. Mais la CPI veut par ce jugement souligner la [&hellip;]","og_url":"https:\/\/www.justiceinfo.net\/fr\/34388-la-semaine-de-la-justice-transitionnelle-comment-reparer-un-crime.html","og_site_name":"JusticeInfo.net","article_publisher":"https:\/\/www.facebook.com\/JusticeInfo\/","article_author":"https:\/\/www.facebook.com\/profile.php?id=100004809918727","article_published_time":"2017-08-18T07:12:15+00:00","og_image":[{"width":2560,"height":1652,"url":"https:\/\/www.justiceinfo.net\/wp-content\/uploads\/3db050fe99190168742722ff397ca7d6-scaled.jpg","type":"image\/jpeg"}],"author":"Fran\u00e7ois Sergent (JusticeInfo.net)","twitter_card":"summary_large_image","twitter_creator":"@FrancoisSergent","twitter_site":"@justiceinfonet","twitter_misc":{"\u00c9crit par":"Fran\u00e7ois Sergent (JusticeInfo.net)","Dur\u00e9e de lecture estim\u00e9e":"3 minutes"},"schema":{"@context":"https:\/\/schema.org","@graph":[{"@type":"NewsArticle","@id":"https:\/\/www.justiceinfo.net\/fr\/34388-la-semaine-de-la-justice-transitionnelle-comment-reparer-un-crime.html#article","isPartOf":{"@id":"https:\/\/www.justiceinfo.net\/fr\/34388-la-semaine-de-la-justice-transitionnelle-comment-reparer-un-crime.html"},"author":{"name":"fsergent","@id":"https:\/\/www.justiceinfo.net\/fr#\/schema\/person\/724414fc3a7779fc189a73a27563e5e1"},"headline":"La semaine de la justice transitionnelle : comment r\u00e9parer un crime","datePublished":"2017-08-18T07:12:15+00:00","mainEntityOfPage":{"@id":"https:\/\/www.justiceinfo.net\/fr\/34388-la-semaine-de-la-justice-transitionnelle-comment-reparer-un-crime.html"},"wordCount":623,"commentCount":0,"publisher":{"@id":"https:\/\/www.justiceinfo.net\/fr#organization"},"image":{"@id":"https:\/\/www.justiceinfo.net\/fr\/34388-la-semaine-de-la-justice-transitionnelle-comment-reparer-un-crime.html#primaryimage"},"thumbnailUrl":"https:\/\/www.justiceinfo.net\/wp-content\/uploads\/3db050fe99190168742722ff397ca7d6-scaled.jpg","articleSection":["Opinions"],"inLanguage":"fr-FR","potentialAction":[{"@type":"CommentAction","name":"Comment","target":["https:\/\/www.justiceinfo.net\/fr\/34388-la-semaine-de-la-justice-transitionnelle-comment-reparer-un-crime.html#respond"]}]},{"@type":"WebPage","@id":"https:\/\/www.justiceinfo.net\/fr\/34388-la-semaine-de-la-justice-transitionnelle-comment-reparer-un-crime.html","url":"https:\/\/www.justiceinfo.net\/fr\/34388-la-semaine-de-la-justice-transitionnelle-comment-reparer-un-crime.html","name":"La semaine de la justice transitionnelle : comment r\u00e9parer un crime - JusticeInfo.net","isPartOf":{"@id":"https:\/\/www.justiceinfo.net\/fr#website"},"primaryImageOfPage":{"@id":"https:\/\/www.justiceinfo.net\/fr\/34388-la-semaine-de-la-justice-transitionnelle-comment-reparer-un-crime.html#primaryimage"},"image":{"@id":"https:\/\/www.justiceinfo.net\/fr\/34388-la-semaine-de-la-justice-transitionnelle-comment-reparer-un-crime.html#primaryimage"},"thumbnailUrl":"https:\/\/www.justiceinfo.net\/wp-content\/uploads\/3db050fe99190168742722ff397ca7d6-scaled.jpg","datePublished":"2017-08-18T07:12:15+00:00","breadcrumb":{"@id":"https:\/\/www.justiceinfo.net\/fr\/34388-la-semaine-de-la-justice-transitionnelle-comment-reparer-un-crime.html#breadcrumb"},"inLanguage":"fr-FR","potentialAction":[{"@type":"ReadAction","target":["https:\/\/www.justiceinfo.net\/fr\/34388-la-semaine-de-la-justice-transitionnelle-comment-reparer-un-crime.html"]}]},{"@type":"ImageObject","inLanguage":"fr-FR","@id":"https:\/\/www.justiceinfo.net\/fr\/34388-la-semaine-de-la-justice-transitionnelle-comment-reparer-un-crime.html#primaryimage","url":"https:\/\/www.justiceinfo.net\/wp-content\/uploads\/3db050fe99190168742722ff397ca7d6-scaled.jpg","contentUrl":"https:\/\/www.justiceinfo.net\/wp-content\/uploads\/3db050fe99190168742722ff397ca7d6-scaled.jpg","width":2560,"height":1652},{"@type":"BreadcrumbList","@id":"https:\/\/www.justiceinfo.net\/fr\/34388-la-semaine-de-la-justice-transitionnelle-comment-reparer-un-crime.html#breadcrumb","itemListElement":[{"@type":"ListItem","position":1,"name":"Home","item":"https:\/\/www.justiceinfo.net\/fr"},{"@type":"ListItem","position":2,"name":"La semaine de la justice transitionnelle : comment r\u00e9parer un crime"}]},{"@type":"WebSite","@id":"https:\/\/www.justiceinfo.net\/fr#website","url":"https:\/\/www.justiceinfo.net\/fr","name":"JusticeInfo.net","description":"La justice doit \u00eatre vue pour \u00eatre rendue","publisher":{"@id":"https:\/\/www.justiceinfo.net\/fr#organization"},"potentialAction":[{"@type":"SearchAction","target":{"@type":"EntryPoint","urlTemplate":"https:\/\/www.justiceinfo.net\/fr?s={search_term_string}"},"query-input":{"@type":"PropertyValueSpecification","valueRequired":true,"valueName":"search_term_string"}}],"inLanguage":"fr-FR"},{"@type":"Organization","@id":"https:\/\/www.justiceinfo.net\/fr#organization","name":"Justice Info","url":"https:\/\/www.justiceinfo.net\/fr","logo":{"@type":"ImageObject","inLanguage":"fr-FR","@id":"https:\/\/www.justiceinfo.net\/fr#\/schema\/logo\/image\/","url":"https:\/\/www.justiceinfo.net\/wp-content\/uploads\/justiceinfo_logo-trans_1200x1200px.png","contentUrl":"https:\/\/www.justiceinfo.net\/wp-content\/uploads\/justiceinfo_logo-trans_1200x1200px.png","width":1199,"height":1200,"caption":"Justice Info"},"image":{"@id":"https:\/\/www.justiceinfo.net\/fr#\/schema\/logo\/image\/"},"sameAs":["https:\/\/www.facebook.com\/JusticeInfo\/","https:\/\/x.com\/justiceinfonet","https:\/\/www.linkedin.com\/company\/justice-info","https:\/\/www.youtube.com\/channel\/UCyCEsARodyuWtkWyhn-e7pA"]},{"@type":"Person","name":"Fran\u00e7ois Sergent (JusticeInfo.net)","sameAs":["https:\/\/www.facebook.com\/profile.php?id=100004809918727","https:\/\/x.com\/FrancoisSergent"],"url":"https:\/\/www.justiceinfo.net\/fr\/auteur\/fsergent"}]}},"_links":{"self":[{"href":"https:\/\/www.justiceinfo.net\/fr\/wp-json\/wp\/v2\/posts\/34388","targetHints":{"allow":["GET"]}}],"collection":[{"href":"https:\/\/www.justiceinfo.net\/fr\/wp-json\/wp\/v2\/posts"}],"about":[{"href":"https:\/\/www.justiceinfo.net\/fr\/wp-json\/wp\/v2\/types\/post"}],"author":[{"embeddable":true,"href":"https:\/\/www.justiceinfo.net\/fr\/wp-json\/wp\/v2\/users\/58"}],"replies":[{"embeddable":true,"href":"https:\/\/www.justiceinfo.net\/fr\/wp-json\/wp\/v2\/comments?post=34388"}],"version-history":[{"count":0,"href":"https:\/\/www.justiceinfo.net\/fr\/wp-json\/wp\/v2\/posts\/34388\/revisions"}],"wp:featuredmedia":[{"embeddable":true,"href":"https:\/\/www.justiceinfo.net\/fr\/wp-json\/wp\/v2\/media\/68001"}],"wp:attachment":[{"href":"https:\/\/www.justiceinfo.net\/fr\/wp-json\/wp\/v2\/media?parent=34388"}],"wp:term":[{"taxonomy":"category","embeddable":true,"href":"https:\/\/www.justiceinfo.net\/fr\/wp-json\/wp\/v2\/categories?post=34388"},{"taxonomy":"post_tag","embeddable":true,"href":"https:\/\/www.justiceinfo.net\/fr\/wp-json\/wp\/v2\/tags?post=34388"},{"taxonomy":"ji_location","embeddable":true,"href":"https:\/\/www.justiceinfo.net\/fr\/wp-json\/wp\/v2\/ji_location?post=34388"}],"curies":[{"name":"wp","href":"https:\/\/api.w.org\/{rel}","templated":true}]}}