{"id":3441,"date":"2008-02-29T05:30:05","date_gmt":"2008-02-29T04:30:05","guid":{"rendered":"https:\/\/www.justiceinfo.net\/3441-280208-rwandafrance-nouvelle-arrestation-dun-rwandais-en-france-sur-mandat-de-kigali231.html"},"modified":"2008-02-29T05:30:05","modified_gmt":"2008-02-29T04:30:05","slug":"280208-rwandafrance-nouvelle-arrestation-dun-rwandais-en-france-sur-mandat-de-kigali231","status":"publish","type":"post","link":"https:\/\/www.justiceinfo.net\/fr\/3441-280208-rwandafrance-nouvelle-arrestation-dun-rwandais-en-france-sur-mandat-de-kigali231.html","title":{"rendered":"28.02.08 - RWANDA\/FRANCE  - NOUVELLE ARRESTATION D'UN RWANDAIS EN FRANCE SUR MANDAT DE KIGALI"},"content":{"rendered":"<p  >\nParis, 28 fevrier 2008 (FH) -  Claver Kamana, un Rwandais, a \u00e9t\u00e9 mardi \u00e0 Annecy (Haute-Savoie) en vertu d'un mandat d'arr\u00eat intermational \u00e9mis par Kigali.  <\/p>\n<p>Les autorit\u00e9s rwandaises reprochent \u00e0 M.\n<\/p>\n<p><!--more--><\/p>\n<p  >\nKamana des faits de g\u00e9nocide et complicit\u00e9 de g\u00e9nocide, a-t-on indiqu\u00e9 de sources judiciaires. Homme d'affaires, il figure sur la liste des personnes recherch\u00e9es par le Rwanda pour leur implication pendant le g\u00e9nocide de 1994. <\/p>\n<p>D\u00e9tenteur d'un titre de s\u00e9jour r\u00e9gulier,  Kamana habitait Annecy (Haute-Savoie) depuis un an et r\u00e9sidait en France depuis plusieurs ann\u00e9es, a-t-on appris de source fran\u00e7aise. Selon l'\u00e9tat-civil, M. Kamana est \u00e2g\u00e9 de 68 ans, mais, selon ses dires, il aurait 74 ans. <\/p>\n<p>Il a \u00e9t\u00e9 transf\u00e9r\u00e9 mercredi matin au parquet g\u00e9n\u00e9ral de Chamb\u00e9ry qui a sept jours pour lui notifier les faits vis\u00e9s dans le mandat d'arr\u00eat international. En attendant, il a \u00e9t\u00e9 plac\u00e9 sous \u00e9crou extraditionnel. La cour d'appel de Chamb\u00e9ry devrait examiner dans les prochaines semaines la demande d'extradition vers le Rwanda. <\/p>\n<p>Avant Kamana, un autre rwandais avait \u00e9t\u00e9 arr\u00e9t\u00e9 sur demande de Kigali. Marcel Bivugabagabo, ancien lieutenant-colonel de l'arm\u00e9e rwandaise a \u00e9t\u00e9 arr\u00eat\u00e9 le 7 janvier \u00e0 Toulouse. Depuis la chambre de l'instruction de la cour d'appel de Toulouse a demand\u00e9 aux autorit\u00e9s judiciaires rwandaises des documents suppl\u00e9mentaires avant d'examiner la demande d'extradition. <\/p>\n<p>Bivugabagabo, 53 ans, qui vivait \u00e0 Toulouse depuis plusieurs ann\u00e9es dans des conditions reguli\u00e8res et avait un emploi salari\u00e9 figure sur une liste des 93 personnes recherch\u00e9es par le Rwanda. <\/p>\n<p>Ces arrestations, comme celles de trois personnes recherch\u00e9es par le TPIR et qui vivaient en France, se sont acc\u00e9l\u00e9r\u00e9es depuis que le Rwanda et la France ont repris le dialogue en vue d'un r\u00e9tablissement des relations diplomatiques. Celles ci sont interrompues depuis l'enqu\u00eate du juge Jean Louis Brugui\u00e8re qui a mis en cause l'actuel chef de l'\u00e9tat \u00e0 propos de l'attentat contre l'avion du pr\u00e9sident Juv\u00e9nal Habyarimana. <\/p>\n<p>AP\/PB\/GF<\/p>\n","protected":false},"excerpt":{"rendered":"<p>Paris, 28 fevrier 2008 (FH) - Claver Kamana, un Rwandais, a \u00e9t\u00e9 mardi \u00e0 Annecy (Haute-Savoie) en vertu d'un mandat d'arr\u00eat intermational \u00e9mis par Kigali. Les autorit\u00e9s rwandaises reprochent \u00e0 M.<\/p>\n","protected":false},"author":64,"featured_media":0,"comment_status":"open","ping_status":"closed","sticky":false,"template":"","format":"standard","meta":{"_acf_changed":false,"footnotes":""},"categories":[554],"tags":[],"ji_location":[],"class_list":["post-3441","post","type-post","status-publish","format-standard","hentry","category-hirondellenews"],"acf":[],"yoast_head":"<!-- This site is optimized with the Yoast SEO Premium plugin v25.3.1 (Yoast SEO v25.3.1) - https:\/\/yoast.com\/wordpress\/plugins\/seo\/ -->\n<title>28.02.08 - RWANDA\/FRANCE - NOUVELLE ARRESTATION D&#039;UN RWANDAIS EN FRANCE SUR MANDAT DE KIGALI - JusticeInfo.net<\/title>\n<meta name=\"robots\" content=\"index, follow, max-snippet:-1, max-image-preview:large, max-video-preview:-1\" \/>\n<link rel=\"canonical\" href=\"https:\/\/www.justiceinfo.net\/fr\/3441-280208-rwandafrance-nouvelle-arrestation-dun-rwandais-en-france-sur-mandat-de-kigali231.html\" \/>\n<meta property=\"og:locale\" content=\"fr_FR\" \/>\n<meta property=\"og:type\" content=\"article\" \/>\n<meta property=\"og:title\" content=\"28.02.08 - RWANDA\/FRANCE - NOUVELLE ARRESTATION D&#039;UN RWANDAIS EN FRANCE SUR MANDAT DE KIGALI\" \/>\n<meta property=\"og:description\" content=\"Paris, 28 fevrier 2008 (FH) - Claver Kamana, un Rwandais, a \u00e9t\u00e9 mardi \u00e0 Annecy (Haute-Savoie) en vertu d&#039;un mandat d&#039;arr\u00eat intermational \u00e9mis par Kigali. Les autorit\u00e9s rwandaises reprochent \u00e0 M.\" \/>\n<meta property=\"og:url\" content=\"https:\/\/www.justiceinfo.net\/fr\/3441-280208-rwandafrance-nouvelle-arrestation-dun-rwandais-en-france-sur-mandat-de-kigali231.html\" \/>\n<meta property=\"og:site_name\" content=\"JusticeInfo.net\" \/>\n<meta property=\"article:publisher\" content=\"https:\/\/www.facebook.com\/JusticeInfo\/\" \/>\n<meta property=\"article:published_time\" content=\"2008-02-29T04:30:05+00:00\" \/>\n<meta property=\"og:image\" content=\"https:\/\/www.justiceinfo.net\/wp-content\/uploads\/JusticeInfoNet_logo_1200x630px.jpg\" \/>\n\t<meta property=\"og:image:width\" content=\"1200\" \/>\n\t<meta property=\"og:image:height\" content=\"630\" \/>\n\t<meta property=\"og:image:type\" content=\"image\/jpeg\" \/>\n<meta name=\"author\" content=\"solivri\" \/>\n<meta name=\"twitter:card\" content=\"summary_large_image\" \/>\n<meta name=\"twitter:creator\" content=\"@justiceinfonet\" \/>\n<meta name=\"twitter:site\" content=\"@justiceinfonet\" \/>\n<meta name=\"twitter:label1\" content=\"\u00c9crit par\" \/>\n\t<meta name=\"twitter:data1\" content=\"solivri\" \/>\n\t<meta name=\"twitter:label2\" content=\"Dur\u00e9e de lecture estim\u00e9e\" \/>\n\t<meta name=\"twitter:data2\" content=\"2 minutes\" \/>\n<script type=\"application\/ld+json\" class=\"yoast-schema-graph\">{\"@context\":\"https:\/\/schema.org\",\"@graph\":[{\"@type\":\"NewsArticle\",\"@id\":\"https:\/\/www.justiceinfo.net\/fr\/3441-280208-rwandafrance-nouvelle-arrestation-dun-rwandais-en-france-sur-mandat-de-kigali231.html#article\",\"isPartOf\":{\"@id\":\"https:\/\/www.justiceinfo.net\/fr\/3441-280208-rwandafrance-nouvelle-arrestation-dun-rwandais-en-france-sur-mandat-de-kigali231.html\"},\"author\":{\"name\":\"solivri\",\"@id\":\"https:\/\/www.justiceinfo.net\/fr#\/schema\/person\/6e53cba1629e2e66f3fc1821d3091865\"},\"headline\":\"28.02.08 - RWANDA\/FRANCE - NOUVELLE ARRESTATION D'UN RWANDAIS EN FRANCE SUR MANDAT DE KIGALI\",\"datePublished\":\"2008-02-29T04:30:05+00:00\",\"mainEntityOfPage\":{\"@id\":\"https:\/\/www.justiceinfo.net\/fr\/3441-280208-rwandafrance-nouvelle-arrestation-dun-rwandais-en-france-sur-mandat-de-kigali231.html\"},\"wordCount\":369,\"commentCount\":0,\"publisher\":{\"@id\":\"https:\/\/www.justiceinfo.net\/fr#organization\"},\"articleSection\":[\"Hirondelle News\"],\"inLanguage\":\"fr-FR\",\"potentialAction\":[{\"@type\":\"CommentAction\",\"name\":\"Comment\",\"target\":[\"https:\/\/www.justiceinfo.net\/fr\/3441-280208-rwandafrance-nouvelle-arrestation-dun-rwandais-en-france-sur-mandat-de-kigali231.html#respond\"]}]},{\"@type\":\"WebPage\",\"@id\":\"https:\/\/www.justiceinfo.net\/fr\/3441-280208-rwandafrance-nouvelle-arrestation-dun-rwandais-en-france-sur-mandat-de-kigali231.html\",\"url\":\"https:\/\/www.justiceinfo.net\/fr\/3441-280208-rwandafrance-nouvelle-arrestation-dun-rwandais-en-france-sur-mandat-de-kigali231.html\",\"name\":\"28.02.08 - RWANDA\/FRANCE - NOUVELLE ARRESTATION D'UN RWANDAIS EN FRANCE SUR MANDAT DE KIGALI - JusticeInfo.net\",\"isPartOf\":{\"@id\":\"https:\/\/www.justiceinfo.net\/fr#website\"},\"datePublished\":\"2008-02-29T04:30:05+00:00\",\"breadcrumb\":{\"@id\":\"https:\/\/www.justiceinfo.net\/fr\/3441-280208-rwandafrance-nouvelle-arrestation-dun-rwandais-en-france-sur-mandat-de-kigali231.html#breadcrumb\"},\"inLanguage\":\"fr-FR\",\"potentialAction\":[{\"@type\":\"ReadAction\",\"target\":[\"https:\/\/www.justiceinfo.net\/fr\/3441-280208-rwandafrance-nouvelle-arrestation-dun-rwandais-en-france-sur-mandat-de-kigali231.html\"]}]},{\"@type\":\"BreadcrumbList\",\"@id\":\"https:\/\/www.justiceinfo.net\/fr\/3441-280208-rwandafrance-nouvelle-arrestation-dun-rwandais-en-france-sur-mandat-de-kigali231.html#breadcrumb\",\"itemListElement\":[{\"@type\":\"ListItem\",\"position\":1,\"name\":\"Home\",\"item\":\"https:\/\/www.justiceinfo.net\/fr\"},{\"@type\":\"ListItem\",\"position\":2,\"name\":\"28.02.08 - RWANDA\/FRANCE - NOUVELLE ARRESTATION D'UN RWANDAIS EN FRANCE SUR MANDAT DE KIGALI\"}]},{\"@type\":\"WebSite\",\"@id\":\"https:\/\/www.justiceinfo.net\/fr#website\",\"url\":\"https:\/\/www.justiceinfo.net\/fr\",\"name\":\"JusticeInfo.net\",\"description\":\"La justice doit \u00eatre vue pour \u00eatre rendue\",\"publisher\":{\"@id\":\"https:\/\/www.justiceinfo.net\/fr#organization\"},\"potentialAction\":[{\"@type\":\"SearchAction\",\"target\":{\"@type\":\"EntryPoint\",\"urlTemplate\":\"https:\/\/www.justiceinfo.net\/fr?s={search_term_string}\"},\"query-input\":{\"@type\":\"PropertyValueSpecification\",\"valueRequired\":true,\"valueName\":\"search_term_string\"}}],\"inLanguage\":\"fr-FR\"},{\"@type\":\"Organization\",\"@id\":\"https:\/\/www.justiceinfo.net\/fr#organization\",\"name\":\"Justice Info\",\"url\":\"https:\/\/www.justiceinfo.net\/fr\",\"logo\":{\"@type\":\"ImageObject\",\"inLanguage\":\"fr-FR\",\"@id\":\"https:\/\/www.justiceinfo.net\/fr#\/schema\/logo\/image\/\",\"url\":\"https:\/\/www.justiceinfo.net\/wp-content\/uploads\/justiceinfo_logo-trans_1200x1200px.png\",\"contentUrl\":\"https:\/\/www.justiceinfo.net\/wp-content\/uploads\/justiceinfo_logo-trans_1200x1200px.png\",\"width\":1199,\"height\":1200,\"caption\":\"Justice Info\"},\"image\":{\"@id\":\"https:\/\/www.justiceinfo.net\/fr#\/schema\/logo\/image\/\"},\"sameAs\":[\"https:\/\/www.facebook.com\/JusticeInfo\/\",\"https:\/\/x.com\/justiceinfonet\",\"https:\/\/www.linkedin.com\/company\/justice-info\",\"https:\/\/www.youtube.com\/channel\/UCyCEsARodyuWtkWyhn-e7pA\"]},{\"@type\":\"Person\",\"name\":\"solivri\",\"url\":\"\/fr\/?s=solivri\"}]}<\/script>\n<!-- \/ Yoast SEO Premium plugin. -->","yoast_head_json":{"title":"28.02.08 - RWANDA\/FRANCE - NOUVELLE ARRESTATION D'UN RWANDAIS EN FRANCE SUR MANDAT DE KIGALI - JusticeInfo.net","robots":{"index":"index","follow":"follow","max-snippet":"max-snippet:-1","max-image-preview":"max-image-preview:large","max-video-preview":"max-video-preview:-1"},"canonical":"https:\/\/www.justiceinfo.net\/fr\/3441-280208-rwandafrance-nouvelle-arrestation-dun-rwandais-en-france-sur-mandat-de-kigali231.html","og_locale":"fr_FR","og_type":"article","og_title":"28.02.08 - RWANDA\/FRANCE - NOUVELLE ARRESTATION D'UN RWANDAIS EN FRANCE SUR MANDAT DE KIGALI","og_description":"Paris, 28 fevrier 2008 (FH) - Claver Kamana, un Rwandais, a \u00e9t\u00e9 mardi \u00e0 Annecy (Haute-Savoie) en vertu d'un mandat d'arr\u00eat intermational \u00e9mis par Kigali. Les autorit\u00e9s rwandaises reprochent \u00e0 M.","og_url":"https:\/\/www.justiceinfo.net\/fr\/3441-280208-rwandafrance-nouvelle-arrestation-dun-rwandais-en-france-sur-mandat-de-kigali231.html","og_site_name":"JusticeInfo.net","article_publisher":"https:\/\/www.facebook.com\/JusticeInfo\/","article_published_time":"2008-02-29T04:30:05+00:00","og_image":[{"width":1200,"height":630,"url":"https:\/\/www.justiceinfo.net\/wp-content\/uploads\/JusticeInfoNet_logo_1200x630px.jpg","type":"image\/jpeg"}],"author":"solivri","twitter_card":"summary_large_image","twitter_creator":"@justiceinfonet","twitter_site":"@justiceinfonet","twitter_misc":{"\u00c9crit par":"solivri","Dur\u00e9e de lecture estim\u00e9e":"2 minutes"},"schema":{"@context":"https:\/\/schema.org","@graph":[{"@type":"NewsArticle","@id":"https:\/\/www.justiceinfo.net\/fr\/3441-280208-rwandafrance-nouvelle-arrestation-dun-rwandais-en-france-sur-mandat-de-kigali231.html#article","isPartOf":{"@id":"https:\/\/www.justiceinfo.net\/fr\/3441-280208-rwandafrance-nouvelle-arrestation-dun-rwandais-en-france-sur-mandat-de-kigali231.html"},"author":{"name":"solivri","@id":"https:\/\/www.justiceinfo.net\/fr#\/schema\/person\/6e53cba1629e2e66f3fc1821d3091865"},"headline":"28.02.08 - RWANDA\/FRANCE - NOUVELLE ARRESTATION D'UN RWANDAIS EN FRANCE SUR MANDAT DE KIGALI","datePublished":"2008-02-29T04:30:05+00:00","mainEntityOfPage":{"@id":"https:\/\/www.justiceinfo.net\/fr\/3441-280208-rwandafrance-nouvelle-arrestation-dun-rwandais-en-france-sur-mandat-de-kigali231.html"},"wordCount":369,"commentCount":0,"publisher":{"@id":"https:\/\/www.justiceinfo.net\/fr#organization"},"articleSection":["Hirondelle News"],"inLanguage":"fr-FR","potentialAction":[{"@type":"CommentAction","name":"Comment","target":["https:\/\/www.justiceinfo.net\/fr\/3441-280208-rwandafrance-nouvelle-arrestation-dun-rwandais-en-france-sur-mandat-de-kigali231.html#respond"]}]},{"@type":"WebPage","@id":"https:\/\/www.justiceinfo.net\/fr\/3441-280208-rwandafrance-nouvelle-arrestation-dun-rwandais-en-france-sur-mandat-de-kigali231.html","url":"https:\/\/www.justiceinfo.net\/fr\/3441-280208-rwandafrance-nouvelle-arrestation-dun-rwandais-en-france-sur-mandat-de-kigali231.html","name":"28.02.08 - RWANDA\/FRANCE - NOUVELLE ARRESTATION D'UN RWANDAIS EN FRANCE SUR MANDAT DE KIGALI - JusticeInfo.net","isPartOf":{"@id":"https:\/\/www.justiceinfo.net\/fr#website"},"datePublished":"2008-02-29T04:30:05+00:00","breadcrumb":{"@id":"https:\/\/www.justiceinfo.net\/fr\/3441-280208-rwandafrance-nouvelle-arrestation-dun-rwandais-en-france-sur-mandat-de-kigali231.html#breadcrumb"},"inLanguage":"fr-FR","potentialAction":[{"@type":"ReadAction","target":["https:\/\/www.justiceinfo.net\/fr\/3441-280208-rwandafrance-nouvelle-arrestation-dun-rwandais-en-france-sur-mandat-de-kigali231.html"]}]},{"@type":"BreadcrumbList","@id":"https:\/\/www.justiceinfo.net\/fr\/3441-280208-rwandafrance-nouvelle-arrestation-dun-rwandais-en-france-sur-mandat-de-kigali231.html#breadcrumb","itemListElement":[{"@type":"ListItem","position":1,"name":"Home","item":"https:\/\/www.justiceinfo.net\/fr"},{"@type":"ListItem","position":2,"name":"28.02.08 - RWANDA\/FRANCE - NOUVELLE ARRESTATION D'UN RWANDAIS EN FRANCE SUR MANDAT DE KIGALI"}]},{"@type":"WebSite","@id":"https:\/\/www.justiceinfo.net\/fr#website","url":"https:\/\/www.justiceinfo.net\/fr","name":"JusticeInfo.net","description":"La justice doit \u00eatre vue pour \u00eatre rendue","publisher":{"@id":"https:\/\/www.justiceinfo.net\/fr#organization"},"potentialAction":[{"@type":"SearchAction","target":{"@type":"EntryPoint","urlTemplate":"https:\/\/www.justiceinfo.net\/fr?s={search_term_string}"},"query-input":{"@type":"PropertyValueSpecification","valueRequired":true,"valueName":"search_term_string"}}],"inLanguage":"fr-FR"},{"@type":"Organization","@id":"https:\/\/www.justiceinfo.net\/fr#organization","name":"Justice Info","url":"https:\/\/www.justiceinfo.net\/fr","logo":{"@type":"ImageObject","inLanguage":"fr-FR","@id":"https:\/\/www.justiceinfo.net\/fr#\/schema\/logo\/image\/","url":"https:\/\/www.justiceinfo.net\/wp-content\/uploads\/justiceinfo_logo-trans_1200x1200px.png","contentUrl":"https:\/\/www.justiceinfo.net\/wp-content\/uploads\/justiceinfo_logo-trans_1200x1200px.png","width":1199,"height":1200,"caption":"Justice Info"},"image":{"@id":"https:\/\/www.justiceinfo.net\/fr#\/schema\/logo\/image\/"},"sameAs":["https:\/\/www.facebook.com\/JusticeInfo\/","https:\/\/x.com\/justiceinfonet","https:\/\/www.linkedin.com\/company\/justice-info","https:\/\/www.youtube.com\/channel\/UCyCEsARodyuWtkWyhn-e7pA"]},{"@type":"Person","name":"solivri","url":"\/fr\/?s=solivri"}]}},"_links":{"self":[{"href":"https:\/\/www.justiceinfo.net\/fr\/wp-json\/wp\/v2\/posts\/3441","targetHints":{"allow":["GET"]}}],"collection":[{"href":"https:\/\/www.justiceinfo.net\/fr\/wp-json\/wp\/v2\/posts"}],"about":[{"href":"https:\/\/www.justiceinfo.net\/fr\/wp-json\/wp\/v2\/types\/post"}],"author":[{"embeddable":true,"href":"https:\/\/www.justiceinfo.net\/fr\/wp-json\/wp\/v2\/users\/64"}],"replies":[{"embeddable":true,"href":"https:\/\/www.justiceinfo.net\/fr\/wp-json\/wp\/v2\/comments?post=3441"}],"version-history":[{"count":0,"href":"https:\/\/www.justiceinfo.net\/fr\/wp-json\/wp\/v2\/posts\/3441\/revisions"}],"wp:attachment":[{"href":"https:\/\/www.justiceinfo.net\/fr\/wp-json\/wp\/v2\/media?parent=3441"}],"wp:term":[{"taxonomy":"category","embeddable":true,"href":"https:\/\/www.justiceinfo.net\/fr\/wp-json\/wp\/v2\/categories?post=3441"},{"taxonomy":"post_tag","embeddable":true,"href":"https:\/\/www.justiceinfo.net\/fr\/wp-json\/wp\/v2\/tags?post=3441"},{"taxonomy":"ji_location","embeddable":true,"href":"https:\/\/www.justiceinfo.net\/fr\/wp-json\/wp\/v2\/ji_location?post=3441"}],"curies":[{"name":"wp","href":"https:\/\/api.w.org\/{rel}","templated":true}]}}