{"id":34422,"date":"2017-08-23T00:30:03","date_gmt":"2017-08-22T22:30:03","guid":{"rendered":"https:\/\/www.justiceinfo.net\/34422-centrafrique-signes-avant-coureurs-d-un-genocide-insiste-un-haut-responsable-de-l-onu-2.html"},"modified":"2017-08-23T00:30:03","modified_gmt":"2017-08-22T22:30:03","slug":"centrafrique-signes-avant-coureurs-d-un-genocide-insiste-un-haut-responsable-de-l-onu-2","status":"publish","type":"post","link":"https:\/\/www.justiceinfo.net\/fr\/34422-centrafrique-signes-avant-coureurs-d-un-genocide-insiste-un-haut-responsable-de-l-onu-2.html","title":{"rendered":"Centrafrique: signes avant-coureurs d'un g\u00e9nocide, insiste un haut responsable de l'ONU"},"content":{"rendered":"<div class=\"content-excerpt\">\n<p>En Centrafrique o\u00f9 les violences s'\u00e9tendent, des signes avant-coureurs de g\u00e9nocide existent, a affirm\u00e9 mardi devant le Conseil de s\u00e9curit\u00e9, selon des diplomates, le secr\u00e9taire g\u00e9n\u00e9ral adjoint de l'ONU pour les Affaires humanitaires, le Britannique Stephen O'Brien.<\/p>\n<\/div>\n<p>Lors de ces discussions ferm\u00e9es \u00e0 la presse, qui ne figuraient pas \u00e0 l'agenda officiel du Conseil et avaient \u00e9t\u00e9 r\u00e9clam\u00e9es en urgence par la France, Stephen O'Brien \"a r\u00e9p\u00e9t\u00e9 ce qu'il avait dit\" d\u00e9but ao\u00fbt lors d'une r\u00e9union \u00e0 l'ONU, a rapport\u00e9 l'une de ces sources diplomatiques.<\/p>\n<p>\"Les signes avant-coureurs de g\u00e9nocide sont l\u00e0\", avait-il alors mis en garde en rendant compte d'un r\u00e9cent voyage men\u00e9 en Centrafrique et en r\u00e9clamant davantage de militaires et de policiers pour l'op\u00e9ration de paix de l'ONU (Minusca) dans ce pays de 4,5 millions d'habitants.<\/p>\n<p>Ses propos avaient suscit\u00e9 des remous au sein de l'Organisation, toujours traumatis\u00e9e par son \u00e9chec \u00e0 pr\u00e9venir le g\u00e9nocide survenu au Rwanda en 1994.<\/p>\n<p>Les Nations unies maintiennent quelque 12.500 militaires et policiers en Centrafrique pour aider \u00e0 prot\u00e9ger les civils et soutenir le gouvernement du pr\u00e9sident Faustin-Archange Touadera, \u00e9lu l'an dernier.<\/p>\n<p>Selon Stephen O'Brien, cit\u00e9 par un diplomate, le nombre de d\u00e9plac\u00e9s dans le pays atteint aujourd'hui \"600.000, soit 40% de plus que l'an dernier\". Le responsable de l'ONU a aussi mis en garde le Conseil de s\u00e9curit\u00e9 contre les violences qui visent les acteurs humanitaires sur le terrain, obligeant \u00e0 suspendre plusieurs de leurs actions. Les violences s'\u00e9tendent dans le pays, comme dans la r\u00e9gion de Bangassou (sud-est), a-t-on pr\u00e9cis\u00e9 de m\u00eame source.<\/p>\n<p>La Centrafrique subit un regain de violences des factions de l'ex-S\u00e9l\u00e9ka, pr\u00e9tendant d\u00e9fendre la minorit\u00e9 musulmane, et groupes d'\"auto-d\u00e9fense\" anti-balaka, majoritairement chr\u00e9tiens. Le contr\u00f4le des ressources naturelles est aussi un enjeu des violences.<\/p>\n<p>Selon un autre diplomate, lors des \u00e9changes mardi, \"des membres du Conseil de s\u00e9curit\u00e9 ont propos\u00e9 une visite\" de cette instance en Centrafrique pour qu'elle se fasse une id\u00e9e plus pr\u00e9cise de la situation.<\/p>\n<p>D\u00e9but ao\u00fbt, Stephen O'Brien avait exhort\u00e9 le Conseil de s\u00e9curit\u00e9 \u00e0 \"agir maintenant, ne pas r\u00e9duire l'effort de l'ONU et prier pour ne pas avoir \u00e0 vivre en le regrettant\".<\/p>\n<p>Mardi, selon des diplomates, il a r\u00e9affirm\u00e9 que l'objectif de 497 millions de dollars pour financer l'aide humanitaire destin\u00e9e cette ann\u00e9e \u00e0 la Centrafrique \u00e9tait loin d'\u00eatre atteint.<\/p>\n","protected":false},"excerpt":{"rendered":"<p>En Centrafrique o\u00f9 les violences s'\u00e9tendent, des signes avant-coureurs de g\u00e9nocide existent, a affirm\u00e9 mardi devant le Conseil de s\u00e9curit\u00e9, selon des diplomates, le secr\u00e9taire g\u00e9n\u00e9ral adjoint de l'ONU pour les Affaires humanitaires, le Britannique Stephen O'Brien. Lors de ces discussions ferm\u00e9es \u00e0 la presse, qui ne figuraient pas \u00e0 l'agenda officiel du Conseil et [&hellip;]<\/p>\n","protected":false},"author":60,"featured_media":0,"comment_status":"open","ping_status":"closed","sticky":false,"template":"","format":"standard","meta":{"_acf_changed":false,"footnotes":""},"categories":[556],"tags":[],"ji_location":[2164],"class_list":["post-34422","post","type-post","status-publish","format-standard","hentry","category-divers","ji_location-republique-centrafricaine"],"acf":[],"yoast_head":"<!-- This site is optimized with the Yoast SEO Premium plugin v25.3.1 (Yoast SEO v25.3.1) - https:\/\/yoast.com\/wordpress\/plugins\/seo\/ -->\n<title>Centrafrique: signes avant-coureurs d&#039;un g\u00e9nocide, insiste un haut responsable de l&#039;ONU - JusticeInfo.net<\/title>\n<meta name=\"robots\" content=\"index, follow, max-snippet:-1, max-image-preview:large, max-video-preview:-1\" \/>\n<link rel=\"canonical\" href=\"https:\/\/www.justiceinfo.net\/fr\/34422-centrafrique-signes-avant-coureurs-d-un-genocide-insiste-un-haut-responsable-de-l-onu-2.html\" \/>\n<meta property=\"og:locale\" content=\"fr_FR\" \/>\n<meta property=\"og:type\" content=\"article\" \/>\n<meta property=\"og:title\" content=\"Centrafrique: signes avant-coureurs d&#039;un g\u00e9nocide, insiste un haut responsable de l&#039;ONU\" \/>\n<meta property=\"og:description\" content=\"En Centrafrique o\u00f9 les violences s&#039;\u00e9tendent, des signes avant-coureurs de g\u00e9nocide existent, a affirm\u00e9 mardi devant le Conseil de s\u00e9curit\u00e9, selon des diplomates, le secr\u00e9taire g\u00e9n\u00e9ral adjoint de l&#039;ONU pour les Affaires humanitaires, le Britannique Stephen O&#039;Brien. Lors de ces discussions ferm\u00e9es \u00e0 la presse, qui ne figuraient pas \u00e0 l&#039;agenda officiel du Conseil et [&hellip;]\" \/>\n<meta property=\"og:url\" content=\"https:\/\/www.justiceinfo.net\/fr\/34422-centrafrique-signes-avant-coureurs-d-un-genocide-insiste-un-haut-responsable-de-l-onu-2.html\" \/>\n<meta property=\"og:site_name\" content=\"JusticeInfo.net\" \/>\n<meta property=\"article:publisher\" content=\"https:\/\/www.facebook.com\/JusticeInfo\/\" \/>\n<meta property=\"article:published_time\" content=\"2017-08-22T22:30:03+00:00\" \/>\n<meta property=\"og:image\" content=\"https:\/\/www.justiceinfo.net\/wp-content\/uploads\/JusticeInfoNet_logo_1200x630px.jpg\" \/>\n\t<meta property=\"og:image:width\" content=\"1200\" \/>\n\t<meta property=\"og:image:height\" content=\"630\" \/>\n\t<meta property=\"og:image:type\" content=\"image\/jpeg\" \/>\n<meta name=\"author\" content=\"AFP\" \/>\n<meta name=\"twitter:card\" content=\"summary_large_image\" \/>\n<meta name=\"twitter:creator\" content=\"@justiceinfonet\" \/>\n<meta name=\"twitter:site\" content=\"@justiceinfonet\" \/>\n<meta name=\"twitter:label1\" content=\"\u00c9crit par\" \/>\n\t<meta name=\"twitter:data1\" content=\"AFP\" \/>\n\t<meta name=\"twitter:label2\" content=\"Dur\u00e9e de lecture estim\u00e9e\" \/>\n\t<meta name=\"twitter:data2\" content=\"2 minutes\" \/>\n<script type=\"application\/ld+json\" class=\"yoast-schema-graph\">{\"@context\":\"https:\/\/schema.org\",\"@graph\":[{\"@type\":\"NewsArticle\",\"@id\":\"https:\/\/www.justiceinfo.net\/fr\/34422-centrafrique-signes-avant-coureurs-d-un-genocide-insiste-un-haut-responsable-de-l-onu-2.html#article\",\"isPartOf\":{\"@id\":\"https:\/\/www.justiceinfo.net\/fr\/34422-centrafrique-signes-avant-coureurs-d-un-genocide-insiste-un-haut-responsable-de-l-onu-2.html\"},\"author\":{\"name\":\"afp\",\"@id\":\"https:\/\/www.justiceinfo.net\/fr#\/schema\/person\/713d340ef5f218fc36ce9b4244364a7f\"},\"headline\":\"Centrafrique: signes avant-coureurs d'un g\u00e9nocide, insiste un haut responsable de l'ONU\",\"datePublished\":\"2017-08-22T22:30:03+00:00\",\"mainEntityOfPage\":{\"@id\":\"https:\/\/www.justiceinfo.net\/fr\/34422-centrafrique-signes-avant-coureurs-d-un-genocide-insiste-un-haut-responsable-de-l-onu-2.html\"},\"wordCount\":452,\"commentCount\":0,\"publisher\":{\"@id\":\"https:\/\/www.justiceinfo.net\/fr#organization\"},\"articleSection\":[\"Divers\"],\"inLanguage\":\"fr-FR\",\"potentialAction\":[{\"@type\":\"CommentAction\",\"name\":\"Comment\",\"target\":[\"https:\/\/www.justiceinfo.net\/fr\/34422-centrafrique-signes-avant-coureurs-d-un-genocide-insiste-un-haut-responsable-de-l-onu-2.html#respond\"]}]},{\"@type\":\"WebPage\",\"@id\":\"https:\/\/www.justiceinfo.net\/fr\/34422-centrafrique-signes-avant-coureurs-d-un-genocide-insiste-un-haut-responsable-de-l-onu-2.html\",\"url\":\"https:\/\/www.justiceinfo.net\/fr\/34422-centrafrique-signes-avant-coureurs-d-un-genocide-insiste-un-haut-responsable-de-l-onu-2.html\",\"name\":\"Centrafrique: signes avant-coureurs d'un g\u00e9nocide, insiste un haut responsable de l'ONU - JusticeInfo.net\",\"isPartOf\":{\"@id\":\"https:\/\/www.justiceinfo.net\/fr#website\"},\"datePublished\":\"2017-08-22T22:30:03+00:00\",\"breadcrumb\":{\"@id\":\"https:\/\/www.justiceinfo.net\/fr\/34422-centrafrique-signes-avant-coureurs-d-un-genocide-insiste-un-haut-responsable-de-l-onu-2.html#breadcrumb\"},\"inLanguage\":\"fr-FR\",\"potentialAction\":[{\"@type\":\"ReadAction\",\"target\":[\"https:\/\/www.justiceinfo.net\/fr\/34422-centrafrique-signes-avant-coureurs-d-un-genocide-insiste-un-haut-responsable-de-l-onu-2.html\"]}]},{\"@type\":\"BreadcrumbList\",\"@id\":\"https:\/\/www.justiceinfo.net\/fr\/34422-centrafrique-signes-avant-coureurs-d-un-genocide-insiste-un-haut-responsable-de-l-onu-2.html#breadcrumb\",\"itemListElement\":[{\"@type\":\"ListItem\",\"position\":1,\"name\":\"Home\",\"item\":\"https:\/\/www.justiceinfo.net\/fr\"},{\"@type\":\"ListItem\",\"position\":2,\"name\":\"Centrafrique: signes avant-coureurs d'un g\u00e9nocide, insiste un haut responsable de l'ONU\"}]},{\"@type\":\"WebSite\",\"@id\":\"https:\/\/www.justiceinfo.net\/fr#website\",\"url\":\"https:\/\/www.justiceinfo.net\/fr\",\"name\":\"JusticeInfo.net\",\"description\":\"La justice doit \u00eatre vue pour \u00eatre rendue\",\"publisher\":{\"@id\":\"https:\/\/www.justiceinfo.net\/fr#organization\"},\"potentialAction\":[{\"@type\":\"SearchAction\",\"target\":{\"@type\":\"EntryPoint\",\"urlTemplate\":\"https:\/\/www.justiceinfo.net\/fr?s={search_term_string}\"},\"query-input\":{\"@type\":\"PropertyValueSpecification\",\"valueRequired\":true,\"valueName\":\"search_term_string\"}}],\"inLanguage\":\"fr-FR\"},{\"@type\":\"Organization\",\"@id\":\"https:\/\/www.justiceinfo.net\/fr#organization\",\"name\":\"Justice Info\",\"url\":\"https:\/\/www.justiceinfo.net\/fr\",\"logo\":{\"@type\":\"ImageObject\",\"inLanguage\":\"fr-FR\",\"@id\":\"https:\/\/www.justiceinfo.net\/fr#\/schema\/logo\/image\/\",\"url\":\"https:\/\/www.justiceinfo.net\/wp-content\/uploads\/justiceinfo_logo-trans_1200x1200px.png\",\"contentUrl\":\"https:\/\/www.justiceinfo.net\/wp-content\/uploads\/justiceinfo_logo-trans_1200x1200px.png\",\"width\":1199,\"height\":1200,\"caption\":\"Justice Info\"},\"image\":{\"@id\":\"https:\/\/www.justiceinfo.net\/fr#\/schema\/logo\/image\/\"},\"sameAs\":[\"https:\/\/www.facebook.com\/JusticeInfo\/\",\"https:\/\/x.com\/justiceinfonet\",\"https:\/\/www.linkedin.com\/company\/justice-info\",\"https:\/\/www.youtube.com\/channel\/UCyCEsARodyuWtkWyhn-e7pA\"]},{\"@type\":\"Person\",\"name\":\"AFP\",\"url\":\"\/fr\/?s=AFP\"}]}<\/script>\n<!-- \/ Yoast SEO Premium plugin. -->","yoast_head_json":{"title":"Centrafrique: signes avant-coureurs d'un g\u00e9nocide, insiste un haut responsable de l'ONU - JusticeInfo.net","robots":{"index":"index","follow":"follow","max-snippet":"max-snippet:-1","max-image-preview":"max-image-preview:large","max-video-preview":"max-video-preview:-1"},"canonical":"https:\/\/www.justiceinfo.net\/fr\/34422-centrafrique-signes-avant-coureurs-d-un-genocide-insiste-un-haut-responsable-de-l-onu-2.html","og_locale":"fr_FR","og_type":"article","og_title":"Centrafrique: signes avant-coureurs d'un g\u00e9nocide, insiste un haut responsable de l'ONU","og_description":"En Centrafrique o\u00f9 les violences s'\u00e9tendent, des signes avant-coureurs de g\u00e9nocide existent, a affirm\u00e9 mardi devant le Conseil de s\u00e9curit\u00e9, selon des diplomates, le secr\u00e9taire g\u00e9n\u00e9ral adjoint de l'ONU pour les Affaires humanitaires, le Britannique Stephen O'Brien. Lors de ces discussions ferm\u00e9es \u00e0 la presse, qui ne figuraient pas \u00e0 l'agenda officiel du Conseil et [&hellip;]","og_url":"https:\/\/www.justiceinfo.net\/fr\/34422-centrafrique-signes-avant-coureurs-d-un-genocide-insiste-un-haut-responsable-de-l-onu-2.html","og_site_name":"JusticeInfo.net","article_publisher":"https:\/\/www.facebook.com\/JusticeInfo\/","article_published_time":"2017-08-22T22:30:03+00:00","og_image":[{"width":1200,"height":630,"url":"https:\/\/www.justiceinfo.net\/wp-content\/uploads\/JusticeInfoNet_logo_1200x630px.jpg","type":"image\/jpeg"}],"author":"AFP","twitter_card":"summary_large_image","twitter_creator":"@justiceinfonet","twitter_site":"@justiceinfonet","twitter_misc":{"\u00c9crit par":"AFP","Dur\u00e9e de lecture estim\u00e9e":"2 minutes"},"schema":{"@context":"https:\/\/schema.org","@graph":[{"@type":"NewsArticle","@id":"https:\/\/www.justiceinfo.net\/fr\/34422-centrafrique-signes-avant-coureurs-d-un-genocide-insiste-un-haut-responsable-de-l-onu-2.html#article","isPartOf":{"@id":"https:\/\/www.justiceinfo.net\/fr\/34422-centrafrique-signes-avant-coureurs-d-un-genocide-insiste-un-haut-responsable-de-l-onu-2.html"},"author":{"name":"afp","@id":"https:\/\/www.justiceinfo.net\/fr#\/schema\/person\/713d340ef5f218fc36ce9b4244364a7f"},"headline":"Centrafrique: signes avant-coureurs d'un g\u00e9nocide, insiste un haut responsable de l'ONU","datePublished":"2017-08-22T22:30:03+00:00","mainEntityOfPage":{"@id":"https:\/\/www.justiceinfo.net\/fr\/34422-centrafrique-signes-avant-coureurs-d-un-genocide-insiste-un-haut-responsable-de-l-onu-2.html"},"wordCount":452,"commentCount":0,"publisher":{"@id":"https:\/\/www.justiceinfo.net\/fr#organization"},"articleSection":["Divers"],"inLanguage":"fr-FR","potentialAction":[{"@type":"CommentAction","name":"Comment","target":["https:\/\/www.justiceinfo.net\/fr\/34422-centrafrique-signes-avant-coureurs-d-un-genocide-insiste-un-haut-responsable-de-l-onu-2.html#respond"]}]},{"@type":"WebPage","@id":"https:\/\/www.justiceinfo.net\/fr\/34422-centrafrique-signes-avant-coureurs-d-un-genocide-insiste-un-haut-responsable-de-l-onu-2.html","url":"https:\/\/www.justiceinfo.net\/fr\/34422-centrafrique-signes-avant-coureurs-d-un-genocide-insiste-un-haut-responsable-de-l-onu-2.html","name":"Centrafrique: signes avant-coureurs d'un g\u00e9nocide, insiste un haut responsable de l'ONU - JusticeInfo.net","isPartOf":{"@id":"https:\/\/www.justiceinfo.net\/fr#website"},"datePublished":"2017-08-22T22:30:03+00:00","breadcrumb":{"@id":"https:\/\/www.justiceinfo.net\/fr\/34422-centrafrique-signes-avant-coureurs-d-un-genocide-insiste-un-haut-responsable-de-l-onu-2.html#breadcrumb"},"inLanguage":"fr-FR","potentialAction":[{"@type":"ReadAction","target":["https:\/\/www.justiceinfo.net\/fr\/34422-centrafrique-signes-avant-coureurs-d-un-genocide-insiste-un-haut-responsable-de-l-onu-2.html"]}]},{"@type":"BreadcrumbList","@id":"https:\/\/www.justiceinfo.net\/fr\/34422-centrafrique-signes-avant-coureurs-d-un-genocide-insiste-un-haut-responsable-de-l-onu-2.html#breadcrumb","itemListElement":[{"@type":"ListItem","position":1,"name":"Home","item":"https:\/\/www.justiceinfo.net\/fr"},{"@type":"ListItem","position":2,"name":"Centrafrique: signes avant-coureurs d'un g\u00e9nocide, insiste un haut responsable de l'ONU"}]},{"@type":"WebSite","@id":"https:\/\/www.justiceinfo.net\/fr#website","url":"https:\/\/www.justiceinfo.net\/fr","name":"JusticeInfo.net","description":"La justice doit \u00eatre vue pour \u00eatre rendue","publisher":{"@id":"https:\/\/www.justiceinfo.net\/fr#organization"},"potentialAction":[{"@type":"SearchAction","target":{"@type":"EntryPoint","urlTemplate":"https:\/\/www.justiceinfo.net\/fr?s={search_term_string}"},"query-input":{"@type":"PropertyValueSpecification","valueRequired":true,"valueName":"search_term_string"}}],"inLanguage":"fr-FR"},{"@type":"Organization","@id":"https:\/\/www.justiceinfo.net\/fr#organization","name":"Justice Info","url":"https:\/\/www.justiceinfo.net\/fr","logo":{"@type":"ImageObject","inLanguage":"fr-FR","@id":"https:\/\/www.justiceinfo.net\/fr#\/schema\/logo\/image\/","url":"https:\/\/www.justiceinfo.net\/wp-content\/uploads\/justiceinfo_logo-trans_1200x1200px.png","contentUrl":"https:\/\/www.justiceinfo.net\/wp-content\/uploads\/justiceinfo_logo-trans_1200x1200px.png","width":1199,"height":1200,"caption":"Justice Info"},"image":{"@id":"https:\/\/www.justiceinfo.net\/fr#\/schema\/logo\/image\/"},"sameAs":["https:\/\/www.facebook.com\/JusticeInfo\/","https:\/\/x.com\/justiceinfonet","https:\/\/www.linkedin.com\/company\/justice-info","https:\/\/www.youtube.com\/channel\/UCyCEsARodyuWtkWyhn-e7pA"]},{"@type":"Person","name":"AFP","url":"\/fr\/?s=AFP"}]}},"_links":{"self":[{"href":"https:\/\/www.justiceinfo.net\/fr\/wp-json\/wp\/v2\/posts\/34422","targetHints":{"allow":["GET"]}}],"collection":[{"href":"https:\/\/www.justiceinfo.net\/fr\/wp-json\/wp\/v2\/posts"}],"about":[{"href":"https:\/\/www.justiceinfo.net\/fr\/wp-json\/wp\/v2\/types\/post"}],"author":[{"embeddable":true,"href":"https:\/\/www.justiceinfo.net\/fr\/wp-json\/wp\/v2\/users\/60"}],"replies":[{"embeddable":true,"href":"https:\/\/www.justiceinfo.net\/fr\/wp-json\/wp\/v2\/comments?post=34422"}],"version-history":[{"count":0,"href":"https:\/\/www.justiceinfo.net\/fr\/wp-json\/wp\/v2\/posts\/34422\/revisions"}],"wp:attachment":[{"href":"https:\/\/www.justiceinfo.net\/fr\/wp-json\/wp\/v2\/media?parent=34422"}],"wp:term":[{"taxonomy":"category","embeddable":true,"href":"https:\/\/www.justiceinfo.net\/fr\/wp-json\/wp\/v2\/categories?post=34422"},{"taxonomy":"post_tag","embeddable":true,"href":"https:\/\/www.justiceinfo.net\/fr\/wp-json\/wp\/v2\/tags?post=34422"},{"taxonomy":"ji_location","embeddable":true,"href":"https:\/\/www.justiceinfo.net\/fr\/wp-json\/wp\/v2\/ji_location?post=34422"}],"curies":[{"name":"wp","href":"https:\/\/api.w.org\/{rel}","templated":true}]}}