{"id":34429,"date":"2017-08-25T08:57:21","date_gmt":"2017-08-25T06:57:21","guid":{"rendered":"https:\/\/www.justiceinfo.net\/34429-la-semaine-de-la-justice-transitionnelle-le-passe-desuni.html"},"modified":"2017-08-25T08:57:21","modified_gmt":"2017-08-25T06:57:21","slug":"la-semaine-de-la-justice-transitionnelle-le-passe-desuni","status":"publish","type":"post","link":"https:\/\/www.justiceinfo.net\/fr\/34429-la-semaine-de-la-justice-transitionnelle-le-passe-desuni.html","title":{"rendered":"La semaine de la justice transitionnelle : le pass\u00e9 d\u00e9suni"},"content":{"rendered":"<div class=\"content-excerpt\">\n<p>La relecture d\u2019un pass\u00e9 divis\u00e9 appartient \u00e0 la justice transitionnelle. Au del\u00e0 des processus juridiques cadr\u00e9s et encadr\u00e9s, comment un pays, une institution peut faire face \u00e0 une m\u00e9moire et une histoire qui divisent encore ? Comme le dit \u00e9l\u00e9gamment, Sylvie Wuhrmann, la directrice de la Fondation de l\u2019Hermitage de Lausanne, au sujet de l\u2019exposition B\u00fcrhle, un marchand de canons suisse qui a pu constituer une collection exceptionnelle en faisant commerce d\u2019armes avec les nazis : \u00ab Il ne faut pas punir les \u0153uvres en raison de leur pass\u00e9. Un mus\u00e9e n\u2019est pas un tribunal mais un lieu de m\u00e9moire. \u00bb<\/p>\n<\/div>\n<p>Dans un <a href=\"fr\/component\/k2\/ventes-d-armes-et-achats-d-%C5%93uvres-d-art,-aux-origines-de-la-collection-b%C3%BChrle.html\">article<\/a> de notre partenaire <em>The Conversation, <\/em>le professeur Jean-Michel Saussois explique : cette exposition \u201c est aussi une le\u00e7on d\u2019histoire et de sociologie pour s\u2019interroger sur ce m\u00e9c\u00e8ne qui a constitu\u00e9 sa collection de 1936 \u00e0 1956, traversant sans encombre le fascisme et la guerre\u201d. Selon le professeur, \u201cla fondation B\u00fchrle montre en toute transparence le parcours historique des chefs d\u2019\u0153uvre.\u201d Y compris, les objets spoli\u00e9s aux juifs (rachet\u00e9s l\u00e9galement apr\u00e8s la guerre aux h\u00e9ritiers). La conservatrice explique : \u201cun mus\u00e9e est le lieu id\u00e9al pour \u00e9voquer ces questions.\u201d<\/p>\n<p>Ce sage souci de transparence et de p\u00e9dagogie pratiqu\u00e9s sur les bords du L\u00e9man a \u00e9chapp\u00e9 aux Etats-Unis o\u00f9 la politique a \u00e9t\u00e9 cet \u00e9t\u00e9 pollu\u00e9e par les supr\u00e9matistes blancs h\u00e9ritiers revendiqu\u00e9s du Sud esclavagiste . Pier encore, ils ont \u00e9t\u00e9 encourag\u00e9s par le Pr\u00e9sident des Etats-Unis. L\u2019histoire de ce pays d\u00e9suni divise toujours les communaut\u00e9s en fonction de la couleur de leur peau. La relecture de la guerre s\u00e9cession (\"Civil war\" ) qui opposa esclavagistes et leurs opposants n\u2019est toujours pas commune plus d\u2019un si\u00e8cle plus tard. Le d\u00e9boulonnage des statues des douteux h\u00e9ros du Sud comme le g\u00e9n\u00e9ral Robert E. Lee en est la preuve. Comme l\u2019<a href=\"fr\/component\/k2\/34419.html?Itemid=102\">\u00e9cri<\/a>t Pierre Hazan, conseiller \u00e9ditorial de JusticeInfo.net : \u201c Comment d\u00e8s lors ne pas comprendre la volont\u00e9 de se d\u00e9faire des symboles d\u2019un temps r\u00e9volu, o\u00f9 l\u2019on refusait \u00e0 certains la qualit\u00e9 d\u2019homme sous pr\u00e9texte que leur peau \u00e9tait de couleur diff\u00e9rente ? Mais m\u00eame en retirant les monuments de l\u2019espace public, l\u2019histoire ne s\u2019efface pas. Le d\u00e9boulonnage des statues de Saddam Hussein en Irak, de Franco en Espagne, de L\u00e9nine dans les ex-pays communistes, n\u2019a jamais \u00e9radiqu\u00e9 le pass\u00e9. Elle a simplement signifi\u00e9 les valeurs du pr\u00e9sent.\u201d<\/p>\n<p>M\u00eame Trump avant de d\u00e9raper l\u2019avait reconnu dans un <a href=\"https:\/\/twitter.com\/realDonaldTrump\/status\/898171544236687361\">tweet<\/a>, \u00e9videmment : \u201c on ne change pas l\u2019histoire, mais on peut apprendre d\u2019elle\u201d.<\/p>\n<p>\u00a0<\/p>\n<p>\u00a0<\/p>\n<p>\u00a0<\/p>\n<p>\u00a0<\/p>\n<p>\u00a0<\/p>\n","protected":false},"excerpt":{"rendered":"<p>La relecture d\u2019un pass\u00e9 divis\u00e9 appartient \u00e0 la justice transitionnelle. Au del\u00e0 des processus juridiques cadr\u00e9s et encadr\u00e9s, comment un pays, une institution peut faire face \u00e0 une m\u00e9moire et une histoire qui divisent encore ? Comme le dit \u00e9l\u00e9gamment, Sylvie Wuhrmann, la directrice de la Fondation de l\u2019Hermitage de Lausanne, au sujet de l\u2019exposition [&hellip;]<\/p>\n","protected":false},"author":58,"featured_media":67999,"comment_status":"open","ping_status":"closed","sticky":false,"template":"","format":"standard","meta":{"_acf_changed":false,"footnotes":""},"categories":[575],"tags":[],"ji_location":[2566],"class_list":["post-34429","post","type-post","status-publish","format-standard","has-post-thumbnail","hentry","category-opinions","ji_location-international"],"acf":[],"yoast_head":"<!-- This site is optimized with the Yoast SEO Premium plugin v25.3.1 (Yoast SEO v25.3.1) - https:\/\/yoast.com\/wordpress\/plugins\/seo\/ -->\n<title>La semaine de la justice transitionnelle : le pass\u00e9 d\u00e9suni - JusticeInfo.net<\/title>\n<meta name=\"robots\" content=\"index, follow, max-snippet:-1, max-image-preview:large, max-video-preview:-1\" \/>\n<link rel=\"canonical\" href=\"https:\/\/www.justiceinfo.net\/fr\/34429-la-semaine-de-la-justice-transitionnelle-le-passe-desuni.html\" \/>\n<meta property=\"og:locale\" content=\"fr_FR\" \/>\n<meta property=\"og:type\" content=\"article\" \/>\n<meta property=\"og:title\" content=\"La semaine de la justice transitionnelle : le pass\u00e9 d\u00e9suni\" \/>\n<meta property=\"og:description\" content=\"La relecture d\u2019un pass\u00e9 divis\u00e9 appartient \u00e0 la justice transitionnelle. Au del\u00e0 des processus juridiques cadr\u00e9s et encadr\u00e9s, comment un pays, une institution peut faire face \u00e0 une m\u00e9moire et une histoire qui divisent encore ? Comme le dit \u00e9l\u00e9gamment, Sylvie Wuhrmann, la directrice de la Fondation de l\u2019Hermitage de Lausanne, au sujet de l\u2019exposition [&hellip;]\" \/>\n<meta property=\"og:url\" content=\"https:\/\/www.justiceinfo.net\/fr\/34429-la-semaine-de-la-justice-transitionnelle-le-passe-desuni.html\" \/>\n<meta property=\"og:site_name\" content=\"JusticeInfo.net\" \/>\n<meta property=\"article:publisher\" content=\"https:\/\/www.facebook.com\/JusticeInfo\/\" \/>\n<meta property=\"article:author\" content=\"https:\/\/www.facebook.com\/profile.php?id=100004809918727\" \/>\n<meta property=\"article:published_time\" content=\"2017-08-25T06:57:21+00:00\" \/>\n<meta property=\"og:image\" content=\"https:\/\/www.justiceinfo.net\/wp-content\/uploads\/44195667c02d27d4b159221444e2b54d.jpg\" \/>\n\t<meta property=\"og:image:width\" content=\"1024\" \/>\n\t<meta property=\"og:image:height\" content=\"683\" \/>\n\t<meta property=\"og:image:type\" content=\"image\/jpeg\" \/>\n<meta name=\"author\" content=\"Fran\u00e7ois Sergent JusticeInfo.net\" \/>\n<meta name=\"twitter:card\" content=\"summary_large_image\" \/>\n<meta name=\"twitter:creator\" content=\"@FrancoisSergent\" \/>\n<meta name=\"twitter:site\" content=\"@justiceinfonet\" \/>\n<meta name=\"twitter:label1\" content=\"\u00c9crit par\" \/>\n\t<meta name=\"twitter:data1\" content=\"Fran\u00e7ois Sergent JusticeInfo.net\" \/>\n\t<meta name=\"twitter:label2\" content=\"Dur\u00e9e de lecture estim\u00e9e\" \/>\n\t<meta name=\"twitter:data2\" content=\"2 minutes\" \/>\n<script type=\"application\/ld+json\" class=\"yoast-schema-graph\">{\"@context\":\"https:\/\/schema.org\",\"@graph\":[{\"@type\":\"NewsArticle\",\"@id\":\"https:\/\/www.justiceinfo.net\/fr\/34429-la-semaine-de-la-justice-transitionnelle-le-passe-desuni.html#article\",\"isPartOf\":{\"@id\":\"https:\/\/www.justiceinfo.net\/fr\/34429-la-semaine-de-la-justice-transitionnelle-le-passe-desuni.html\"},\"author\":{\"name\":\"fsergent\",\"@id\":\"https:\/\/www.justiceinfo.net\/fr#\/schema\/person\/724414fc3a7779fc189a73a27563e5e1\"},\"headline\":\"La semaine de la justice transitionnelle : le pass\u00e9 d\u00e9suni\",\"datePublished\":\"2017-08-25T06:57:21+00:00\",\"mainEntityOfPage\":{\"@id\":\"https:\/\/www.justiceinfo.net\/fr\/34429-la-semaine-de-la-justice-transitionnelle-le-passe-desuni.html\"},\"wordCount\":470,\"commentCount\":0,\"publisher\":{\"@id\":\"https:\/\/www.justiceinfo.net\/fr#organization\"},\"image\":{\"@id\":\"https:\/\/www.justiceinfo.net\/fr\/34429-la-semaine-de-la-justice-transitionnelle-le-passe-desuni.html#primaryimage\"},\"thumbnailUrl\":\"https:\/\/www.justiceinfo.net\/wp-content\/uploads\/44195667c02d27d4b159221444e2b54d.jpg\",\"articleSection\":[\"Opinions\"],\"inLanguage\":\"fr-FR\",\"potentialAction\":[{\"@type\":\"CommentAction\",\"name\":\"Comment\",\"target\":[\"https:\/\/www.justiceinfo.net\/fr\/34429-la-semaine-de-la-justice-transitionnelle-le-passe-desuni.html#respond\"]}]},{\"@type\":\"WebPage\",\"@id\":\"https:\/\/www.justiceinfo.net\/fr\/34429-la-semaine-de-la-justice-transitionnelle-le-passe-desuni.html\",\"url\":\"https:\/\/www.justiceinfo.net\/fr\/34429-la-semaine-de-la-justice-transitionnelle-le-passe-desuni.html\",\"name\":\"La semaine de la justice transitionnelle : le pass\u00e9 d\u00e9suni - JusticeInfo.net\",\"isPartOf\":{\"@id\":\"https:\/\/www.justiceinfo.net\/fr#website\"},\"primaryImageOfPage\":{\"@id\":\"https:\/\/www.justiceinfo.net\/fr\/34429-la-semaine-de-la-justice-transitionnelle-le-passe-desuni.html#primaryimage\"},\"image\":{\"@id\":\"https:\/\/www.justiceinfo.net\/fr\/34429-la-semaine-de-la-justice-transitionnelle-le-passe-desuni.html#primaryimage\"},\"thumbnailUrl\":\"https:\/\/www.justiceinfo.net\/wp-content\/uploads\/44195667c02d27d4b159221444e2b54d.jpg\",\"datePublished\":\"2017-08-25T06:57:21+00:00\",\"breadcrumb\":{\"@id\":\"https:\/\/www.justiceinfo.net\/fr\/34429-la-semaine-de-la-justice-transitionnelle-le-passe-desuni.html#breadcrumb\"},\"inLanguage\":\"fr-FR\",\"potentialAction\":[{\"@type\":\"ReadAction\",\"target\":[\"https:\/\/www.justiceinfo.net\/fr\/34429-la-semaine-de-la-justice-transitionnelle-le-passe-desuni.html\"]}]},{\"@type\":\"ImageObject\",\"inLanguage\":\"fr-FR\",\"@id\":\"https:\/\/www.justiceinfo.net\/fr\/34429-la-semaine-de-la-justice-transitionnelle-le-passe-desuni.html#primaryimage\",\"url\":\"https:\/\/www.justiceinfo.net\/wp-content\/uploads\/44195667c02d27d4b159221444e2b54d.jpg\",\"contentUrl\":\"https:\/\/www.justiceinfo.net\/wp-content\/uploads\/44195667c02d27d4b159221444e2b54d.jpg\",\"width\":1024,\"height\":683},{\"@type\":\"BreadcrumbList\",\"@id\":\"https:\/\/www.justiceinfo.net\/fr\/34429-la-semaine-de-la-justice-transitionnelle-le-passe-desuni.html#breadcrumb\",\"itemListElement\":[{\"@type\":\"ListItem\",\"position\":1,\"name\":\"Home\",\"item\":\"https:\/\/www.justiceinfo.net\/fr\"},{\"@type\":\"ListItem\",\"position\":2,\"name\":\"La semaine de la justice transitionnelle : le pass\u00e9 d\u00e9suni\"}]},{\"@type\":\"WebSite\",\"@id\":\"https:\/\/www.justiceinfo.net\/fr#website\",\"url\":\"https:\/\/www.justiceinfo.net\/fr\",\"name\":\"JusticeInfo.net\",\"description\":\"La justice doit \u00eatre vue pour \u00eatre rendue\",\"publisher\":{\"@id\":\"https:\/\/www.justiceinfo.net\/fr#organization\"},\"potentialAction\":[{\"@type\":\"SearchAction\",\"target\":{\"@type\":\"EntryPoint\",\"urlTemplate\":\"https:\/\/www.justiceinfo.net\/fr?s={search_term_string}\"},\"query-input\":{\"@type\":\"PropertyValueSpecification\",\"valueRequired\":true,\"valueName\":\"search_term_string\"}}],\"inLanguage\":\"fr-FR\"},{\"@type\":\"Organization\",\"@id\":\"https:\/\/www.justiceinfo.net\/fr#organization\",\"name\":\"Justice Info\",\"url\":\"https:\/\/www.justiceinfo.net\/fr\",\"logo\":{\"@type\":\"ImageObject\",\"inLanguage\":\"fr-FR\",\"@id\":\"https:\/\/www.justiceinfo.net\/fr#\/schema\/logo\/image\/\",\"url\":\"https:\/\/www.justiceinfo.net\/wp-content\/uploads\/justiceinfo_logo-trans_1200x1200px.png\",\"contentUrl\":\"https:\/\/www.justiceinfo.net\/wp-content\/uploads\/justiceinfo_logo-trans_1200x1200px.png\",\"width\":1199,\"height\":1200,\"caption\":\"Justice Info\"},\"image\":{\"@id\":\"https:\/\/www.justiceinfo.net\/fr#\/schema\/logo\/image\/\"},\"sameAs\":[\"https:\/\/www.facebook.com\/JusticeInfo\/\",\"https:\/\/x.com\/justiceinfonet\",\"https:\/\/www.linkedin.com\/company\/justice-info\",\"https:\/\/www.youtube.com\/channel\/UCyCEsARodyuWtkWyhn-e7pA\"]},{\"@type\":\"Person\",\"name\":\"Fran\u00e7ois Sergent JusticeInfo.net\",\"sameAs\":[\"https:\/\/www.facebook.com\/profile.php?id=100004809918727\",\"https:\/\/x.com\/FrancoisSergent\"],\"url\":\"https:\/\/www.justiceinfo.net\/fr\/auteur\/fsergent\"}]}<\/script>\n<!-- \/ Yoast SEO Premium plugin. -->","yoast_head_json":{"title":"La semaine de la justice transitionnelle : le pass\u00e9 d\u00e9suni - JusticeInfo.net","robots":{"index":"index","follow":"follow","max-snippet":"max-snippet:-1","max-image-preview":"max-image-preview:large","max-video-preview":"max-video-preview:-1"},"canonical":"https:\/\/www.justiceinfo.net\/fr\/34429-la-semaine-de-la-justice-transitionnelle-le-passe-desuni.html","og_locale":"fr_FR","og_type":"article","og_title":"La semaine de la justice transitionnelle : le pass\u00e9 d\u00e9suni","og_description":"La relecture d\u2019un pass\u00e9 divis\u00e9 appartient \u00e0 la justice transitionnelle. Au del\u00e0 des processus juridiques cadr\u00e9s et encadr\u00e9s, comment un pays, une institution peut faire face \u00e0 une m\u00e9moire et une histoire qui divisent encore ? Comme le dit \u00e9l\u00e9gamment, Sylvie Wuhrmann, la directrice de la Fondation de l\u2019Hermitage de Lausanne, au sujet de l\u2019exposition [&hellip;]","og_url":"https:\/\/www.justiceinfo.net\/fr\/34429-la-semaine-de-la-justice-transitionnelle-le-passe-desuni.html","og_site_name":"JusticeInfo.net","article_publisher":"https:\/\/www.facebook.com\/JusticeInfo\/","article_author":"https:\/\/www.facebook.com\/profile.php?id=100004809918727","article_published_time":"2017-08-25T06:57:21+00:00","og_image":[{"width":1024,"height":683,"url":"https:\/\/www.justiceinfo.net\/wp-content\/uploads\/44195667c02d27d4b159221444e2b54d.jpg","type":"image\/jpeg"}],"author":"Fran\u00e7ois Sergent JusticeInfo.net","twitter_card":"summary_large_image","twitter_creator":"@FrancoisSergent","twitter_site":"@justiceinfonet","twitter_misc":{"\u00c9crit par":"Fran\u00e7ois Sergent JusticeInfo.net","Dur\u00e9e de lecture estim\u00e9e":"2 minutes"},"schema":{"@context":"https:\/\/schema.org","@graph":[{"@type":"NewsArticle","@id":"https:\/\/www.justiceinfo.net\/fr\/34429-la-semaine-de-la-justice-transitionnelle-le-passe-desuni.html#article","isPartOf":{"@id":"https:\/\/www.justiceinfo.net\/fr\/34429-la-semaine-de-la-justice-transitionnelle-le-passe-desuni.html"},"author":{"name":"fsergent","@id":"https:\/\/www.justiceinfo.net\/fr#\/schema\/person\/724414fc3a7779fc189a73a27563e5e1"},"headline":"La semaine de la justice transitionnelle : le pass\u00e9 d\u00e9suni","datePublished":"2017-08-25T06:57:21+00:00","mainEntityOfPage":{"@id":"https:\/\/www.justiceinfo.net\/fr\/34429-la-semaine-de-la-justice-transitionnelle-le-passe-desuni.html"},"wordCount":470,"commentCount":0,"publisher":{"@id":"https:\/\/www.justiceinfo.net\/fr#organization"},"image":{"@id":"https:\/\/www.justiceinfo.net\/fr\/34429-la-semaine-de-la-justice-transitionnelle-le-passe-desuni.html#primaryimage"},"thumbnailUrl":"https:\/\/www.justiceinfo.net\/wp-content\/uploads\/44195667c02d27d4b159221444e2b54d.jpg","articleSection":["Opinions"],"inLanguage":"fr-FR","potentialAction":[{"@type":"CommentAction","name":"Comment","target":["https:\/\/www.justiceinfo.net\/fr\/34429-la-semaine-de-la-justice-transitionnelle-le-passe-desuni.html#respond"]}]},{"@type":"WebPage","@id":"https:\/\/www.justiceinfo.net\/fr\/34429-la-semaine-de-la-justice-transitionnelle-le-passe-desuni.html","url":"https:\/\/www.justiceinfo.net\/fr\/34429-la-semaine-de-la-justice-transitionnelle-le-passe-desuni.html","name":"La semaine de la justice transitionnelle : le pass\u00e9 d\u00e9suni - JusticeInfo.net","isPartOf":{"@id":"https:\/\/www.justiceinfo.net\/fr#website"},"primaryImageOfPage":{"@id":"https:\/\/www.justiceinfo.net\/fr\/34429-la-semaine-de-la-justice-transitionnelle-le-passe-desuni.html#primaryimage"},"image":{"@id":"https:\/\/www.justiceinfo.net\/fr\/34429-la-semaine-de-la-justice-transitionnelle-le-passe-desuni.html#primaryimage"},"thumbnailUrl":"https:\/\/www.justiceinfo.net\/wp-content\/uploads\/44195667c02d27d4b159221444e2b54d.jpg","datePublished":"2017-08-25T06:57:21+00:00","breadcrumb":{"@id":"https:\/\/www.justiceinfo.net\/fr\/34429-la-semaine-de-la-justice-transitionnelle-le-passe-desuni.html#breadcrumb"},"inLanguage":"fr-FR","potentialAction":[{"@type":"ReadAction","target":["https:\/\/www.justiceinfo.net\/fr\/34429-la-semaine-de-la-justice-transitionnelle-le-passe-desuni.html"]}]},{"@type":"ImageObject","inLanguage":"fr-FR","@id":"https:\/\/www.justiceinfo.net\/fr\/34429-la-semaine-de-la-justice-transitionnelle-le-passe-desuni.html#primaryimage","url":"https:\/\/www.justiceinfo.net\/wp-content\/uploads\/44195667c02d27d4b159221444e2b54d.jpg","contentUrl":"https:\/\/www.justiceinfo.net\/wp-content\/uploads\/44195667c02d27d4b159221444e2b54d.jpg","width":1024,"height":683},{"@type":"BreadcrumbList","@id":"https:\/\/www.justiceinfo.net\/fr\/34429-la-semaine-de-la-justice-transitionnelle-le-passe-desuni.html#breadcrumb","itemListElement":[{"@type":"ListItem","position":1,"name":"Home","item":"https:\/\/www.justiceinfo.net\/fr"},{"@type":"ListItem","position":2,"name":"La semaine de la justice transitionnelle : le pass\u00e9 d\u00e9suni"}]},{"@type":"WebSite","@id":"https:\/\/www.justiceinfo.net\/fr#website","url":"https:\/\/www.justiceinfo.net\/fr","name":"JusticeInfo.net","description":"La justice doit \u00eatre vue pour \u00eatre rendue","publisher":{"@id":"https:\/\/www.justiceinfo.net\/fr#organization"},"potentialAction":[{"@type":"SearchAction","target":{"@type":"EntryPoint","urlTemplate":"https:\/\/www.justiceinfo.net\/fr?s={search_term_string}"},"query-input":{"@type":"PropertyValueSpecification","valueRequired":true,"valueName":"search_term_string"}}],"inLanguage":"fr-FR"},{"@type":"Organization","@id":"https:\/\/www.justiceinfo.net\/fr#organization","name":"Justice Info","url":"https:\/\/www.justiceinfo.net\/fr","logo":{"@type":"ImageObject","inLanguage":"fr-FR","@id":"https:\/\/www.justiceinfo.net\/fr#\/schema\/logo\/image\/","url":"https:\/\/www.justiceinfo.net\/wp-content\/uploads\/justiceinfo_logo-trans_1200x1200px.png","contentUrl":"https:\/\/www.justiceinfo.net\/wp-content\/uploads\/justiceinfo_logo-trans_1200x1200px.png","width":1199,"height":1200,"caption":"Justice Info"},"image":{"@id":"https:\/\/www.justiceinfo.net\/fr#\/schema\/logo\/image\/"},"sameAs":["https:\/\/www.facebook.com\/JusticeInfo\/","https:\/\/x.com\/justiceinfonet","https:\/\/www.linkedin.com\/company\/justice-info","https:\/\/www.youtube.com\/channel\/UCyCEsARodyuWtkWyhn-e7pA"]},{"@type":"Person","name":"Fran\u00e7ois Sergent JusticeInfo.net","sameAs":["https:\/\/www.facebook.com\/profile.php?id=100004809918727","https:\/\/x.com\/FrancoisSergent"],"url":"https:\/\/www.justiceinfo.net\/fr\/auteur\/fsergent"}]}},"_links":{"self":[{"href":"https:\/\/www.justiceinfo.net\/fr\/wp-json\/wp\/v2\/posts\/34429","targetHints":{"allow":["GET"]}}],"collection":[{"href":"https:\/\/www.justiceinfo.net\/fr\/wp-json\/wp\/v2\/posts"}],"about":[{"href":"https:\/\/www.justiceinfo.net\/fr\/wp-json\/wp\/v2\/types\/post"}],"author":[{"embeddable":true,"href":"https:\/\/www.justiceinfo.net\/fr\/wp-json\/wp\/v2\/users\/58"}],"replies":[{"embeddable":true,"href":"https:\/\/www.justiceinfo.net\/fr\/wp-json\/wp\/v2\/comments?post=34429"}],"version-history":[{"count":0,"href":"https:\/\/www.justiceinfo.net\/fr\/wp-json\/wp\/v2\/posts\/34429\/revisions"}],"wp:featuredmedia":[{"embeddable":true,"href":"https:\/\/www.justiceinfo.net\/fr\/wp-json\/wp\/v2\/media\/67999"}],"wp:attachment":[{"href":"https:\/\/www.justiceinfo.net\/fr\/wp-json\/wp\/v2\/media?parent=34429"}],"wp:term":[{"taxonomy":"category","embeddable":true,"href":"https:\/\/www.justiceinfo.net\/fr\/wp-json\/wp\/v2\/categories?post=34429"},{"taxonomy":"post_tag","embeddable":true,"href":"https:\/\/www.justiceinfo.net\/fr\/wp-json\/wp\/v2\/tags?post=34429"},{"taxonomy":"ji_location","embeddable":true,"href":"https:\/\/www.justiceinfo.net\/fr\/wp-json\/wp\/v2\/ji_location?post=34429"}],"curies":[{"name":"wp","href":"https:\/\/api.w.org\/{rel}","templated":true}]}}