{"id":3447,"date":"2008-02-15T05:48:43","date_gmt":"2008-02-15T04:48:43","guid":{"rendered":"https:\/\/www.justiceinfo.net\/3447-140208-afriqueonu-lonu-preoccupee-par-la-situation-des-droits-de-lhomme-en-afrique-de-les237.html"},"modified":"2008-02-15T05:48:43","modified_gmt":"2008-02-15T04:48:43","slug":"140208-afriqueonu-lonu-preoccupee-par-la-situation-des-droits-de-lhomme-en-afrique-de-les237","status":"publish","type":"post","link":"https:\/\/www.justiceinfo.net\/fr\/3447-140208-afriqueonu-lonu-preoccupee-par-la-situation-des-droits-de-lhomme-en-afrique-de-les237.html","title":{"rendered":"14.02.08 - AFRIQUE\/ONU  - L\u2019ONU PREOCCUPEE PAR LA SITUATION DES DROITS DE L\u2019HOMME EN AFRIQUE DE L\u2019ES"},"content":{"rendered":"<p  >\nArusha, 14 f\u00e9vrier2008 (FH)- Les Nations unies ont exprim\u00e9 mercredi \u00e0 Arusha, en Tanzanie, leur pr\u00e9occupation face \u00e0 la situation des droits de l\u2019homme dans les pays d\u2019Afrique de l\u2019est, affirmant que les conditions de vie des populations se sont d\u00e9grad\u00e9es l\u2019ann\u00e9e derni\u00e8re.  <\/p>\n<p>\u00ab Les gens, dans certains pays, ont \u00e9t\u00e9 victimes de trafic d\u2019\u00eatre humains, de d\u00e9placements massifs internes et de vuln\u00e9rabilit\u00e9 \u00bb, a d\u00e9clar\u00e9 Oscar Fernandez-Taranco, le Coordinateur r\u00e9sident des Nations Unies en Tanzanie.\n<\/p>\n<p><!--more--><\/p>\n<p  >\nFernandez-Taranco s\u2019exprimait mercredi \u00e0 l\u2019ouverture d\u2019un atelier sous- r\u00e9gional sur les droits de l\u2019homme. <\/p>\n<p>Il a indiqu\u00e9 que les rapports sur la situation des droits de l\u2019homme ne devraient pas \u00eatre consid\u00e9r\u00e9s comme des appels \u00e0 des sanctions mais plut\u00f4t comme un des moyens d\u2019am\u00e9liorer les conditions de vie des populations. Il a par ailleurs exhort\u00e9 la Tanzanie \u00e0 ratifier la convention sur la torture. <\/p>\n<p>\u00ab L\u2019objectif principal de la conf\u00e9rence est d\u2019aider les pays d\u2019Afrique de l\u2019Est dans leurs efforts visant \u00e0 promouvoir et prot\u00e9ger les droits de l\u2019homme \u00bb, a d\u00e9clar\u00e9 Frej Fenniche, repr\u00e9sentant pour l\u2019Afrique de l\u2019Est du Haut commissariat des Nations Unies pour les droits de l\u2019homme. <\/p>\n<p>Egalement pr\u00e9sent, le porte-parole du Tribunal p\u00e9nal international pour le Rwanda (TPIR), Roland Amoussouga, a plaid\u00e9 pour la mise en place d\u2019un syst\u00e8me durable de droit international. <\/p>\n<p>\u00abLe droit p\u00e9nal international s\u2019occupe des injustices pass\u00e9es, tout en \u00e9radiquant la culture de l\u2019impunit\u00e9 dans l\u2019avenir \u00bb, a-t-il dit, s\u2019adressant \u00e0 plus de 70 participants. <\/p>\n<p>Bas\u00e9 \u00e0 Arusha, en Tanzanie, le TPIR est charg\u00e9 de rechercher et juger les principaux responsables pr\u00e9sum\u00e9s du g\u00e9nocide de 1994 qui a fait, selon Kigali, pr\u00e8s d\u2019un million de tu\u00e9s, essentiellement parmi la communaut\u00e9 tutsie. <\/p>\n<p>Le commissaire de la r\u00e9gion d\u2019Arusha, Isidore Shirima, a, pour sa part, indiqu\u00e9 que son pays a entam\u00e9 des consultations en vue de l\u2019abolition de la peine de mort. <\/p>\n<p>Cet atelier de trois jours regroupe des d\u00e9l\u00e9gu\u00e9s gouvernementaux, des repr\u00e9sentants d\u2019organisations nationales des droits de l\u2019homme ainsi que ceux du syst\u00e8me des Nations Unies. Les pays de la r\u00e9gion qui sont repr\u00e9sent\u00e9s sont le Burundi, le Rwanda, Djibouti, l\u2019Erythr\u00e9e, l\u2019Ethiopie,  le Kenya, le Soudan, la Tanzanie et l\u2019Ouganda.\n<\/p>\n<p  >\nSC\/ER\/PB\/GF<\/p>\n","protected":false},"excerpt":{"rendered":"<p>Arusha, 14 f\u00e9vrier2008 (FH)- Les Nations unies ont exprim\u00e9 mercredi \u00e0 Arusha, en Tanzanie, leur pr\u00e9occupation face \u00e0 la situation des droits de l\u2019homme dans les pays d\u2019Afrique de l\u2019est, affirmant que les conditions de vie des populations se sont d\u00e9grad\u00e9es l\u2019ann\u00e9e derni\u00e8re. \u00ab Les gens, dans certains pays, ont \u00e9t\u00e9 victimes de trafic d\u2019\u00eatre [&hellip;]<\/p>\n","protected":false},"author":64,"featured_media":0,"comment_status":"open","ping_status":"closed","sticky":false,"template":"","format":"standard","meta":{"_acf_changed":false,"footnotes":""},"categories":[554],"tags":[],"ji_location":[],"class_list":["post-3447","post","type-post","status-publish","format-standard","hentry","category-hirondellenews"],"acf":[],"yoast_head":"<!-- This site is optimized with the Yoast SEO Premium plugin v25.3.1 (Yoast SEO v25.3.1) - https:\/\/yoast.com\/wordpress\/plugins\/seo\/ -->\n<title>14.02.08 - AFRIQUE\/ONU - L\u2019ONU PREOCCUPEE PAR LA SITUATION DES DROITS DE L\u2019HOMME EN AFRIQUE DE L\u2019ES - JusticeInfo.net<\/title>\n<meta name=\"robots\" content=\"index, follow, max-snippet:-1, max-image-preview:large, max-video-preview:-1\" \/>\n<link rel=\"canonical\" href=\"https:\/\/www.justiceinfo.net\/fr\/3447-140208-afriqueonu-lonu-preoccupee-par-la-situation-des-droits-de-lhomme-en-afrique-de-les237.html\" \/>\n<meta property=\"og:locale\" content=\"fr_FR\" \/>\n<meta property=\"og:type\" content=\"article\" \/>\n<meta property=\"og:title\" content=\"14.02.08 - AFRIQUE\/ONU - L\u2019ONU PREOCCUPEE PAR LA SITUATION DES DROITS DE L\u2019HOMME EN AFRIQUE DE L\u2019ES\" \/>\n<meta property=\"og:description\" content=\"Arusha, 14 f\u00e9vrier2008 (FH)- Les Nations unies ont exprim\u00e9 mercredi \u00e0 Arusha, en Tanzanie, leur pr\u00e9occupation face \u00e0 la situation des droits de l\u2019homme dans les pays d\u2019Afrique de l\u2019est, affirmant que les conditions de vie des populations se sont d\u00e9grad\u00e9es l\u2019ann\u00e9e derni\u00e8re. \u00ab Les gens, dans certains pays, ont \u00e9t\u00e9 victimes de trafic d\u2019\u00eatre [&hellip;]\" \/>\n<meta property=\"og:url\" content=\"https:\/\/www.justiceinfo.net\/fr\/3447-140208-afriqueonu-lonu-preoccupee-par-la-situation-des-droits-de-lhomme-en-afrique-de-les237.html\" \/>\n<meta property=\"og:site_name\" content=\"JusticeInfo.net\" \/>\n<meta property=\"article:publisher\" content=\"https:\/\/www.facebook.com\/JusticeInfo\/\" \/>\n<meta property=\"article:published_time\" content=\"2008-02-15T04:48:43+00:00\" \/>\n<meta property=\"og:image\" content=\"https:\/\/www.justiceinfo.net\/wp-content\/uploads\/JusticeInfoNet_logo_1200x630px.jpg\" \/>\n\t<meta property=\"og:image:width\" content=\"1200\" \/>\n\t<meta property=\"og:image:height\" content=\"630\" \/>\n\t<meta property=\"og:image:type\" content=\"image\/jpeg\" \/>\n<meta name=\"author\" content=\"solivri\" \/>\n<meta name=\"twitter:card\" content=\"summary_large_image\" \/>\n<meta name=\"twitter:creator\" content=\"@justiceinfonet\" \/>\n<meta name=\"twitter:site\" content=\"@justiceinfonet\" \/>\n<meta name=\"twitter:label1\" content=\"\u00c9crit par\" \/>\n\t<meta name=\"twitter:data1\" content=\"solivri\" \/>\n\t<meta name=\"twitter:label2\" content=\"Dur\u00e9e de lecture estim\u00e9e\" \/>\n\t<meta name=\"twitter:data2\" content=\"2 minutes\" \/>\n<script type=\"application\/ld+json\" class=\"yoast-schema-graph\">{\"@context\":\"https:\/\/schema.org\",\"@graph\":[{\"@type\":\"NewsArticle\",\"@id\":\"https:\/\/www.justiceinfo.net\/fr\/3447-140208-afriqueonu-lonu-preoccupee-par-la-situation-des-droits-de-lhomme-en-afrique-de-les237.html#article\",\"isPartOf\":{\"@id\":\"https:\/\/www.justiceinfo.net\/fr\/3447-140208-afriqueonu-lonu-preoccupee-par-la-situation-des-droits-de-lhomme-en-afrique-de-les237.html\"},\"author\":{\"name\":\"solivri\",\"@id\":\"https:\/\/www.justiceinfo.net\/fr#\/schema\/person\/6e53cba1629e2e66f3fc1821d3091865\"},\"headline\":\"14.02.08 - AFRIQUE\/ONU - L\u2019ONU PREOCCUPEE PAR LA SITUATION DES DROITS DE L\u2019HOMME EN AFRIQUE DE L\u2019ES\",\"datePublished\":\"2008-02-15T04:48:43+00:00\",\"mainEntityOfPage\":{\"@id\":\"https:\/\/www.justiceinfo.net\/fr\/3447-140208-afriqueonu-lonu-preoccupee-par-la-situation-des-droits-de-lhomme-en-afrique-de-les237.html\"},\"wordCount\":434,\"commentCount\":0,\"publisher\":{\"@id\":\"https:\/\/www.justiceinfo.net\/fr#organization\"},\"articleSection\":[\"Hirondelle News\"],\"inLanguage\":\"fr-FR\",\"potentialAction\":[{\"@type\":\"CommentAction\",\"name\":\"Comment\",\"target\":[\"https:\/\/www.justiceinfo.net\/fr\/3447-140208-afriqueonu-lonu-preoccupee-par-la-situation-des-droits-de-lhomme-en-afrique-de-les237.html#respond\"]}]},{\"@type\":\"WebPage\",\"@id\":\"https:\/\/www.justiceinfo.net\/fr\/3447-140208-afriqueonu-lonu-preoccupee-par-la-situation-des-droits-de-lhomme-en-afrique-de-les237.html\",\"url\":\"https:\/\/www.justiceinfo.net\/fr\/3447-140208-afriqueonu-lonu-preoccupee-par-la-situation-des-droits-de-lhomme-en-afrique-de-les237.html\",\"name\":\"14.02.08 - AFRIQUE\/ONU - L\u2019ONU PREOCCUPEE PAR LA SITUATION DES DROITS DE L\u2019HOMME EN AFRIQUE DE L\u2019ES - JusticeInfo.net\",\"isPartOf\":{\"@id\":\"https:\/\/www.justiceinfo.net\/fr#website\"},\"datePublished\":\"2008-02-15T04:48:43+00:00\",\"breadcrumb\":{\"@id\":\"https:\/\/www.justiceinfo.net\/fr\/3447-140208-afriqueonu-lonu-preoccupee-par-la-situation-des-droits-de-lhomme-en-afrique-de-les237.html#breadcrumb\"},\"inLanguage\":\"fr-FR\",\"potentialAction\":[{\"@type\":\"ReadAction\",\"target\":[\"https:\/\/www.justiceinfo.net\/fr\/3447-140208-afriqueonu-lonu-preoccupee-par-la-situation-des-droits-de-lhomme-en-afrique-de-les237.html\"]}]},{\"@type\":\"BreadcrumbList\",\"@id\":\"https:\/\/www.justiceinfo.net\/fr\/3447-140208-afriqueonu-lonu-preoccupee-par-la-situation-des-droits-de-lhomme-en-afrique-de-les237.html#breadcrumb\",\"itemListElement\":[{\"@type\":\"ListItem\",\"position\":1,\"name\":\"Home\",\"item\":\"https:\/\/www.justiceinfo.net\/fr\"},{\"@type\":\"ListItem\",\"position\":2,\"name\":\"14.02.08 - AFRIQUE\/ONU - L\u2019ONU PREOCCUPEE PAR LA SITUATION DES DROITS DE L\u2019HOMME EN AFRIQUE DE L\u2019ES\"}]},{\"@type\":\"WebSite\",\"@id\":\"https:\/\/www.justiceinfo.net\/fr#website\",\"url\":\"https:\/\/www.justiceinfo.net\/fr\",\"name\":\"JusticeInfo.net\",\"description\":\"La justice doit \u00eatre vue pour \u00eatre rendue\",\"publisher\":{\"@id\":\"https:\/\/www.justiceinfo.net\/fr#organization\"},\"potentialAction\":[{\"@type\":\"SearchAction\",\"target\":{\"@type\":\"EntryPoint\",\"urlTemplate\":\"https:\/\/www.justiceinfo.net\/fr?s={search_term_string}\"},\"query-input\":{\"@type\":\"PropertyValueSpecification\",\"valueRequired\":true,\"valueName\":\"search_term_string\"}}],\"inLanguage\":\"fr-FR\"},{\"@type\":\"Organization\",\"@id\":\"https:\/\/www.justiceinfo.net\/fr#organization\",\"name\":\"Justice Info\",\"url\":\"https:\/\/www.justiceinfo.net\/fr\",\"logo\":{\"@type\":\"ImageObject\",\"inLanguage\":\"fr-FR\",\"@id\":\"https:\/\/www.justiceinfo.net\/fr#\/schema\/logo\/image\/\",\"url\":\"https:\/\/www.justiceinfo.net\/wp-content\/uploads\/justiceinfo_logo-trans_1200x1200px.png\",\"contentUrl\":\"https:\/\/www.justiceinfo.net\/wp-content\/uploads\/justiceinfo_logo-trans_1200x1200px.png\",\"width\":1199,\"height\":1200,\"caption\":\"Justice Info\"},\"image\":{\"@id\":\"https:\/\/www.justiceinfo.net\/fr#\/schema\/logo\/image\/\"},\"sameAs\":[\"https:\/\/www.facebook.com\/JusticeInfo\/\",\"https:\/\/x.com\/justiceinfonet\",\"https:\/\/www.linkedin.com\/company\/justice-info\",\"https:\/\/www.youtube.com\/channel\/UCyCEsARodyuWtkWyhn-e7pA\"]},{\"@type\":\"Person\",\"name\":\"solivri\",\"url\":\"\/fr\/?s=solivri\"}]}<\/script>\n<!-- \/ Yoast SEO Premium plugin. -->","yoast_head_json":{"title":"14.02.08 - AFRIQUE\/ONU - L\u2019ONU PREOCCUPEE PAR LA SITUATION DES DROITS DE L\u2019HOMME EN AFRIQUE DE L\u2019ES - JusticeInfo.net","robots":{"index":"index","follow":"follow","max-snippet":"max-snippet:-1","max-image-preview":"max-image-preview:large","max-video-preview":"max-video-preview:-1"},"canonical":"https:\/\/www.justiceinfo.net\/fr\/3447-140208-afriqueonu-lonu-preoccupee-par-la-situation-des-droits-de-lhomme-en-afrique-de-les237.html","og_locale":"fr_FR","og_type":"article","og_title":"14.02.08 - AFRIQUE\/ONU - L\u2019ONU PREOCCUPEE PAR LA SITUATION DES DROITS DE L\u2019HOMME EN AFRIQUE DE L\u2019ES","og_description":"Arusha, 14 f\u00e9vrier2008 (FH)- Les Nations unies ont exprim\u00e9 mercredi \u00e0 Arusha, en Tanzanie, leur pr\u00e9occupation face \u00e0 la situation des droits de l\u2019homme dans les pays d\u2019Afrique de l\u2019est, affirmant que les conditions de vie des populations se sont d\u00e9grad\u00e9es l\u2019ann\u00e9e derni\u00e8re. \u00ab Les gens, dans certains pays, ont \u00e9t\u00e9 victimes de trafic d\u2019\u00eatre [&hellip;]","og_url":"https:\/\/www.justiceinfo.net\/fr\/3447-140208-afriqueonu-lonu-preoccupee-par-la-situation-des-droits-de-lhomme-en-afrique-de-les237.html","og_site_name":"JusticeInfo.net","article_publisher":"https:\/\/www.facebook.com\/JusticeInfo\/","article_published_time":"2008-02-15T04:48:43+00:00","og_image":[{"width":1200,"height":630,"url":"https:\/\/www.justiceinfo.net\/wp-content\/uploads\/JusticeInfoNet_logo_1200x630px.jpg","type":"image\/jpeg"}],"author":"solivri","twitter_card":"summary_large_image","twitter_creator":"@justiceinfonet","twitter_site":"@justiceinfonet","twitter_misc":{"\u00c9crit par":"solivri","Dur\u00e9e de lecture estim\u00e9e":"2 minutes"},"schema":{"@context":"https:\/\/schema.org","@graph":[{"@type":"NewsArticle","@id":"https:\/\/www.justiceinfo.net\/fr\/3447-140208-afriqueonu-lonu-preoccupee-par-la-situation-des-droits-de-lhomme-en-afrique-de-les237.html#article","isPartOf":{"@id":"https:\/\/www.justiceinfo.net\/fr\/3447-140208-afriqueonu-lonu-preoccupee-par-la-situation-des-droits-de-lhomme-en-afrique-de-les237.html"},"author":{"name":"solivri","@id":"https:\/\/www.justiceinfo.net\/fr#\/schema\/person\/6e53cba1629e2e66f3fc1821d3091865"},"headline":"14.02.08 - AFRIQUE\/ONU - L\u2019ONU PREOCCUPEE PAR LA SITUATION DES DROITS DE L\u2019HOMME EN AFRIQUE DE L\u2019ES","datePublished":"2008-02-15T04:48:43+00:00","mainEntityOfPage":{"@id":"https:\/\/www.justiceinfo.net\/fr\/3447-140208-afriqueonu-lonu-preoccupee-par-la-situation-des-droits-de-lhomme-en-afrique-de-les237.html"},"wordCount":434,"commentCount":0,"publisher":{"@id":"https:\/\/www.justiceinfo.net\/fr#organization"},"articleSection":["Hirondelle News"],"inLanguage":"fr-FR","potentialAction":[{"@type":"CommentAction","name":"Comment","target":["https:\/\/www.justiceinfo.net\/fr\/3447-140208-afriqueonu-lonu-preoccupee-par-la-situation-des-droits-de-lhomme-en-afrique-de-les237.html#respond"]}]},{"@type":"WebPage","@id":"https:\/\/www.justiceinfo.net\/fr\/3447-140208-afriqueonu-lonu-preoccupee-par-la-situation-des-droits-de-lhomme-en-afrique-de-les237.html","url":"https:\/\/www.justiceinfo.net\/fr\/3447-140208-afriqueonu-lonu-preoccupee-par-la-situation-des-droits-de-lhomme-en-afrique-de-les237.html","name":"14.02.08 - AFRIQUE\/ONU - L\u2019ONU PREOCCUPEE PAR LA SITUATION DES DROITS DE L\u2019HOMME EN AFRIQUE DE L\u2019ES - JusticeInfo.net","isPartOf":{"@id":"https:\/\/www.justiceinfo.net\/fr#website"},"datePublished":"2008-02-15T04:48:43+00:00","breadcrumb":{"@id":"https:\/\/www.justiceinfo.net\/fr\/3447-140208-afriqueonu-lonu-preoccupee-par-la-situation-des-droits-de-lhomme-en-afrique-de-les237.html#breadcrumb"},"inLanguage":"fr-FR","potentialAction":[{"@type":"ReadAction","target":["https:\/\/www.justiceinfo.net\/fr\/3447-140208-afriqueonu-lonu-preoccupee-par-la-situation-des-droits-de-lhomme-en-afrique-de-les237.html"]}]},{"@type":"BreadcrumbList","@id":"https:\/\/www.justiceinfo.net\/fr\/3447-140208-afriqueonu-lonu-preoccupee-par-la-situation-des-droits-de-lhomme-en-afrique-de-les237.html#breadcrumb","itemListElement":[{"@type":"ListItem","position":1,"name":"Home","item":"https:\/\/www.justiceinfo.net\/fr"},{"@type":"ListItem","position":2,"name":"14.02.08 - AFRIQUE\/ONU - L\u2019ONU PREOCCUPEE PAR LA SITUATION DES DROITS DE L\u2019HOMME EN AFRIQUE DE L\u2019ES"}]},{"@type":"WebSite","@id":"https:\/\/www.justiceinfo.net\/fr#website","url":"https:\/\/www.justiceinfo.net\/fr","name":"JusticeInfo.net","description":"La justice doit \u00eatre vue pour \u00eatre rendue","publisher":{"@id":"https:\/\/www.justiceinfo.net\/fr#organization"},"potentialAction":[{"@type":"SearchAction","target":{"@type":"EntryPoint","urlTemplate":"https:\/\/www.justiceinfo.net\/fr?s={search_term_string}"},"query-input":{"@type":"PropertyValueSpecification","valueRequired":true,"valueName":"search_term_string"}}],"inLanguage":"fr-FR"},{"@type":"Organization","@id":"https:\/\/www.justiceinfo.net\/fr#organization","name":"Justice Info","url":"https:\/\/www.justiceinfo.net\/fr","logo":{"@type":"ImageObject","inLanguage":"fr-FR","@id":"https:\/\/www.justiceinfo.net\/fr#\/schema\/logo\/image\/","url":"https:\/\/www.justiceinfo.net\/wp-content\/uploads\/justiceinfo_logo-trans_1200x1200px.png","contentUrl":"https:\/\/www.justiceinfo.net\/wp-content\/uploads\/justiceinfo_logo-trans_1200x1200px.png","width":1199,"height":1200,"caption":"Justice Info"},"image":{"@id":"https:\/\/www.justiceinfo.net\/fr#\/schema\/logo\/image\/"},"sameAs":["https:\/\/www.facebook.com\/JusticeInfo\/","https:\/\/x.com\/justiceinfonet","https:\/\/www.linkedin.com\/company\/justice-info","https:\/\/www.youtube.com\/channel\/UCyCEsARodyuWtkWyhn-e7pA"]},{"@type":"Person","name":"solivri","url":"\/fr\/?s=solivri"}]}},"_links":{"self":[{"href":"https:\/\/www.justiceinfo.net\/fr\/wp-json\/wp\/v2\/posts\/3447","targetHints":{"allow":["GET"]}}],"collection":[{"href":"https:\/\/www.justiceinfo.net\/fr\/wp-json\/wp\/v2\/posts"}],"about":[{"href":"https:\/\/www.justiceinfo.net\/fr\/wp-json\/wp\/v2\/types\/post"}],"author":[{"embeddable":true,"href":"https:\/\/www.justiceinfo.net\/fr\/wp-json\/wp\/v2\/users\/64"}],"replies":[{"embeddable":true,"href":"https:\/\/www.justiceinfo.net\/fr\/wp-json\/wp\/v2\/comments?post=3447"}],"version-history":[{"count":0,"href":"https:\/\/www.justiceinfo.net\/fr\/wp-json\/wp\/v2\/posts\/3447\/revisions"}],"wp:attachment":[{"href":"https:\/\/www.justiceinfo.net\/fr\/wp-json\/wp\/v2\/media?parent=3447"}],"wp:term":[{"taxonomy":"category","embeddable":true,"href":"https:\/\/www.justiceinfo.net\/fr\/wp-json\/wp\/v2\/categories?post=3447"},{"taxonomy":"post_tag","embeddable":true,"href":"https:\/\/www.justiceinfo.net\/fr\/wp-json\/wp\/v2\/tags?post=3447"},{"taxonomy":"ji_location","embeddable":true,"href":"https:\/\/www.justiceinfo.net\/fr\/wp-json\/wp\/v2\/ji_location?post=3447"}],"curies":[{"name":"wp","href":"https:\/\/api.w.org\/{rel}","templated":true}]}}