{"id":34475,"date":"2017-09-03T08:14:13","date_gmt":"2017-09-03T06:14:13","guid":{"rendered":"https:\/\/www.justiceinfo.net\/34475-justice-transitionnelle-kenya-victoire-droit-afrique.html"},"modified":"2017-09-03T08:14:13","modified_gmt":"2017-09-03T06:14:13","slug":"justice-transitionnelle-kenya-victoire-droit-afrique","status":"publish","type":"post","link":"https:\/\/www.justiceinfo.net\/fr\/34475-justice-transitionnelle-kenya-victoire-droit-afrique.html","title":{"rendered":"La semaine de la justice transitionnelle : une victoire de l'\u00e9tat de droit en Afrique ?"},"content":{"rendered":"<div class=\"content-excerpt\">\n<p>La semaine a \u00e9t\u00e9 marqu\u00e9e sans aucun doute par la d\u00e9cision vendredi de la Cour supr\u00eame du Kenya d\u2019invalider l\u2019\u00e9lection pr\u00e9sidentielle du 8 ao\u00fbt, une premi\u00e8re en Afrique. Comme le dit <em>The Star<\/em>, l\u2019un des principaux quotidiens kenyans, \u00ab\u00a0\"C'est un grand jour pour le Kenya, cela \u00e9tablit un pr\u00e9c\u00e9dent pour l'Afrique\u00a0\u00bb. D\u2019autant plus que le Pr\u00e9sident \u00e9lu Uhuru Kenyatta a accept\u00e9 cette d\u00e9cision m\u00eame s' il a vertement critiqu\u00e9 la Cour.<\/p>\n<\/div>\n<p>Plusieurs repr\u00e9sentants des oppositions en Afrique ont salu\u00e9 cette d\u00e9cision, du Zimbabwe \u00e0 la Guin\u00e9e en passant par le Mali. Ainsi, Abdourahmane Sanoh, pr\u00e9sident de la Plateforme nationale des citoyens unis pour le d\u00e9veloppement et l\u2019une des figures de proue de la soci\u00e9t\u00e9 civile en Guin\u00e9e a expliqu\u00e9\u00a0: \u00abLa d\u00e9cision de la Cour supr\u00eame k\u00e9nyane est un acte historique, elle est aussi un signe fort de l'ancrage de la culture d\u00e9mocratique en Afrique. En analysant avec les r\u00e9cents \u00e9v\u00e9nements en Mauritanie (un r\u00e9f\u00e9rendum constitutionnel boycott\u00e9 par une partie de l'opposition d\u00e9but ao\u00fbt, NDLR) et au Mali (o\u00f9 le pr\u00e9sident Ibrahim Boubacar Ke\u00efta a suspendu la convocation d'un r\u00e9f\u00e9rendum sous la pression de l'opposition), on peut dire que quelque chose de fondamental est en train de se passer sur notre continent, car cet exemple fera tache d'huile\u00a0\u00bb.<\/p>\n<p>Il reste \u00e0 savoir comment le Kenya pourra organiser une nouvelle \u00e9lection d\u2019ici 60 jours sous la houlette d\u2019une commission \u00e9lectorale contest\u00e9e et dans un climat politique \u00e9lectrique et violent. De pr\u00e9c\u00e9dentes \u00e9lections pr\u00e9sidentielles en 2007 avaient donn\u00e9 lieu \u00e0 une vague d\u2019affrontements qui avait donn\u00e9 lieu \u00e0 la mise en examen du Pr\u00e9sident Kenyatta et du vice-Pr\u00e9sident William Ruto par la Cour P\u00e9nale Internationale. La CPI avait finalement recul\u00e9 mais les Kenyans tout en saluant l\u2019\u00e9tat de droit redoutent de nouveaux troubles.<\/p>\n<p>Comme le dit le quotidien <em>The Standard<\/em> : \"ce dont le Kenya a le plus besoin en ce moment, c'est d'une \u00e9lection l\u00e9gale, juste et transparente\". Ce qui n\u2019est pas gagn\u00e9.<\/p>\n<h3>Gambie et Tunisie<\/h3>\n<p>Autre victoire du droit possible en Afrique, la poursuite de l\u2019ancien dictateur de Gambie Yahya Jammeh par le c\u00e9l\u00e8bre avocat am\u00e9ricain Reed Brody qui s\u2019est mis du c\u00f4t\u00e9 des victimes de cet homme qui a r\u00e9gn\u00e9 sur son pays 22 ans d\u2019une main de fer. Yahya Jammeh est aujourd\u2019hui r\u00e9fugi\u00e9 en Guin\u00e9e \u00e9quatoriale, pays lui aussi dirig\u00e9 par un dictateur, mais Brody, qui avait fait condamner le Pr\u00e9sident tchadien Hiss\u00e8ne Habr\u00e9 par une Cour africaine en 2016,\u00a0<a href=\"fr\/justice-reconciliation\/34450-apr%C3%A8s-avoir-fait-jug%C3%A9-l-ex-dictateur-tchadien,-reed-brody-se-met-en-chasse-de-yajha-jammeh.html\">explique<\/a> :<\/p>\n<p>\u00ab\u00a0 Nous avons montr\u00e9 dans l\u2019affaire Habr\u00e9 que lorsque les victimes racontent leur souffrance, elles peuvent cr\u00e9er les conditions politiques, y compris dans les pays africains, pour poursuivre un ancien chef d\u2019Etat\u00a0\u00bb. Brody, surnomm\u00e9 \u00ab\u00a0le chasseur de dictateur\u00a0\u00bb, poursuit\u00a0: \u00ab C\u2019est en Gambie que le futur proc\u00e8s doit avoir lieu pour satisfaire les int\u00e9r\u00eats des victimes et de la soci\u00e9t\u00e9 gambienne, et non \u00e0 la Haye par un procureur et des juges qui n\u2019ont pas de comptes \u00e0 rendre au peuple gambien\u00a0\u00bb. M\u00eame si Brody reconnait qu\u2019aujourd\u2019hui la Gambie n\u2019a pas encore les moyens d\u2019organiser un proc\u00e8s de son ancien tyran.<\/p>\n<p>\u00a0<\/p>\n<p>Victoire possible du droit possible enfin, la <a href=\"fr\/justice-reconciliation\/34468-tunisie-femmes-president-heritage-justice-transitionnelle.html\">Tunisie<\/a> o\u00f9 le Pr\u00e9sident le B\u00e9ji Caied Essebsi veut \u00e9tablir une \u00e9galit\u00e9 r\u00e9elle et totale entre les femmes et les hommes. La Tunisie, dernier phare du printemps arabe et exemple en mati\u00e8re de justice transitionnelle, est depuis 1956 et Bourguiba en avance compar\u00e9e aux autres pays musulmans. Mais, restent des discriminations en mati\u00e8re d\u2019h\u00e9ritage et de mariage que le Pr\u00e9sident veut abolir. Notre correspondante, Olfa Belhassine, \u00e9crit\u00a0: \u00ab\u00a0L\u2019initiative du Pr\u00e9sident a provoqu\u00e9 une large pol\u00e9mique et le d\u00e9bat, toujours passionn\u00e9, d\u00e9passe les fronti\u00e8res tunisiennes pour se propager dans toute la r\u00e9gion arabe. Une preuve suppl\u00e9mentaire que\u00a0: \u00ab\u00a0la question f\u00e9minine est au centre des interrogations que le monde arabe porte sur lui-m\u00eame, sur son rapport \u00e0 l\u2019identit\u00e9 et \u00e0 l\u2019universel \u00bb, comme l\u2019\u00e9crit l\u2019historienne et essayiste Sophie Bessis\u201d.<\/p>\n<p>\u00a0<\/p>\n<p>\u00a0<\/p>\n","protected":false},"excerpt":{"rendered":"<p>La semaine a \u00e9t\u00e9 marqu\u00e9e sans aucun doute par la d\u00e9cision vendredi de la Cour supr\u00eame du Kenya d\u2019invalider l\u2019\u00e9lection pr\u00e9sidentielle du 8 ao\u00fbt, une premi\u00e8re en Afrique. Comme le dit The Star, l\u2019un des principaux quotidiens kenyans, \u00ab\u00a0\"C'est un grand jour pour le Kenya, cela \u00e9tablit un pr\u00e9c\u00e9dent pour l'Afrique\u00a0\u00bb. D\u2019autant plus que le [&hellip;]<\/p>\n","protected":false},"author":58,"featured_media":67997,"comment_status":"open","ping_status":"closed","sticky":false,"template":"","format":"standard","meta":{"_acf_changed":false,"footnotes":""},"categories":[575],"tags":[],"ji_location":[2074],"class_list":["post-34475","post","type-post","status-publish","format-standard","has-post-thumbnail","hentry","category-opinions","ji_location-afrique"],"acf":[],"yoast_head":"<!-- This site is optimized with the Yoast SEO Premium plugin v25.3.1 (Yoast SEO v25.3.1) - https:\/\/yoast.com\/wordpress\/plugins\/seo\/ -->\n<title>La semaine de la justice transitionnelle : une victoire de l&#039;\u00e9tat de droit en Afrique ? - JusticeInfo.net<\/title>\n<meta name=\"robots\" content=\"index, follow, max-snippet:-1, max-image-preview:large, max-video-preview:-1\" \/>\n<link rel=\"canonical\" href=\"https:\/\/www.justiceinfo.net\/fr\/34475-justice-transitionnelle-kenya-victoire-droit-afrique.html\" \/>\n<meta property=\"og:locale\" content=\"fr_FR\" \/>\n<meta property=\"og:type\" content=\"article\" \/>\n<meta property=\"og:title\" content=\"La semaine de la justice transitionnelle : une victoire de l&#039;\u00e9tat de droit en Afrique ?\" \/>\n<meta property=\"og:description\" content=\"La semaine a \u00e9t\u00e9 marqu\u00e9e sans aucun doute par la d\u00e9cision vendredi de la Cour supr\u00eame du Kenya d\u2019invalider l\u2019\u00e9lection pr\u00e9sidentielle du 8 ao\u00fbt, une premi\u00e8re en Afrique. Comme le dit The Star, l\u2019un des principaux quotidiens kenyans, \u00ab\u00a0&quot;C&#039;est un grand jour pour le Kenya, cela \u00e9tablit un pr\u00e9c\u00e9dent pour l&#039;Afrique\u00a0\u00bb. D\u2019autant plus que le [&hellip;]\" \/>\n<meta property=\"og:url\" content=\"https:\/\/www.justiceinfo.net\/fr\/34475-justice-transitionnelle-kenya-victoire-droit-afrique.html\" \/>\n<meta property=\"og:site_name\" content=\"JusticeInfo.net\" \/>\n<meta property=\"article:publisher\" content=\"https:\/\/www.facebook.com\/JusticeInfo\/\" \/>\n<meta property=\"article:author\" content=\"https:\/\/www.facebook.com\/profile.php?id=100004809918727\" \/>\n<meta property=\"article:published_time\" content=\"2017-09-03T06:14:13+00:00\" \/>\n<meta property=\"og:image\" content=\"https:\/\/www.justiceinfo.net\/wp-content\/uploads\/a5d9fe9295f60c8ebed021553c2578c7-scaled.jpg\" \/>\n\t<meta property=\"og:image:width\" content=\"2560\" \/>\n\t<meta property=\"og:image:height\" content=\"1706\" \/>\n\t<meta property=\"og:image:type\" content=\"image\/jpeg\" \/>\n<meta name=\"author\" content=\"Fran\u00e7ois Sergent\" \/>\n<meta name=\"twitter:card\" content=\"summary_large_image\" \/>\n<meta name=\"twitter:creator\" content=\"@FrancoisSergent\" \/>\n<meta name=\"twitter:site\" content=\"@justiceinfonet\" \/>\n<meta name=\"twitter:label1\" content=\"\u00c9crit par\" \/>\n\t<meta name=\"twitter:data1\" content=\"Fran\u00e7ois Sergent\" \/>\n\t<meta name=\"twitter:label2\" content=\"Dur\u00e9e de lecture estim\u00e9e\" \/>\n\t<meta name=\"twitter:data2\" content=\"4 minutes\" \/>\n<script type=\"application\/ld+json\" class=\"yoast-schema-graph\">{\"@context\":\"https:\/\/schema.org\",\"@graph\":[{\"@type\":\"NewsArticle\",\"@id\":\"https:\/\/www.justiceinfo.net\/fr\/34475-justice-transitionnelle-kenya-victoire-droit-afrique.html#article\",\"isPartOf\":{\"@id\":\"https:\/\/www.justiceinfo.net\/fr\/34475-justice-transitionnelle-kenya-victoire-droit-afrique.html\"},\"author\":{\"name\":\"fsergent\",\"@id\":\"https:\/\/www.justiceinfo.net\/fr#\/schema\/person\/724414fc3a7779fc189a73a27563e5e1\"},\"headline\":\"La semaine de la justice transitionnelle : une victoire de l'\u00e9tat de droit en Afrique ?\",\"datePublished\":\"2017-09-03T06:14:13+00:00\",\"mainEntityOfPage\":{\"@id\":\"https:\/\/www.justiceinfo.net\/fr\/34475-justice-transitionnelle-kenya-victoire-droit-afrique.html\"},\"wordCount\":744,\"commentCount\":0,\"publisher\":{\"@id\":\"https:\/\/www.justiceinfo.net\/fr#organization\"},\"image\":{\"@id\":\"https:\/\/www.justiceinfo.net\/fr\/34475-justice-transitionnelle-kenya-victoire-droit-afrique.html#primaryimage\"},\"thumbnailUrl\":\"https:\/\/www.justiceinfo.net\/wp-content\/uploads\/a5d9fe9295f60c8ebed021553c2578c7-scaled.jpg\",\"articleSection\":[\"Opinions\"],\"inLanguage\":\"fr-FR\",\"potentialAction\":[{\"@type\":\"CommentAction\",\"name\":\"Comment\",\"target\":[\"https:\/\/www.justiceinfo.net\/fr\/34475-justice-transitionnelle-kenya-victoire-droit-afrique.html#respond\"]}]},{\"@type\":\"WebPage\",\"@id\":\"https:\/\/www.justiceinfo.net\/fr\/34475-justice-transitionnelle-kenya-victoire-droit-afrique.html\",\"url\":\"https:\/\/www.justiceinfo.net\/fr\/34475-justice-transitionnelle-kenya-victoire-droit-afrique.html\",\"name\":\"La semaine de la justice transitionnelle : une victoire de l'\u00e9tat de droit en Afrique ? - JusticeInfo.net\",\"isPartOf\":{\"@id\":\"https:\/\/www.justiceinfo.net\/fr#website\"},\"primaryImageOfPage\":{\"@id\":\"https:\/\/www.justiceinfo.net\/fr\/34475-justice-transitionnelle-kenya-victoire-droit-afrique.html#primaryimage\"},\"image\":{\"@id\":\"https:\/\/www.justiceinfo.net\/fr\/34475-justice-transitionnelle-kenya-victoire-droit-afrique.html#primaryimage\"},\"thumbnailUrl\":\"https:\/\/www.justiceinfo.net\/wp-content\/uploads\/a5d9fe9295f60c8ebed021553c2578c7-scaled.jpg\",\"datePublished\":\"2017-09-03T06:14:13+00:00\",\"breadcrumb\":{\"@id\":\"https:\/\/www.justiceinfo.net\/fr\/34475-justice-transitionnelle-kenya-victoire-droit-afrique.html#breadcrumb\"},\"inLanguage\":\"fr-FR\",\"potentialAction\":[{\"@type\":\"ReadAction\",\"target\":[\"https:\/\/www.justiceinfo.net\/fr\/34475-justice-transitionnelle-kenya-victoire-droit-afrique.html\"]}]},{\"@type\":\"ImageObject\",\"inLanguage\":\"fr-FR\",\"@id\":\"https:\/\/www.justiceinfo.net\/fr\/34475-justice-transitionnelle-kenya-victoire-droit-afrique.html#primaryimage\",\"url\":\"https:\/\/www.justiceinfo.net\/wp-content\/uploads\/a5d9fe9295f60c8ebed021553c2578c7-scaled.jpg\",\"contentUrl\":\"https:\/\/www.justiceinfo.net\/wp-content\/uploads\/a5d9fe9295f60c8ebed021553c2578c7-scaled.jpg\",\"width\":2560,\"height\":1706},{\"@type\":\"BreadcrumbList\",\"@id\":\"https:\/\/www.justiceinfo.net\/fr\/34475-justice-transitionnelle-kenya-victoire-droit-afrique.html#breadcrumb\",\"itemListElement\":[{\"@type\":\"ListItem\",\"position\":1,\"name\":\"Home\",\"item\":\"https:\/\/www.justiceinfo.net\/fr\"},{\"@type\":\"ListItem\",\"position\":2,\"name\":\"La semaine de la justice transitionnelle : une victoire de l'\u00e9tat de droit en Afrique ?\"}]},{\"@type\":\"WebSite\",\"@id\":\"https:\/\/www.justiceinfo.net\/fr#website\",\"url\":\"https:\/\/www.justiceinfo.net\/fr\",\"name\":\"JusticeInfo.net\",\"description\":\"La justice doit \u00eatre vue pour \u00eatre rendue\",\"publisher\":{\"@id\":\"https:\/\/www.justiceinfo.net\/fr#organization\"},\"potentialAction\":[{\"@type\":\"SearchAction\",\"target\":{\"@type\":\"EntryPoint\",\"urlTemplate\":\"https:\/\/www.justiceinfo.net\/fr?s={search_term_string}\"},\"query-input\":{\"@type\":\"PropertyValueSpecification\",\"valueRequired\":true,\"valueName\":\"search_term_string\"}}],\"inLanguage\":\"fr-FR\"},{\"@type\":\"Organization\",\"@id\":\"https:\/\/www.justiceinfo.net\/fr#organization\",\"name\":\"Justice Info\",\"url\":\"https:\/\/www.justiceinfo.net\/fr\",\"logo\":{\"@type\":\"ImageObject\",\"inLanguage\":\"fr-FR\",\"@id\":\"https:\/\/www.justiceinfo.net\/fr#\/schema\/logo\/image\/\",\"url\":\"https:\/\/www.justiceinfo.net\/wp-content\/uploads\/justiceinfo_logo-trans_1200x1200px.png\",\"contentUrl\":\"https:\/\/www.justiceinfo.net\/wp-content\/uploads\/justiceinfo_logo-trans_1200x1200px.png\",\"width\":1199,\"height\":1200,\"caption\":\"Justice Info\"},\"image\":{\"@id\":\"https:\/\/www.justiceinfo.net\/fr#\/schema\/logo\/image\/\"},\"sameAs\":[\"https:\/\/www.facebook.com\/JusticeInfo\/\",\"https:\/\/x.com\/justiceinfonet\",\"https:\/\/www.linkedin.com\/company\/justice-info\",\"https:\/\/www.youtube.com\/channel\/UCyCEsARodyuWtkWyhn-e7pA\"]},{\"@type\":\"Person\",\"name\":\"Fran\u00e7ois Sergent\",\"sameAs\":[\"https:\/\/www.facebook.com\/profile.php?id=100004809918727\",\"https:\/\/x.com\/FrancoisSergent\"],\"url\":\"https:\/\/www.justiceinfo.net\/fr\/auteur\/fsergent\"}]}<\/script>\n<!-- \/ Yoast SEO Premium plugin. -->","yoast_head_json":{"title":"La semaine de la justice transitionnelle : une victoire de l'\u00e9tat de droit en Afrique ? - JusticeInfo.net","robots":{"index":"index","follow":"follow","max-snippet":"max-snippet:-1","max-image-preview":"max-image-preview:large","max-video-preview":"max-video-preview:-1"},"canonical":"https:\/\/www.justiceinfo.net\/fr\/34475-justice-transitionnelle-kenya-victoire-droit-afrique.html","og_locale":"fr_FR","og_type":"article","og_title":"La semaine de la justice transitionnelle : une victoire de l'\u00e9tat de droit en Afrique ?","og_description":"La semaine a \u00e9t\u00e9 marqu\u00e9e sans aucun doute par la d\u00e9cision vendredi de la Cour supr\u00eame du Kenya d\u2019invalider l\u2019\u00e9lection pr\u00e9sidentielle du 8 ao\u00fbt, une premi\u00e8re en Afrique. Comme le dit The Star, l\u2019un des principaux quotidiens kenyans, \u00ab\u00a0\"C'est un grand jour pour le Kenya, cela \u00e9tablit un pr\u00e9c\u00e9dent pour l'Afrique\u00a0\u00bb. D\u2019autant plus que le [&hellip;]","og_url":"https:\/\/www.justiceinfo.net\/fr\/34475-justice-transitionnelle-kenya-victoire-droit-afrique.html","og_site_name":"JusticeInfo.net","article_publisher":"https:\/\/www.facebook.com\/JusticeInfo\/","article_author":"https:\/\/www.facebook.com\/profile.php?id=100004809918727","article_published_time":"2017-09-03T06:14:13+00:00","og_image":[{"width":2560,"height":1706,"url":"https:\/\/www.justiceinfo.net\/wp-content\/uploads\/a5d9fe9295f60c8ebed021553c2578c7-scaled.jpg","type":"image\/jpeg"}],"author":"Fran\u00e7ois Sergent","twitter_card":"summary_large_image","twitter_creator":"@FrancoisSergent","twitter_site":"@justiceinfonet","twitter_misc":{"\u00c9crit par":"Fran\u00e7ois Sergent","Dur\u00e9e de lecture estim\u00e9e":"4 minutes"},"schema":{"@context":"https:\/\/schema.org","@graph":[{"@type":"NewsArticle","@id":"https:\/\/www.justiceinfo.net\/fr\/34475-justice-transitionnelle-kenya-victoire-droit-afrique.html#article","isPartOf":{"@id":"https:\/\/www.justiceinfo.net\/fr\/34475-justice-transitionnelle-kenya-victoire-droit-afrique.html"},"author":{"name":"fsergent","@id":"https:\/\/www.justiceinfo.net\/fr#\/schema\/person\/724414fc3a7779fc189a73a27563e5e1"},"headline":"La semaine de la justice transitionnelle : une victoire de l'\u00e9tat de droit en Afrique ?","datePublished":"2017-09-03T06:14:13+00:00","mainEntityOfPage":{"@id":"https:\/\/www.justiceinfo.net\/fr\/34475-justice-transitionnelle-kenya-victoire-droit-afrique.html"},"wordCount":744,"commentCount":0,"publisher":{"@id":"https:\/\/www.justiceinfo.net\/fr#organization"},"image":{"@id":"https:\/\/www.justiceinfo.net\/fr\/34475-justice-transitionnelle-kenya-victoire-droit-afrique.html#primaryimage"},"thumbnailUrl":"https:\/\/www.justiceinfo.net\/wp-content\/uploads\/a5d9fe9295f60c8ebed021553c2578c7-scaled.jpg","articleSection":["Opinions"],"inLanguage":"fr-FR","potentialAction":[{"@type":"CommentAction","name":"Comment","target":["https:\/\/www.justiceinfo.net\/fr\/34475-justice-transitionnelle-kenya-victoire-droit-afrique.html#respond"]}]},{"@type":"WebPage","@id":"https:\/\/www.justiceinfo.net\/fr\/34475-justice-transitionnelle-kenya-victoire-droit-afrique.html","url":"https:\/\/www.justiceinfo.net\/fr\/34475-justice-transitionnelle-kenya-victoire-droit-afrique.html","name":"La semaine de la justice transitionnelle : une victoire de l'\u00e9tat de droit en Afrique ? - JusticeInfo.net","isPartOf":{"@id":"https:\/\/www.justiceinfo.net\/fr#website"},"primaryImageOfPage":{"@id":"https:\/\/www.justiceinfo.net\/fr\/34475-justice-transitionnelle-kenya-victoire-droit-afrique.html#primaryimage"},"image":{"@id":"https:\/\/www.justiceinfo.net\/fr\/34475-justice-transitionnelle-kenya-victoire-droit-afrique.html#primaryimage"},"thumbnailUrl":"https:\/\/www.justiceinfo.net\/wp-content\/uploads\/a5d9fe9295f60c8ebed021553c2578c7-scaled.jpg","datePublished":"2017-09-03T06:14:13+00:00","breadcrumb":{"@id":"https:\/\/www.justiceinfo.net\/fr\/34475-justice-transitionnelle-kenya-victoire-droit-afrique.html#breadcrumb"},"inLanguage":"fr-FR","potentialAction":[{"@type":"ReadAction","target":["https:\/\/www.justiceinfo.net\/fr\/34475-justice-transitionnelle-kenya-victoire-droit-afrique.html"]}]},{"@type":"ImageObject","inLanguage":"fr-FR","@id":"https:\/\/www.justiceinfo.net\/fr\/34475-justice-transitionnelle-kenya-victoire-droit-afrique.html#primaryimage","url":"https:\/\/www.justiceinfo.net\/wp-content\/uploads\/a5d9fe9295f60c8ebed021553c2578c7-scaled.jpg","contentUrl":"https:\/\/www.justiceinfo.net\/wp-content\/uploads\/a5d9fe9295f60c8ebed021553c2578c7-scaled.jpg","width":2560,"height":1706},{"@type":"BreadcrumbList","@id":"https:\/\/www.justiceinfo.net\/fr\/34475-justice-transitionnelle-kenya-victoire-droit-afrique.html#breadcrumb","itemListElement":[{"@type":"ListItem","position":1,"name":"Home","item":"https:\/\/www.justiceinfo.net\/fr"},{"@type":"ListItem","position":2,"name":"La semaine de la justice transitionnelle : une victoire de l'\u00e9tat de droit en Afrique ?"}]},{"@type":"WebSite","@id":"https:\/\/www.justiceinfo.net\/fr#website","url":"https:\/\/www.justiceinfo.net\/fr","name":"JusticeInfo.net","description":"La justice doit \u00eatre vue pour \u00eatre rendue","publisher":{"@id":"https:\/\/www.justiceinfo.net\/fr#organization"},"potentialAction":[{"@type":"SearchAction","target":{"@type":"EntryPoint","urlTemplate":"https:\/\/www.justiceinfo.net\/fr?s={search_term_string}"},"query-input":{"@type":"PropertyValueSpecification","valueRequired":true,"valueName":"search_term_string"}}],"inLanguage":"fr-FR"},{"@type":"Organization","@id":"https:\/\/www.justiceinfo.net\/fr#organization","name":"Justice Info","url":"https:\/\/www.justiceinfo.net\/fr","logo":{"@type":"ImageObject","inLanguage":"fr-FR","@id":"https:\/\/www.justiceinfo.net\/fr#\/schema\/logo\/image\/","url":"https:\/\/www.justiceinfo.net\/wp-content\/uploads\/justiceinfo_logo-trans_1200x1200px.png","contentUrl":"https:\/\/www.justiceinfo.net\/wp-content\/uploads\/justiceinfo_logo-trans_1200x1200px.png","width":1199,"height":1200,"caption":"Justice Info"},"image":{"@id":"https:\/\/www.justiceinfo.net\/fr#\/schema\/logo\/image\/"},"sameAs":["https:\/\/www.facebook.com\/JusticeInfo\/","https:\/\/x.com\/justiceinfonet","https:\/\/www.linkedin.com\/company\/justice-info","https:\/\/www.youtube.com\/channel\/UCyCEsARodyuWtkWyhn-e7pA"]},{"@type":"Person","name":"Fran\u00e7ois Sergent","sameAs":["https:\/\/www.facebook.com\/profile.php?id=100004809918727","https:\/\/x.com\/FrancoisSergent"],"url":"https:\/\/www.justiceinfo.net\/fr\/auteur\/fsergent"}]}},"_links":{"self":[{"href":"https:\/\/www.justiceinfo.net\/fr\/wp-json\/wp\/v2\/posts\/34475","targetHints":{"allow":["GET"]}}],"collection":[{"href":"https:\/\/www.justiceinfo.net\/fr\/wp-json\/wp\/v2\/posts"}],"about":[{"href":"https:\/\/www.justiceinfo.net\/fr\/wp-json\/wp\/v2\/types\/post"}],"author":[{"embeddable":true,"href":"https:\/\/www.justiceinfo.net\/fr\/wp-json\/wp\/v2\/users\/58"}],"replies":[{"embeddable":true,"href":"https:\/\/www.justiceinfo.net\/fr\/wp-json\/wp\/v2\/comments?post=34475"}],"version-history":[{"count":0,"href":"https:\/\/www.justiceinfo.net\/fr\/wp-json\/wp\/v2\/posts\/34475\/revisions"}],"wp:featuredmedia":[{"embeddable":true,"href":"https:\/\/www.justiceinfo.net\/fr\/wp-json\/wp\/v2\/media\/67997"}],"wp:attachment":[{"href":"https:\/\/www.justiceinfo.net\/fr\/wp-json\/wp\/v2\/media?parent=34475"}],"wp:term":[{"taxonomy":"category","embeddable":true,"href":"https:\/\/www.justiceinfo.net\/fr\/wp-json\/wp\/v2\/categories?post=34475"},{"taxonomy":"post_tag","embeddable":true,"href":"https:\/\/www.justiceinfo.net\/fr\/wp-json\/wp\/v2\/tags?post=34475"},{"taxonomy":"ji_location","embeddable":true,"href":"https:\/\/www.justiceinfo.net\/fr\/wp-json\/wp\/v2\/ji_location?post=34475"}],"curies":[{"name":"wp","href":"https:\/\/api.w.org\/{rel}","templated":true}]}}