{"id":34515,"date":"2017-09-06T12:00:02","date_gmt":"2017-09-06T10:00:02","guid":{"rendered":"https:\/\/www.justiceinfo.net\/34515-syrie-les-utilisations-d-armes-chimiques-dans-le-conflit.html"},"modified":"2017-09-06T12:00:02","modified_gmt":"2017-09-06T10:00:02","slug":"syrie-les-utilisations-d-armes-chimiques-dans-le-conflit","status":"publish","type":"post","link":"https:\/\/www.justiceinfo.net\/fr\/34515-syrie-les-utilisations-d-armes-chimiques-dans-le-conflit.html","title":{"rendered":"Syrie: les utilisations d'armes chimiques dans le conflit"},"content":{"rendered":"<div class=\"content-excerpt\">\n<p>Depuis le d\u00e9but du conflit en Syrie en 2011, les forces en pr\u00e9sence, et en particulier le r\u00e9gime syrien, ont \u00e9t\u00e9 accus\u00e9es \u00e0 plusieurs reprises d'avoir eu recours \u00e0 des armes chimiques.<\/p>\n<\/div>\n<p>Mercredi, des enqu\u00eateurs de l'ONU ont indiqu\u00e9 que le gouvernement \u00e9tait responsable de l'attaque meurtri\u00e8re au gaz sarin sur la localit\u00e9 de Khan Cheikhoun, le 4 avril, accusant Damas de \"crime de guerre\".<\/p>\n<p>- Damas brandit la menace -<\/p>\n<p>Le 23 juillet 2012, le r\u00e9gime reconna\u00eet pour la premi\u00e8re fois poss\u00e9der des armes chimiques et menace de les utiliser en cas d'intervention militaire occidentale mais pas contre sa population.<\/p>\n<p>Le 20 ao\u00fbt, Barack Obama affirme qu'avoir recours \u00e0 de telles armes ou m\u00eame les d\u00e9placer reviendrait \u00e0 franchir une \"ligne rouge\".<\/p>\n<h3>- Gaz sarin pr\u00e8s de Damas -<\/h3>\n<p>Le 21 ao\u00fbt 2013, attaque des forces du r\u00e9gime dans la Ghouta orientale et \u00e0 Mouadamiyat al-Cham, en p\u00e9riph\u00e9rie de Damas, des secteurs aux mains des rebelles. L'opposition accuse le r\u00e9gime d'avoir perp\u00e9tr\u00e9 l'attaque avec des gaz toxiques. Le r\u00e9gime d\u00e9ment.<\/p>\n<p>Fin ao\u00fbt, les Etats-Unis affirment avoir la \"forte certitude\" que le r\u00e9gime est responsable de l'attaque qui a fait selon eux au moins 1.429 morts, dont 426 enfants.<\/p>\n<p>Le 16 septembre, l'ONU publie un rapport de ses experts qui ont enqu\u00eat\u00e9 sur l'attaque, selon lequel des \"preuves flagrantes\" de l'utilisation de gaz sarin ont \u00e9t\u00e9 trouv\u00e9es.<\/p>\n<p>Mais deux jours auparavant, la signature d'un accord am\u00e9ricano-russe \u00e0 Gen\u00e8ve sur le d\u00e9mant\u00e8lement de l'arsenal chimique de la Syrie a repouss\u00e9 la perspective de frappes envisag\u00e9es notamment par Washington et Paris pour \"punir\" M. Assad.<\/p>\n<h3>- Chlore -<\/h3>\n<p>Le 10 septembre 2014, les enqu\u00eateurs de l'Organisation pour l'interdiction des armes chimiques (OIAC) confirment que le chlore a \u00e9t\u00e9 utilis\u00e9 en tant qu'arme chimique de mani\u00e8re \"syst\u00e9matique et r\u00e9p\u00e9t\u00e9e\" \u00e0 Kafr Zeta (province de Hama, centre), Al-Tamana et Tal Minnis (province d'Idleb, nord).<\/p>\n<p>Fin ao\u00fbt, une commission d'enqu\u00eate de l'ONU avait accus\u00e9 les autorit\u00e9s syriennes d'avoir utilis\u00e9 des armes chimiques, \"probablement du chlore\", \u00e0 huit occasions dans l'Ouest.<\/p>\n<p>Washington, Londres et Paris accusent l'arm\u00e9e syrienne d'avoir men\u00e9 depuis 16 mois des attaques au gaz de chlore. Mais pour la Russie, alli\u00e9e de Damas, il n'existe pas de preuve irr\u00e9futable de la culpabilit\u00e9 du r\u00e9gime.<\/p>\n<h3>- Damas et l'EI accus\u00e9s -<\/h3>\n<p>Le 21 octobre 2016, le Conseil de s\u00e9curit\u00e9 re\u00e7oit un rapport confidentiel concluant que l'arm\u00e9e syrienne a men\u00e9 une attaque \u00e0 l'arme chimique, sans doute du chlore, \u00e0 Qmenas (province d'Idleb, nord-ouest), en mars 2015.<\/p>\n<p>La commission d'enqu\u00eate, baptis\u00e9e Joint Investigative Mechanism (JIM), avait conclu que des h\u00e9licopt\u00e8res militaires avaient r\u00e9pandu du gaz de chlore sur au moins deux localit\u00e9s de la province d'Idleb. Au total, sur les neuf attaques chimiques pr\u00e9sum\u00e9es \u00e9tudi\u00e9es par les experts, trois ont \u00e9t\u00e9 attribu\u00e9es au r\u00e9gime et une au groupe Etat islamique (EI), au gaz moutarde \u00e0 Marea (province d'Alep, nord) en ao\u00fbt 2015.<\/p>\n<p>Le 28 f\u00e9vrier 2017, la Russie et la Chine mettent leur veto \u00e0 une r\u00e9solution de l'ONU pr\u00e9voyant des sanctions contre la Syrie pour son utilisation d'armes chimiques.<\/p>\n<h3>- Khan Cheikhoun -<\/h3>\n<p>Le 4 avril 2017, un raid a\u00e9rien frappe Khan Cheikhoun, petite ville contr\u00f4l\u00e9e par des rebelles et des jihadistes dans la province d'Idleb, faisant selon l'ONU, 83 morts, dont 28 enfants. D'autres sources indiquent qu'au moins 87 personnes, dont 30 enfants, ont perdu la vie dns cette attaque.<\/p>\n<p>Selon des m\u00e9decins sur place, les sympt\u00f4mes relev\u00e9s sur les patients sont similaires \u00e0 ceux constat\u00e9s sur des victimes d'une attaque chimique.<\/p>\n<p>Dans la nuit du 6 au 7 avril, 59 missiles de croisi\u00e8re Tomahawk sont tir\u00e9s par deux navires am\u00e9ricains en M\u00e9diterran\u00e9e vers la base a\u00e9rienne syrienne d'Al-Chaayrate (centre).<\/p>\n<p>Le 29 juin, l'OIAC confirme que du gaz sarin a bien \u00e9t\u00e9 utilis\u00e9 lors de l'attaque, sans toutefois pointer des responsables. Elle d\u00e9nonce d'intenses pressions sur les enqu\u00eateurs.<\/p>\n<p>Le 6 septembre, des enqu\u00eateurs de l'ONU affirment que le gouvernement est responsable de l'attaque.<\/p>\n","protected":false},"excerpt":{"rendered":"<p>Depuis le d\u00e9but du conflit en Syrie en 2011, les forces en pr\u00e9sence, et en particulier le r\u00e9gime syrien, ont \u00e9t\u00e9 accus\u00e9es \u00e0 plusieurs reprises d'avoir eu recours \u00e0 des armes chimiques. Mercredi, des enqu\u00eateurs de l'ONU ont indiqu\u00e9 que le gouvernement \u00e9tait responsable de l'attaque meurtri\u00e8re au gaz sarin sur la localit\u00e9 de Khan [&hellip;]<\/p>\n","protected":false},"author":60,"featured_media":0,"comment_status":"open","ping_status":"closed","sticky":false,"template":"","format":"standard","meta":{"_acf_changed":false,"footnotes":""},"categories":[556],"tags":[],"ji_location":[2498],"class_list":["post-34515","post","type-post","status-publish","format-standard","hentry","category-divers","ji_location-syrie"],"acf":[],"yoast_head":"<!-- This site is optimized with the Yoast SEO Premium plugin v25.3.1 (Yoast SEO v25.3.1) - https:\/\/yoast.com\/wordpress\/plugins\/seo\/ -->\n<title>Syrie: les utilisations d&#039;armes chimiques dans le conflit - JusticeInfo.net<\/title>\n<meta name=\"robots\" content=\"index, follow, max-snippet:-1, max-image-preview:large, max-video-preview:-1\" \/>\n<link rel=\"canonical\" href=\"https:\/\/www.justiceinfo.net\/fr\/34515-syrie-les-utilisations-d-armes-chimiques-dans-le-conflit.html\" \/>\n<meta property=\"og:locale\" content=\"fr_FR\" \/>\n<meta property=\"og:type\" content=\"article\" \/>\n<meta property=\"og:title\" content=\"Syrie: les utilisations d&#039;armes chimiques dans le conflit\" \/>\n<meta property=\"og:description\" content=\"Depuis le d\u00e9but du conflit en Syrie en 2011, les forces en pr\u00e9sence, et en particulier le r\u00e9gime syrien, ont \u00e9t\u00e9 accus\u00e9es \u00e0 plusieurs reprises d&#039;avoir eu recours \u00e0 des armes chimiques. Mercredi, des enqu\u00eateurs de l&#039;ONU ont indiqu\u00e9 que le gouvernement \u00e9tait responsable de l&#039;attaque meurtri\u00e8re au gaz sarin sur la localit\u00e9 de Khan [&hellip;]\" \/>\n<meta property=\"og:url\" content=\"https:\/\/www.justiceinfo.net\/fr\/34515-syrie-les-utilisations-d-armes-chimiques-dans-le-conflit.html\" \/>\n<meta property=\"og:site_name\" content=\"JusticeInfo.net\" \/>\n<meta property=\"article:publisher\" content=\"https:\/\/www.facebook.com\/JusticeInfo\/\" \/>\n<meta property=\"article:published_time\" content=\"2017-09-06T10:00:02+00:00\" \/>\n<meta property=\"og:image\" content=\"https:\/\/www.justiceinfo.net\/wp-content\/uploads\/JusticeInfoNet_logo_1200x630px.jpg\" \/>\n\t<meta property=\"og:image:width\" content=\"1200\" \/>\n\t<meta property=\"og:image:height\" content=\"630\" \/>\n\t<meta property=\"og:image:type\" content=\"image\/jpeg\" \/>\n<meta name=\"author\" content=\"AFP\" \/>\n<meta name=\"twitter:card\" content=\"summary_large_image\" \/>\n<meta name=\"twitter:creator\" content=\"@justiceinfonet\" \/>\n<meta name=\"twitter:site\" content=\"@justiceinfonet\" \/>\n<meta name=\"twitter:label1\" content=\"\u00c9crit par\" \/>\n\t<meta name=\"twitter:data1\" content=\"AFP\" \/>\n\t<meta name=\"twitter:label2\" content=\"Dur\u00e9e de lecture estim\u00e9e\" \/>\n\t<meta name=\"twitter:data2\" content=\"3 minutes\" \/>\n<script type=\"application\/ld+json\" class=\"yoast-schema-graph\">{\"@context\":\"https:\/\/schema.org\",\"@graph\":[{\"@type\":\"NewsArticle\",\"@id\":\"https:\/\/www.justiceinfo.net\/fr\/34515-syrie-les-utilisations-d-armes-chimiques-dans-le-conflit.html#article\",\"isPartOf\":{\"@id\":\"https:\/\/www.justiceinfo.net\/fr\/34515-syrie-les-utilisations-d-armes-chimiques-dans-le-conflit.html\"},\"author\":{\"name\":\"afp\",\"@id\":\"https:\/\/www.justiceinfo.net\/fr#\/schema\/person\/713d340ef5f218fc36ce9b4244364a7f\"},\"headline\":\"Syrie: les utilisations d'armes chimiques dans le conflit\",\"datePublished\":\"2017-09-06T10:00:02+00:00\",\"mainEntityOfPage\":{\"@id\":\"https:\/\/www.justiceinfo.net\/fr\/34515-syrie-les-utilisations-d-armes-chimiques-dans-le-conflit.html\"},\"wordCount\":740,\"commentCount\":0,\"publisher\":{\"@id\":\"https:\/\/www.justiceinfo.net\/fr#organization\"},\"articleSection\":[\"Divers\"],\"inLanguage\":\"fr-FR\",\"potentialAction\":[{\"@type\":\"CommentAction\",\"name\":\"Comment\",\"target\":[\"https:\/\/www.justiceinfo.net\/fr\/34515-syrie-les-utilisations-d-armes-chimiques-dans-le-conflit.html#respond\"]}]},{\"@type\":\"WebPage\",\"@id\":\"https:\/\/www.justiceinfo.net\/fr\/34515-syrie-les-utilisations-d-armes-chimiques-dans-le-conflit.html\",\"url\":\"https:\/\/www.justiceinfo.net\/fr\/34515-syrie-les-utilisations-d-armes-chimiques-dans-le-conflit.html\",\"name\":\"Syrie: les utilisations d'armes chimiques dans le conflit - JusticeInfo.net\",\"isPartOf\":{\"@id\":\"https:\/\/www.justiceinfo.net\/fr#website\"},\"datePublished\":\"2017-09-06T10:00:02+00:00\",\"breadcrumb\":{\"@id\":\"https:\/\/www.justiceinfo.net\/fr\/34515-syrie-les-utilisations-d-armes-chimiques-dans-le-conflit.html#breadcrumb\"},\"inLanguage\":\"fr-FR\",\"potentialAction\":[{\"@type\":\"ReadAction\",\"target\":[\"https:\/\/www.justiceinfo.net\/fr\/34515-syrie-les-utilisations-d-armes-chimiques-dans-le-conflit.html\"]}]},{\"@type\":\"BreadcrumbList\",\"@id\":\"https:\/\/www.justiceinfo.net\/fr\/34515-syrie-les-utilisations-d-armes-chimiques-dans-le-conflit.html#breadcrumb\",\"itemListElement\":[{\"@type\":\"ListItem\",\"position\":1,\"name\":\"Home\",\"item\":\"https:\/\/www.justiceinfo.net\/fr\"},{\"@type\":\"ListItem\",\"position\":2,\"name\":\"Syrie: les utilisations d'armes chimiques dans le conflit\"}]},{\"@type\":\"WebSite\",\"@id\":\"https:\/\/www.justiceinfo.net\/fr#website\",\"url\":\"https:\/\/www.justiceinfo.net\/fr\",\"name\":\"JusticeInfo.net\",\"description\":\"La justice doit \u00eatre vue pour \u00eatre rendue\",\"publisher\":{\"@id\":\"https:\/\/www.justiceinfo.net\/fr#organization\"},\"potentialAction\":[{\"@type\":\"SearchAction\",\"target\":{\"@type\":\"EntryPoint\",\"urlTemplate\":\"https:\/\/www.justiceinfo.net\/fr?s={search_term_string}\"},\"query-input\":{\"@type\":\"PropertyValueSpecification\",\"valueRequired\":true,\"valueName\":\"search_term_string\"}}],\"inLanguage\":\"fr-FR\"},{\"@type\":\"Organization\",\"@id\":\"https:\/\/www.justiceinfo.net\/fr#organization\",\"name\":\"Justice Info\",\"url\":\"https:\/\/www.justiceinfo.net\/fr\",\"logo\":{\"@type\":\"ImageObject\",\"inLanguage\":\"fr-FR\",\"@id\":\"https:\/\/www.justiceinfo.net\/fr#\/schema\/logo\/image\/\",\"url\":\"https:\/\/www.justiceinfo.net\/wp-content\/uploads\/justiceinfo_logo-trans_1200x1200px.png\",\"contentUrl\":\"https:\/\/www.justiceinfo.net\/wp-content\/uploads\/justiceinfo_logo-trans_1200x1200px.png\",\"width\":1199,\"height\":1200,\"caption\":\"Justice Info\"},\"image\":{\"@id\":\"https:\/\/www.justiceinfo.net\/fr#\/schema\/logo\/image\/\"},\"sameAs\":[\"https:\/\/www.facebook.com\/JusticeInfo\/\",\"https:\/\/x.com\/justiceinfonet\",\"https:\/\/www.linkedin.com\/company\/justice-info\",\"https:\/\/www.youtube.com\/channel\/UCyCEsARodyuWtkWyhn-e7pA\"]},{\"@type\":\"Person\",\"name\":\"AFP\",\"url\":\"\/fr\/?s=AFP\"}]}<\/script>\n<!-- \/ Yoast SEO Premium plugin. -->","yoast_head_json":{"title":"Syrie: les utilisations d'armes chimiques dans le conflit - JusticeInfo.net","robots":{"index":"index","follow":"follow","max-snippet":"max-snippet:-1","max-image-preview":"max-image-preview:large","max-video-preview":"max-video-preview:-1"},"canonical":"https:\/\/www.justiceinfo.net\/fr\/34515-syrie-les-utilisations-d-armes-chimiques-dans-le-conflit.html","og_locale":"fr_FR","og_type":"article","og_title":"Syrie: les utilisations d'armes chimiques dans le conflit","og_description":"Depuis le d\u00e9but du conflit en Syrie en 2011, les forces en pr\u00e9sence, et en particulier le r\u00e9gime syrien, ont \u00e9t\u00e9 accus\u00e9es \u00e0 plusieurs reprises d'avoir eu recours \u00e0 des armes chimiques. Mercredi, des enqu\u00eateurs de l'ONU ont indiqu\u00e9 que le gouvernement \u00e9tait responsable de l'attaque meurtri\u00e8re au gaz sarin sur la localit\u00e9 de Khan [&hellip;]","og_url":"https:\/\/www.justiceinfo.net\/fr\/34515-syrie-les-utilisations-d-armes-chimiques-dans-le-conflit.html","og_site_name":"JusticeInfo.net","article_publisher":"https:\/\/www.facebook.com\/JusticeInfo\/","article_published_time":"2017-09-06T10:00:02+00:00","og_image":[{"width":1200,"height":630,"url":"https:\/\/www.justiceinfo.net\/wp-content\/uploads\/JusticeInfoNet_logo_1200x630px.jpg","type":"image\/jpeg"}],"author":"AFP","twitter_card":"summary_large_image","twitter_creator":"@justiceinfonet","twitter_site":"@justiceinfonet","twitter_misc":{"\u00c9crit par":"AFP","Dur\u00e9e de lecture estim\u00e9e":"3 minutes"},"schema":{"@context":"https:\/\/schema.org","@graph":[{"@type":"NewsArticle","@id":"https:\/\/www.justiceinfo.net\/fr\/34515-syrie-les-utilisations-d-armes-chimiques-dans-le-conflit.html#article","isPartOf":{"@id":"https:\/\/www.justiceinfo.net\/fr\/34515-syrie-les-utilisations-d-armes-chimiques-dans-le-conflit.html"},"author":{"name":"afp","@id":"https:\/\/www.justiceinfo.net\/fr#\/schema\/person\/713d340ef5f218fc36ce9b4244364a7f"},"headline":"Syrie: les utilisations d'armes chimiques dans le conflit","datePublished":"2017-09-06T10:00:02+00:00","mainEntityOfPage":{"@id":"https:\/\/www.justiceinfo.net\/fr\/34515-syrie-les-utilisations-d-armes-chimiques-dans-le-conflit.html"},"wordCount":740,"commentCount":0,"publisher":{"@id":"https:\/\/www.justiceinfo.net\/fr#organization"},"articleSection":["Divers"],"inLanguage":"fr-FR","potentialAction":[{"@type":"CommentAction","name":"Comment","target":["https:\/\/www.justiceinfo.net\/fr\/34515-syrie-les-utilisations-d-armes-chimiques-dans-le-conflit.html#respond"]}]},{"@type":"WebPage","@id":"https:\/\/www.justiceinfo.net\/fr\/34515-syrie-les-utilisations-d-armes-chimiques-dans-le-conflit.html","url":"https:\/\/www.justiceinfo.net\/fr\/34515-syrie-les-utilisations-d-armes-chimiques-dans-le-conflit.html","name":"Syrie: les utilisations d'armes chimiques dans le conflit - JusticeInfo.net","isPartOf":{"@id":"https:\/\/www.justiceinfo.net\/fr#website"},"datePublished":"2017-09-06T10:00:02+00:00","breadcrumb":{"@id":"https:\/\/www.justiceinfo.net\/fr\/34515-syrie-les-utilisations-d-armes-chimiques-dans-le-conflit.html#breadcrumb"},"inLanguage":"fr-FR","potentialAction":[{"@type":"ReadAction","target":["https:\/\/www.justiceinfo.net\/fr\/34515-syrie-les-utilisations-d-armes-chimiques-dans-le-conflit.html"]}]},{"@type":"BreadcrumbList","@id":"https:\/\/www.justiceinfo.net\/fr\/34515-syrie-les-utilisations-d-armes-chimiques-dans-le-conflit.html#breadcrumb","itemListElement":[{"@type":"ListItem","position":1,"name":"Home","item":"https:\/\/www.justiceinfo.net\/fr"},{"@type":"ListItem","position":2,"name":"Syrie: les utilisations d'armes chimiques dans le conflit"}]},{"@type":"WebSite","@id":"https:\/\/www.justiceinfo.net\/fr#website","url":"https:\/\/www.justiceinfo.net\/fr","name":"JusticeInfo.net","description":"La justice doit \u00eatre vue pour \u00eatre rendue","publisher":{"@id":"https:\/\/www.justiceinfo.net\/fr#organization"},"potentialAction":[{"@type":"SearchAction","target":{"@type":"EntryPoint","urlTemplate":"https:\/\/www.justiceinfo.net\/fr?s={search_term_string}"},"query-input":{"@type":"PropertyValueSpecification","valueRequired":true,"valueName":"search_term_string"}}],"inLanguage":"fr-FR"},{"@type":"Organization","@id":"https:\/\/www.justiceinfo.net\/fr#organization","name":"Justice Info","url":"https:\/\/www.justiceinfo.net\/fr","logo":{"@type":"ImageObject","inLanguage":"fr-FR","@id":"https:\/\/www.justiceinfo.net\/fr#\/schema\/logo\/image\/","url":"https:\/\/www.justiceinfo.net\/wp-content\/uploads\/justiceinfo_logo-trans_1200x1200px.png","contentUrl":"https:\/\/www.justiceinfo.net\/wp-content\/uploads\/justiceinfo_logo-trans_1200x1200px.png","width":1199,"height":1200,"caption":"Justice Info"},"image":{"@id":"https:\/\/www.justiceinfo.net\/fr#\/schema\/logo\/image\/"},"sameAs":["https:\/\/www.facebook.com\/JusticeInfo\/","https:\/\/x.com\/justiceinfonet","https:\/\/www.linkedin.com\/company\/justice-info","https:\/\/www.youtube.com\/channel\/UCyCEsARodyuWtkWyhn-e7pA"]},{"@type":"Person","name":"AFP","url":"\/fr\/?s=AFP"}]}},"_links":{"self":[{"href":"https:\/\/www.justiceinfo.net\/fr\/wp-json\/wp\/v2\/posts\/34515","targetHints":{"allow":["GET"]}}],"collection":[{"href":"https:\/\/www.justiceinfo.net\/fr\/wp-json\/wp\/v2\/posts"}],"about":[{"href":"https:\/\/www.justiceinfo.net\/fr\/wp-json\/wp\/v2\/types\/post"}],"author":[{"embeddable":true,"href":"https:\/\/www.justiceinfo.net\/fr\/wp-json\/wp\/v2\/users\/60"}],"replies":[{"embeddable":true,"href":"https:\/\/www.justiceinfo.net\/fr\/wp-json\/wp\/v2\/comments?post=34515"}],"version-history":[{"count":0,"href":"https:\/\/www.justiceinfo.net\/fr\/wp-json\/wp\/v2\/posts\/34515\/revisions"}],"wp:attachment":[{"href":"https:\/\/www.justiceinfo.net\/fr\/wp-json\/wp\/v2\/media?parent=34515"}],"wp:term":[{"taxonomy":"category","embeddable":true,"href":"https:\/\/www.justiceinfo.net\/fr\/wp-json\/wp\/v2\/categories?post=34515"},{"taxonomy":"post_tag","embeddable":true,"href":"https:\/\/www.justiceinfo.net\/fr\/wp-json\/wp\/v2\/tags?post=34515"},{"taxonomy":"ji_location","embeddable":true,"href":"https:\/\/www.justiceinfo.net\/fr\/wp-json\/wp\/v2\/ji_location?post=34515"}],"curies":[{"name":"wp","href":"https:\/\/api.w.org\/{rel}","templated":true}]}}