{"id":3457,"date":"2008-02-27T05:41:57","date_gmt":"2008-02-27T04:41:57","guid":{"rendered":"https:\/\/www.justiceinfo.net\/3457-260208-tpirmilitaires-ii-les-gendarmes-ne-sentendaient-pas-avec-les-miliciens-interahamwe-247.html"},"modified":"2008-02-27T05:41:57","modified_gmt":"2008-02-27T04:41:57","slug":"260208-tpirmilitaires-ii-les-gendarmes-ne-sentendaient-pas-avec-les-miliciens-interahamwe-247","status":"publish","type":"post","link":"https:\/\/www.justiceinfo.net\/fr\/3457-260208-tpirmilitaires-ii-les-gendarmes-ne-sentendaient-pas-avec-les-miliciens-interahamwe-247.html","title":{"rendered":"26.02.08 - TPIR\/MILITAIRES II - LES GENDARMES NE S\u2019ENTENDAIENT PAS AVEC LES MILICIENS INTERAHAMWE -"},"content":{"rendered":"<p  >\nArusha, 26 f\u00e9vrier 2008 (FH) \u2013 Un t\u00e9moin a d\u00e9clar\u00e9 mardi devant le Tribunal p\u00e9nal international pour le Rwanda (TPIR) que les gendarmes rwandais ne s\u2019entendaient pas avec les miliciens Interahamwe, principaux bras arm\u00e9s du g\u00e9nocide de 1994 dans ce petit pays africain.  <\/p>\n<p>\u00ab C\u2019\u00e9tait bien connu, les gendarmes ne s\u2019entendaient avec les Interahamwe, ils n\u2019\u00e9mettaient pas sur la m\u00eame longueur d\u2019onde \u00bb, a d\u00e9clar\u00e9 le t\u00e9moin, lui-m\u00eame ancien gendarme.\n<\/p>\n<p><!--more--><\/p>\n<p  >\nD\u00e9sign\u00e9 par le nom de code CBP-72 pour pr\u00e9server son anonymat, il d\u00e9posait pour la d\u00e9fense de l\u2019ancien chef d\u2019Etat-major de la gendarmerie nationale, le g\u00e9n\u00e9ral Augustin Ndindiliyimana, accus\u00e9 de crimes de g\u00e9nocide, de crimes contre l\u2019humanit\u00e9 et de crimes de guerre. <\/p>\n<p>Le procureur soutient que gendarmes, militaires et miliciens ont travaill\u00e9, main dans la main, \u00e0 la perp\u00e9tration du g\u00e9nocide de 1994 qui a fait, selon l'ONU, 800 000 morts, essentiellement parmi la communaut\u00e9 tutsie. <\/p>\n<p>Le t\u00e9moin a contest\u00e9 cette th\u00e8se, affirmant, \u00e0 titre d\u2019exemple, que des gendarmes avaient repouss\u00e9 en avril 1994 une attaque lanc\u00e9e par des Interahamwe sur des Tutsis qui avaient cherch\u00e9 refuge dans les locaux du coll\u00e8ge Saint-Andr\u00e9 \u00e0 Kigali. \"\"Ils (les interhamwe NDLR) occupaient les lieux o\u00f9 la gendarmerie n'\u00e9tait pas pr\u00e9sente\" a-t-il expliqu\u00e9. <\/p>\n<p>Il a ajout\u00e9 qu\u2019apr\u00e8s le d\u00e9clenchement du g\u00e9nocide, la gendarmerie ne pouvait plus proc\u00e9der \u00e0 des arrestations de malfaiteurs, car, a-t-il dit, partout, les gens fuyaient. <\/p>\n<p>Au terme de cette d\u00e9position, les d\u00e9bats ont \u00e9t\u00e9 ajourn\u00e9s \u00e0 lundi prochain, le temps que de nouveaux t\u00e9moins arrivent au si\u00e8ge du tribunal. <\/p>\n<p>CBP-72 est le 24 \u00e8me t\u00e9moin de la d\u00e9fense de Ndindiliyimana qui pr\u00e9sente ses moyens de preuve depuis le 16 janvier. A la cl\u00f4ture de l\u2019audience mardi en fin de matin\u00e9e, Me Vincent Lurquin, le co-conseil du g\u00e9n\u00e9ral, a indiqu\u00e9 qu\u2019il avait renonc\u00e9 \u00e0 4 t\u00e9moins, sans pr\u00e9ciser combien de personnes il entendait encore citer \u00e0 la barre. <\/p>\n<p>Ndindiliyimana est jug\u00e9 avec trois autres officiers des anciennes Forces arm\u00e9es rwandaises (FAR) dont l\u2019ex- chef d\u2019\u00e9tat \u2013 major de l\u2019arm\u00e9e rwandaise, le g\u00e9n\u00e9ral Augustin Bizimungu qui a \u00e9t\u00e9 le premier \u00e0 citer ses t\u00e9moins. <\/p>\n<p>Apr\u00e8s Ndindiliyimana, ce sera le tour de l\u2019ex- commandant du bataillon de reconnaissance, le major Francois- Xavier Nzuwonemeye, de pr\u00e9senter sa d\u00e9fense. Enfin, viendra le capitaine Innocent Sagahutu qui commandait un escadron de cette unit\u00e9 d\u2019\u00e9lite. <\/p>\n<p>Ouvert le 20 septembre 2004, le proc\u00e8s se d\u00e9roule devant une chambre pr\u00e9sid\u00e9e par le juge sri-lankais, Joseph Asoka De Silva. <\/p>\n<p>ER\/PB\/GF<\/p>\n","protected":false},"excerpt":{"rendered":"<p>Arusha, 26 f\u00e9vrier 2008 (FH) \u2013 Un t\u00e9moin a d\u00e9clar\u00e9 mardi devant le Tribunal p\u00e9nal international pour le Rwanda (TPIR) que les gendarmes rwandais ne s\u2019entendaient pas avec les miliciens Interahamwe, principaux bras arm\u00e9s du g\u00e9nocide de 1994 dans ce petit pays africain. \u00ab C\u2019\u00e9tait bien connu, les gendarmes ne s\u2019entendaient avec les Interahamwe, ils [&hellip;]<\/p>\n","protected":false},"author":64,"featured_media":0,"comment_status":"open","ping_status":"closed","sticky":false,"template":"","format":"standard","meta":{"_acf_changed":false,"footnotes":""},"categories":[554],"tags":[],"ji_location":[],"class_list":["post-3457","post","type-post","status-publish","format-standard","hentry","category-hirondellenews"],"acf":[],"yoast_head":"<!-- This site is optimized with the Yoast SEO Premium plugin v25.3.1 (Yoast SEO v25.3.1) - https:\/\/yoast.com\/wordpress\/plugins\/seo\/ -->\n<title>26.02.08 - TPIR\/MILITAIRES II - LES GENDARMES NE S\u2019ENTENDAIENT PAS AVEC LES MILICIENS INTERAHAMWE - JusticeInfo.net<\/title>\n<meta name=\"robots\" content=\"index, follow, max-snippet:-1, max-image-preview:large, max-video-preview:-1\" \/>\n<link rel=\"canonical\" href=\"https:\/\/www.justiceinfo.net\/fr\/3457-260208-tpirmilitaires-ii-les-gendarmes-ne-sentendaient-pas-avec-les-miliciens-interahamwe-247.html\" \/>\n<meta property=\"og:locale\" content=\"fr_FR\" \/>\n<meta property=\"og:type\" content=\"article\" \/>\n<meta property=\"og:title\" content=\"26.02.08 - TPIR\/MILITAIRES II - LES GENDARMES NE S\u2019ENTENDAIENT PAS AVEC LES MILICIENS INTERAHAMWE -\" \/>\n<meta property=\"og:description\" content=\"Arusha, 26 f\u00e9vrier 2008 (FH) \u2013 Un t\u00e9moin a d\u00e9clar\u00e9 mardi devant le Tribunal p\u00e9nal international pour le Rwanda (TPIR) que les gendarmes rwandais ne s\u2019entendaient pas avec les miliciens Interahamwe, principaux bras arm\u00e9s du g\u00e9nocide de 1994 dans ce petit pays africain. \u00ab C\u2019\u00e9tait bien connu, les gendarmes ne s\u2019entendaient avec les Interahamwe, ils [&hellip;]\" \/>\n<meta property=\"og:url\" content=\"https:\/\/www.justiceinfo.net\/fr\/3457-260208-tpirmilitaires-ii-les-gendarmes-ne-sentendaient-pas-avec-les-miliciens-interahamwe-247.html\" \/>\n<meta property=\"og:site_name\" content=\"JusticeInfo.net\" \/>\n<meta property=\"article:publisher\" content=\"https:\/\/www.facebook.com\/JusticeInfo\/\" \/>\n<meta property=\"article:published_time\" content=\"2008-02-27T04:41:57+00:00\" \/>\n<meta property=\"og:image\" content=\"https:\/\/www.justiceinfo.net\/wp-content\/uploads\/JusticeInfoNet_logo_1200x630px.jpg\" \/>\n\t<meta property=\"og:image:width\" content=\"1200\" \/>\n\t<meta property=\"og:image:height\" content=\"630\" \/>\n\t<meta property=\"og:image:type\" content=\"image\/jpeg\" \/>\n<meta name=\"author\" content=\"solivri\" \/>\n<meta name=\"twitter:card\" content=\"summary_large_image\" \/>\n<meta name=\"twitter:creator\" content=\"@justiceinfonet\" \/>\n<meta name=\"twitter:site\" content=\"@justiceinfonet\" \/>\n<meta name=\"twitter:label1\" content=\"\u00c9crit par\" \/>\n\t<meta name=\"twitter:data1\" content=\"solivri\" \/>\n\t<meta name=\"twitter:label2\" content=\"Dur\u00e9e de lecture estim\u00e9e\" \/>\n\t<meta name=\"twitter:data2\" content=\"2 minutes\" \/>\n<script type=\"application\/ld+json\" class=\"yoast-schema-graph\">{\"@context\":\"https:\/\/schema.org\",\"@graph\":[{\"@type\":\"NewsArticle\",\"@id\":\"https:\/\/www.justiceinfo.net\/fr\/3457-260208-tpirmilitaires-ii-les-gendarmes-ne-sentendaient-pas-avec-les-miliciens-interahamwe-247.html#article\",\"isPartOf\":{\"@id\":\"https:\/\/www.justiceinfo.net\/fr\/3457-260208-tpirmilitaires-ii-les-gendarmes-ne-sentendaient-pas-avec-les-miliciens-interahamwe-247.html\"},\"author\":{\"name\":\"solivri\",\"@id\":\"https:\/\/www.justiceinfo.net\/fr#\/schema\/person\/6e53cba1629e2e66f3fc1821d3091865\"},\"headline\":\"26.02.08 - TPIR\/MILITAIRES II - LES GENDARMES NE S\u2019ENTENDAIENT PAS AVEC LES MILICIENS INTERAHAMWE -\",\"datePublished\":\"2008-02-27T04:41:57+00:00\",\"mainEntityOfPage\":{\"@id\":\"https:\/\/www.justiceinfo.net\/fr\/3457-260208-tpirmilitaires-ii-les-gendarmes-ne-sentendaient-pas-avec-les-miliciens-interahamwe-247.html\"},\"wordCount\":468,\"commentCount\":0,\"publisher\":{\"@id\":\"https:\/\/www.justiceinfo.net\/fr#organization\"},\"articleSection\":[\"Hirondelle News\"],\"inLanguage\":\"fr-FR\",\"potentialAction\":[{\"@type\":\"CommentAction\",\"name\":\"Comment\",\"target\":[\"https:\/\/www.justiceinfo.net\/fr\/3457-260208-tpirmilitaires-ii-les-gendarmes-ne-sentendaient-pas-avec-les-miliciens-interahamwe-247.html#respond\"]}]},{\"@type\":\"WebPage\",\"@id\":\"https:\/\/www.justiceinfo.net\/fr\/3457-260208-tpirmilitaires-ii-les-gendarmes-ne-sentendaient-pas-avec-les-miliciens-interahamwe-247.html\",\"url\":\"https:\/\/www.justiceinfo.net\/fr\/3457-260208-tpirmilitaires-ii-les-gendarmes-ne-sentendaient-pas-avec-les-miliciens-interahamwe-247.html\",\"name\":\"26.02.08 - TPIR\/MILITAIRES II - LES GENDARMES NE S\u2019ENTENDAIENT PAS AVEC LES MILICIENS INTERAHAMWE - JusticeInfo.net\",\"isPartOf\":{\"@id\":\"https:\/\/www.justiceinfo.net\/fr#website\"},\"datePublished\":\"2008-02-27T04:41:57+00:00\",\"breadcrumb\":{\"@id\":\"https:\/\/www.justiceinfo.net\/fr\/3457-260208-tpirmilitaires-ii-les-gendarmes-ne-sentendaient-pas-avec-les-miliciens-interahamwe-247.html#breadcrumb\"},\"inLanguage\":\"fr-FR\",\"potentialAction\":[{\"@type\":\"ReadAction\",\"target\":[\"https:\/\/www.justiceinfo.net\/fr\/3457-260208-tpirmilitaires-ii-les-gendarmes-ne-sentendaient-pas-avec-les-miliciens-interahamwe-247.html\"]}]},{\"@type\":\"BreadcrumbList\",\"@id\":\"https:\/\/www.justiceinfo.net\/fr\/3457-260208-tpirmilitaires-ii-les-gendarmes-ne-sentendaient-pas-avec-les-miliciens-interahamwe-247.html#breadcrumb\",\"itemListElement\":[{\"@type\":\"ListItem\",\"position\":1,\"name\":\"Home\",\"item\":\"https:\/\/www.justiceinfo.net\/fr\"},{\"@type\":\"ListItem\",\"position\":2,\"name\":\"26.02.08 - TPIR\/MILITAIRES II - LES GENDARMES NE S\u2019ENTENDAIENT PAS AVEC LES MILICIENS INTERAHAMWE -\"}]},{\"@type\":\"WebSite\",\"@id\":\"https:\/\/www.justiceinfo.net\/fr#website\",\"url\":\"https:\/\/www.justiceinfo.net\/fr\",\"name\":\"JusticeInfo.net\",\"description\":\"La justice doit \u00eatre vue pour \u00eatre rendue\",\"publisher\":{\"@id\":\"https:\/\/www.justiceinfo.net\/fr#organization\"},\"potentialAction\":[{\"@type\":\"SearchAction\",\"target\":{\"@type\":\"EntryPoint\",\"urlTemplate\":\"https:\/\/www.justiceinfo.net\/fr?s={search_term_string}\"},\"query-input\":{\"@type\":\"PropertyValueSpecification\",\"valueRequired\":true,\"valueName\":\"search_term_string\"}}],\"inLanguage\":\"fr-FR\"},{\"@type\":\"Organization\",\"@id\":\"https:\/\/www.justiceinfo.net\/fr#organization\",\"name\":\"Justice Info\",\"url\":\"https:\/\/www.justiceinfo.net\/fr\",\"logo\":{\"@type\":\"ImageObject\",\"inLanguage\":\"fr-FR\",\"@id\":\"https:\/\/www.justiceinfo.net\/fr#\/schema\/logo\/image\/\",\"url\":\"https:\/\/www.justiceinfo.net\/wp-content\/uploads\/justiceinfo_logo-trans_1200x1200px.png\",\"contentUrl\":\"https:\/\/www.justiceinfo.net\/wp-content\/uploads\/justiceinfo_logo-trans_1200x1200px.png\",\"width\":1199,\"height\":1200,\"caption\":\"Justice Info\"},\"image\":{\"@id\":\"https:\/\/www.justiceinfo.net\/fr#\/schema\/logo\/image\/\"},\"sameAs\":[\"https:\/\/www.facebook.com\/JusticeInfo\/\",\"https:\/\/x.com\/justiceinfonet\",\"https:\/\/www.linkedin.com\/company\/justice-info\",\"https:\/\/www.youtube.com\/channel\/UCyCEsARodyuWtkWyhn-e7pA\"]},{\"@type\":\"Person\",\"name\":\"solivri\",\"url\":\"\/fr\/?s=solivri\"}]}<\/script>\n<!-- \/ Yoast SEO Premium plugin. -->","yoast_head_json":{"title":"26.02.08 - TPIR\/MILITAIRES II - LES GENDARMES NE S\u2019ENTENDAIENT PAS AVEC LES MILICIENS INTERAHAMWE - JusticeInfo.net","robots":{"index":"index","follow":"follow","max-snippet":"max-snippet:-1","max-image-preview":"max-image-preview:large","max-video-preview":"max-video-preview:-1"},"canonical":"https:\/\/www.justiceinfo.net\/fr\/3457-260208-tpirmilitaires-ii-les-gendarmes-ne-sentendaient-pas-avec-les-miliciens-interahamwe-247.html","og_locale":"fr_FR","og_type":"article","og_title":"26.02.08 - TPIR\/MILITAIRES II - LES GENDARMES NE S\u2019ENTENDAIENT PAS AVEC LES MILICIENS INTERAHAMWE -","og_description":"Arusha, 26 f\u00e9vrier 2008 (FH) \u2013 Un t\u00e9moin a d\u00e9clar\u00e9 mardi devant le Tribunal p\u00e9nal international pour le Rwanda (TPIR) que les gendarmes rwandais ne s\u2019entendaient pas avec les miliciens Interahamwe, principaux bras arm\u00e9s du g\u00e9nocide de 1994 dans ce petit pays africain. \u00ab C\u2019\u00e9tait bien connu, les gendarmes ne s\u2019entendaient avec les Interahamwe, ils [&hellip;]","og_url":"https:\/\/www.justiceinfo.net\/fr\/3457-260208-tpirmilitaires-ii-les-gendarmes-ne-sentendaient-pas-avec-les-miliciens-interahamwe-247.html","og_site_name":"JusticeInfo.net","article_publisher":"https:\/\/www.facebook.com\/JusticeInfo\/","article_published_time":"2008-02-27T04:41:57+00:00","og_image":[{"width":1200,"height":630,"url":"https:\/\/www.justiceinfo.net\/wp-content\/uploads\/JusticeInfoNet_logo_1200x630px.jpg","type":"image\/jpeg"}],"author":"solivri","twitter_card":"summary_large_image","twitter_creator":"@justiceinfonet","twitter_site":"@justiceinfonet","twitter_misc":{"\u00c9crit par":"solivri","Dur\u00e9e de lecture estim\u00e9e":"2 minutes"},"schema":{"@context":"https:\/\/schema.org","@graph":[{"@type":"NewsArticle","@id":"https:\/\/www.justiceinfo.net\/fr\/3457-260208-tpirmilitaires-ii-les-gendarmes-ne-sentendaient-pas-avec-les-miliciens-interahamwe-247.html#article","isPartOf":{"@id":"https:\/\/www.justiceinfo.net\/fr\/3457-260208-tpirmilitaires-ii-les-gendarmes-ne-sentendaient-pas-avec-les-miliciens-interahamwe-247.html"},"author":{"name":"solivri","@id":"https:\/\/www.justiceinfo.net\/fr#\/schema\/person\/6e53cba1629e2e66f3fc1821d3091865"},"headline":"26.02.08 - TPIR\/MILITAIRES II - LES GENDARMES NE S\u2019ENTENDAIENT PAS AVEC LES MILICIENS INTERAHAMWE -","datePublished":"2008-02-27T04:41:57+00:00","mainEntityOfPage":{"@id":"https:\/\/www.justiceinfo.net\/fr\/3457-260208-tpirmilitaires-ii-les-gendarmes-ne-sentendaient-pas-avec-les-miliciens-interahamwe-247.html"},"wordCount":468,"commentCount":0,"publisher":{"@id":"https:\/\/www.justiceinfo.net\/fr#organization"},"articleSection":["Hirondelle News"],"inLanguage":"fr-FR","potentialAction":[{"@type":"CommentAction","name":"Comment","target":["https:\/\/www.justiceinfo.net\/fr\/3457-260208-tpirmilitaires-ii-les-gendarmes-ne-sentendaient-pas-avec-les-miliciens-interahamwe-247.html#respond"]}]},{"@type":"WebPage","@id":"https:\/\/www.justiceinfo.net\/fr\/3457-260208-tpirmilitaires-ii-les-gendarmes-ne-sentendaient-pas-avec-les-miliciens-interahamwe-247.html","url":"https:\/\/www.justiceinfo.net\/fr\/3457-260208-tpirmilitaires-ii-les-gendarmes-ne-sentendaient-pas-avec-les-miliciens-interahamwe-247.html","name":"26.02.08 - TPIR\/MILITAIRES II - LES GENDARMES NE S\u2019ENTENDAIENT PAS AVEC LES MILICIENS INTERAHAMWE - JusticeInfo.net","isPartOf":{"@id":"https:\/\/www.justiceinfo.net\/fr#website"},"datePublished":"2008-02-27T04:41:57+00:00","breadcrumb":{"@id":"https:\/\/www.justiceinfo.net\/fr\/3457-260208-tpirmilitaires-ii-les-gendarmes-ne-sentendaient-pas-avec-les-miliciens-interahamwe-247.html#breadcrumb"},"inLanguage":"fr-FR","potentialAction":[{"@type":"ReadAction","target":["https:\/\/www.justiceinfo.net\/fr\/3457-260208-tpirmilitaires-ii-les-gendarmes-ne-sentendaient-pas-avec-les-miliciens-interahamwe-247.html"]}]},{"@type":"BreadcrumbList","@id":"https:\/\/www.justiceinfo.net\/fr\/3457-260208-tpirmilitaires-ii-les-gendarmes-ne-sentendaient-pas-avec-les-miliciens-interahamwe-247.html#breadcrumb","itemListElement":[{"@type":"ListItem","position":1,"name":"Home","item":"https:\/\/www.justiceinfo.net\/fr"},{"@type":"ListItem","position":2,"name":"26.02.08 - TPIR\/MILITAIRES II - LES GENDARMES NE S\u2019ENTENDAIENT PAS AVEC LES MILICIENS INTERAHAMWE -"}]},{"@type":"WebSite","@id":"https:\/\/www.justiceinfo.net\/fr#website","url":"https:\/\/www.justiceinfo.net\/fr","name":"JusticeInfo.net","description":"La justice doit \u00eatre vue pour \u00eatre rendue","publisher":{"@id":"https:\/\/www.justiceinfo.net\/fr#organization"},"potentialAction":[{"@type":"SearchAction","target":{"@type":"EntryPoint","urlTemplate":"https:\/\/www.justiceinfo.net\/fr?s={search_term_string}"},"query-input":{"@type":"PropertyValueSpecification","valueRequired":true,"valueName":"search_term_string"}}],"inLanguage":"fr-FR"},{"@type":"Organization","@id":"https:\/\/www.justiceinfo.net\/fr#organization","name":"Justice Info","url":"https:\/\/www.justiceinfo.net\/fr","logo":{"@type":"ImageObject","inLanguage":"fr-FR","@id":"https:\/\/www.justiceinfo.net\/fr#\/schema\/logo\/image\/","url":"https:\/\/www.justiceinfo.net\/wp-content\/uploads\/justiceinfo_logo-trans_1200x1200px.png","contentUrl":"https:\/\/www.justiceinfo.net\/wp-content\/uploads\/justiceinfo_logo-trans_1200x1200px.png","width":1199,"height":1200,"caption":"Justice Info"},"image":{"@id":"https:\/\/www.justiceinfo.net\/fr#\/schema\/logo\/image\/"},"sameAs":["https:\/\/www.facebook.com\/JusticeInfo\/","https:\/\/x.com\/justiceinfonet","https:\/\/www.linkedin.com\/company\/justice-info","https:\/\/www.youtube.com\/channel\/UCyCEsARodyuWtkWyhn-e7pA"]},{"@type":"Person","name":"solivri","url":"\/fr\/?s=solivri"}]}},"_links":{"self":[{"href":"https:\/\/www.justiceinfo.net\/fr\/wp-json\/wp\/v2\/posts\/3457","targetHints":{"allow":["GET"]}}],"collection":[{"href":"https:\/\/www.justiceinfo.net\/fr\/wp-json\/wp\/v2\/posts"}],"about":[{"href":"https:\/\/www.justiceinfo.net\/fr\/wp-json\/wp\/v2\/types\/post"}],"author":[{"embeddable":true,"href":"https:\/\/www.justiceinfo.net\/fr\/wp-json\/wp\/v2\/users\/64"}],"replies":[{"embeddable":true,"href":"https:\/\/www.justiceinfo.net\/fr\/wp-json\/wp\/v2\/comments?post=3457"}],"version-history":[{"count":0,"href":"https:\/\/www.justiceinfo.net\/fr\/wp-json\/wp\/v2\/posts\/3457\/revisions"}],"wp:attachment":[{"href":"https:\/\/www.justiceinfo.net\/fr\/wp-json\/wp\/v2\/media?parent=3457"}],"wp:term":[{"taxonomy":"category","embeddable":true,"href":"https:\/\/www.justiceinfo.net\/fr\/wp-json\/wp\/v2\/categories?post=3457"},{"taxonomy":"post_tag","embeddable":true,"href":"https:\/\/www.justiceinfo.net\/fr\/wp-json\/wp\/v2\/tags?post=3457"},{"taxonomy":"ji_location","embeddable":true,"href":"https:\/\/www.justiceinfo.net\/fr\/wp-json\/wp\/v2\/ji_location?post=3457"}],"curies":[{"name":"wp","href":"https:\/\/api.w.org\/{rel}","templated":true}]}}