{"id":34585,"date":"2017-09-12T06:29:00","date_gmt":"2017-09-12T04:29:00","guid":{"rendered":"https:\/\/www.justiceinfo.net\/34585-crier-au-genocide-en-centrafrique-ou-l-aveu-d-impuissance-des-nations-unies.html"},"modified":"2017-09-12T06:29:00","modified_gmt":"2017-09-12T04:29:00","slug":"crier-au-genocide-en-centrafrique-ou-l-aveu-d-impuissance-des-nations-unies","status":"publish","type":"post","link":"https:\/\/www.justiceinfo.net\/fr\/34585-crier-au-genocide-en-centrafrique-ou-l-aveu-d-impuissance-des-nations-unies.html","title":{"rendered":"Crier au \u00ab g\u00e9nocide \u00bb en Centrafrique ou l\u2019aveu d\u2019impuissance des Nations unies"},"content":{"rendered":"<div class=\"content-excerpt\">\n<p>Quand faut-il crier au g\u00e9nocide\u00a0? Les Nations unies ont-elles eu raison d\u2019alerter ces derniers jours sur l\u2019imminence d\u2019une logique g\u00e9nocidaire en Centrafrique\u00a0? En convoquant trop h\u00e2tivement \u00ab\u00a0le crime des crimes\u00a0\u00bb, n\u2019y a-t-il pas un risque de d\u00e9valoriser le terme de \u00ab\u00a0g\u00e9nocide\u00a0\u00bb au risque qu\u2019il perde sa capacit\u00e9 d\u2019alerte\u00a0?<\/p>\n<\/div>\n<p>En ao\u00fbt dernier, Stephen O\u2019Brien, Secr\u00e9taire g\u00e9n\u00e9ral-adjoint de l\u2019ONU, en charge des affaires humanitaires a averti le Conseil de s\u00e9curit\u00e9 de l\u2019ONU \u00ab\u00a0des signes avant-coureurs d\u2019un g\u00e9nocide en Centrafrique\u00a0\u00bb. Il fut alors critiqu\u00e9 pour son alarmisme exag\u00e9r\u00e9 par la quasi-totalit\u00e9 des experts de ce pays. Ainsi, Didier Niewiadowski, ex-conseiller \u00e0 l\u2019ambassade de France en Centrafrique et juriste, souligne dans un entretien \u00e0 <a href=\"fr\/justice-reconciliation\/34299-centrafrique-%C2%AB-jamais-le-danger-d-une-explosion-nationale-n-a-%C3%A9t%C3%A9-aussi-grand-%C2%BB.html\">JusticeInfo.net\u00a0<\/a>:<em> \u00ab\u00a0<\/em>La notion de g\u00e9nocide est pr\u00e9cise. Y a-t-il actuellement une planification de l'\u00e9limination physique syst\u00e9matique, quelque soit l'\u00e2ge o\u00f9 le sexe, d'un groupe ethnique ou religieux ? La r\u00e9ponse est non. En revanche, on peut effectivement s\u2019inqui\u00e9ter de la multiplication des massacres de population, dans l'extr\u00eame-est et le nord-ouest du pays, qui pr\u00e9sentent souvent un caract\u00e8re inter communautaire. Ces crimes restent actuellement localis\u00e9s et ne sont pas, \u00e0 ce stade, sous-tendus par une strat\u00e9gie d'\u00e9puration. N\u00e9anmoins, jamais le danger d'une explosion nationale n'a \u00e9t\u00e9 aussi grand \u00bb. Stephen O\u2019Brien se justifiait cependant sur l\u2019emploi du terme de \u00ab\u00a0g\u00e9nocide\u00a0\u00bb le 9 septembre dans un entretien au journal <em>Lib\u00e9ration<\/em>, affirmant que \u00ab\u00a0<a href=\"http:\/\/www.liberation.fr\/planete\/2017\/08\/27\/centrafrique-si-nous-attendons-les-preuves-d-un-genocide-il-sera-trop-tard_1592308\">si on attend les preuves d\u2019un g\u00e9nocide, il sera trop tard pour intervenir\u00a0<\/a>\u00bb.<\/p>\n<p>Alors, quand faut-il sonner l\u2019alerte maximale\u00a0? Et s\u2019abstenir de le faire lorsque la situation est dramatique, que des crimes de guerre et des violations massives des droits de l\u2019homme ont lieu depuis des ann\u00e9es, mais sans satisfaire totalement la d\u00e9finition de \u00ab\u00a0g\u00e9nocide\u00a0\u00bb pr\u00e9cis\u00e9e dans l\u2019article 6 des Statuts de la Cour p\u00e9nale internationale, soit \u00ab\u00a0l\u2019intention de d\u00e9truire, en tout ou en partie, un groupe national, ethnique, racial ou religieux\u00a0\u00bb\u00a0? Dans cette analyse \u00e0 la fois s\u00e9mantique et juridique de l\u2019utilisation du mot \u00ab\u00a0g\u00e9nocide\u00a0\u00bb, il y a une dimension proprement vertigineuse\u00a0: comme s\u2019il fallait le label du \u00ab\u00a0crime des crimes\u00a0\u00bb pour susciter un int\u00e9r\u00eat des opinions publiques, des m\u00e9dias et<em>, in fine<\/em>, des Etats.<\/p>\n<p>Nul, pourtant, ne disconvient que la situation en Centrafrique est \u00e9pouvantable. Les Nations ont m\u00e9ticuleusement retrac\u00e9 les crimes de guerre commis entre 2003 et d\u00e9cembre 2015 dans un <a href=\"http:\/\/www.ohchr.org\/FR\/Countries\/AfricaRegion\/Pages\/CARProjetMapping2003-2015.aspx\">rapport<\/a> publi\u00e9 ces derniers mois. Aujourd\u2019hui, une quinzaine de groupes arm\u00e9s r\u00e8gnent sur les quatre-cinqui\u00e8me d\u2019un territoire plus grand que la France et terrorisent la population, se combattant pour piller le sous-sol riche de mines d\u2019or, de diamants et d\u2019autres mati\u00e8res premi\u00e8res. Et les massacres s\u2019ajoutent aux massacres dans une litanie sans fin. Avec l\u2019op\u00e9ration militaire Sangaris, la France \u00e9tait intervenue pour pr\u00eater main forte aux forces des Nations unies, mais s\u2019est retir\u00e9e en octobre 2016. Entre avril dernier et aujourd\u2019hui, le nombre de d\u00e9plac\u00e9s a augment\u00e9 de 50%, d\u00e9passant 600.000 personnes. Le gouvernement contr\u00f4le difficilement la capitale Bangui et n\u2019y parvient que gr\u00e2ce aux casques bleus des Nations unies. Et l\u2019ONU a toutes les peines du monde \u00e0 financer ses 12.000 soldats de la paix.<\/p>\n<p>Ces dix derni\u00e8res ann\u00e9es, les plans de paix se sont succ\u00e9d\u00e9s les uns aux autres, sans avoir jamais connu un d\u00e9but de mat\u00e9rialisation, provoquant la lassitude et l\u2019indiff\u00e9rence de plus en plus marqu\u00e9e de la communaut\u00e9 internationale. L\u2019\u00e9lection d\u00e9mocratique du pr\u00e9sident Faustin-Archange Touad\u00e9ra l\u2019ann\u00e9e derni\u00e8re avait \u00e9t\u00e9 vue par le peuple centrafricain comme un immense espoir de tourner la page d\u2019une guerre civile interminable. Mais l\u2019espoir est d\u00e9sormais retomb\u00e9 devant la multiplication des violences.<\/p>\n<p>Dans les prochaines semaines, la situation de la Centrafrique sera discut\u00e9e \u00e0 New York et les discussions porteront sur la prolongation de la pr\u00e9sence de la MINUSCA. D\u2019o\u00f9 la tentation pour les responsables de l\u2019ONU en vue de ce prochain rendez-vous de jouer l\u2019ultime carte, de crier au \u00ab\u00a0g\u00e9nocide\u00a0\u00bb, en esp\u00e9rant encore mobiliser les Etats. Comme \u00e0 la fois un aveu d\u2019impuissance et un appel au secours.<\/p>\n","protected":false},"excerpt":{"rendered":"<p>Quand faut-il crier au g\u00e9nocide\u00a0? Les Nations unies ont-elles eu raison d\u2019alerter ces derniers jours sur l\u2019imminence d\u2019une logique g\u00e9nocidaire en Centrafrique\u00a0? En convoquant trop h\u00e2tivement \u00ab\u00a0le crime des crimes\u00a0\u00bb, n\u2019y a-t-il pas un risque de d\u00e9valoriser le terme de \u00ab\u00a0g\u00e9nocide\u00a0\u00bb au risque qu\u2019il perde sa capacit\u00e9 d\u2019alerte\u00a0? En ao\u00fbt dernier, Stephen O\u2019Brien, Secr\u00e9taire g\u00e9n\u00e9ral-adjoint [&hellip;]<\/p>\n","protected":false},"author":63,"featured_media":67576,"comment_status":"open","ping_status":"closed","sticky":false,"template":"","format":"standard","meta":{"_acf_changed":false,"footnotes":""},"categories":[575],"tags":[],"ji_location":[2164],"class_list":["post-34585","post","type-post","status-publish","format-standard","has-post-thumbnail","hentry","category-opinions","ji_location-republique-centrafricaine"],"acf":[],"yoast_head":"<!-- This site is optimized with the Yoast SEO Premium plugin v25.3.1 (Yoast SEO v25.3.1) - https:\/\/yoast.com\/wordpress\/plugins\/seo\/ -->\n<title>Crier au \u00ab g\u00e9nocide \u00bb en Centrafrique ou l\u2019aveu d\u2019impuissance des Nations unies - JusticeInfo.net<\/title>\n<meta name=\"robots\" content=\"index, follow, max-snippet:-1, max-image-preview:large, max-video-preview:-1\" \/>\n<link rel=\"canonical\" href=\"https:\/\/www.justiceinfo.net\/fr\/34585-crier-au-genocide-en-centrafrique-ou-l-aveu-d-impuissance-des-nations-unies.html\" \/>\n<meta property=\"og:locale\" content=\"fr_FR\" \/>\n<meta property=\"og:type\" content=\"article\" \/>\n<meta property=\"og:title\" content=\"Crier au \u00ab g\u00e9nocide \u00bb en Centrafrique ou l\u2019aveu d\u2019impuissance des Nations unies\" \/>\n<meta property=\"og:description\" content=\"Quand faut-il crier au g\u00e9nocide\u00a0? Les Nations unies ont-elles eu raison d\u2019alerter ces derniers jours sur l\u2019imminence d\u2019une logique g\u00e9nocidaire en Centrafrique\u00a0? En convoquant trop h\u00e2tivement \u00ab\u00a0le crime des crimes\u00a0\u00bb, n\u2019y a-t-il pas un risque de d\u00e9valoriser le terme de \u00ab\u00a0g\u00e9nocide\u00a0\u00bb au risque qu\u2019il perde sa capacit\u00e9 d\u2019alerte\u00a0? En ao\u00fbt dernier, Stephen O\u2019Brien, Secr\u00e9taire g\u00e9n\u00e9ral-adjoint [&hellip;]\" \/>\n<meta property=\"og:url\" content=\"https:\/\/www.justiceinfo.net\/fr\/34585-crier-au-genocide-en-centrafrique-ou-l-aveu-d-impuissance-des-nations-unies.html\" \/>\n<meta property=\"og:site_name\" content=\"JusticeInfo.net\" \/>\n<meta property=\"article:publisher\" content=\"https:\/\/www.facebook.com\/JusticeInfo\/\" \/>\n<meta property=\"article:published_time\" content=\"2017-09-12T04:29:00+00:00\" \/>\n<meta property=\"og:image\" content=\"https:\/\/www.justiceinfo.net\/wp-content\/uploads\/7144d7b3de1fc648e9c15b6a70aabf90-scaled.jpg\" \/>\n\t<meta property=\"og:image:width\" content=\"2560\" \/>\n\t<meta property=\"og:image:height\" content=\"1707\" \/>\n\t<meta property=\"og:image:type\" content=\"image\/jpeg\" \/>\n<meta name=\"author\" content=\"Pierre Hazan\" \/>\n<meta name=\"twitter:card\" content=\"summary_large_image\" \/>\n<meta name=\"twitter:creator\" content=\"@justiceinfonet\" \/>\n<meta name=\"twitter:site\" content=\"@justiceinfonet\" \/>\n<meta name=\"twitter:label1\" content=\"\u00c9crit par\" \/>\n\t<meta name=\"twitter:data1\" content=\"Pierre Hazan\" \/>\n\t<meta name=\"twitter:label2\" content=\"Dur\u00e9e de lecture estim\u00e9e\" \/>\n\t<meta name=\"twitter:data2\" content=\"4 minutes\" \/>\n<script type=\"application\/ld+json\" class=\"yoast-schema-graph\">{\"@context\":\"https:\/\/schema.org\",\"@graph\":[{\"@type\":\"NewsArticle\",\"@id\":\"https:\/\/www.justiceinfo.net\/fr\/34585-crier-au-genocide-en-centrafrique-ou-l-aveu-d-impuissance-des-nations-unies.html#article\",\"isPartOf\":{\"@id\":\"https:\/\/www.justiceinfo.net\/fr\/34585-crier-au-genocide-en-centrafrique-ou-l-aveu-d-impuissance-des-nations-unies.html\"},\"author\":{\"name\":\"civiliste\",\"@id\":\"https:\/\/www.justiceinfo.net\/fr#\/schema\/person\/015ad428615c9bd082c2b6aa8df6cad0\"},\"headline\":\"Crier au \u00ab g\u00e9nocide \u00bb en Centrafrique ou l\u2019aveu d\u2019impuissance des Nations unies\",\"datePublished\":\"2017-09-12T04:29:00+00:00\",\"mainEntityOfPage\":{\"@id\":\"https:\/\/www.justiceinfo.net\/fr\/34585-crier-au-genocide-en-centrafrique-ou-l-aveu-d-impuissance-des-nations-unies.html\"},\"wordCount\":758,\"commentCount\":0,\"publisher\":{\"@id\":\"https:\/\/www.justiceinfo.net\/fr#organization\"},\"image\":{\"@id\":\"https:\/\/www.justiceinfo.net\/fr\/34585-crier-au-genocide-en-centrafrique-ou-l-aveu-d-impuissance-des-nations-unies.html#primaryimage\"},\"thumbnailUrl\":\"https:\/\/www.justiceinfo.net\/wp-content\/uploads\/7144d7b3de1fc648e9c15b6a70aabf90-scaled.jpg\",\"articleSection\":[\"Opinions\"],\"inLanguage\":\"fr-FR\",\"potentialAction\":[{\"@type\":\"CommentAction\",\"name\":\"Comment\",\"target\":[\"https:\/\/www.justiceinfo.net\/fr\/34585-crier-au-genocide-en-centrafrique-ou-l-aveu-d-impuissance-des-nations-unies.html#respond\"]}]},{\"@type\":\"WebPage\",\"@id\":\"https:\/\/www.justiceinfo.net\/fr\/34585-crier-au-genocide-en-centrafrique-ou-l-aveu-d-impuissance-des-nations-unies.html\",\"url\":\"https:\/\/www.justiceinfo.net\/fr\/34585-crier-au-genocide-en-centrafrique-ou-l-aveu-d-impuissance-des-nations-unies.html\",\"name\":\"Crier au \u00ab g\u00e9nocide \u00bb en Centrafrique ou l\u2019aveu d\u2019impuissance des Nations unies - JusticeInfo.net\",\"isPartOf\":{\"@id\":\"https:\/\/www.justiceinfo.net\/fr#website\"},\"primaryImageOfPage\":{\"@id\":\"https:\/\/www.justiceinfo.net\/fr\/34585-crier-au-genocide-en-centrafrique-ou-l-aveu-d-impuissance-des-nations-unies.html#primaryimage\"},\"image\":{\"@id\":\"https:\/\/www.justiceinfo.net\/fr\/34585-crier-au-genocide-en-centrafrique-ou-l-aveu-d-impuissance-des-nations-unies.html#primaryimage\"},\"thumbnailUrl\":\"https:\/\/www.justiceinfo.net\/wp-content\/uploads\/7144d7b3de1fc648e9c15b6a70aabf90-scaled.jpg\",\"datePublished\":\"2017-09-12T04:29:00+00:00\",\"breadcrumb\":{\"@id\":\"https:\/\/www.justiceinfo.net\/fr\/34585-crier-au-genocide-en-centrafrique-ou-l-aveu-d-impuissance-des-nations-unies.html#breadcrumb\"},\"inLanguage\":\"fr-FR\",\"potentialAction\":[{\"@type\":\"ReadAction\",\"target\":[\"https:\/\/www.justiceinfo.net\/fr\/34585-crier-au-genocide-en-centrafrique-ou-l-aveu-d-impuissance-des-nations-unies.html\"]}]},{\"@type\":\"ImageObject\",\"inLanguage\":\"fr-FR\",\"@id\":\"https:\/\/www.justiceinfo.net\/fr\/34585-crier-au-genocide-en-centrafrique-ou-l-aveu-d-impuissance-des-nations-unies.html#primaryimage\",\"url\":\"https:\/\/www.justiceinfo.net\/wp-content\/uploads\/7144d7b3de1fc648e9c15b6a70aabf90-scaled.jpg\",\"contentUrl\":\"https:\/\/www.justiceinfo.net\/wp-content\/uploads\/7144d7b3de1fc648e9c15b6a70aabf90-scaled.jpg\",\"width\":2560,\"height\":1707},{\"@type\":\"BreadcrumbList\",\"@id\":\"https:\/\/www.justiceinfo.net\/fr\/34585-crier-au-genocide-en-centrafrique-ou-l-aveu-d-impuissance-des-nations-unies.html#breadcrumb\",\"itemListElement\":[{\"@type\":\"ListItem\",\"position\":1,\"name\":\"Home\",\"item\":\"https:\/\/www.justiceinfo.net\/fr\"},{\"@type\":\"ListItem\",\"position\":2,\"name\":\"Crier au \u00ab g\u00e9nocide \u00bb en Centrafrique ou l\u2019aveu d\u2019impuissance des Nations unies\"}]},{\"@type\":\"WebSite\",\"@id\":\"https:\/\/www.justiceinfo.net\/fr#website\",\"url\":\"https:\/\/www.justiceinfo.net\/fr\",\"name\":\"JusticeInfo.net\",\"description\":\"La justice doit \u00eatre vue pour \u00eatre rendue\",\"publisher\":{\"@id\":\"https:\/\/www.justiceinfo.net\/fr#organization\"},\"potentialAction\":[{\"@type\":\"SearchAction\",\"target\":{\"@type\":\"EntryPoint\",\"urlTemplate\":\"https:\/\/www.justiceinfo.net\/fr?s={search_term_string}\"},\"query-input\":{\"@type\":\"PropertyValueSpecification\",\"valueRequired\":true,\"valueName\":\"search_term_string\"}}],\"inLanguage\":\"fr-FR\"},{\"@type\":\"Organization\",\"@id\":\"https:\/\/www.justiceinfo.net\/fr#organization\",\"name\":\"Justice Info\",\"url\":\"https:\/\/www.justiceinfo.net\/fr\",\"logo\":{\"@type\":\"ImageObject\",\"inLanguage\":\"fr-FR\",\"@id\":\"https:\/\/www.justiceinfo.net\/fr#\/schema\/logo\/image\/\",\"url\":\"https:\/\/www.justiceinfo.net\/wp-content\/uploads\/justiceinfo_logo-trans_1200x1200px.png\",\"contentUrl\":\"https:\/\/www.justiceinfo.net\/wp-content\/uploads\/justiceinfo_logo-trans_1200x1200px.png\",\"width\":1199,\"height\":1200,\"caption\":\"Justice Info\"},\"image\":{\"@id\":\"https:\/\/www.justiceinfo.net\/fr#\/schema\/logo\/image\/\"},\"sameAs\":[\"https:\/\/www.facebook.com\/JusticeInfo\/\",\"https:\/\/x.com\/justiceinfonet\",\"https:\/\/www.linkedin.com\/company\/justice-info\",\"https:\/\/www.youtube.com\/channel\/UCyCEsARodyuWtkWyhn-e7pA\"]},{\"@type\":\"Person\",\"name\":\"Pierre Hazan\",\"url\":\"\/fr\/?s=Pierre Hazan\"}]}<\/script>\n<!-- \/ Yoast SEO Premium plugin. -->","yoast_head_json":{"title":"Crier au \u00ab g\u00e9nocide \u00bb en Centrafrique ou l\u2019aveu d\u2019impuissance des Nations unies - JusticeInfo.net","robots":{"index":"index","follow":"follow","max-snippet":"max-snippet:-1","max-image-preview":"max-image-preview:large","max-video-preview":"max-video-preview:-1"},"canonical":"https:\/\/www.justiceinfo.net\/fr\/34585-crier-au-genocide-en-centrafrique-ou-l-aveu-d-impuissance-des-nations-unies.html","og_locale":"fr_FR","og_type":"article","og_title":"Crier au \u00ab g\u00e9nocide \u00bb en Centrafrique ou l\u2019aveu d\u2019impuissance des Nations unies","og_description":"Quand faut-il crier au g\u00e9nocide\u00a0? Les Nations unies ont-elles eu raison d\u2019alerter ces derniers jours sur l\u2019imminence d\u2019une logique g\u00e9nocidaire en Centrafrique\u00a0? En convoquant trop h\u00e2tivement \u00ab\u00a0le crime des crimes\u00a0\u00bb, n\u2019y a-t-il pas un risque de d\u00e9valoriser le terme de \u00ab\u00a0g\u00e9nocide\u00a0\u00bb au risque qu\u2019il perde sa capacit\u00e9 d\u2019alerte\u00a0? En ao\u00fbt dernier, Stephen O\u2019Brien, Secr\u00e9taire g\u00e9n\u00e9ral-adjoint [&hellip;]","og_url":"https:\/\/www.justiceinfo.net\/fr\/34585-crier-au-genocide-en-centrafrique-ou-l-aveu-d-impuissance-des-nations-unies.html","og_site_name":"JusticeInfo.net","article_publisher":"https:\/\/www.facebook.com\/JusticeInfo\/","article_published_time":"2017-09-12T04:29:00+00:00","og_image":[{"width":2560,"height":1707,"url":"https:\/\/www.justiceinfo.net\/wp-content\/uploads\/7144d7b3de1fc648e9c15b6a70aabf90-scaled.jpg","type":"image\/jpeg"}],"author":"Pierre Hazan","twitter_card":"summary_large_image","twitter_creator":"@justiceinfonet","twitter_site":"@justiceinfonet","twitter_misc":{"\u00c9crit par":"Pierre Hazan","Dur\u00e9e de lecture estim\u00e9e":"4 minutes"},"schema":{"@context":"https:\/\/schema.org","@graph":[{"@type":"NewsArticle","@id":"https:\/\/www.justiceinfo.net\/fr\/34585-crier-au-genocide-en-centrafrique-ou-l-aveu-d-impuissance-des-nations-unies.html#article","isPartOf":{"@id":"https:\/\/www.justiceinfo.net\/fr\/34585-crier-au-genocide-en-centrafrique-ou-l-aveu-d-impuissance-des-nations-unies.html"},"author":{"name":"civiliste","@id":"https:\/\/www.justiceinfo.net\/fr#\/schema\/person\/015ad428615c9bd082c2b6aa8df6cad0"},"headline":"Crier au \u00ab g\u00e9nocide \u00bb en Centrafrique ou l\u2019aveu d\u2019impuissance des Nations unies","datePublished":"2017-09-12T04:29:00+00:00","mainEntityOfPage":{"@id":"https:\/\/www.justiceinfo.net\/fr\/34585-crier-au-genocide-en-centrafrique-ou-l-aveu-d-impuissance-des-nations-unies.html"},"wordCount":758,"commentCount":0,"publisher":{"@id":"https:\/\/www.justiceinfo.net\/fr#organization"},"image":{"@id":"https:\/\/www.justiceinfo.net\/fr\/34585-crier-au-genocide-en-centrafrique-ou-l-aveu-d-impuissance-des-nations-unies.html#primaryimage"},"thumbnailUrl":"https:\/\/www.justiceinfo.net\/wp-content\/uploads\/7144d7b3de1fc648e9c15b6a70aabf90-scaled.jpg","articleSection":["Opinions"],"inLanguage":"fr-FR","potentialAction":[{"@type":"CommentAction","name":"Comment","target":["https:\/\/www.justiceinfo.net\/fr\/34585-crier-au-genocide-en-centrafrique-ou-l-aveu-d-impuissance-des-nations-unies.html#respond"]}]},{"@type":"WebPage","@id":"https:\/\/www.justiceinfo.net\/fr\/34585-crier-au-genocide-en-centrafrique-ou-l-aveu-d-impuissance-des-nations-unies.html","url":"https:\/\/www.justiceinfo.net\/fr\/34585-crier-au-genocide-en-centrafrique-ou-l-aveu-d-impuissance-des-nations-unies.html","name":"Crier au \u00ab g\u00e9nocide \u00bb en Centrafrique ou l\u2019aveu d\u2019impuissance des Nations unies - JusticeInfo.net","isPartOf":{"@id":"https:\/\/www.justiceinfo.net\/fr#website"},"primaryImageOfPage":{"@id":"https:\/\/www.justiceinfo.net\/fr\/34585-crier-au-genocide-en-centrafrique-ou-l-aveu-d-impuissance-des-nations-unies.html#primaryimage"},"image":{"@id":"https:\/\/www.justiceinfo.net\/fr\/34585-crier-au-genocide-en-centrafrique-ou-l-aveu-d-impuissance-des-nations-unies.html#primaryimage"},"thumbnailUrl":"https:\/\/www.justiceinfo.net\/wp-content\/uploads\/7144d7b3de1fc648e9c15b6a70aabf90-scaled.jpg","datePublished":"2017-09-12T04:29:00+00:00","breadcrumb":{"@id":"https:\/\/www.justiceinfo.net\/fr\/34585-crier-au-genocide-en-centrafrique-ou-l-aveu-d-impuissance-des-nations-unies.html#breadcrumb"},"inLanguage":"fr-FR","potentialAction":[{"@type":"ReadAction","target":["https:\/\/www.justiceinfo.net\/fr\/34585-crier-au-genocide-en-centrafrique-ou-l-aveu-d-impuissance-des-nations-unies.html"]}]},{"@type":"ImageObject","inLanguage":"fr-FR","@id":"https:\/\/www.justiceinfo.net\/fr\/34585-crier-au-genocide-en-centrafrique-ou-l-aveu-d-impuissance-des-nations-unies.html#primaryimage","url":"https:\/\/www.justiceinfo.net\/wp-content\/uploads\/7144d7b3de1fc648e9c15b6a70aabf90-scaled.jpg","contentUrl":"https:\/\/www.justiceinfo.net\/wp-content\/uploads\/7144d7b3de1fc648e9c15b6a70aabf90-scaled.jpg","width":2560,"height":1707},{"@type":"BreadcrumbList","@id":"https:\/\/www.justiceinfo.net\/fr\/34585-crier-au-genocide-en-centrafrique-ou-l-aveu-d-impuissance-des-nations-unies.html#breadcrumb","itemListElement":[{"@type":"ListItem","position":1,"name":"Home","item":"https:\/\/www.justiceinfo.net\/fr"},{"@type":"ListItem","position":2,"name":"Crier au \u00ab g\u00e9nocide \u00bb en Centrafrique ou l\u2019aveu d\u2019impuissance des Nations unies"}]},{"@type":"WebSite","@id":"https:\/\/www.justiceinfo.net\/fr#website","url":"https:\/\/www.justiceinfo.net\/fr","name":"JusticeInfo.net","description":"La justice doit \u00eatre vue pour \u00eatre rendue","publisher":{"@id":"https:\/\/www.justiceinfo.net\/fr#organization"},"potentialAction":[{"@type":"SearchAction","target":{"@type":"EntryPoint","urlTemplate":"https:\/\/www.justiceinfo.net\/fr?s={search_term_string}"},"query-input":{"@type":"PropertyValueSpecification","valueRequired":true,"valueName":"search_term_string"}}],"inLanguage":"fr-FR"},{"@type":"Organization","@id":"https:\/\/www.justiceinfo.net\/fr#organization","name":"Justice Info","url":"https:\/\/www.justiceinfo.net\/fr","logo":{"@type":"ImageObject","inLanguage":"fr-FR","@id":"https:\/\/www.justiceinfo.net\/fr#\/schema\/logo\/image\/","url":"https:\/\/www.justiceinfo.net\/wp-content\/uploads\/justiceinfo_logo-trans_1200x1200px.png","contentUrl":"https:\/\/www.justiceinfo.net\/wp-content\/uploads\/justiceinfo_logo-trans_1200x1200px.png","width":1199,"height":1200,"caption":"Justice Info"},"image":{"@id":"https:\/\/www.justiceinfo.net\/fr#\/schema\/logo\/image\/"},"sameAs":["https:\/\/www.facebook.com\/JusticeInfo\/","https:\/\/x.com\/justiceinfonet","https:\/\/www.linkedin.com\/company\/justice-info","https:\/\/www.youtube.com\/channel\/UCyCEsARodyuWtkWyhn-e7pA"]},{"@type":"Person","name":"Pierre Hazan","url":"\/fr\/?s=Pierre Hazan"}]}},"_links":{"self":[{"href":"https:\/\/www.justiceinfo.net\/fr\/wp-json\/wp\/v2\/posts\/34585","targetHints":{"allow":["GET"]}}],"collection":[{"href":"https:\/\/www.justiceinfo.net\/fr\/wp-json\/wp\/v2\/posts"}],"about":[{"href":"https:\/\/www.justiceinfo.net\/fr\/wp-json\/wp\/v2\/types\/post"}],"author":[{"embeddable":true,"href":"https:\/\/www.justiceinfo.net\/fr\/wp-json\/wp\/v2\/users\/63"}],"replies":[{"embeddable":true,"href":"https:\/\/www.justiceinfo.net\/fr\/wp-json\/wp\/v2\/comments?post=34585"}],"version-history":[{"count":0,"href":"https:\/\/www.justiceinfo.net\/fr\/wp-json\/wp\/v2\/posts\/34585\/revisions"}],"wp:featuredmedia":[{"embeddable":true,"href":"https:\/\/www.justiceinfo.net\/fr\/wp-json\/wp\/v2\/media\/67576"}],"wp:attachment":[{"href":"https:\/\/www.justiceinfo.net\/fr\/wp-json\/wp\/v2\/media?parent=34585"}],"wp:term":[{"taxonomy":"category","embeddable":true,"href":"https:\/\/www.justiceinfo.net\/fr\/wp-json\/wp\/v2\/categories?post=34585"},{"taxonomy":"post_tag","embeddable":true,"href":"https:\/\/www.justiceinfo.net\/fr\/wp-json\/wp\/v2\/tags?post=34585"},{"taxonomy":"ji_location","embeddable":true,"href":"https:\/\/www.justiceinfo.net\/fr\/wp-json\/wp\/v2\/ji_location?post=34585"}],"curies":[{"name":"wp","href":"https:\/\/api.w.org\/{rel}","templated":true}]}}