{"id":34593,"date":"2017-09-12T10:22:36","date_gmt":"2017-09-12T08:22:36","guid":{"rendered":"https:\/\/www.justiceinfo.net\/34593-centrafrique-un-leurre-de-desarmement.html"},"modified":"2017-09-12T10:22:36","modified_gmt":"2017-09-12T08:22:36","slug":"centrafrique-un-leurre-de-desarmement","status":"publish","type":"post","link":"https:\/\/www.justiceinfo.net\/fr\/34593-centrafrique-un-leurre-de-desarmement.html","title":{"rendered":"Centrafrique : un leurre de d\u00e9sarmement"},"content":{"rendered":"<div class=\"content-excerpt\">\n<p><strong>\u00a0<em>En Centrafrique, des civils sans d\u00e9fense continuent de tomber sous les balles des groupes arm\u00e9s alors que le gouvernement r\u00e9ceptionne quelques fusils restitu\u00e9s par des ex-combattants dans le cadre d\u2019un programme peu convaincant de d\u00e9sarmement et de d\u00e9mobilisation.<\/em><\/strong><\/p>\n<\/div>\n<p>\u00a0Apr\u00e8s maints atermoiements, le pr\u00e9sident Faustin Archange Touadera a proc\u00e9d\u00e9 le 30 ao\u00fbt au lancement officiel de la phase pilote du processus de D\u00e9sarmement, D\u00e9mobilisation, R\u00e9insertion et Rapatriement (DDRR). <em>\u00ab Pour mieux aborder les activit\u00e9s du programme national DDRR, la strat\u00e9gie que j\u2019ai instruite est de d\u00e9marrer par un projet pilote pour voir les forces et corriger les faiblesses avant de mettre en \u0153uvre le grand projet\u00a0\u00bb,<\/em> a expliqu\u00e9 le chef de l\u2019Etat centrafricain.<\/p>\n<p>Egalement pr\u00e9sent, le repr\u00e9sentant sp\u00e9cial du secr\u00e9taire g\u00e9n\u00e9ral des Nations unies en Centrafrique, Parfait Onanga-Anyanga, s\u2019est, pour sa part, r\u00e9joui que \u00ab\u00a0<em>13 sur les 14 groupes arm\u00e9s aient d\u00e9cid\u00e9 de participer au projet pilote\u00a0\u00bb<\/em>.<\/p>\n<p>Le Front populaire pour la renaissance de Centrafrique (FPRC), l\u2019un des mouvements les plus forts et les plus actifs sur le terrain aujourd\u2019hui, n\u2019a pas encore soumis sa liste de combattants \u00e0 d\u00e9sarmer. Il explique attendre encore du gouvernement la r\u00e9ponse aux conditions pos\u00e9es pour son d\u00e9sarmement. Les exigences restent confidentielles mais elles comprendraient, selon des analystes, une sorte d\u2019amnistie pour ses responsables, parmi lesquels <a href=\"https:\/\/fr.wikipedia.org\/wiki\/Noureddine_Adam\">Nourredine Adam<\/a>. D\u00e9j\u00e0 sous le coup de sanctions internationales, Nourredine Adam risque par ailleurs d\u2019\u00eatre poursuivi par la Cour p\u00e9nale internationale (CPI) ou la Cour p\u00e9nale sp\u00e9ciale de Centrafrique (CPS) pour crimes commis dans ce pays.<\/p>\n<p>Moins d\u2019une semaine apr\u00e8s cette c\u00e9r\u00e9monie, plus exactement le 4 septembre, les premi\u00e8res armes ont \u00e9t\u00e9 restitu\u00e9es sous les cam\u00e9ras de la presse nationale et internationale. Pr\u00e8s d\u2019une centaine d\u2019ex-combattants issus de 13 groupes arm\u00e9s ont d\u00e9pos\u00e9 des armes individuelles dans une base militaire de la capitale. \u00ab <em>Il y a des armes qui sont en bon \u00e9tat de fonctionnement et ce sont les armes de guerre qu\u2019ils ont ramen\u00e9es\u00a0\u00bb, <\/em>s'est f\u00e9licit\u00e9 le colonel No\u00ebl S\u00e9lesson, coordinateur national du programme DDRR.<\/p>\n<h3><strong>Des armes plus meurtri\u00e8res<\/strong><\/h3>\n<p>Deux options sont ouvertes \u00e0 ceux restituent leurs armes\u00a0: l\u2019int\u00e9gration au sein des Forces arm\u00e9es centrafricaines (FAR), qui n\u2019existent plus que de nom actuellement, ou la r\u00e9insertion socio-\u00e9conomique. Les premiers \u00ab\u00a0int\u00e9grables\u00a0\u00bb de cette phase pilote qui implique 560 ex-combattants devraient ainsi suivre une formation ad hoc d\u00e8s novembre prochain avant de rev\u00eatir officiellement l\u2019uniforme. Quant aux autres, ils seront rendus \u00e0 la vie civile avec un appui de la Banque mondiale, leur permettant de d\u00e9marrer une activit\u00e9 g\u00e9n\u00e9ratrice de revenus.<\/p>\n<p>Le programme DDRR concerne au total 7.000 combattants \u00e9ligibles, selon <a href=\"https:\/\/minusca.unmissions.org\/\">la Mission de l\u2019ONU en Centrafrique (Minusca).<\/a><\/p>\n<p>Les ex-combattants qui ont d\u00e9pos\u00e9 les armes le 4 septembre viennent de groupes arm\u00e9s issus de l\u2019ex- S\u00e9l\u00e9ka et de la milice Antibalaka. La Seleka, aujourd\u2019hui \u00e9clat\u00e9e, est une coalition rebelle qui a chass\u00e9 du pouvoir le pr\u00e9sident Fran\u00e7ois Boziz\u00e9 en mars 2013. Impliqu\u00e9s dans de nombreuses exactions contre la population, les rebelles de la Seleka ont d\u00fb faire face aux milices d\u2019auto-d\u00e9fense antibalaka, qui, \u00e0 leur tour, se sont livr\u00e9es \u00e0 des violences contre les civils, visant les musulmans en particulier.<\/p>\n<p>\u00ab <em>Le moment de la guerre est fini et tout le monde doit \u0153uvrer pour que le pays retrouve la paix et permettre au peuple de vaquer librement \u00e0 ses occupations<\/em> \u00bb, a d\u00e9clar\u00e9 Ferdinand Ndj\u00e9rayoum, repr\u00e9sentant de l'\u00a0\u00ab\u00a0ex-S\u00e9l\u00e9ka r\u00e9nov\u00e9e\u00a0\u00bb, lors du d\u00e9marrage effectif de cette phase pilote.<\/p>\n<p>Les mots de ce chef ex-S\u00e9l\u00e9ka sonnent, \u00e0 tout le moins, comme un simple v\u0153u pieux. En effet, commente un journaliste centrafricain, \u00ab\u00a0<em>chaque combattant a restitu\u00e9 une seule arme le 4 septembre, alors qu\u2019il y a en moyenne trois armes par personne\u00bb.<\/em><\/p>\n<p>Pire encore, pendant que le gouvernement r\u00e9ceptionne ces quelques fusils restitu\u00e9s au compte-goutte, des groupes arm\u00e9s aff\u00fbtent ou font entrer, dans leurs fiefs, de nouvelles armes plus meurtri\u00e8res. Pendant que les autorit\u00e9s pr\u00e9parent la destruction de ces vieilles kalachnikovs, des armes plus puissantes cr\u00e9pitent, fauchant, non plus seulement des civils, mais aussi des Casques bleus des Nations unies, des humanitaires et des hommes d\u2019\u00e9glise.<\/p>\n<h3><strong><em>\u00ab\u00a0Les groupes arm\u00e9s d\u00e9truisent les ponts\u00a0\u00bb<\/em><\/strong><\/h3>\n<p>D\u00e9termin\u00e9s \u00e0 poursuivre leurs exactions en toute libert\u00e9 et loin des regards de t\u00e9moins g\u00eanants, certains groupes arm\u00e9s ont aujourd\u2019hui chang\u00e9 de tactique, selon Parfait Onanga Anyanga. <em>\u00ab\u00a0Aujourd\u2019hui, notre mouvement est ralenti par les \u00e9l\u00e9ments arm\u00e9s qui d\u00e9truisent syst\u00e9matiquement les ponts qui permettent \u00e0 la Minusca d\u2019aller porter secours sur l\u2019ensemble du pays\u00a0\u00bb, <\/em>d\u00e9plore Onanga Anyanga, cit\u00e9 par Radio Ndeke Luka<strong>.<\/strong> <em>\u00ab M\u00eame dans la guerre, on ne peut pas d\u00e9truire, on ne peut pratiquer la politique de la terre br\u00fbl\u00e9e \u00bb, <\/em><em>s\u2019insurge le diplomate onusien, soulignant que la Centrafrique \u00ab\u00a0<\/em><em>est devenue le pays le plus dangereux pour les travailleurs humanitaires \u00bb.\u00a0 <\/em><\/p>\n<p>De fait, \u00e0 Batangafo, dans l\u2019Ouham (nord de Centrafrique) o\u00f9 des combats opposent, depuis la fin de la semaine derni\u00e8re, des combattants ex - S\u00e9l\u00e9ka \u00e0 des miliciens Antibalaka, les humanitaires ont pli\u00e9 bagages. Suite \u00e0 ce regain de violences qui a d\u00e9j\u00e0 fait plusieurs morts, selon des t\u00e9moins, les habitants de la r\u00e9gion ont \u00e9t\u00e9, pour la \u00e9ni\u00e8me fois, oblig\u00e9s de chercher refuge dans la brousse.<\/p>\n<p>Dans <a href=\"fr\/justice-reconciliation\/33665-centrafrique-accord-santegidio-seleka-vircoulon.html\">un entretien avec JusticeInfo<\/a> en juin dernier, Thierry Vircoulon, <em>chercheur associ\u00e9 au Programme Afrique subsaharienne de l'Institut fran\u00e7ais des relations internationales (Ifri)<\/em> pr\u00e9venait, fort justement, que ce processus DDRR et d\u2019autres initiatives visant \u00e0 ramener la paix en Centrafrique resteront vou\u00e9s \u00e0 l\u2019\u00e9chec \u00ab\u00a0<em>tant que le rapport de force sera en faveur des groupes arm\u00e9s<\/em>\u00a0\u00bb. <em>\u00ab\u00a0Il faut que la communaut\u00e9 internationale d\u00e9cide de mettre les moyens pour changer ce rapport de force en faveur des Casques bleus\u00a0<\/em>\u00bb, recommandait-il.<\/p>\n","protected":false},"excerpt":{"rendered":"<p>\u00a0En Centrafrique, des civils sans d\u00e9fense continuent de tomber sous les balles des groupes arm\u00e9s alors que le gouvernement r\u00e9ceptionne quelques fusils restitu\u00e9s par des ex-combattants dans le cadre d\u2019un programme peu convaincant de d\u00e9sarmement et de d\u00e9mobilisation. \u00a0Apr\u00e8s maints atermoiements, le pr\u00e9sident Faustin Archange Touadera a proc\u00e9d\u00e9 le 30 ao\u00fbt au lancement officiel de [&hellip;]<\/p>\n","protected":false},"author":59,"featured_media":67578,"comment_status":"open","ping_status":"closed","sticky":false,"template":"","format":"standard","meta":{"_acf_changed":false,"footnotes":""},"categories":[549],"tags":[],"ji_location":[2164],"class_list":["post-34593","post","type-post","status-publish","format-standard","has-post-thumbnail","hentry","category-reconciliation","ji_location-republique-centrafricaine"],"acf":[],"yoast_head":"<!-- This site is optimized with the Yoast SEO Premium plugin v25.3.1 (Yoast SEO v25.3.1) - https:\/\/yoast.com\/wordpress\/plugins\/seo\/ -->\n<title>Centrafrique : un leurre de d\u00e9sarmement - JusticeInfo.net<\/title>\n<meta name=\"robots\" content=\"index, follow, max-snippet:-1, max-image-preview:large, max-video-preview:-1\" \/>\n<link rel=\"canonical\" href=\"https:\/\/www.justiceinfo.net\/fr\/34593-centrafrique-un-leurre-de-desarmement.html\" \/>\n<meta property=\"og:locale\" content=\"fr_FR\" \/>\n<meta property=\"og:type\" content=\"article\" \/>\n<meta property=\"og:title\" content=\"Centrafrique : un leurre de d\u00e9sarmement\" \/>\n<meta property=\"og:description\" content=\"\u00a0En Centrafrique, des civils sans d\u00e9fense continuent de tomber sous les balles des groupes arm\u00e9s alors que le gouvernement r\u00e9ceptionne quelques fusils restitu\u00e9s par des ex-combattants dans le cadre d\u2019un programme peu convaincant de d\u00e9sarmement et de d\u00e9mobilisation. \u00a0Apr\u00e8s maints atermoiements, le pr\u00e9sident Faustin Archange Touadera a proc\u00e9d\u00e9 le 30 ao\u00fbt au lancement officiel de [&hellip;]\" \/>\n<meta property=\"og:url\" content=\"https:\/\/www.justiceinfo.net\/fr\/34593-centrafrique-un-leurre-de-desarmement.html\" \/>\n<meta property=\"og:site_name\" content=\"JusticeInfo.net\" \/>\n<meta property=\"article:publisher\" content=\"https:\/\/www.facebook.com\/JusticeInfo\/\" \/>\n<meta property=\"article:author\" content=\"https:\/\/www.facebook.com\/rugiririza.ephrem.1\" \/>\n<meta property=\"article:published_time\" content=\"2017-09-12T08:22:36+00:00\" \/>\n<meta property=\"og:image\" content=\"https:\/\/www.justiceinfo.net\/wp-content\/uploads\/fb9dd01d5cbd6b7fef99e0cad94d5b22-scaled.jpg\" \/>\n\t<meta property=\"og:image:width\" content=\"2560\" \/>\n\t<meta property=\"og:image:height\" content=\"1707\" \/>\n\t<meta property=\"og:image:type\" content=\"image\/jpeg\" \/>\n<meta name=\"author\" content=\"Ephrem Rugiririza, avec Hippolyte Marboua de Radio Ndeke Luka \u00e0 Bangui\" \/>\n<meta name=\"twitter:card\" content=\"summary_large_image\" \/>\n<meta name=\"twitter:creator\" content=\"@ER72777667\" \/>\n<meta name=\"twitter:site\" content=\"@justiceinfonet\" \/>\n<meta name=\"twitter:label1\" content=\"\u00c9crit par\" \/>\n\t<meta name=\"twitter:data1\" content=\"Ephrem Rugiririza, avec Hippolyte Marboua de Radio Ndeke Luka \u00e0 Bangui\" \/>\n\t<meta name=\"twitter:label2\" content=\"Dur\u00e9e de lecture estim\u00e9e\" \/>\n\t<meta name=\"twitter:data2\" content=\"5 minutes\" \/>\n<script type=\"application\/ld+json\" class=\"yoast-schema-graph\">{\"@context\":\"https:\/\/schema.org\",\"@graph\":[{\"@type\":\"NewsArticle\",\"@id\":\"https:\/\/www.justiceinfo.net\/fr\/34593-centrafrique-un-leurre-de-desarmement.html#article\",\"isPartOf\":{\"@id\":\"https:\/\/www.justiceinfo.net\/fr\/34593-centrafrique-un-leurre-de-desarmement.html\"},\"author\":{\"name\":\"erugiririza\",\"@id\":\"https:\/\/www.justiceinfo.net\/fr#\/schema\/person\/3c444bdbf3536fdebfdc6b3a06b2fc4a\"},\"headline\":\"Centrafrique : un leurre de d\u00e9sarmement\",\"datePublished\":\"2017-09-12T08:22:36+00:00\",\"mainEntityOfPage\":{\"@id\":\"https:\/\/www.justiceinfo.net\/fr\/34593-centrafrique-un-leurre-de-desarmement.html\"},\"wordCount\":1042,\"commentCount\":0,\"publisher\":{\"@id\":\"https:\/\/www.justiceinfo.net\/fr#organization\"},\"image\":{\"@id\":\"https:\/\/www.justiceinfo.net\/fr\/34593-centrafrique-un-leurre-de-desarmement.html#primaryimage\"},\"thumbnailUrl\":\"https:\/\/www.justiceinfo.net\/wp-content\/uploads\/fb9dd01d5cbd6b7fef99e0cad94d5b22-scaled.jpg\",\"articleSection\":[\"R\u00e9conciliation\"],\"inLanguage\":\"fr-FR\",\"potentialAction\":[{\"@type\":\"CommentAction\",\"name\":\"Comment\",\"target\":[\"https:\/\/www.justiceinfo.net\/fr\/34593-centrafrique-un-leurre-de-desarmement.html#respond\"]}]},{\"@type\":\"WebPage\",\"@id\":\"https:\/\/www.justiceinfo.net\/fr\/34593-centrafrique-un-leurre-de-desarmement.html\",\"url\":\"https:\/\/www.justiceinfo.net\/fr\/34593-centrafrique-un-leurre-de-desarmement.html\",\"name\":\"Centrafrique : un leurre de d\u00e9sarmement - JusticeInfo.net\",\"isPartOf\":{\"@id\":\"https:\/\/www.justiceinfo.net\/fr#website\"},\"primaryImageOfPage\":{\"@id\":\"https:\/\/www.justiceinfo.net\/fr\/34593-centrafrique-un-leurre-de-desarmement.html#primaryimage\"},\"image\":{\"@id\":\"https:\/\/www.justiceinfo.net\/fr\/34593-centrafrique-un-leurre-de-desarmement.html#primaryimage\"},\"thumbnailUrl\":\"https:\/\/www.justiceinfo.net\/wp-content\/uploads\/fb9dd01d5cbd6b7fef99e0cad94d5b22-scaled.jpg\",\"datePublished\":\"2017-09-12T08:22:36+00:00\",\"breadcrumb\":{\"@id\":\"https:\/\/www.justiceinfo.net\/fr\/34593-centrafrique-un-leurre-de-desarmement.html#breadcrumb\"},\"inLanguage\":\"fr-FR\",\"potentialAction\":[{\"@type\":\"ReadAction\",\"target\":[\"https:\/\/www.justiceinfo.net\/fr\/34593-centrafrique-un-leurre-de-desarmement.html\"]}]},{\"@type\":\"ImageObject\",\"inLanguage\":\"fr-FR\",\"@id\":\"https:\/\/www.justiceinfo.net\/fr\/34593-centrafrique-un-leurre-de-desarmement.html#primaryimage\",\"url\":\"https:\/\/www.justiceinfo.net\/wp-content\/uploads\/fb9dd01d5cbd6b7fef99e0cad94d5b22-scaled.jpg\",\"contentUrl\":\"https:\/\/www.justiceinfo.net\/wp-content\/uploads\/fb9dd01d5cbd6b7fef99e0cad94d5b22-scaled.jpg\",\"width\":2560,\"height\":1707},{\"@type\":\"BreadcrumbList\",\"@id\":\"https:\/\/www.justiceinfo.net\/fr\/34593-centrafrique-un-leurre-de-desarmement.html#breadcrumb\",\"itemListElement\":[{\"@type\":\"ListItem\",\"position\":1,\"name\":\"Home\",\"item\":\"https:\/\/www.justiceinfo.net\/fr\"},{\"@type\":\"ListItem\",\"position\":2,\"name\":\"Centrafrique : un leurre de d\u00e9sarmement\"}]},{\"@type\":\"WebSite\",\"@id\":\"https:\/\/www.justiceinfo.net\/fr#website\",\"url\":\"https:\/\/www.justiceinfo.net\/fr\",\"name\":\"JusticeInfo.net\",\"description\":\"La justice doit \u00eatre vue pour \u00eatre rendue\",\"publisher\":{\"@id\":\"https:\/\/www.justiceinfo.net\/fr#organization\"},\"potentialAction\":[{\"@type\":\"SearchAction\",\"target\":{\"@type\":\"EntryPoint\",\"urlTemplate\":\"https:\/\/www.justiceinfo.net\/fr?s={search_term_string}\"},\"query-input\":{\"@type\":\"PropertyValueSpecification\",\"valueRequired\":true,\"valueName\":\"search_term_string\"}}],\"inLanguage\":\"fr-FR\"},{\"@type\":\"Organization\",\"@id\":\"https:\/\/www.justiceinfo.net\/fr#organization\",\"name\":\"Justice Info\",\"url\":\"https:\/\/www.justiceinfo.net\/fr\",\"logo\":{\"@type\":\"ImageObject\",\"inLanguage\":\"fr-FR\",\"@id\":\"https:\/\/www.justiceinfo.net\/fr#\/schema\/logo\/image\/\",\"url\":\"https:\/\/www.justiceinfo.net\/wp-content\/uploads\/justiceinfo_logo-trans_1200x1200px.png\",\"contentUrl\":\"https:\/\/www.justiceinfo.net\/wp-content\/uploads\/justiceinfo_logo-trans_1200x1200px.png\",\"width\":1199,\"height\":1200,\"caption\":\"Justice Info\"},\"image\":{\"@id\":\"https:\/\/www.justiceinfo.net\/fr#\/schema\/logo\/image\/\"},\"sameAs\":[\"https:\/\/www.facebook.com\/JusticeInfo\/\",\"https:\/\/x.com\/justiceinfonet\",\"https:\/\/www.linkedin.com\/company\/justice-info\",\"https:\/\/www.youtube.com\/channel\/UCyCEsARodyuWtkWyhn-e7pA\"]},{\"@type\":\"Person\",\"name\":\"Ephrem Rugiririza, avec Hippolyte Marboua de Radio Ndeke Luka \u00e0 Bangui\",\"sameAs\":[\"https:\/\/www.facebook.com\/rugiririza.ephrem.1\",\"https:\/\/x.com\/ER72777667\"],\"url\":\"https:\/\/www.justiceinfo.net\/fr\/auteur\/erugiririza\"}]}<\/script>\n<!-- \/ Yoast SEO Premium plugin. -->","yoast_head_json":{"title":"Centrafrique : un leurre de d\u00e9sarmement - JusticeInfo.net","robots":{"index":"index","follow":"follow","max-snippet":"max-snippet:-1","max-image-preview":"max-image-preview:large","max-video-preview":"max-video-preview:-1"},"canonical":"https:\/\/www.justiceinfo.net\/fr\/34593-centrafrique-un-leurre-de-desarmement.html","og_locale":"fr_FR","og_type":"article","og_title":"Centrafrique : un leurre de d\u00e9sarmement","og_description":"\u00a0En Centrafrique, des civils sans d\u00e9fense continuent de tomber sous les balles des groupes arm\u00e9s alors que le gouvernement r\u00e9ceptionne quelques fusils restitu\u00e9s par des ex-combattants dans le cadre d\u2019un programme peu convaincant de d\u00e9sarmement et de d\u00e9mobilisation. \u00a0Apr\u00e8s maints atermoiements, le pr\u00e9sident Faustin Archange Touadera a proc\u00e9d\u00e9 le 30 ao\u00fbt au lancement officiel de [&hellip;]","og_url":"https:\/\/www.justiceinfo.net\/fr\/34593-centrafrique-un-leurre-de-desarmement.html","og_site_name":"JusticeInfo.net","article_publisher":"https:\/\/www.facebook.com\/JusticeInfo\/","article_author":"https:\/\/www.facebook.com\/rugiririza.ephrem.1","article_published_time":"2017-09-12T08:22:36+00:00","og_image":[{"width":2560,"height":1707,"url":"https:\/\/www.justiceinfo.net\/wp-content\/uploads\/fb9dd01d5cbd6b7fef99e0cad94d5b22-scaled.jpg","type":"image\/jpeg"}],"author":"Ephrem Rugiririza, avec Hippolyte Marboua de Radio Ndeke Luka \u00e0 Bangui","twitter_card":"summary_large_image","twitter_creator":"@ER72777667","twitter_site":"@justiceinfonet","twitter_misc":{"\u00c9crit par":"Ephrem Rugiririza, avec Hippolyte Marboua de Radio Ndeke Luka \u00e0 Bangui","Dur\u00e9e de lecture estim\u00e9e":"5 minutes"},"schema":{"@context":"https:\/\/schema.org","@graph":[{"@type":"NewsArticle","@id":"https:\/\/www.justiceinfo.net\/fr\/34593-centrafrique-un-leurre-de-desarmement.html#article","isPartOf":{"@id":"https:\/\/www.justiceinfo.net\/fr\/34593-centrafrique-un-leurre-de-desarmement.html"},"author":{"name":"erugiririza","@id":"https:\/\/www.justiceinfo.net\/fr#\/schema\/person\/3c444bdbf3536fdebfdc6b3a06b2fc4a"},"headline":"Centrafrique : un leurre de d\u00e9sarmement","datePublished":"2017-09-12T08:22:36+00:00","mainEntityOfPage":{"@id":"https:\/\/www.justiceinfo.net\/fr\/34593-centrafrique-un-leurre-de-desarmement.html"},"wordCount":1042,"commentCount":0,"publisher":{"@id":"https:\/\/www.justiceinfo.net\/fr#organization"},"image":{"@id":"https:\/\/www.justiceinfo.net\/fr\/34593-centrafrique-un-leurre-de-desarmement.html#primaryimage"},"thumbnailUrl":"https:\/\/www.justiceinfo.net\/wp-content\/uploads\/fb9dd01d5cbd6b7fef99e0cad94d5b22-scaled.jpg","articleSection":["R\u00e9conciliation"],"inLanguage":"fr-FR","potentialAction":[{"@type":"CommentAction","name":"Comment","target":["https:\/\/www.justiceinfo.net\/fr\/34593-centrafrique-un-leurre-de-desarmement.html#respond"]}]},{"@type":"WebPage","@id":"https:\/\/www.justiceinfo.net\/fr\/34593-centrafrique-un-leurre-de-desarmement.html","url":"https:\/\/www.justiceinfo.net\/fr\/34593-centrafrique-un-leurre-de-desarmement.html","name":"Centrafrique : un leurre de d\u00e9sarmement - JusticeInfo.net","isPartOf":{"@id":"https:\/\/www.justiceinfo.net\/fr#website"},"primaryImageOfPage":{"@id":"https:\/\/www.justiceinfo.net\/fr\/34593-centrafrique-un-leurre-de-desarmement.html#primaryimage"},"image":{"@id":"https:\/\/www.justiceinfo.net\/fr\/34593-centrafrique-un-leurre-de-desarmement.html#primaryimage"},"thumbnailUrl":"https:\/\/www.justiceinfo.net\/wp-content\/uploads\/fb9dd01d5cbd6b7fef99e0cad94d5b22-scaled.jpg","datePublished":"2017-09-12T08:22:36+00:00","breadcrumb":{"@id":"https:\/\/www.justiceinfo.net\/fr\/34593-centrafrique-un-leurre-de-desarmement.html#breadcrumb"},"inLanguage":"fr-FR","potentialAction":[{"@type":"ReadAction","target":["https:\/\/www.justiceinfo.net\/fr\/34593-centrafrique-un-leurre-de-desarmement.html"]}]},{"@type":"ImageObject","inLanguage":"fr-FR","@id":"https:\/\/www.justiceinfo.net\/fr\/34593-centrafrique-un-leurre-de-desarmement.html#primaryimage","url":"https:\/\/www.justiceinfo.net\/wp-content\/uploads\/fb9dd01d5cbd6b7fef99e0cad94d5b22-scaled.jpg","contentUrl":"https:\/\/www.justiceinfo.net\/wp-content\/uploads\/fb9dd01d5cbd6b7fef99e0cad94d5b22-scaled.jpg","width":2560,"height":1707},{"@type":"BreadcrumbList","@id":"https:\/\/www.justiceinfo.net\/fr\/34593-centrafrique-un-leurre-de-desarmement.html#breadcrumb","itemListElement":[{"@type":"ListItem","position":1,"name":"Home","item":"https:\/\/www.justiceinfo.net\/fr"},{"@type":"ListItem","position":2,"name":"Centrafrique : un leurre de d\u00e9sarmement"}]},{"@type":"WebSite","@id":"https:\/\/www.justiceinfo.net\/fr#website","url":"https:\/\/www.justiceinfo.net\/fr","name":"JusticeInfo.net","description":"La justice doit \u00eatre vue pour \u00eatre rendue","publisher":{"@id":"https:\/\/www.justiceinfo.net\/fr#organization"},"potentialAction":[{"@type":"SearchAction","target":{"@type":"EntryPoint","urlTemplate":"https:\/\/www.justiceinfo.net\/fr?s={search_term_string}"},"query-input":{"@type":"PropertyValueSpecification","valueRequired":true,"valueName":"search_term_string"}}],"inLanguage":"fr-FR"},{"@type":"Organization","@id":"https:\/\/www.justiceinfo.net\/fr#organization","name":"Justice Info","url":"https:\/\/www.justiceinfo.net\/fr","logo":{"@type":"ImageObject","inLanguage":"fr-FR","@id":"https:\/\/www.justiceinfo.net\/fr#\/schema\/logo\/image\/","url":"https:\/\/www.justiceinfo.net\/wp-content\/uploads\/justiceinfo_logo-trans_1200x1200px.png","contentUrl":"https:\/\/www.justiceinfo.net\/wp-content\/uploads\/justiceinfo_logo-trans_1200x1200px.png","width":1199,"height":1200,"caption":"Justice Info"},"image":{"@id":"https:\/\/www.justiceinfo.net\/fr#\/schema\/logo\/image\/"},"sameAs":["https:\/\/www.facebook.com\/JusticeInfo\/","https:\/\/x.com\/justiceinfonet","https:\/\/www.linkedin.com\/company\/justice-info","https:\/\/www.youtube.com\/channel\/UCyCEsARodyuWtkWyhn-e7pA"]},{"@type":"Person","name":"Ephrem Rugiririza, avec Hippolyte Marboua de Radio Ndeke Luka \u00e0 Bangui","sameAs":["https:\/\/www.facebook.com\/rugiririza.ephrem.1","https:\/\/x.com\/ER72777667"],"url":"https:\/\/www.justiceinfo.net\/fr\/auteur\/erugiririza"}]}},"_links":{"self":[{"href":"https:\/\/www.justiceinfo.net\/fr\/wp-json\/wp\/v2\/posts\/34593","targetHints":{"allow":["GET"]}}],"collection":[{"href":"https:\/\/www.justiceinfo.net\/fr\/wp-json\/wp\/v2\/posts"}],"about":[{"href":"https:\/\/www.justiceinfo.net\/fr\/wp-json\/wp\/v2\/types\/post"}],"author":[{"embeddable":true,"href":"https:\/\/www.justiceinfo.net\/fr\/wp-json\/wp\/v2\/users\/59"}],"replies":[{"embeddable":true,"href":"https:\/\/www.justiceinfo.net\/fr\/wp-json\/wp\/v2\/comments?post=34593"}],"version-history":[{"count":0,"href":"https:\/\/www.justiceinfo.net\/fr\/wp-json\/wp\/v2\/posts\/34593\/revisions"}],"wp:featuredmedia":[{"embeddable":true,"href":"https:\/\/www.justiceinfo.net\/fr\/wp-json\/wp\/v2\/media\/67578"}],"wp:attachment":[{"href":"https:\/\/www.justiceinfo.net\/fr\/wp-json\/wp\/v2\/media?parent=34593"}],"wp:term":[{"taxonomy":"category","embeddable":true,"href":"https:\/\/www.justiceinfo.net\/fr\/wp-json\/wp\/v2\/categories?post=34593"},{"taxonomy":"post_tag","embeddable":true,"href":"https:\/\/www.justiceinfo.net\/fr\/wp-json\/wp\/v2\/tags?post=34593"},{"taxonomy":"ji_location","embeddable":true,"href":"https:\/\/www.justiceinfo.net\/fr\/wp-json\/wp\/v2\/ji_location?post=34593"}],"curies":[{"name":"wp","href":"https:\/\/api.w.org\/{rel}","templated":true}]}}