{"id":3461,"date":"2008-02-28T06:16:36","date_gmt":"2008-02-28T05:16:36","guid":{"rendered":"https:\/\/www.justiceinfo.net\/3461-270208-rwandacanada-proces-munyaneza-certains-temoignages-consideres-comme-l-pas-pertinentsr251.html"},"modified":"2008-02-28T06:16:36","modified_gmt":"2008-02-28T05:16:36","slug":"270208-rwandacanada-proces-munyaneza-certains-temoignages-consideres-comme-l-pas-pertinentsr251","status":"publish","type":"post","link":"https:\/\/www.justiceinfo.net\/fr\/3461-270208-rwandacanada-proces-munyaneza-certains-temoignages-consideres-comme-l-pas-pertinentsr251.html","title":{"rendered":"27.02.08 - RWANDA\/CANADA - PROCES MUNYANEZA: CERTAINS T\u00c9MOIGNAGES CONSIDERES COMME \u00ab PAS PERTINENTS\u00bb"},"content":{"rendered":"<p  >\nMontr\u00e9al, 27 f\u00e9vrier 2008 (FH) \u2013 \u00ab De grands pans de t\u00e9moignages \u00bb pr\u00e9sent\u00e9s par la d\u00e9fense de D\u00e9sir\u00e9 Munyanenza, ce Rwandais jug\u00e9 au Canada depuis mars 2007 pour crimes de guerre, crimes contre l'humanit\u00e9 et g\u00e9nocide, ne seront pas retenus par le juge car \u00ab ils ne sont pas pertinents \u00bb ont rapport\u00e9 la semaine derni\u00e8re les m\u00e9dias qu\u00e9b\u00e9cois.  <\/p>\n<p>La d\u00e9fense n'a entam\u00e9 sa preuve que depuis six semaines, mais l'agacement gagne d\u00e9j\u00e0 la Couronne, qui a elle-m\u00eame eu besoin de pr\u00e8s de huit mois pour boucler son dossier \u00e0 charge.\n<\/p>\n<p><!--more--><\/p>\n<p  >\nAinsi, pr\u00e9senter une montagne d'informations secondaires, comme le font les avocats de M. Munyaneza, constitue \u00ab la recette pour un proc\u00e8s qui durera huit ans \u00bb, a dit en cour Me Richard Roy, sugg\u00e9rant au juge Andr\u00e9 Denis de d\u00e9terminer des balises claires. <\/p>\n<p>\u00ab Je vois d\u00e9j\u00e0 de grands pans de t\u00e9moignages que je ne retiendrai pas parce qu'ils ne sont pas pertinents \u00bb, a admis le magistrat, refusant toutefois de r\u00e9pondre favorablement \u00e0 la demande de la Couronne. <\/p>\n<p>Le juge de la Cour sup\u00e9rieure du Qu\u00e9bec a tenu ces propos alors que F\u00e9lix Flavien Lizinde Mugabushaka, ancien militaire du Front patriotique rwandais (FPR, ancien parti du pr\u00e9sident Kagam\u00e9), \u00e9tait appel\u00e9 \u00e0 la barre. <\/p>\n<p>Le 5 juillet 1994, M. Lizinde Mugabushaka quitte Kigali pour Butare, o\u00f9 il apprend que ses deux soeurs, ses deux oncles et ses cousins ont \u00e9t\u00e9 tu\u00e9s. Il m\u00e8ne alors des recherches afin de comprendre les atrocit\u00e9s qui se sont tenues dans cette ville du sud du Rwanda. \u00ab J'ai demand\u00e9 \u00e0 environ dix personnes ce qui s'\u00e9tait pass\u00e9 \u00e0 Butare et personne ne m'a parl\u00e9 de lui (D\u00e9sir\u00e9 Munyaneza, ndlr) \u00bb, a dit le t\u00e9moin. <\/p>\n<p>Suite \u00e0 cela, Me Richard Perras, un des avocats de M. Munyaneza, a longuement interrog\u00e9 M. Lizinde Mugabushaka sur des \u00e9v\u00e9nements sans rapport direct avec les faits reproch\u00e9s \u00e0 l'accus\u00e9, tels que le d\u00e9ploiement du FPR \u00e0 la fronti\u00e8re de l'Ouganda et du Rwanda. \u00ab Je suis loin d'\u00eatre certain que c'est pertinent \u00bb, a remarqu\u00e9 le juge Denis. <\/p>\n<p>Depuis que la d\u00e9fense a entam\u00e9 sa preuve, rare ont \u00e9t\u00e9 les t\u00e9moins qui ont pu d\u00e9crire de longs moments pass\u00e9s aux c\u00f4t\u00e9s de D\u00e9sir\u00e9 Munyaneza durant les quatre mois du g\u00e9nocide. Comme ce fut la cas lundi avec Jean-Claude Muhirwa, (un Rwandais originaire de Butare vivant aujourd'hui aux \u00c9tats-Unis sous le nom de John Manzi), les individus invit\u00e9s \u00e0 la barre expliquent g\u00e9n\u00e9ralement avoir crois\u00e9 de temps \u00e0 autre l'accus\u00e9 dans son magasin g\u00e9n\u00e9ral ou lors d'un match de football. Tous les amis et connaissances de D\u00e9sir\u00e9 Munyaneza ont toutefois assur\u00e9 jusqu'\u00e0 pr\u00e9sent que jamais ils ne l'ont vu porter de v\u00eatements militaires ou ne l'ont aper\u00e7u \u00ab tenir \u00bb un des barrages de la ville. <\/p>\n<p>Le proc\u00e8s se poursuit \u00e0 Montr\u00e9al jusqu'\u00e0 la mi-avril, avant de se d\u00e9placer au Rwanda puis en Tanzanie. <\/p>\n<p>CS\/PB\/GF<\/p>\n","protected":false},"excerpt":{"rendered":"<p>Montr\u00e9al, 27 f\u00e9vrier 2008 (FH) \u2013 \u00ab De grands pans de t\u00e9moignages \u00bb pr\u00e9sent\u00e9s par la d\u00e9fense de D\u00e9sir\u00e9 Munyanenza, ce Rwandais jug\u00e9 au Canada depuis mars 2007 pour crimes de guerre, crimes contre l'humanit\u00e9 et g\u00e9nocide, ne seront pas retenus par le juge car \u00ab ils ne sont pas pertinents \u00bb ont rapport\u00e9 la [&hellip;]<\/p>\n","protected":false},"author":64,"featured_media":0,"comment_status":"open","ping_status":"closed","sticky":false,"template":"","format":"standard","meta":{"_acf_changed":false,"footnotes":""},"categories":[554],"tags":[],"ji_location":[],"class_list":["post-3461","post","type-post","status-publish","format-standard","hentry","category-hirondellenews"],"acf":[],"yoast_head":"<!-- This site is optimized with the Yoast SEO Premium plugin v25.3.1 (Yoast SEO v25.3.1) - https:\/\/yoast.com\/wordpress\/plugins\/seo\/ -->\n<title>27.02.08 - RWANDA\/CANADA - PROCES MUNYANEZA: CERTAINS T\u00c9MOIGNAGES CONSIDERES COMME \u00ab PAS PERTINENTS\u00bb - JusticeInfo.net<\/title>\n<meta name=\"robots\" content=\"index, follow, max-snippet:-1, max-image-preview:large, max-video-preview:-1\" \/>\n<link rel=\"canonical\" href=\"https:\/\/www.justiceinfo.net\/fr\/3461-270208-rwandacanada-proces-munyaneza-certains-temoignages-consideres-comme-l-pas-pertinentsr251.html\" \/>\n<meta property=\"og:locale\" content=\"fr_FR\" \/>\n<meta property=\"og:type\" content=\"article\" \/>\n<meta property=\"og:title\" content=\"27.02.08 - RWANDA\/CANADA - PROCES MUNYANEZA: CERTAINS T\u00c9MOIGNAGES CONSIDERES COMME \u00ab PAS PERTINENTS\u00bb\" \/>\n<meta property=\"og:description\" content=\"Montr\u00e9al, 27 f\u00e9vrier 2008 (FH) \u2013 \u00ab De grands pans de t\u00e9moignages \u00bb pr\u00e9sent\u00e9s par la d\u00e9fense de D\u00e9sir\u00e9 Munyanenza, ce Rwandais jug\u00e9 au Canada depuis mars 2007 pour crimes de guerre, crimes contre l&#039;humanit\u00e9 et g\u00e9nocide, ne seront pas retenus par le juge car \u00ab ils ne sont pas pertinents \u00bb ont rapport\u00e9 la [&hellip;]\" \/>\n<meta property=\"og:url\" content=\"https:\/\/www.justiceinfo.net\/fr\/3461-270208-rwandacanada-proces-munyaneza-certains-temoignages-consideres-comme-l-pas-pertinentsr251.html\" \/>\n<meta property=\"og:site_name\" content=\"JusticeInfo.net\" \/>\n<meta property=\"article:publisher\" content=\"https:\/\/www.facebook.com\/JusticeInfo\/\" \/>\n<meta property=\"article:published_time\" content=\"2008-02-28T05:16:36+00:00\" \/>\n<meta property=\"og:image\" content=\"https:\/\/www.justiceinfo.net\/wp-content\/uploads\/JusticeInfoNet_logo_1200x630px.jpg\" \/>\n\t<meta property=\"og:image:width\" content=\"1200\" \/>\n\t<meta property=\"og:image:height\" content=\"630\" \/>\n\t<meta property=\"og:image:type\" content=\"image\/jpeg\" \/>\n<meta name=\"author\" content=\"solivri\" \/>\n<meta name=\"twitter:card\" content=\"summary_large_image\" \/>\n<meta name=\"twitter:creator\" content=\"@justiceinfonet\" \/>\n<meta name=\"twitter:site\" content=\"@justiceinfonet\" \/>\n<meta name=\"twitter:label1\" content=\"\u00c9crit par\" \/>\n\t<meta name=\"twitter:data1\" content=\"solivri\" \/>\n\t<meta name=\"twitter:label2\" content=\"Dur\u00e9e de lecture estim\u00e9e\" \/>\n\t<meta name=\"twitter:data2\" content=\"3 minutes\" \/>\n<script type=\"application\/ld+json\" class=\"yoast-schema-graph\">{\"@context\":\"https:\/\/schema.org\",\"@graph\":[{\"@type\":\"NewsArticle\",\"@id\":\"https:\/\/www.justiceinfo.net\/fr\/3461-270208-rwandacanada-proces-munyaneza-certains-temoignages-consideres-comme-l-pas-pertinentsr251.html#article\",\"isPartOf\":{\"@id\":\"https:\/\/www.justiceinfo.net\/fr\/3461-270208-rwandacanada-proces-munyaneza-certains-temoignages-consideres-comme-l-pas-pertinentsr251.html\"},\"author\":{\"name\":\"solivri\",\"@id\":\"https:\/\/www.justiceinfo.net\/fr#\/schema\/person\/6e53cba1629e2e66f3fc1821d3091865\"},\"headline\":\"27.02.08 - RWANDA\/CANADA - PROCES MUNYANEZA: CERTAINS T\u00c9MOIGNAGES CONSIDERES COMME \u00ab PAS PERTINENTS\u00bb\",\"datePublished\":\"2008-02-28T05:16:36+00:00\",\"mainEntityOfPage\":{\"@id\":\"https:\/\/www.justiceinfo.net\/fr\/3461-270208-rwandacanada-proces-munyaneza-certains-temoignages-consideres-comme-l-pas-pertinentsr251.html\"},\"wordCount\":534,\"commentCount\":0,\"publisher\":{\"@id\":\"https:\/\/www.justiceinfo.net\/fr#organization\"},\"articleSection\":[\"Hirondelle News\"],\"inLanguage\":\"fr-FR\",\"potentialAction\":[{\"@type\":\"CommentAction\",\"name\":\"Comment\",\"target\":[\"https:\/\/www.justiceinfo.net\/fr\/3461-270208-rwandacanada-proces-munyaneza-certains-temoignages-consideres-comme-l-pas-pertinentsr251.html#respond\"]}]},{\"@type\":\"WebPage\",\"@id\":\"https:\/\/www.justiceinfo.net\/fr\/3461-270208-rwandacanada-proces-munyaneza-certains-temoignages-consideres-comme-l-pas-pertinentsr251.html\",\"url\":\"https:\/\/www.justiceinfo.net\/fr\/3461-270208-rwandacanada-proces-munyaneza-certains-temoignages-consideres-comme-l-pas-pertinentsr251.html\",\"name\":\"27.02.08 - RWANDA\/CANADA - PROCES MUNYANEZA: CERTAINS T\u00c9MOIGNAGES CONSIDERES COMME \u00ab PAS PERTINENTS\u00bb - JusticeInfo.net\",\"isPartOf\":{\"@id\":\"https:\/\/www.justiceinfo.net\/fr#website\"},\"datePublished\":\"2008-02-28T05:16:36+00:00\",\"breadcrumb\":{\"@id\":\"https:\/\/www.justiceinfo.net\/fr\/3461-270208-rwandacanada-proces-munyaneza-certains-temoignages-consideres-comme-l-pas-pertinentsr251.html#breadcrumb\"},\"inLanguage\":\"fr-FR\",\"potentialAction\":[{\"@type\":\"ReadAction\",\"target\":[\"https:\/\/www.justiceinfo.net\/fr\/3461-270208-rwandacanada-proces-munyaneza-certains-temoignages-consideres-comme-l-pas-pertinentsr251.html\"]}]},{\"@type\":\"BreadcrumbList\",\"@id\":\"https:\/\/www.justiceinfo.net\/fr\/3461-270208-rwandacanada-proces-munyaneza-certains-temoignages-consideres-comme-l-pas-pertinentsr251.html#breadcrumb\",\"itemListElement\":[{\"@type\":\"ListItem\",\"position\":1,\"name\":\"Home\",\"item\":\"https:\/\/www.justiceinfo.net\/fr\"},{\"@type\":\"ListItem\",\"position\":2,\"name\":\"27.02.08 - RWANDA\/CANADA - PROCES MUNYANEZA: CERTAINS T\u00c9MOIGNAGES CONSIDERES COMME \u00ab PAS PERTINENTS\u00bb\"}]},{\"@type\":\"WebSite\",\"@id\":\"https:\/\/www.justiceinfo.net\/fr#website\",\"url\":\"https:\/\/www.justiceinfo.net\/fr\",\"name\":\"JusticeInfo.net\",\"description\":\"La justice doit \u00eatre vue pour \u00eatre rendue\",\"publisher\":{\"@id\":\"https:\/\/www.justiceinfo.net\/fr#organization\"},\"potentialAction\":[{\"@type\":\"SearchAction\",\"target\":{\"@type\":\"EntryPoint\",\"urlTemplate\":\"https:\/\/www.justiceinfo.net\/fr?s={search_term_string}\"},\"query-input\":{\"@type\":\"PropertyValueSpecification\",\"valueRequired\":true,\"valueName\":\"search_term_string\"}}],\"inLanguage\":\"fr-FR\"},{\"@type\":\"Organization\",\"@id\":\"https:\/\/www.justiceinfo.net\/fr#organization\",\"name\":\"Justice Info\",\"url\":\"https:\/\/www.justiceinfo.net\/fr\",\"logo\":{\"@type\":\"ImageObject\",\"inLanguage\":\"fr-FR\",\"@id\":\"https:\/\/www.justiceinfo.net\/fr#\/schema\/logo\/image\/\",\"url\":\"https:\/\/www.justiceinfo.net\/wp-content\/uploads\/justiceinfo_logo-trans_1200x1200px.png\",\"contentUrl\":\"https:\/\/www.justiceinfo.net\/wp-content\/uploads\/justiceinfo_logo-trans_1200x1200px.png\",\"width\":1199,\"height\":1200,\"caption\":\"Justice Info\"},\"image\":{\"@id\":\"https:\/\/www.justiceinfo.net\/fr#\/schema\/logo\/image\/\"},\"sameAs\":[\"https:\/\/www.facebook.com\/JusticeInfo\/\",\"https:\/\/x.com\/justiceinfonet\",\"https:\/\/www.linkedin.com\/company\/justice-info\",\"https:\/\/www.youtube.com\/channel\/UCyCEsARodyuWtkWyhn-e7pA\"]},{\"@type\":\"Person\",\"name\":\"solivri\",\"url\":\"\/fr\/?s=solivri\"}]}<\/script>\n<!-- \/ Yoast SEO Premium plugin. -->","yoast_head_json":{"title":"27.02.08 - RWANDA\/CANADA - PROCES MUNYANEZA: CERTAINS T\u00c9MOIGNAGES CONSIDERES COMME \u00ab PAS PERTINENTS\u00bb - JusticeInfo.net","robots":{"index":"index","follow":"follow","max-snippet":"max-snippet:-1","max-image-preview":"max-image-preview:large","max-video-preview":"max-video-preview:-1"},"canonical":"https:\/\/www.justiceinfo.net\/fr\/3461-270208-rwandacanada-proces-munyaneza-certains-temoignages-consideres-comme-l-pas-pertinentsr251.html","og_locale":"fr_FR","og_type":"article","og_title":"27.02.08 - RWANDA\/CANADA - PROCES MUNYANEZA: CERTAINS T\u00c9MOIGNAGES CONSIDERES COMME \u00ab PAS PERTINENTS\u00bb","og_description":"Montr\u00e9al, 27 f\u00e9vrier 2008 (FH) \u2013 \u00ab De grands pans de t\u00e9moignages \u00bb pr\u00e9sent\u00e9s par la d\u00e9fense de D\u00e9sir\u00e9 Munyanenza, ce Rwandais jug\u00e9 au Canada depuis mars 2007 pour crimes de guerre, crimes contre l'humanit\u00e9 et g\u00e9nocide, ne seront pas retenus par le juge car \u00ab ils ne sont pas pertinents \u00bb ont rapport\u00e9 la [&hellip;]","og_url":"https:\/\/www.justiceinfo.net\/fr\/3461-270208-rwandacanada-proces-munyaneza-certains-temoignages-consideres-comme-l-pas-pertinentsr251.html","og_site_name":"JusticeInfo.net","article_publisher":"https:\/\/www.facebook.com\/JusticeInfo\/","article_published_time":"2008-02-28T05:16:36+00:00","og_image":[{"width":1200,"height":630,"url":"https:\/\/www.justiceinfo.net\/wp-content\/uploads\/JusticeInfoNet_logo_1200x630px.jpg","type":"image\/jpeg"}],"author":"solivri","twitter_card":"summary_large_image","twitter_creator":"@justiceinfonet","twitter_site":"@justiceinfonet","twitter_misc":{"\u00c9crit par":"solivri","Dur\u00e9e de lecture estim\u00e9e":"3 minutes"},"schema":{"@context":"https:\/\/schema.org","@graph":[{"@type":"NewsArticle","@id":"https:\/\/www.justiceinfo.net\/fr\/3461-270208-rwandacanada-proces-munyaneza-certains-temoignages-consideres-comme-l-pas-pertinentsr251.html#article","isPartOf":{"@id":"https:\/\/www.justiceinfo.net\/fr\/3461-270208-rwandacanada-proces-munyaneza-certains-temoignages-consideres-comme-l-pas-pertinentsr251.html"},"author":{"name":"solivri","@id":"https:\/\/www.justiceinfo.net\/fr#\/schema\/person\/6e53cba1629e2e66f3fc1821d3091865"},"headline":"27.02.08 - RWANDA\/CANADA - PROCES MUNYANEZA: CERTAINS T\u00c9MOIGNAGES CONSIDERES COMME \u00ab PAS PERTINENTS\u00bb","datePublished":"2008-02-28T05:16:36+00:00","mainEntityOfPage":{"@id":"https:\/\/www.justiceinfo.net\/fr\/3461-270208-rwandacanada-proces-munyaneza-certains-temoignages-consideres-comme-l-pas-pertinentsr251.html"},"wordCount":534,"commentCount":0,"publisher":{"@id":"https:\/\/www.justiceinfo.net\/fr#organization"},"articleSection":["Hirondelle News"],"inLanguage":"fr-FR","potentialAction":[{"@type":"CommentAction","name":"Comment","target":["https:\/\/www.justiceinfo.net\/fr\/3461-270208-rwandacanada-proces-munyaneza-certains-temoignages-consideres-comme-l-pas-pertinentsr251.html#respond"]}]},{"@type":"WebPage","@id":"https:\/\/www.justiceinfo.net\/fr\/3461-270208-rwandacanada-proces-munyaneza-certains-temoignages-consideres-comme-l-pas-pertinentsr251.html","url":"https:\/\/www.justiceinfo.net\/fr\/3461-270208-rwandacanada-proces-munyaneza-certains-temoignages-consideres-comme-l-pas-pertinentsr251.html","name":"27.02.08 - RWANDA\/CANADA - PROCES MUNYANEZA: CERTAINS T\u00c9MOIGNAGES CONSIDERES COMME \u00ab PAS PERTINENTS\u00bb - JusticeInfo.net","isPartOf":{"@id":"https:\/\/www.justiceinfo.net\/fr#website"},"datePublished":"2008-02-28T05:16:36+00:00","breadcrumb":{"@id":"https:\/\/www.justiceinfo.net\/fr\/3461-270208-rwandacanada-proces-munyaneza-certains-temoignages-consideres-comme-l-pas-pertinentsr251.html#breadcrumb"},"inLanguage":"fr-FR","potentialAction":[{"@type":"ReadAction","target":["https:\/\/www.justiceinfo.net\/fr\/3461-270208-rwandacanada-proces-munyaneza-certains-temoignages-consideres-comme-l-pas-pertinentsr251.html"]}]},{"@type":"BreadcrumbList","@id":"https:\/\/www.justiceinfo.net\/fr\/3461-270208-rwandacanada-proces-munyaneza-certains-temoignages-consideres-comme-l-pas-pertinentsr251.html#breadcrumb","itemListElement":[{"@type":"ListItem","position":1,"name":"Home","item":"https:\/\/www.justiceinfo.net\/fr"},{"@type":"ListItem","position":2,"name":"27.02.08 - RWANDA\/CANADA - PROCES MUNYANEZA: CERTAINS T\u00c9MOIGNAGES CONSIDERES COMME \u00ab PAS PERTINENTS\u00bb"}]},{"@type":"WebSite","@id":"https:\/\/www.justiceinfo.net\/fr#website","url":"https:\/\/www.justiceinfo.net\/fr","name":"JusticeInfo.net","description":"La justice doit \u00eatre vue pour \u00eatre rendue","publisher":{"@id":"https:\/\/www.justiceinfo.net\/fr#organization"},"potentialAction":[{"@type":"SearchAction","target":{"@type":"EntryPoint","urlTemplate":"https:\/\/www.justiceinfo.net\/fr?s={search_term_string}"},"query-input":{"@type":"PropertyValueSpecification","valueRequired":true,"valueName":"search_term_string"}}],"inLanguage":"fr-FR"},{"@type":"Organization","@id":"https:\/\/www.justiceinfo.net\/fr#organization","name":"Justice Info","url":"https:\/\/www.justiceinfo.net\/fr","logo":{"@type":"ImageObject","inLanguage":"fr-FR","@id":"https:\/\/www.justiceinfo.net\/fr#\/schema\/logo\/image\/","url":"https:\/\/www.justiceinfo.net\/wp-content\/uploads\/justiceinfo_logo-trans_1200x1200px.png","contentUrl":"https:\/\/www.justiceinfo.net\/wp-content\/uploads\/justiceinfo_logo-trans_1200x1200px.png","width":1199,"height":1200,"caption":"Justice Info"},"image":{"@id":"https:\/\/www.justiceinfo.net\/fr#\/schema\/logo\/image\/"},"sameAs":["https:\/\/www.facebook.com\/JusticeInfo\/","https:\/\/x.com\/justiceinfonet","https:\/\/www.linkedin.com\/company\/justice-info","https:\/\/www.youtube.com\/channel\/UCyCEsARodyuWtkWyhn-e7pA"]},{"@type":"Person","name":"solivri","url":"\/fr\/?s=solivri"}]}},"_links":{"self":[{"href":"https:\/\/www.justiceinfo.net\/fr\/wp-json\/wp\/v2\/posts\/3461","targetHints":{"allow":["GET"]}}],"collection":[{"href":"https:\/\/www.justiceinfo.net\/fr\/wp-json\/wp\/v2\/posts"}],"about":[{"href":"https:\/\/www.justiceinfo.net\/fr\/wp-json\/wp\/v2\/types\/post"}],"author":[{"embeddable":true,"href":"https:\/\/www.justiceinfo.net\/fr\/wp-json\/wp\/v2\/users\/64"}],"replies":[{"embeddable":true,"href":"https:\/\/www.justiceinfo.net\/fr\/wp-json\/wp\/v2\/comments?post=3461"}],"version-history":[{"count":0,"href":"https:\/\/www.justiceinfo.net\/fr\/wp-json\/wp\/v2\/posts\/3461\/revisions"}],"wp:attachment":[{"href":"https:\/\/www.justiceinfo.net\/fr\/wp-json\/wp\/v2\/media?parent=3461"}],"wp:term":[{"taxonomy":"category","embeddable":true,"href":"https:\/\/www.justiceinfo.net\/fr\/wp-json\/wp\/v2\/categories?post=3461"},{"taxonomy":"post_tag","embeddable":true,"href":"https:\/\/www.justiceinfo.net\/fr\/wp-json\/wp\/v2\/tags?post=3461"},{"taxonomy":"ji_location","embeddable":true,"href":"https:\/\/www.justiceinfo.net\/fr\/wp-json\/wp\/v2\/ji_location?post=3461"}],"curies":[{"name":"wp","href":"https:\/\/api.w.org\/{rel}","templated":true}]}}